{"id":114435,"date":"2023-11-17T20:24:52","date_gmt":"2023-11-18T02:24:52","guid":{"rendered":"https:\/\/lospoliticosveracruz.com.mx\/?p=114435"},"modified":"2023-11-17T20:24:59","modified_gmt":"2023-11-18T02:24:59","slug":"el-buen-fin-sin-nuevo-horario","status":"publish","type":"post","link":"https:\/\/lospoliticosveracruz.com\/?p=114435","title":{"rendered":"EL BUEN FIN SIN NUEVO HORARIO"},"content":{"rendered":"\n<p><strong>Jos\u00e9 Luis Enr\u00edquez Ambell<br><\/strong><em>Caf\u00e9 de Ma\u00f1ana<\/em><\/p>\n\n\n\n<p>\u00abEl&nbsp;Buen Fin\u00bb&nbsp;surgi\u00f3 en el sexenio del Presidente Calder\u00f3n, como iniciativa del Gobierno junto con los empresarios para avivar la econom\u00eda e inyectar movilidad de flujo en el pa\u00eds; adem\u00e1s de ayudar a que los mexicanos compremos bienes y servicios a precio mucho m\u00e1s bajo de su costo de venta normal.<\/p>\n\n\n\n<figure class=\"wp-block-image size-large\"><a href=\"https:\/\/lospoliticosveracruz.com.mx\/wp-content\/uploads\/2016\/07\/Seguro-Julio-Cerecedo-2.jpg\"><img decoding=\"async\" src=\"https:\/\/lospoliticosveracruz.com.mx\/wp-content\/uploads\/2016\/07\/Seguro-Julio-Cerecedo-2-1024x381.jpg\" alt=\"\" class=\"wp-image-105879\"\/><\/a><\/figure>\n\n\n\n<p>Recordemos que de origen (1996) el cambio de horario en dos momentos al a\u00f1o, se expuso era para aprovechar la luz del d\u00eda e impactar en favor de los negocios con incrementos en ventas y el ahorro en el consumo de energ\u00eda el\u00e9ctrica comercial, industrial y. por supuesto, en hogares.<\/p>\n\n\n\n<p>El Buen Fin es un programa de descuentos en M\u00e9xico comparable al \u201cBlack Friday\u201d, celebra su decimotercera edici\u00f3n este 2023, y a decir del Gobierno de la Rep\u00fablica llega en un momento econ\u00f3mico \u201cmuy alentador\u00bb. Y por cierto, el&nbsp;Black Friday se ha programado para el viernes 24 de noviembre y aunque originalmente se establece para un solo d\u00eda, muchas tiendas extienden sus ofertas a lo largo de todo el fin de semana; o sea, \u00e9ste y pr\u00f3ximo fin de semana en todo M\u00e9xico el comercio formal e informal, empiezan ventas a tambor batiente.<\/p>\n\n\n\n<p>Hoy contamos con el llamado horario standar, asunto que transita entre lo t\u00e9cnico, en t\u00e9rminos de energ\u00eda, salud y desarrollo econ\u00f3mico, m\u00e1s all\u00e1 de los cobros excesivos del servicio de la CFE; pues, al final del d\u00eda o la noche, los ahorros parece no se ven reflejados en la econom\u00eda de las personas f\u00edsicas y morales.<\/p>\n\n\n\n<p>El punto es que igual en esta \u00abeconom\u00eda formal\u00bb convive un universo paralelo: \u201cla informalidad\u201d, y que de hecho es m\u00e1s grande que el grupo de la econom\u00eda formal.<\/p>\n\n\n\n<p>El Programa denominado \u201cEl&nbsp;Buen Fin\u201d, y desde su arranque original dijeron los organismos empresariales y el sector gobierno que tendr\u00eda -sigue si\u00e9ndolo- el \u00fanico objetivo de apoyar a la econom\u00eda familiar e incentivar toda la actividad del mercado interno que acrecente sobre todo \u00abel comercio formal\u201d, as\u00ed como, el garantizar respeto a los derechos del consumidor en su conjunto.<\/p>\n\n\n\n<p>El programa est\u00e1 dise\u00f1ado para que caiga en quincena o coincida con la primera parte del pago de los aguinaldos, que tenga las mismas fechas que el puente del aniversario de nuestra Revoluci\u00f3n Mexicana e incentivar la econom\u00eda formal, pero de rebote tambi\u00e9n a la informal.<\/p>\n\n\n\n<p>El que compra en los establecimientos inscritos paga los respectivos impuestos. B\u00e1sicamente, el Impuesto al Valor Agregado (IVA) y en algunos casos el Impuesto Especial sobre Producci\u00f3n y Servicios (IEPS), pero los comerciantes deben pagar el Impuesto sobre la Renta (ISR) por todas las ganancias adicionales de la temporada, los impuestos a la n\u00f3mina por tiempos extra y toda contribuci\u00f3n que tenga los establecimientos abiertos en el Buen Fin. As\u00ed que, adem\u00e1s de toda la cadena comercial y los servicios financieros, \u00abel fisco resulta ser el gran beneficiario del llamado fin de semana m\u00e1s barato del a\u00f1o\u00bb.<\/p>\n\n\n\n<p>De acuerdo a datos del INEGI sobre la ocupaci\u00f3n y el empleo, indica que el 60% de la poblaci\u00f3n econ\u00f3micamente activa participa en la llamada econom\u00eda informal y aporta entre 20 y 25% del Producto Interno Bruto (PIB) de M\u00e9xico y, por supuesto, que no paga impuestos. Adem\u00e1s, la informalidad no s\u00f3lo es el comercio -es la cara m\u00e1s visible- pues tiene m\u00faltiples expresiones y algunas con \u00abcareta\u00bb de resultar ser actividades reguladas.<\/p>\n\n\n\n<p>En resumen, el comercio formal y la recaudaci\u00f3n es el objetivo del Buen Fin y la informalidad, sea o hasta parezca, una competencia desleal para los que est\u00e1n en regla, es una realidad y que tambi\u00e9n participa.<\/p>\n\n\n\n<p>El Buen Fin genera trabajo, econom\u00eda,-con nuevo horario o sin el,- y con ello, Dios Provee a todos.<\/p>\n\n\n\n<p><strong>DE SOBREMESA<\/strong><\/p>\n\n\n\n<p>Reza el refr\u00e1n popular: \u201cno hay quinto malo\u201d. Y as\u00ed se espera sea el informe y anuncios hasta con sorpresas en su V Informe de Gobierno del Gobernador Cuitl\u00e1huac Garc\u00eda Jim\u00e9nez este s\u00e1bado de Buen Fin desde Perote, Veracruz.<\/p>\n\n\n\n<p><strong>UN CAF\u00c9 CON DOBLE CARGA<\/strong><\/p>\n\n\n\n<p>El inicio del periodo de comparecencias de los miembros del gabinete estatal con el titular y responsable de la Segob, Carlos Ju\u00e1rez, parece que el resto del Gabinete sabr\u00e1 que su turno ante el Poder Legislativo tambi\u00e9n puede resultar igual de sobrio y sin tanto golgorio en exceso, aunque una comida, entre y con colaboradores, no est\u00e1 mal.<\/p>\n\n\n\n<p><strong>UN CAF\u00c9 CON CANELA Y PANELA<\/strong><\/p>\n\n\n\n<p>Se avecina el 110 aniversario y conmemoraci\u00f3n del conflicto emblema en nuestro pa\u00eds: \u00abLa Revoluci\u00f3n Mexicana\u00bb, d\u00eda en que inici\u00f3 este movimiento cuando&nbsp;don Francisco I.&nbsp;Madero se levant\u00f3 en armas para destituir a don Porfirio D\u00edaz. Ojal\u00e1 no pase desapercibido ni se pierda esta fecha por la comercializaci\u00f3n del Buen Fin y las visitas de campa\u00f1a pol\u00edtica anunciadas en Veracruz en las pr\u00f3ximas horas.<\/p>\n\n\n\n<p><strong>UN CAF\u00c9 LECHERO LIGHT DIVORCIADO<\/strong><\/p>\n\n\n\n<p>La percepci\u00f3n de inseguridad de veracruzanos y en Xalapa subi\u00f3 al 62.3% en el segundo trimestre de 2023,&nbsp;de acuerdo a mediciones del INEGI. Y es que la misma policia con sus operativos que incluye a las gr\u00faas, se han venido convirtiendo en dolores de cabeza para la poblaci\u00f3n en algunos sitios de la Capital, igual de d\u00eda que por la noche, y las autoridades administrativas y operativas no aparecen a la hora de actuar con responsabilidad. A ver qu\u00e9 historias nos arroja \u00abeste buen fin\u00bb en materia de polic\u00eda, tr\u00e1nsito y vialidad.<\/p>\n\n\n\n<p>\u00a1 ES CUANTO !<\/p>\n\n\n\n<p>Jos\u00e9 Luis Enr\u00edquez Ambell<br>enamjl62@gmail.com; enriquezambell@gmail.com<br>Secretario General de la Federaci\u00f3n Aut\u00e9ntica de Trabajadores del Estado de Veracruz (FATEV &#8211; JLEG) Registro Federal del Trabajo # 5844 y Director General de la Consultor\u00eda y Asesor\u00eda Integral AECAI Torre \u00c1nimas en Xalapa, Ver.<\/p>\n","protected":false},"excerpt":{"rendered":"<p>Jos\u00e9 Luis Enr\u00edquez AmbellCaf\u00e9 de Ma\u00f1ana \u00abEl&nbsp;Buen Fin\u00bb&nbsp;surgi\u00f3 en el sexenio del Presidente Calder\u00f3n, como iniciativa del Gobierno junto con los empresarios para avivar la econom\u00eda e inyectar movilidad de flujo en el pa\u00eds; adem\u00e1s de ayudar a que los mexicanos compremos bienes y servicios a precio mucho m\u00e1s bajo de su costo de venta [&hellip;]<\/p>\n","protected":false},"author":2,"featured_media":0,"comment_status":"closed","ping_status":"closed","sticky":false,"template":"","format":"standard","meta":{"tdm_status":"","tdm_grid_status":"","footnotes":""},"categories":[70],"tags":[8383],"class_list":{"0":"post-114435","1":"post","2":"type-post","3":"status-publish","4":"format-standard","6":"category-de-opinion","7":"tag-jose-luis-enriquez-ambell"},"yoast_head":"<!-- This site is optimized with the Yoast SEO plugin v27.4 - https:\/\/yoast.com\/product\/yoast-seo-wordpress\/ -->\n<title>EL BUEN FIN SIN NUEVO HORARIO - Los pol\u00edticos Veracruz<\/title>\n<meta name=\"robots\" content=\"index, follow, max-snippet:-1, max-image-preview:large, max-video-preview:-1\" \/>\n<link rel=\"canonical\" href=\"https:\/\/lospoliticosveracruz.com\/?p=114435\" \/>\n<meta property=\"og:locale\" content=\"es_ES\" \/>\n<meta property=\"og:type\" content=\"article\" \/>\n<meta property=\"og:title\" content=\"EL BUEN FIN SIN NUEVO HORARIO - Los pol\u00edticos Veracruz\" \/>\n<meta property=\"og:description\" content=\"Jos\u00e9 Luis Enr\u00edquez AmbellCaf\u00e9 de Ma\u00f1ana \u00abEl&nbsp;Buen Fin\u00bb&nbsp;surgi\u00f3 en el sexenio del Presidente Calder\u00f3n, como iniciativa del Gobierno junto con los empresarios para avivar la econom\u00eda e inyectar movilidad de flujo en el pa\u00eds; adem\u00e1s de ayudar a que los mexicanos compremos bienes y servicios a precio mucho m\u00e1s bajo de su costo de venta [&hellip;]\" \/>\n<meta property=\"og:url\" content=\"https:\/\/lospoliticosveracruz.com\/?p=114435\" \/>\n<meta property=\"og:site_name\" content=\"Los pol\u00edticos Veracruz\" \/>\n<meta property=\"article:publisher\" content=\"https:\/\/www.facebook.com\/people\/Notimemes-de-los-Polticos\/61565672886568\/\" \/>\n<meta property=\"article:published_time\" content=\"2023-11-18T02:24:52+00:00\" \/>\n<meta property=\"article:modified_time\" content=\"2023-11-18T02:24:59+00:00\" \/>\n<meta property=\"og:image\" content=\"https:\/\/lospoliticosveracruz.com.mx\/wp-content\/uploads\/2016\/07\/Seguro-Julio-Cerecedo-2-1024x381.jpg\" \/>\n<meta name=\"author\" content=\"Lo viste en Los Pol\u00edticos\" \/>\n<meta name=\"twitter:card\" content=\"summary_large_image\" \/>\n<meta name=\"twitter:creator\" content=\"@LosPoliticosVer\" \/>\n<meta name=\"twitter:site\" content=\"@LosPoliticosVer\" \/>\n<meta name=\"twitter:label1\" content=\"Escrito por\" \/>\n\t<meta name=\"twitter:data1\" content=\"Lo viste en Los Pol\u00edticos\" \/>\n\t<meta name=\"twitter:label2\" content=\"Tiempo de lectura\" \/>\n\t<meta name=\"twitter:data2\" content=\"5 minutos\" \/>\n<script type=\"application\/ld+json\" class=\"yoast-schema-graph\">{\"@context\":\"https:\\\/\\\/schema.org\",\"@graph\":[{\"@type\":\"Article\",\"@id\":\"https:\\\/\\\/lospoliticosveracruz.com\\\/?p=114435#article\",\"isPartOf\":{\"@id\":\"https:\\\/\\\/lospoliticosveracruz.com\\\/?p=114435\"},\"author\":{\"name\":\"Lo viste en Los Pol\u00edticos\",\"@id\":\"https:\\\/\\\/lospoliticosveracruz.com\\\/#\\\/schema\\\/person\\\/b8702bb0e538456e6efd07080bf2a4a2\"},\"headline\":\"EL BUEN FIN SIN NUEVO HORARIO\",\"datePublished\":\"2023-11-18T02:24:52+00:00\",\"dateModified\":\"2023-11-18T02:24:59+00:00\",\"mainEntityOfPage\":{\"@id\":\"https:\\\/\\\/lospoliticosveracruz.com\\\/?p=114435\"},\"wordCount\":1025,\"publisher\":{\"@id\":\"https:\\\/\\\/lospoliticosveracruz.com\\\/#organization\"},\"image\":{\"@id\":\"https:\\\/\\\/lospoliticosveracruz.com\\\/?p=114435#primaryimage\"},\"thumbnailUrl\":\"https:\\\/\\\/lospoliticosveracruz.com.mx\\\/wp-content\\\/uploads\\\/2016\\\/07\\\/Seguro-Julio-Cerecedo-2-1024x381.jpg\",\"keywords\":[\"Jos\u00e9 Luis Enr\u00edquez Ambell\"],\"articleSection\":[\"De Opini\u00f3n\"],\"inLanguage\":\"es\"},{\"@type\":\"WebPage\",\"@id\":\"https:\\\/\\\/lospoliticosveracruz.com\\\/?p=114435\",\"url\":\"https:\\\/\\\/lospoliticosveracruz.com\\\/?p=114435\",\"name\":\"EL BUEN FIN SIN NUEVO HORARIO - Los pol\u00edticos Veracruz\",\"isPartOf\":{\"@id\":\"https:\\\/\\\/lospoliticosveracruz.com\\\/#website\"},\"primaryImageOfPage\":{\"@id\":\"https:\\\/\\\/lospoliticosveracruz.com\\\/?p=114435#primaryimage\"},\"image\":{\"@id\":\"https:\\\/\\\/lospoliticosveracruz.com\\\/?p=114435#primaryimage\"},\"thumbnailUrl\":\"https:\\\/\\\/lospoliticosveracruz.com.mx\\\/wp-content\\\/uploads\\\/2016\\\/07\\\/Seguro-Julio-Cerecedo-2-1024x381.jpg\",\"datePublished\":\"2023-11-18T02:24:52+00:00\",\"dateModified\":\"2023-11-18T02:24:59+00:00\",\"breadcrumb\":{\"@id\":\"https:\\\/\\\/lospoliticosveracruz.com\\\/?p=114435#breadcrumb\"},\"inLanguage\":\"es\",\"potentialAction\":[{\"@type\":\"ReadAction\",\"target\":[\"https:\\\/\\\/lospoliticosveracruz.com\\\/?p=114435\"]}]},{\"@type\":\"ImageObject\",\"inLanguage\":\"es\",\"@id\":\"https:\\\/\\\/lospoliticosveracruz.com\\\/?p=114435#primaryimage\",\"url\":\"https:\\\/\\\/lospoliticosveracruz.com.mx\\\/wp-content\\\/uploads\\\/2016\\\/07\\\/Seguro-Julio-Cerecedo-2-1024x381.jpg\",\"contentUrl\":\"https:\\\/\\\/lospoliticosveracruz.com.mx\\\/wp-content\\\/uploads\\\/2016\\\/07\\\/Seguro-Julio-Cerecedo-2-1024x381.jpg\"},{\"@type\":\"BreadcrumbList\",\"@id\":\"https:\\\/\\\/lospoliticosveracruz.com\\\/?p=114435#breadcrumb\",\"itemListElement\":[{\"@type\":\"ListItem\",\"position\":1,\"name\":\"Portada\",\"item\":\"https:\\\/\\\/lospoliticosveracruz.com\\\/\"},{\"@type\":\"ListItem\",\"position\":2,\"name\":\"EL BUEN FIN SIN NUEVO HORARIO\"}]},{\"@type\":\"WebSite\",\"@id\":\"https:\\\/\\\/lospoliticosveracruz.com\\\/#website\",\"url\":\"https:\\\/\\\/lospoliticosveracruz.com\\\/\",\"name\":\"Los pol\u00edticos Veracruz\",\"description\":\"\",\"publisher\":{\"@id\":\"https:\\\/\\\/lospoliticosveracruz.com\\\/#organization\"},\"potentialAction\":[{\"@type\":\"SearchAction\",\"target\":{\"@type\":\"EntryPoint\",\"urlTemplate\":\"https:\\\/\\\/lospoliticosveracruz.com\\\/?s={search_term_string}\"},\"query-input\":{\"@type\":\"PropertyValueSpecification\",\"valueRequired\":true,\"valueName\":\"search_term_string\"}}],\"inLanguage\":\"es\"},{\"@type\":\"Organization\",\"@id\":\"https:\\\/\\\/lospoliticosveracruz.com\\\/#organization\",\"name\":\"Los pol\u00edticos Veracruz\",\"url\":\"https:\\\/\\\/lospoliticosveracruz.com\\\/\",\"logo\":{\"@type\":\"ImageObject\",\"inLanguage\":\"es\",\"@id\":\"https:\\\/\\\/lospoliticosveracruz.com\\\/#\\\/schema\\\/logo\\\/image\\\/\",\"url\":\"https:\\\/\\\/lospoliticosveracruz.com\\\/wp-content\\\/uploads\\\/2025\\\/12\\\/Logo-Nuevo-LOS-POLITICOS-1.jpg\",\"contentUrl\":\"https:\\\/\\\/lospoliticosveracruz.com\\\/wp-content\\\/uploads\\\/2025\\\/12\\\/Logo-Nuevo-LOS-POLITICOS-1.jpg\",\"width\":260,\"height\":70,\"caption\":\"Los pol\u00edticos Veracruz\"},\"image\":{\"@id\":\"https:\\\/\\\/lospoliticosveracruz.com\\\/#\\\/schema\\\/logo\\\/image\\\/\"},\"sameAs\":[\"https:\\\/\\\/www.facebook.com\\\/people\\\/Notimemes-de-los-Polticos\\\/61565672886568\\\/\",\"https:\\\/\\\/x.com\\\/LosPoliticosVer\"]},{\"@type\":\"Person\",\"@id\":\"https:\\\/\\\/lospoliticosveracruz.com\\\/#\\\/schema\\\/person\\\/b8702bb0e538456e6efd07080bf2a4a2\",\"name\":\"Lo viste en Los Pol\u00edticos\",\"image\":{\"@type\":\"ImageObject\",\"inLanguage\":\"es\",\"@id\":\"https:\\\/\\\/secure.gravatar.com\\\/avatar\\\/3a8de04a2656d44082be478bd6c086daa447c4651605818287b9532d3d0bd435?s=96&d=mm&r=g\",\"url\":\"https:\\\/\\\/secure.gravatar.com\\\/avatar\\\/3a8de04a2656d44082be478bd6c086daa447c4651605818287b9532d3d0bd435?s=96&d=mm&r=g\",\"contentUrl\":\"https:\\\/\\\/secure.gravatar.com\\\/avatar\\\/3a8de04a2656d44082be478bd6c086daa447c4651605818287b9532d3d0bd435?s=96&d=mm&r=g\",\"caption\":\"Lo viste en Los Pol\u00edticos\"},\"url\":\"https:\\\/\\\/lospoliticosveracruz.com\\\/?author=2\"}]}<\/script>\n<!-- \/ Yoast SEO plugin. -->","yoast_head_json":{"title":"EL BUEN FIN SIN NUEVO HORARIO - Los pol\u00edticos Veracruz","robots":{"index":"index","follow":"follow","max-snippet":"max-snippet:-1","max-image-preview":"max-image-preview:large","max-video-preview":"max-video-preview:-1"},"canonical":"https:\/\/lospoliticosveracruz.com\/?p=114435","og_locale":"es_ES","og_type":"article","og_title":"EL BUEN FIN SIN NUEVO HORARIO - Los pol\u00edticos Veracruz","og_description":"Jos\u00e9 Luis Enr\u00edquez AmbellCaf\u00e9 de Ma\u00f1ana \u00abEl&nbsp;Buen Fin\u00bb&nbsp;surgi\u00f3 en el sexenio del Presidente Calder\u00f3n, como iniciativa del Gobierno junto con los empresarios para avivar la econom\u00eda e inyectar movilidad de flujo en el pa\u00eds; adem\u00e1s de ayudar a que los mexicanos compremos bienes y servicios a precio mucho m\u00e1s bajo de su costo de venta [&hellip;]","og_url":"https:\/\/lospoliticosveracruz.com\/?p=114435","og_site_name":"Los pol\u00edticos Veracruz","article_publisher":"https:\/\/www.facebook.com\/people\/Notimemes-de-los-Polticos\/61565672886568\/","article_published_time":"2023-11-18T02:24:52+00:00","article_modified_time":"2023-11-18T02:24:59+00:00","og_image":[{"url":"https:\/\/lospoliticosveracruz.com.mx\/wp-content\/uploads\/2016\/07\/Seguro-Julio-Cerecedo-2-1024x381.jpg","type":"","width":"","height":""}],"author":"Lo viste en Los Pol\u00edticos","twitter_card":"summary_large_image","twitter_creator":"@LosPoliticosVer","twitter_site":"@LosPoliticosVer","twitter_misc":{"Escrito por":"Lo viste en Los Pol\u00edticos","Tiempo de lectura":"5 minutos"},"schema":{"@context":"https:\/\/schema.org","@graph":[{"@type":"Article","@id":"https:\/\/lospoliticosveracruz.com\/?p=114435#article","isPartOf":{"@id":"https:\/\/lospoliticosveracruz.com\/?p=114435"},"author":{"name":"Lo viste en Los Pol\u00edticos","@id":"https:\/\/lospoliticosveracruz.com\/#\/schema\/person\/b8702bb0e538456e6efd07080bf2a4a2"},"headline":"EL BUEN FIN SIN NUEVO HORARIO","datePublished":"2023-11-18T02:24:52+00:00","dateModified":"2023-11-18T02:24:59+00:00","mainEntityOfPage":{"@id":"https:\/\/lospoliticosveracruz.com\/?p=114435"},"wordCount":1025,"publisher":{"@id":"https:\/\/lospoliticosveracruz.com\/#organization"},"image":{"@id":"https:\/\/lospoliticosveracruz.com\/?p=114435#primaryimage"},"thumbnailUrl":"https:\/\/lospoliticosveracruz.com.mx\/wp-content\/uploads\/2016\/07\/Seguro-Julio-Cerecedo-2-1024x381.jpg","keywords":["Jos\u00e9 Luis Enr\u00edquez Ambell"],"articleSection":["De Opini\u00f3n"],"inLanguage":"es"},{"@type":"WebPage","@id":"https:\/\/lospoliticosveracruz.com\/?p=114435","url":"https:\/\/lospoliticosveracruz.com\/?p=114435","name":"EL BUEN FIN SIN NUEVO HORARIO - Los pol\u00edticos Veracruz","isPartOf":{"@id":"https:\/\/lospoliticosveracruz.com\/#website"},"primaryImageOfPage":{"@id":"https:\/\/lospoliticosveracruz.com\/?p=114435#primaryimage"},"image":{"@id":"https:\/\/lospoliticosveracruz.com\/?p=114435#primaryimage"},"thumbnailUrl":"https:\/\/lospoliticosveracruz.com.mx\/wp-content\/uploads\/2016\/07\/Seguro-Julio-Cerecedo-2-1024x381.jpg","datePublished":"2023-11-18T02:24:52+00:00","dateModified":"2023-11-18T02:24:59+00:00","breadcrumb":{"@id":"https:\/\/lospoliticosveracruz.com\/?p=114435#breadcrumb"},"inLanguage":"es","potentialAction":[{"@type":"ReadAction","target":["https:\/\/lospoliticosveracruz.com\/?p=114435"]}]},{"@type":"ImageObject","inLanguage":"es","@id":"https:\/\/lospoliticosveracruz.com\/?p=114435#primaryimage","url":"https:\/\/lospoliticosveracruz.com.mx\/wp-content\/uploads\/2016\/07\/Seguro-Julio-Cerecedo-2-1024x381.jpg","contentUrl":"https:\/\/lospoliticosveracruz.com.mx\/wp-content\/uploads\/2016\/07\/Seguro-Julio-Cerecedo-2-1024x381.jpg"},{"@type":"BreadcrumbList","@id":"https:\/\/lospoliticosveracruz.com\/?p=114435#breadcrumb","itemListElement":[{"@type":"ListItem","position":1,"name":"Portada","item":"https:\/\/lospoliticosveracruz.com\/"},{"@type":"ListItem","position":2,"name":"EL BUEN FIN SIN NUEVO HORARIO"}]},{"@type":"WebSite","@id":"https:\/\/lospoliticosveracruz.com\/#website","url":"https:\/\/lospoliticosveracruz.com\/","name":"Los pol\u00edticos Veracruz","description":"","publisher":{"@id":"https:\/\/lospoliticosveracruz.com\/#organization"},"potentialAction":[{"@type":"SearchAction","target":{"@type":"EntryPoint","urlTemplate":"https:\/\/lospoliticosveracruz.com\/?s={search_term_string}"},"query-input":{"@type":"PropertyValueSpecification","valueRequired":true,"valueName":"search_term_string"}}],"inLanguage":"es"},{"@type":"Organization","@id":"https:\/\/lospoliticosveracruz.com\/#organization","name":"Los pol\u00edticos Veracruz","url":"https:\/\/lospoliticosveracruz.com\/","logo":{"@type":"ImageObject","inLanguage":"es","@id":"https:\/\/lospoliticosveracruz.com\/#\/schema\/logo\/image\/","url":"https:\/\/lospoliticosveracruz.com\/wp-content\/uploads\/2025\/12\/Logo-Nuevo-LOS-POLITICOS-1.jpg","contentUrl":"https:\/\/lospoliticosveracruz.com\/wp-content\/uploads\/2025\/12\/Logo-Nuevo-LOS-POLITICOS-1.jpg","width":260,"height":70,"caption":"Los pol\u00edticos Veracruz"},"image":{"@id":"https:\/\/lospoliticosveracruz.com\/#\/schema\/logo\/image\/"},"sameAs":["https:\/\/www.facebook.com\/people\/Notimemes-de-los-Polticos\/61565672886568\/","https:\/\/x.com\/LosPoliticosVer"]},{"@type":"Person","@id":"https:\/\/lospoliticosveracruz.com\/#\/schema\/person\/b8702bb0e538456e6efd07080bf2a4a2","name":"Lo viste en Los Pol\u00edticos","image":{"@type":"ImageObject","inLanguage":"es","@id":"https:\/\/secure.gravatar.com\/avatar\/3a8de04a2656d44082be478bd6c086daa447c4651605818287b9532d3d0bd435?s=96&d=mm&r=g","url":"https:\/\/secure.gravatar.com\/avatar\/3a8de04a2656d44082be478bd6c086daa447c4651605818287b9532d3d0bd435?s=96&d=mm&r=g","contentUrl":"https:\/\/secure.gravatar.com\/avatar\/3a8de04a2656d44082be478bd6c086daa447c4651605818287b9532d3d0bd435?s=96&d=mm&r=g","caption":"Lo viste en Los Pol\u00edticos"},"url":"https:\/\/lospoliticosveracruz.com\/?author=2"}]}},"_links":{"self":[{"href":"https:\/\/lospoliticosveracruz.com\/index.php?rest_route=\/wp\/v2\/posts\/114435","targetHints":{"allow":["GET"]}}],"collection":[{"href":"https:\/\/lospoliticosveracruz.com\/index.php?rest_route=\/wp\/v2\/posts"}],"about":[{"href":"https:\/\/lospoliticosveracruz.com\/index.php?rest_route=\/wp\/v2\/types\/post"}],"author":[{"embeddable":true,"href":"https:\/\/lospoliticosveracruz.com\/index.php?rest_route=\/wp\/v2\/users\/2"}],"replies":[{"embeddable":true,"href":"https:\/\/lospoliticosveracruz.com\/index.php?rest_route=%2Fwp%2Fv2%2Fcomments&post=114435"}],"version-history":[{"count":1,"href":"https:\/\/lospoliticosveracruz.com\/index.php?rest_route=\/wp\/v2\/posts\/114435\/revisions"}],"predecessor-version":[{"id":114436,"href":"https:\/\/lospoliticosveracruz.com\/index.php?rest_route=\/wp\/v2\/posts\/114435\/revisions\/114436"}],"wp:attachment":[{"href":"https:\/\/lospoliticosveracruz.com\/index.php?rest_route=%2Fwp%2Fv2%2Fmedia&parent=114435"}],"wp:term":[{"taxonomy":"category","embeddable":true,"href":"https:\/\/lospoliticosveracruz.com\/index.php?rest_route=%2Fwp%2Fv2%2Fcategories&post=114435"},{"taxonomy":"post_tag","embeddable":true,"href":"https:\/\/lospoliticosveracruz.com\/index.php?rest_route=%2Fwp%2Fv2%2Ftags&post=114435"}],"curies":[{"name":"wp","href":"https:\/\/api.w.org\/{rel}","templated":true}]}}