{"id":114452,"date":"2023-11-18T08:12:09","date_gmt":"2023-11-18T14:12:09","guid":{"rendered":"https:\/\/lospoliticosveracruz.com.mx\/?p=114452"},"modified":"2023-11-18T08:12:15","modified_gmt":"2023-11-18T14:12:15","slug":"se-va-don-boludo","status":"publish","type":"post","link":"https:\/\/lospoliticosveracruz.com\/?p=114452","title":{"rendered":"SE VA DON BOLUDO!"},"content":{"rendered":"\n<p><strong>Oved Contreras<\/strong><\/p>\n\n\n\n<p><em>Secas Mecas<\/em><\/p>\n\n\n\n<p>Luego de su estrepitosa derrota en el proceso interno de Morena donde pretend\u00eda coordinar los Comit\u00e9s de Defensa de la Cuarta Transformaci\u00f3n y eventualmente la candidatura a la gubernatura de Veracruz, el ex secretario de Gobierno, Patros\u00edsmico Cisneros fue visto ayer por la ma\u00f1ana en el aeropuerto previo a abordar un avi\u00f3n rumbo a la Ciudad de M\u00e9xico por Viva Aerob\u00fas, nos report\u00f3 el chambero en la terminal a\u00e9rea.<\/p>\n\n\n\n<p>Acostumbrado a publicar todas sus actividades en sus redes sociales, el ex funcionario estatal y defensor de los afrodescendientes, se hab\u00eda mantenido en silencio desde aquel apapacho que le brindaron un pu\u00f1ado de alcaldes en Otatitl\u00e1n, un d\u00eda despu\u00e9s de que se dio a conocer su derrota en las consultas de Morena.<\/p>\n\n\n\n<p>Ayer vol\u00f3 el boludo a la capital del pa\u00eds pero no hizo p\u00fablico el motivo del viaje\u2026aunque m\u00e1s tarde publicar\u00eda en sus redes sociales sobre la visita de Claudia Sheinbaum el pr\u00f3ximo lunes a Veracruz en compa\u00f1\u00eda de Roc\u00edo Nahle\u2026Patros\u00edsmico Cisneros no ha participado en ninguno de los eventos encabezados por la zacatecana Roc\u00edo Nahle en su calidad de coordinadora estatal de los comit\u00e9s de transformaci\u00f3n en el estado, junto con Manuel Huerta\u2026tampoco se sabe si lo han cepillado el Car\u00f3n Cazar\u00edn y quienes coordinan los eventos de la zacatecana.<\/p>\n\n\n\n<p>En su \u00faltima aparici\u00f3n p\u00fablica en Otatitl\u00e1n, don Boludo dijo que aunque hay personas que no lo quieran ver, lo seguir\u00e1n viendo, solo hay que esperar que se le quite lo berrinchudo y se sume a los eventos de la cuarta transformaci\u00f3n.<\/p>\n\n\n\n<p>SI VA HUERTA\u2026Mediante una carta dirigida al Comit\u00e9 Nacional del Movimiento de Regeneraci\u00f3n, Manuel Huerta acept\u00f3 la propuesta de Coordinar los Trabajos del Federalismo en Veracruz que lo llevar\u00e1 a ocupar la representaci\u00f3n de la entidad en el Senado de la Rep\u00fablica\u2026el ex s\u00faper delegado de Bienestar dice que decidi\u00f3 aceptar la propuesta tras consultar con el pueblo que le dio su apoyo para ganar la encuesta cuando pretend\u00eda la Coordinaci\u00f3n de los Trabajos de Defensa de la Cuarta Transformaci\u00f3n en Veracruz.<\/p>\n\n\n\n<p>Manuel Huerta asegura que esto no se lo dio ni Claudia Sheinbaum ni Roc\u00edo Nahle ni la propia Dirigencia del Movimiento, sino el pueblo con su apoyo en la encuesta, por eso era importante que les consultara, y agrega que es una forma de equilibrar el ejercicio de gobierno para Veracruz y desde esa posici\u00f3n puede y as\u00ed lo har\u00e1, vigilar que el proceso de transformaci\u00f3n no vuelva a detenerse, sino por el contrario se acelere en beneficio de quienes m\u00e1s lo necesitan, los sectores vulnerables de la poblaci\u00f3n\u2026\u00f3sea que le volvi\u00f3 a pegar su raspada a Cuitl\u00e1huac Garc\u00eda por no llevar el mismo ritmo que el Presidente Andr\u00e9s Manuel L\u00f3pez Obrador.<\/p>\n\n\n\n<p>SER\u00c1 MUJER\u2026Una mujer deber\u00e1 ser quien acompa\u00f1e a Manuel Huerta como la segunda f\u00f3rmula al Senado de la Rep\u00fablica, como parte del proceso de selecci\u00f3n de candidatos en Veracruz\u2026la<br>Comisi\u00f3n Nacional de Elecciones aprobar\u00e1 como m\u00e1ximo 4 registros por candidatura y a m\u00e1s tardar el 24 de enero de 2024 se ratificar\u00e1n las precandidaturas aceptadas.<\/p>\n\n\n\n<p>El dirigente estatal de Morena, el \u201cFurcio\u201d Esteban Ram\u00edrez Zepeta, explica que el registro estar\u00e1 abierto de las 00:00 horas del d\u00eda 15 de noviembre hasta las 23:59 horas del 18 de noviembre de 2023 y en el caso de los aspirantes que pertenezcan a uno de los partidos aliados de MORENA podr\u00e1n solicitar su inscripci\u00f3n en su calidad de externos.<\/p>\n\n\n\n<p>Ayer mismo se apunt\u00f3 M\u00f3nica Robles Barajas como aspirante a la candidatura a la segunda f\u00f3rmula al Senado de la Rep\u00fablica por el Estado de Veracruz, y confi\u00f3 en que habr\u00e1 piso parejo para quienes se inscriban. Por ello, consider\u00f3 que aquellas que cuenten con un cargo p\u00fablico o directivo dentro del partido, deber\u00edan presentar su renuncia y separaci\u00f3n a dichos puestos.<\/p>\n\n\n\n<p>M\u00f3nica Robles se enfrentar\u00eda a la consentida de Cuitl\u00e1huac, Dorheny Garc\u00eda Cayetano quien se desempe\u00f1a como secretaria del Trabajo del gobierno estatal y al mismo tiempo preside el consejo estatal de Morena\u2026ya tapiz\u00f3 toda Xalapa con su nombre en bardas.<\/p>\n\n\n\n<p>SUPLEN AL BOLUDO\u2026el tabasque\u00f1o Carlos Alberto Ju\u00e1rez, quien supli\u00f3 a Patros\u00edsmico Cisneros como encargado de despacho de la Secretar\u00eda de Gobierno de Veracruz, compareci\u00f3 ayer ante el Congreso local y afirm\u00f3 que se hizo un \u201cgran trabajo\u201d en la Comisi\u00f3n Estatal de B\u00fasqueda de Veracruz (CEBV), a pesar de la grave crisis de desaparecidos que vive la entidad.<\/p>\n\n\n\n<p>El funcionario fue corrido la semana pasada por las integrantes de&nbsp;los colectivos de b\u00fasqueda&nbsp;que tomaron simb\u00f3licamente el Palacio de Gobierno y obligaron a Cuitl\u00e1huac Garc\u00eda a atenderlas, y hoy en comparecencia asegura que la Comisi\u00f3n Estatal de&nbsp;B\u00fasqueda&nbsp;report\u00f3 una \u201cefectividad\u201d del 67 por ciento en la&nbsp;localizaci\u00f3n inmediata&nbsp;de mil 680 personas y que desde 2019 se ha logrado que \u201cregresen a casa\u201d siete mil 930 desaparecidos.<\/p>\n\n\n\n<p>El diputado Marlon Ram\u00edrez aprovech\u00f3 la comparecencia para solicitarle a Encargado del Despacho de la secretar\u00eda de Gobierno, informaci\u00f3n precisa que consta en los archivos del Registro P\u00fablico de la Propiedad, sobre el mecanismo de constituci\u00f3n de una larga lista de empresas que se han visto favorecidas con miles de millones de pesos en contratos asignados por el \u00e1rea de Salud, no obstante haber sido creadas de forma reciente.<\/p>\n","protected":false},"excerpt":{"rendered":"<p>Oved Contreras Secas Mecas Luego de su estrepitosa derrota en el proceso interno de Morena donde pretend\u00eda coordinar los Comit\u00e9s de Defensa de la Cuarta Transformaci\u00f3n y eventualmente la candidatura a la gubernatura de Veracruz, el ex secretario de Gobierno, Patros\u00edsmico Cisneros fue visto ayer por la ma\u00f1ana en el aeropuerto previo a abordar un [&hellip;]<\/p>\n","protected":false},"author":2,"featured_media":0,"comment_status":"closed","ping_status":"closed","sticky":false,"template":"","format":"standard","meta":{"tdm_status":"","tdm_grid_status":"","footnotes":""},"categories":[70],"tags":[12299,1850,1026,3578,195],"class_list":{"0":"post-114452","1":"post","2":"type-post","3":"status-publish","4":"format-standard","6":"category-de-opinion","7":"tag-eric-cisneros-burgos","8":"tag-manuel-huerta-ladron-de-guevara","9":"tag-morena","10":"tag-rocio-nahle","11":"tag-veracruz"},"yoast_head":"<!-- This site is optimized with the Yoast SEO plugin v27.4 - https:\/\/yoast.com\/product\/yoast-seo-wordpress\/ -->\n<title>SE VA DON BOLUDO! - Los pol\u00edticos Veracruz<\/title>\n<meta name=\"robots\" content=\"index, follow, max-snippet:-1, max-image-preview:large, max-video-preview:-1\" \/>\n<link rel=\"canonical\" href=\"https:\/\/lospoliticosveracruz.com\/?p=114452\" \/>\n<meta property=\"og:locale\" content=\"es_ES\" \/>\n<meta property=\"og:type\" content=\"article\" \/>\n<meta property=\"og:title\" content=\"SE VA DON BOLUDO! - Los pol\u00edticos Veracruz\" \/>\n<meta property=\"og:description\" content=\"Oved Contreras Secas Mecas Luego de su estrepitosa derrota en el proceso interno de Morena donde pretend\u00eda coordinar los Comit\u00e9s de Defensa de la Cuarta Transformaci\u00f3n y eventualmente la candidatura a la gubernatura de Veracruz, el ex secretario de Gobierno, Patros\u00edsmico Cisneros fue visto ayer por la ma\u00f1ana en el aeropuerto previo a abordar un [&hellip;]\" \/>\n<meta property=\"og:url\" content=\"https:\/\/lospoliticosveracruz.com\/?p=114452\" \/>\n<meta property=\"og:site_name\" content=\"Los pol\u00edticos Veracruz\" \/>\n<meta property=\"article:publisher\" content=\"https:\/\/www.facebook.com\/people\/Notimemes-de-los-Polticos\/61565672886568\/\" \/>\n<meta property=\"article:published_time\" content=\"2023-11-18T14:12:09+00:00\" \/>\n<meta property=\"article:modified_time\" content=\"2023-11-18T14:12:15+00:00\" \/>\n<meta property=\"og:image\" content=\"https:\/\/lospoliticosveracruz.com\/wp-content\/uploads\/2016\/07\/Logo-Dor.jpg\" \/>\n\t<meta property=\"og:image:width\" content=\"200\" \/>\n\t<meta property=\"og:image:height\" content=\"200\" \/>\n\t<meta property=\"og:image:type\" content=\"image\/jpeg\" \/>\n<meta name=\"author\" content=\"Lo viste en Los Pol\u00edticos\" \/>\n<meta name=\"twitter:card\" content=\"summary_large_image\" \/>\n<meta name=\"twitter:creator\" content=\"@LosPoliticosVer\" \/>\n<meta name=\"twitter:site\" content=\"@LosPoliticosVer\" \/>\n<meta name=\"twitter:label1\" content=\"Escrito por\" \/>\n\t<meta name=\"twitter:data1\" content=\"Lo viste en Los Pol\u00edticos\" \/>\n\t<meta name=\"twitter:label2\" content=\"Tiempo de lectura\" \/>\n\t<meta name=\"twitter:data2\" content=\"5 minutos\" \/>\n<script type=\"application\/ld+json\" class=\"yoast-schema-graph\">{\"@context\":\"https:\\\/\\\/schema.org\",\"@graph\":[{\"@type\":\"Article\",\"@id\":\"https:\\\/\\\/lospoliticosveracruz.com\\\/?p=114452#article\",\"isPartOf\":{\"@id\":\"https:\\\/\\\/lospoliticosveracruz.com\\\/?p=114452\"},\"author\":{\"name\":\"Lo viste en Los Pol\u00edticos\",\"@id\":\"https:\\\/\\\/lospoliticosveracruz.com\\\/#\\\/schema\\\/person\\\/b8702bb0e538456e6efd07080bf2a4a2\"},\"headline\":\"SE VA DON BOLUDO!\",\"datePublished\":\"2023-11-18T14:12:09+00:00\",\"dateModified\":\"2023-11-18T14:12:15+00:00\",\"mainEntityOfPage\":{\"@id\":\"https:\\\/\\\/lospoliticosveracruz.com\\\/?p=114452\"},\"wordCount\":962,\"publisher\":{\"@id\":\"https:\\\/\\\/lospoliticosveracruz.com\\\/#organization\"},\"keywords\":[\"Eric Cisneros Burgos\",\"Manuel Huerta Ladr\u00f3n de Guevara\",\"Morena\",\"Roc\u00edo Nahle\",\"Veracruz\"],\"articleSection\":[\"De Opini\u00f3n\"],\"inLanguage\":\"es\"},{\"@type\":\"WebPage\",\"@id\":\"https:\\\/\\\/lospoliticosveracruz.com\\\/?p=114452\",\"url\":\"https:\\\/\\\/lospoliticosveracruz.com\\\/?p=114452\",\"name\":\"SE VA DON BOLUDO! - Los pol\u00edticos Veracruz\",\"isPartOf\":{\"@id\":\"https:\\\/\\\/lospoliticosveracruz.com\\\/#website\"},\"datePublished\":\"2023-11-18T14:12:09+00:00\",\"dateModified\":\"2023-11-18T14:12:15+00:00\",\"breadcrumb\":{\"@id\":\"https:\\\/\\\/lospoliticosveracruz.com\\\/?p=114452#breadcrumb\"},\"inLanguage\":\"es\",\"potentialAction\":[{\"@type\":\"ReadAction\",\"target\":[\"https:\\\/\\\/lospoliticosveracruz.com\\\/?p=114452\"]}]},{\"@type\":\"BreadcrumbList\",\"@id\":\"https:\\\/\\\/lospoliticosveracruz.com\\\/?p=114452#breadcrumb\",\"itemListElement\":[{\"@type\":\"ListItem\",\"position\":1,\"name\":\"Portada\",\"item\":\"https:\\\/\\\/lospoliticosveracruz.com\\\/\"},{\"@type\":\"ListItem\",\"position\":2,\"name\":\"SE VA DON BOLUDO!\"}]},{\"@type\":\"WebSite\",\"@id\":\"https:\\\/\\\/lospoliticosveracruz.com\\\/#website\",\"url\":\"https:\\\/\\\/lospoliticosveracruz.com\\\/\",\"name\":\"Los pol\u00edticos Veracruz\",\"description\":\"\",\"publisher\":{\"@id\":\"https:\\\/\\\/lospoliticosveracruz.com\\\/#organization\"},\"potentialAction\":[{\"@type\":\"SearchAction\",\"target\":{\"@type\":\"EntryPoint\",\"urlTemplate\":\"https:\\\/\\\/lospoliticosveracruz.com\\\/?s={search_term_string}\"},\"query-input\":{\"@type\":\"PropertyValueSpecification\",\"valueRequired\":true,\"valueName\":\"search_term_string\"}}],\"inLanguage\":\"es\"},{\"@type\":\"Organization\",\"@id\":\"https:\\\/\\\/lospoliticosveracruz.com\\\/#organization\",\"name\":\"Los pol\u00edticos Veracruz\",\"url\":\"https:\\\/\\\/lospoliticosveracruz.com\\\/\",\"logo\":{\"@type\":\"ImageObject\",\"inLanguage\":\"es\",\"@id\":\"https:\\\/\\\/lospoliticosveracruz.com\\\/#\\\/schema\\\/logo\\\/image\\\/\",\"url\":\"https:\\\/\\\/lospoliticosveracruz.com\\\/wp-content\\\/uploads\\\/2025\\\/12\\\/Logo-Nuevo-LOS-POLITICOS-1.jpg\",\"contentUrl\":\"https:\\\/\\\/lospoliticosveracruz.com\\\/wp-content\\\/uploads\\\/2025\\\/12\\\/Logo-Nuevo-LOS-POLITICOS-1.jpg\",\"width\":260,\"height\":70,\"caption\":\"Los pol\u00edticos Veracruz\"},\"image\":{\"@id\":\"https:\\\/\\\/lospoliticosveracruz.com\\\/#\\\/schema\\\/logo\\\/image\\\/\"},\"sameAs\":[\"https:\\\/\\\/www.facebook.com\\\/people\\\/Notimemes-de-los-Polticos\\\/61565672886568\\\/\",\"https:\\\/\\\/x.com\\\/LosPoliticosVer\"]},{\"@type\":\"Person\",\"@id\":\"https:\\\/\\\/lospoliticosveracruz.com\\\/#\\\/schema\\\/person\\\/b8702bb0e538456e6efd07080bf2a4a2\",\"name\":\"Lo viste en Los Pol\u00edticos\",\"image\":{\"@type\":\"ImageObject\",\"inLanguage\":\"es\",\"@id\":\"https:\\\/\\\/secure.gravatar.com\\\/avatar\\\/3a8de04a2656d44082be478bd6c086daa447c4651605818287b9532d3d0bd435?s=96&d=mm&r=g\",\"url\":\"https:\\\/\\\/secure.gravatar.com\\\/avatar\\\/3a8de04a2656d44082be478bd6c086daa447c4651605818287b9532d3d0bd435?s=96&d=mm&r=g\",\"contentUrl\":\"https:\\\/\\\/secure.gravatar.com\\\/avatar\\\/3a8de04a2656d44082be478bd6c086daa447c4651605818287b9532d3d0bd435?s=96&d=mm&r=g\",\"caption\":\"Lo viste en Los Pol\u00edticos\"},\"url\":\"https:\\\/\\\/lospoliticosveracruz.com\\\/?author=2\"}]}<\/script>\n<!-- \/ Yoast SEO plugin. -->","yoast_head_json":{"title":"SE VA DON BOLUDO! - Los pol\u00edticos Veracruz","robots":{"index":"index","follow":"follow","max-snippet":"max-snippet:-1","max-image-preview":"max-image-preview:large","max-video-preview":"max-video-preview:-1"},"canonical":"https:\/\/lospoliticosveracruz.com\/?p=114452","og_locale":"es_ES","og_type":"article","og_title":"SE VA DON BOLUDO! - Los pol\u00edticos Veracruz","og_description":"Oved Contreras Secas Mecas Luego de su estrepitosa derrota en el proceso interno de Morena donde pretend\u00eda coordinar los Comit\u00e9s de Defensa de la Cuarta Transformaci\u00f3n y eventualmente la candidatura a la gubernatura de Veracruz, el ex secretario de Gobierno, Patros\u00edsmico Cisneros fue visto ayer por la ma\u00f1ana en el aeropuerto previo a abordar un [&hellip;]","og_url":"https:\/\/lospoliticosveracruz.com\/?p=114452","og_site_name":"Los pol\u00edticos Veracruz","article_publisher":"https:\/\/www.facebook.com\/people\/Notimemes-de-los-Polticos\/61565672886568\/","article_published_time":"2023-11-18T14:12:09+00:00","article_modified_time":"2023-11-18T14:12:15+00:00","og_image":[{"width":200,"height":200,"url":"https:\/\/lospoliticosveracruz.com\/wp-content\/uploads\/2016\/07\/Logo-Dor.jpg","type":"image\/jpeg"}],"author":"Lo viste en Los Pol\u00edticos","twitter_card":"summary_large_image","twitter_creator":"@LosPoliticosVer","twitter_site":"@LosPoliticosVer","twitter_misc":{"Escrito por":"Lo viste en Los Pol\u00edticos","Tiempo de lectura":"5 minutos"},"schema":{"@context":"https:\/\/schema.org","@graph":[{"@type":"Article","@id":"https:\/\/lospoliticosveracruz.com\/?p=114452#article","isPartOf":{"@id":"https:\/\/lospoliticosveracruz.com\/?p=114452"},"author":{"name":"Lo viste en Los Pol\u00edticos","@id":"https:\/\/lospoliticosveracruz.com\/#\/schema\/person\/b8702bb0e538456e6efd07080bf2a4a2"},"headline":"SE VA DON BOLUDO!","datePublished":"2023-11-18T14:12:09+00:00","dateModified":"2023-11-18T14:12:15+00:00","mainEntityOfPage":{"@id":"https:\/\/lospoliticosveracruz.com\/?p=114452"},"wordCount":962,"publisher":{"@id":"https:\/\/lospoliticosveracruz.com\/#organization"},"keywords":["Eric Cisneros Burgos","Manuel Huerta Ladr\u00f3n de Guevara","Morena","Roc\u00edo Nahle","Veracruz"],"articleSection":["De Opini\u00f3n"],"inLanguage":"es"},{"@type":"WebPage","@id":"https:\/\/lospoliticosveracruz.com\/?p=114452","url":"https:\/\/lospoliticosveracruz.com\/?p=114452","name":"SE VA DON BOLUDO! - Los pol\u00edticos Veracruz","isPartOf":{"@id":"https:\/\/lospoliticosveracruz.com\/#website"},"datePublished":"2023-11-18T14:12:09+00:00","dateModified":"2023-11-18T14:12:15+00:00","breadcrumb":{"@id":"https:\/\/lospoliticosveracruz.com\/?p=114452#breadcrumb"},"inLanguage":"es","potentialAction":[{"@type":"ReadAction","target":["https:\/\/lospoliticosveracruz.com\/?p=114452"]}]},{"@type":"BreadcrumbList","@id":"https:\/\/lospoliticosveracruz.com\/?p=114452#breadcrumb","itemListElement":[{"@type":"ListItem","position":1,"name":"Portada","item":"https:\/\/lospoliticosveracruz.com\/"},{"@type":"ListItem","position":2,"name":"SE VA DON BOLUDO!"}]},{"@type":"WebSite","@id":"https:\/\/lospoliticosveracruz.com\/#website","url":"https:\/\/lospoliticosveracruz.com\/","name":"Los pol\u00edticos Veracruz","description":"","publisher":{"@id":"https:\/\/lospoliticosveracruz.com\/#organization"},"potentialAction":[{"@type":"SearchAction","target":{"@type":"EntryPoint","urlTemplate":"https:\/\/lospoliticosveracruz.com\/?s={search_term_string}"},"query-input":{"@type":"PropertyValueSpecification","valueRequired":true,"valueName":"search_term_string"}}],"inLanguage":"es"},{"@type":"Organization","@id":"https:\/\/lospoliticosveracruz.com\/#organization","name":"Los pol\u00edticos Veracruz","url":"https:\/\/lospoliticosveracruz.com\/","logo":{"@type":"ImageObject","inLanguage":"es","@id":"https:\/\/lospoliticosveracruz.com\/#\/schema\/logo\/image\/","url":"https:\/\/lospoliticosveracruz.com\/wp-content\/uploads\/2025\/12\/Logo-Nuevo-LOS-POLITICOS-1.jpg","contentUrl":"https:\/\/lospoliticosveracruz.com\/wp-content\/uploads\/2025\/12\/Logo-Nuevo-LOS-POLITICOS-1.jpg","width":260,"height":70,"caption":"Los pol\u00edticos Veracruz"},"image":{"@id":"https:\/\/lospoliticosveracruz.com\/#\/schema\/logo\/image\/"},"sameAs":["https:\/\/www.facebook.com\/people\/Notimemes-de-los-Polticos\/61565672886568\/","https:\/\/x.com\/LosPoliticosVer"]},{"@type":"Person","@id":"https:\/\/lospoliticosveracruz.com\/#\/schema\/person\/b8702bb0e538456e6efd07080bf2a4a2","name":"Lo viste en Los Pol\u00edticos","image":{"@type":"ImageObject","inLanguage":"es","@id":"https:\/\/secure.gravatar.com\/avatar\/3a8de04a2656d44082be478bd6c086daa447c4651605818287b9532d3d0bd435?s=96&d=mm&r=g","url":"https:\/\/secure.gravatar.com\/avatar\/3a8de04a2656d44082be478bd6c086daa447c4651605818287b9532d3d0bd435?s=96&d=mm&r=g","contentUrl":"https:\/\/secure.gravatar.com\/avatar\/3a8de04a2656d44082be478bd6c086daa447c4651605818287b9532d3d0bd435?s=96&d=mm&r=g","caption":"Lo viste en Los Pol\u00edticos"},"url":"https:\/\/lospoliticosveracruz.com\/?author=2"}]}},"_links":{"self":[{"href":"https:\/\/lospoliticosveracruz.com\/index.php?rest_route=\/wp\/v2\/posts\/114452","targetHints":{"allow":["GET"]}}],"collection":[{"href":"https:\/\/lospoliticosveracruz.com\/index.php?rest_route=\/wp\/v2\/posts"}],"about":[{"href":"https:\/\/lospoliticosveracruz.com\/index.php?rest_route=\/wp\/v2\/types\/post"}],"author":[{"embeddable":true,"href":"https:\/\/lospoliticosveracruz.com\/index.php?rest_route=\/wp\/v2\/users\/2"}],"replies":[{"embeddable":true,"href":"https:\/\/lospoliticosveracruz.com\/index.php?rest_route=%2Fwp%2Fv2%2Fcomments&post=114452"}],"version-history":[{"count":1,"href":"https:\/\/lospoliticosveracruz.com\/index.php?rest_route=\/wp\/v2\/posts\/114452\/revisions"}],"predecessor-version":[{"id":114454,"href":"https:\/\/lospoliticosveracruz.com\/index.php?rest_route=\/wp\/v2\/posts\/114452\/revisions\/114454"}],"wp:attachment":[{"href":"https:\/\/lospoliticosveracruz.com\/index.php?rest_route=%2Fwp%2Fv2%2Fmedia&parent=114452"}],"wp:term":[{"taxonomy":"category","embeddable":true,"href":"https:\/\/lospoliticosveracruz.com\/index.php?rest_route=%2Fwp%2Fv2%2Fcategories&post=114452"},{"taxonomy":"post_tag","embeddable":true,"href":"https:\/\/lospoliticosveracruz.com\/index.php?rest_route=%2Fwp%2Fv2%2Ftags&post=114452"}],"curies":[{"name":"wp","href":"https:\/\/api.w.org\/{rel}","templated":true}]}}