{"id":114486,"date":"2023-11-19T10:21:08","date_gmt":"2023-11-19T16:21:08","guid":{"rendered":"https:\/\/lospoliticosveracruz.com.mx\/?p=114486"},"modified":"2023-11-19T10:21:14","modified_gmt":"2023-11-19T16:21:14","slug":"el-miedo-si-anda-en-burro","status":"publish","type":"post","link":"https:\/\/lospoliticosveracruz.com\/?p=114486","title":{"rendered":"EL MIEDO S\u00cd ANDA EN BURRO\u2026"},"content":{"rendered":"\n<p><strong>Marcos Miranda Cogco<\/strong><br><em>Se los dije<\/em><\/p>\n\n\n\n<p>El estancamiento de Claudia Sheinbaum (no crece ya lleg\u00f3 a su m\u00e1ximo) y por el otro lado el crecimiento de X\u00f3chitl G\u00e1lvez tiene al inquilino de Palacio bien encabronado.<\/p>\n\n\n\n<p>Los analistas serios, se\u00f1alan que no hay una garant\u00eda de triunfo para Morena. Y es que aqu\u00ed se los he venido mencionando, la pol\u00edtica es de tiempo y circunstancia.<\/p>\n\n\n\n<p>El tiempo me dio la raz\u00f3n, no siempre el que se adelanta gana. Las marrullerias, el querer ser avilon, no le salieron como el quer\u00ed, para fortuna de nosotros que bien.<\/p>\n\n\n\n<p>Y ahora las circunstancias han cambiado. Lo tienen al borde de otro colapso m\u00e9dico. Sus m\u00e9dicos han ordenado menos viaje y m\u00e1s reposo pero no entiende.<\/p>\n\n\n\n<p>Su desesperaci\u00f3n y el peligro para \u00e9l, de que pierda y sus \u00abpolluelos\u00bb vayan al bote lo trae tan enfermo, el gran \u00abestratega pol\u00edtico\u00bb ha sacado sus cartas.<\/p>\n\n\n\n<p>1.- Se adelanto (y ni as\u00ed lleva delantera)<\/p>\n\n\n\n<p>2.- Presion\u00f3 a Samuel Garc\u00eda para que se inscribiera como canfidato a la presidencia y quitarle votos a X\u00f3chitl, Samuel no tiene garant\u00eda de triunfo.<\/p>\n\n\n\n<p>3.- Convenci\u00f3 a Marcelo Ebrard de no salirse de Morena, por que de hacerlo le quitar\u00eda votos a Claudia y no a X\u00f3chitl G\u00e1lvez Ruiz.<\/p>\n\n\n\n<p>5.- Esta dividiendo al PRI ahora por regiones, ya lo vimos en la CDMX, en Veracruz en Puebla, en Oaxaca y as\u00ed.<\/p>\n\n\n\n<p>Si de verdad estuviera tan seguro, pero bien seguro, \u00bfpor qu\u00e9 luego entonces hace todo eso, si va muuuy pero muuuy adelante. Patra\u00f1as no va adelante como \u00e9l dice.<\/p>\n\n\n\n<p>Lo que \u00e9l no dice es que a eso sumele que varios morenistas est\u00e1n bien encabronados porque los agarr\u00f3 de pendejos. Tambi\u00e9n est\u00e1n divididos.<\/p>\n\n\n\n<p>Hay divisi\u00f3n al interior de Morena en varios estados. Muchos no se van a salir de Morena pero van a votar en contra.<\/p>\n\n\n\n<p>El #VotoDeCastigo en contra de #Morena va creciendo como una bola de nieve, y aunque el diga que no, lo cierto es que cada d\u00eda hay muchos, pero muchos morenistas que votar\u00e1n en contra. Esa bola de nieve ya no la para el ni con el apoyo de sus amiguis los narcos.<\/p>\n\n\n\n<p>De ah\u00ed su desesperaci\u00f3n y el alto pero el alto riesgo de perder y que sus hijos vayan a la c\u00e1rcel es real, tan real que se ha evidenciado en sus estrategias.<\/p>\n\n\n\n<p>Hizo mucho da\u00f1o y nunca pens\u00f3 que su resentimiento venganza y corrupci\u00f3n se le fuera a revertir, hoy en este momento est\u00e1 \u00abas\u00ed: \ud83d\udc4c de perder y con un pie en la c\u00e1rcel, que \u00e9l por la edad la libra, pero sus hijos no.<\/p>\n\n\n\n<p>A \u00e9l solo le importan sus hijos sus c\u00f3mplices le vienen valiendo un cacahuete, de ah\u00ed su estrategia de lo evidenci\u00f3 como lo que siempre ha sido un marrullero, mentiroso agarra pendejos.<\/p>\n\n\n\n<p>Guerrero y su falta de inter\u00e9s por apoyar a quienes le dieron el voto, abandonando a TODO GUERRERO dejo ver su verdadero lado inhumano, es un miserable que solo le importa la pol\u00edtica y no el pueblo.<\/p>\n\n\n\n<p>El gran humanista es un ser miserable que abusa de la tragedia y cuando lo evidencian se quiere hacer el m\u00e1rtir, eso le funcionaba cuando era candidato, pero se le olvid\u00f3 que es el presidente.<\/p>\n\n\n\n<p>As\u00ed que #Morena no tiene garant\u00eda de triunfo, tiemblan. Est\u00e1n desesperados, har\u00e1n de todo por ganar, pero que no se les olvide que duermen con el enemigo, los inconformes al interior de Morena.<\/p>\n\n\n\n<p>Despu\u00e9s no digan que no se los dije<\/p>\n\n\n\n<h1 class=\"wp-block-heading\"><\/h1>\n","protected":false},"excerpt":{"rendered":"<p>Marcos Miranda CogcoSe los dije El estancamiento de Claudia Sheinbaum (no crece ya lleg\u00f3 a su m\u00e1ximo) y por el otro lado el crecimiento de X\u00f3chitl G\u00e1lvez tiene al inquilino de Palacio bien encabronado. Los analistas serios, se\u00f1alan que no hay una garant\u00eda de triunfo para Morena. Y es que aqu\u00ed se los he venido [&hellip;]<\/p>\n","protected":false},"author":2,"featured_media":0,"comment_status":"closed","ping_status":"closed","sticky":false,"template":"","format":"standard","meta":{"tdm_status":"","tdm_grid_status":"","footnotes":""},"categories":[70],"tags":[618,9627,1026,195],"class_list":{"0":"post-114486","1":"post","2":"type-post","3":"status-publish","4":"format-standard","6":"category-de-opinion","7":"tag-andres-manuel-lopez-obrador","8":"tag-claudia-sheinbaum","9":"tag-morena","10":"tag-veracruz"},"yoast_head":"<!-- This site is optimized with the Yoast SEO plugin v27.4 - https:\/\/yoast.com\/product\/yoast-seo-wordpress\/ -->\n<title>EL MIEDO S\u00cd ANDA EN BURRO\u2026 - Los pol\u00edticos Veracruz<\/title>\n<meta name=\"robots\" content=\"index, follow, max-snippet:-1, max-image-preview:large, max-video-preview:-1\" \/>\n<link rel=\"canonical\" href=\"https:\/\/lospoliticosveracruz.com\/?p=114486\" \/>\n<meta property=\"og:locale\" content=\"es_ES\" \/>\n<meta property=\"og:type\" content=\"article\" \/>\n<meta property=\"og:title\" content=\"EL MIEDO S\u00cd ANDA EN BURRO\u2026 - Los pol\u00edticos Veracruz\" \/>\n<meta property=\"og:description\" content=\"Marcos Miranda CogcoSe los dije El estancamiento de Claudia Sheinbaum (no crece ya lleg\u00f3 a su m\u00e1ximo) y por el otro lado el crecimiento de X\u00f3chitl G\u00e1lvez tiene al inquilino de Palacio bien encabronado. Los analistas serios, se\u00f1alan que no hay una garant\u00eda de triunfo para Morena. Y es que aqu\u00ed se los he venido [&hellip;]\" \/>\n<meta property=\"og:url\" content=\"https:\/\/lospoliticosveracruz.com\/?p=114486\" \/>\n<meta property=\"og:site_name\" content=\"Los pol\u00edticos Veracruz\" \/>\n<meta property=\"article:publisher\" content=\"https:\/\/www.facebook.com\/people\/Notimemes-de-los-Polticos\/61565672886568\/\" \/>\n<meta property=\"article:published_time\" content=\"2023-11-19T16:21:08+00:00\" \/>\n<meta property=\"article:modified_time\" content=\"2023-11-19T16:21:14+00:00\" \/>\n<meta property=\"og:image\" content=\"https:\/\/lospoliticosveracruz.com\/wp-content\/uploads\/2016\/07\/Logo-Dor.jpg\" \/>\n\t<meta property=\"og:image:width\" content=\"200\" \/>\n\t<meta property=\"og:image:height\" content=\"200\" \/>\n\t<meta property=\"og:image:type\" content=\"image\/jpeg\" \/>\n<meta name=\"author\" content=\"Lo viste en Los Pol\u00edticos\" \/>\n<meta name=\"twitter:card\" content=\"summary_large_image\" \/>\n<meta name=\"twitter:creator\" content=\"@LosPoliticosVer\" \/>\n<meta name=\"twitter:site\" content=\"@LosPoliticosVer\" \/>\n<meta name=\"twitter:label1\" content=\"Escrito por\" \/>\n\t<meta name=\"twitter:data1\" content=\"Lo viste en Los Pol\u00edticos\" \/>\n\t<meta name=\"twitter:label2\" content=\"Tiempo de lectura\" \/>\n\t<meta name=\"twitter:data2\" content=\"3 minutos\" \/>\n<script type=\"application\/ld+json\" class=\"yoast-schema-graph\">{\"@context\":\"https:\\\/\\\/schema.org\",\"@graph\":[{\"@type\":\"Article\",\"@id\":\"https:\\\/\\\/lospoliticosveracruz.com\\\/?p=114486#article\",\"isPartOf\":{\"@id\":\"https:\\\/\\\/lospoliticosveracruz.com\\\/?p=114486\"},\"author\":{\"name\":\"Lo viste en Los Pol\u00edticos\",\"@id\":\"https:\\\/\\\/lospoliticosveracruz.com\\\/#\\\/schema\\\/person\\\/b8702bb0e538456e6efd07080bf2a4a2\"},\"headline\":\"EL MIEDO S\u00cd ANDA EN BURRO\u2026\",\"datePublished\":\"2023-11-19T16:21:08+00:00\",\"dateModified\":\"2023-11-19T16:21:14+00:00\",\"mainEntityOfPage\":{\"@id\":\"https:\\\/\\\/lospoliticosveracruz.com\\\/?p=114486\"},\"wordCount\":621,\"publisher\":{\"@id\":\"https:\\\/\\\/lospoliticosveracruz.com\\\/#organization\"},\"keywords\":[\"Andr\u00e9s Manuel L\u00f3pez Obrador\",\"Claudia Sheinbaum\",\"Morena\",\"Veracruz\"],\"articleSection\":[\"De Opini\u00f3n\"],\"inLanguage\":\"es\"},{\"@type\":\"WebPage\",\"@id\":\"https:\\\/\\\/lospoliticosveracruz.com\\\/?p=114486\",\"url\":\"https:\\\/\\\/lospoliticosveracruz.com\\\/?p=114486\",\"name\":\"EL MIEDO S\u00cd ANDA EN BURRO\u2026 - Los pol\u00edticos Veracruz\",\"isPartOf\":{\"@id\":\"https:\\\/\\\/lospoliticosveracruz.com\\\/#website\"},\"datePublished\":\"2023-11-19T16:21:08+00:00\",\"dateModified\":\"2023-11-19T16:21:14+00:00\",\"breadcrumb\":{\"@id\":\"https:\\\/\\\/lospoliticosveracruz.com\\\/?p=114486#breadcrumb\"},\"inLanguage\":\"es\",\"potentialAction\":[{\"@type\":\"ReadAction\",\"target\":[\"https:\\\/\\\/lospoliticosveracruz.com\\\/?p=114486\"]}]},{\"@type\":\"BreadcrumbList\",\"@id\":\"https:\\\/\\\/lospoliticosveracruz.com\\\/?p=114486#breadcrumb\",\"itemListElement\":[{\"@type\":\"ListItem\",\"position\":1,\"name\":\"Portada\",\"item\":\"https:\\\/\\\/lospoliticosveracruz.com\\\/\"},{\"@type\":\"ListItem\",\"position\":2,\"name\":\"EL MIEDO S\u00cd ANDA EN BURRO\u2026\"}]},{\"@type\":\"WebSite\",\"@id\":\"https:\\\/\\\/lospoliticosveracruz.com\\\/#website\",\"url\":\"https:\\\/\\\/lospoliticosveracruz.com\\\/\",\"name\":\"Los pol\u00edticos Veracruz\",\"description\":\"\",\"publisher\":{\"@id\":\"https:\\\/\\\/lospoliticosveracruz.com\\\/#organization\"},\"potentialAction\":[{\"@type\":\"SearchAction\",\"target\":{\"@type\":\"EntryPoint\",\"urlTemplate\":\"https:\\\/\\\/lospoliticosveracruz.com\\\/?s={search_term_string}\"},\"query-input\":{\"@type\":\"PropertyValueSpecification\",\"valueRequired\":true,\"valueName\":\"search_term_string\"}}],\"inLanguage\":\"es\"},{\"@type\":\"Organization\",\"@id\":\"https:\\\/\\\/lospoliticosveracruz.com\\\/#organization\",\"name\":\"Los pol\u00edticos Veracruz\",\"url\":\"https:\\\/\\\/lospoliticosveracruz.com\\\/\",\"logo\":{\"@type\":\"ImageObject\",\"inLanguage\":\"es\",\"@id\":\"https:\\\/\\\/lospoliticosveracruz.com\\\/#\\\/schema\\\/logo\\\/image\\\/\",\"url\":\"https:\\\/\\\/lospoliticosveracruz.com\\\/wp-content\\\/uploads\\\/2025\\\/12\\\/Logo-Nuevo-LOS-POLITICOS-1.jpg\",\"contentUrl\":\"https:\\\/\\\/lospoliticosveracruz.com\\\/wp-content\\\/uploads\\\/2025\\\/12\\\/Logo-Nuevo-LOS-POLITICOS-1.jpg\",\"width\":260,\"height\":70,\"caption\":\"Los pol\u00edticos Veracruz\"},\"image\":{\"@id\":\"https:\\\/\\\/lospoliticosveracruz.com\\\/#\\\/schema\\\/logo\\\/image\\\/\"},\"sameAs\":[\"https:\\\/\\\/www.facebook.com\\\/people\\\/Notimemes-de-los-Polticos\\\/61565672886568\\\/\",\"https:\\\/\\\/x.com\\\/LosPoliticosVer\"]},{\"@type\":\"Person\",\"@id\":\"https:\\\/\\\/lospoliticosveracruz.com\\\/#\\\/schema\\\/person\\\/b8702bb0e538456e6efd07080bf2a4a2\",\"name\":\"Lo viste en Los Pol\u00edticos\",\"image\":{\"@type\":\"ImageObject\",\"inLanguage\":\"es\",\"@id\":\"https:\\\/\\\/secure.gravatar.com\\\/avatar\\\/3a8de04a2656d44082be478bd6c086daa447c4651605818287b9532d3d0bd435?s=96&d=mm&r=g\",\"url\":\"https:\\\/\\\/secure.gravatar.com\\\/avatar\\\/3a8de04a2656d44082be478bd6c086daa447c4651605818287b9532d3d0bd435?s=96&d=mm&r=g\",\"contentUrl\":\"https:\\\/\\\/secure.gravatar.com\\\/avatar\\\/3a8de04a2656d44082be478bd6c086daa447c4651605818287b9532d3d0bd435?s=96&d=mm&r=g\",\"caption\":\"Lo viste en Los Pol\u00edticos\"},\"url\":\"https:\\\/\\\/lospoliticosveracruz.com\\\/?author=2\"}]}<\/script>\n<!-- \/ Yoast SEO plugin. -->","yoast_head_json":{"title":"EL MIEDO S\u00cd ANDA EN BURRO\u2026 - Los pol\u00edticos Veracruz","robots":{"index":"index","follow":"follow","max-snippet":"max-snippet:-1","max-image-preview":"max-image-preview:large","max-video-preview":"max-video-preview:-1"},"canonical":"https:\/\/lospoliticosveracruz.com\/?p=114486","og_locale":"es_ES","og_type":"article","og_title":"EL MIEDO S\u00cd ANDA EN BURRO\u2026 - Los pol\u00edticos Veracruz","og_description":"Marcos Miranda CogcoSe los dije El estancamiento de Claudia Sheinbaum (no crece ya lleg\u00f3 a su m\u00e1ximo) y por el otro lado el crecimiento de X\u00f3chitl G\u00e1lvez tiene al inquilino de Palacio bien encabronado. Los analistas serios, se\u00f1alan que no hay una garant\u00eda de triunfo para Morena. Y es que aqu\u00ed se los he venido [&hellip;]","og_url":"https:\/\/lospoliticosveracruz.com\/?p=114486","og_site_name":"Los pol\u00edticos Veracruz","article_publisher":"https:\/\/www.facebook.com\/people\/Notimemes-de-los-Polticos\/61565672886568\/","article_published_time":"2023-11-19T16:21:08+00:00","article_modified_time":"2023-11-19T16:21:14+00:00","og_image":[{"width":200,"height":200,"url":"https:\/\/lospoliticosveracruz.com\/wp-content\/uploads\/2016\/07\/Logo-Dor.jpg","type":"image\/jpeg"}],"author":"Lo viste en Los Pol\u00edticos","twitter_card":"summary_large_image","twitter_creator":"@LosPoliticosVer","twitter_site":"@LosPoliticosVer","twitter_misc":{"Escrito por":"Lo viste en Los Pol\u00edticos","Tiempo de lectura":"3 minutos"},"schema":{"@context":"https:\/\/schema.org","@graph":[{"@type":"Article","@id":"https:\/\/lospoliticosveracruz.com\/?p=114486#article","isPartOf":{"@id":"https:\/\/lospoliticosveracruz.com\/?p=114486"},"author":{"name":"Lo viste en Los Pol\u00edticos","@id":"https:\/\/lospoliticosveracruz.com\/#\/schema\/person\/b8702bb0e538456e6efd07080bf2a4a2"},"headline":"EL MIEDO S\u00cd ANDA EN BURRO\u2026","datePublished":"2023-11-19T16:21:08+00:00","dateModified":"2023-11-19T16:21:14+00:00","mainEntityOfPage":{"@id":"https:\/\/lospoliticosveracruz.com\/?p=114486"},"wordCount":621,"publisher":{"@id":"https:\/\/lospoliticosveracruz.com\/#organization"},"keywords":["Andr\u00e9s Manuel L\u00f3pez Obrador","Claudia Sheinbaum","Morena","Veracruz"],"articleSection":["De Opini\u00f3n"],"inLanguage":"es"},{"@type":"WebPage","@id":"https:\/\/lospoliticosveracruz.com\/?p=114486","url":"https:\/\/lospoliticosveracruz.com\/?p=114486","name":"EL MIEDO S\u00cd ANDA EN BURRO\u2026 - Los pol\u00edticos Veracruz","isPartOf":{"@id":"https:\/\/lospoliticosveracruz.com\/#website"},"datePublished":"2023-11-19T16:21:08+00:00","dateModified":"2023-11-19T16:21:14+00:00","breadcrumb":{"@id":"https:\/\/lospoliticosveracruz.com\/?p=114486#breadcrumb"},"inLanguage":"es","potentialAction":[{"@type":"ReadAction","target":["https:\/\/lospoliticosveracruz.com\/?p=114486"]}]},{"@type":"BreadcrumbList","@id":"https:\/\/lospoliticosveracruz.com\/?p=114486#breadcrumb","itemListElement":[{"@type":"ListItem","position":1,"name":"Portada","item":"https:\/\/lospoliticosveracruz.com\/"},{"@type":"ListItem","position":2,"name":"EL MIEDO S\u00cd ANDA EN BURRO\u2026"}]},{"@type":"WebSite","@id":"https:\/\/lospoliticosveracruz.com\/#website","url":"https:\/\/lospoliticosveracruz.com\/","name":"Los pol\u00edticos Veracruz","description":"","publisher":{"@id":"https:\/\/lospoliticosveracruz.com\/#organization"},"potentialAction":[{"@type":"SearchAction","target":{"@type":"EntryPoint","urlTemplate":"https:\/\/lospoliticosveracruz.com\/?s={search_term_string}"},"query-input":{"@type":"PropertyValueSpecification","valueRequired":true,"valueName":"search_term_string"}}],"inLanguage":"es"},{"@type":"Organization","@id":"https:\/\/lospoliticosveracruz.com\/#organization","name":"Los pol\u00edticos Veracruz","url":"https:\/\/lospoliticosveracruz.com\/","logo":{"@type":"ImageObject","inLanguage":"es","@id":"https:\/\/lospoliticosveracruz.com\/#\/schema\/logo\/image\/","url":"https:\/\/lospoliticosveracruz.com\/wp-content\/uploads\/2025\/12\/Logo-Nuevo-LOS-POLITICOS-1.jpg","contentUrl":"https:\/\/lospoliticosveracruz.com\/wp-content\/uploads\/2025\/12\/Logo-Nuevo-LOS-POLITICOS-1.jpg","width":260,"height":70,"caption":"Los pol\u00edticos Veracruz"},"image":{"@id":"https:\/\/lospoliticosveracruz.com\/#\/schema\/logo\/image\/"},"sameAs":["https:\/\/www.facebook.com\/people\/Notimemes-de-los-Polticos\/61565672886568\/","https:\/\/x.com\/LosPoliticosVer"]},{"@type":"Person","@id":"https:\/\/lospoliticosveracruz.com\/#\/schema\/person\/b8702bb0e538456e6efd07080bf2a4a2","name":"Lo viste en Los Pol\u00edticos","image":{"@type":"ImageObject","inLanguage":"es","@id":"https:\/\/secure.gravatar.com\/avatar\/3a8de04a2656d44082be478bd6c086daa447c4651605818287b9532d3d0bd435?s=96&d=mm&r=g","url":"https:\/\/secure.gravatar.com\/avatar\/3a8de04a2656d44082be478bd6c086daa447c4651605818287b9532d3d0bd435?s=96&d=mm&r=g","contentUrl":"https:\/\/secure.gravatar.com\/avatar\/3a8de04a2656d44082be478bd6c086daa447c4651605818287b9532d3d0bd435?s=96&d=mm&r=g","caption":"Lo viste en Los Pol\u00edticos"},"url":"https:\/\/lospoliticosveracruz.com\/?author=2"}]}},"_links":{"self":[{"href":"https:\/\/lospoliticosveracruz.com\/index.php?rest_route=\/wp\/v2\/posts\/114486","targetHints":{"allow":["GET"]}}],"collection":[{"href":"https:\/\/lospoliticosveracruz.com\/index.php?rest_route=\/wp\/v2\/posts"}],"about":[{"href":"https:\/\/lospoliticosveracruz.com\/index.php?rest_route=\/wp\/v2\/types\/post"}],"author":[{"embeddable":true,"href":"https:\/\/lospoliticosveracruz.com\/index.php?rest_route=\/wp\/v2\/users\/2"}],"replies":[{"embeddable":true,"href":"https:\/\/lospoliticosveracruz.com\/index.php?rest_route=%2Fwp%2Fv2%2Fcomments&post=114486"}],"version-history":[{"count":1,"href":"https:\/\/lospoliticosveracruz.com\/index.php?rest_route=\/wp\/v2\/posts\/114486\/revisions"}],"predecessor-version":[{"id":114488,"href":"https:\/\/lospoliticosveracruz.com\/index.php?rest_route=\/wp\/v2\/posts\/114486\/revisions\/114488"}],"wp:attachment":[{"href":"https:\/\/lospoliticosveracruz.com\/index.php?rest_route=%2Fwp%2Fv2%2Fmedia&parent=114486"}],"wp:term":[{"taxonomy":"category","embeddable":true,"href":"https:\/\/lospoliticosveracruz.com\/index.php?rest_route=%2Fwp%2Fv2%2Fcategories&post=114486"},{"taxonomy":"post_tag","embeddable":true,"href":"https:\/\/lospoliticosveracruz.com\/index.php?rest_route=%2Fwp%2Fv2%2Ftags&post=114486"}],"curies":[{"name":"wp","href":"https:\/\/api.w.org\/{rel}","templated":true}]}}