{"id":114489,"date":"2023-11-19T15:35:26","date_gmt":"2023-11-19T21:35:26","guid":{"rendered":"https:\/\/lospoliticosveracruz.com.mx\/?p=114489"},"modified":"2023-11-19T15:35:31","modified_gmt":"2023-11-19T21:35:31","slug":"historias-de-vida","status":"publish","type":"post","link":"https:\/\/lospoliticosveracruz.com\/?p=114489","title":{"rendered":"HISTORIAS DE VIDA!"},"content":{"rendered":"\n<p>Tres nuevas integrantes, tres guerreras m\u00e1s a Juntas Venciendo el C\u00e1ncer, tres historias, pero un solo deseo: vivir, y una forma de hacerlo, aun con esta terrible enfermedad a cuestas, es enfrent\u00e1ndola y el primer combate se da, dando un sentido a este mal teniendo al lado a la familia\u2026<\/p>\n\n\n\n<p>As\u00ed es como empez\u00f3 la reuni\u00f3n del Grupo Juvecan Coatepec, este pasado s\u00e1bado, con el tema \u201cHistorias de Vida\u201d, donde las protagonistas fueron Lucy y las tocayas Rosy, quienes con su presentaci\u00f3n, dan su testimonio:<\/p>\n\n\n\n<p>Lucy, con 55 a\u00f1os, cuenta que su problema empez\u00f3 en agosto del a\u00f1o en curso, con una \u201cbolita\u201d en la axila derecha, acompa\u00f1ada de adormecimiento del brazo. Al principio&nbsp; creyeron en su casa que se trataba de un lipoma (tumor de grasa)&nbsp; pero a trav\u00e9s de los estudios de ultrasonido y mastograf\u00eda, se revel\u00f3 la compatibilidad con c\u00e1ncer de mama.<\/p>\n\n\n\n<p>Cuenta que fueron tantos eventos en tan corto tiempo, \u201cque no he tenido tiempo de asimilarlo y no he podido llorar\u2026 en un principio sent\u00ed una especie de dolor que no supe c\u00f3mo externarlo\u201d. Se preguntaba \u201c\u00bfPor qu\u00e9 me sucedi\u00f3 esto? Me siento como si no estuviera yo aqu\u00ed\u201d.<\/p>\n\n\n\n<p>Precisa Lucy que su tumor es muy grande y agresivo con met\u00e1stasis.&nbsp;<\/p>\n\n\n\n<p>Dentro de las cosas buenas que ha experimentado, es el&nbsp; hecho de haber provocado una red enorme de apoyo de personas que ella no sab\u00eda que estaban ah\u00ed, para animarla y ayudarla en todos sentidos.<\/p>\n\n\n\n<p>Rosy T, de 43 a\u00f1os de edad, tiene un hijo de 7 a\u00f1os. En 2022, despu\u00e9s de haber tenido un aborto, acudi\u00f3 a una bendita campa\u00f1a de mastograf\u00edas en donde le diagnosticaron probable c\u00e1ncer de mama. Tras una biopsia, se confirm\u00f3 el diagn\u00f3stico. Recibi\u00f3 ocho quimioterapias, cirug\u00eda y posteriormente radioterapia. Actualmente toma tamoxifeno, medicamento que se emplea como terapia complementaria para el c\u00e1ncer de mama. Se utiliza durante un periodo de 5 a\u00f1os tras finalizar la cirug\u00eda y quimioterapia y ha demostrado en diferentes estudios que disminuye considerablemente la probabilidad de que se produzca una reincidencia del tumor.<\/p>\n\n\n\n<p>Su mayor preocupaci\u00f3n es que le regrese el c\u00e1ncer y d\u00f3nde lo tendr\u00eda esta vez.<\/p>\n\n\n\n<p>Rosy R., con 55 a\u00f1os de edad, tiene un hijo de 15 a\u00f1os. A ella le diagnosticaron c\u00e1ncer de mama izquierdo en marzo de este a\u00f1o. Por el tama\u00f1o, le aplicaron primero ocho quimioterapias para reducir el tumor y le hicieron mastectom\u00eda el pasado 10 de septiembre;&nbsp; pr\u00f3ximamente recibir\u00e1 la radioterapia. No levanta&nbsp; bien el brazo del lado operado, por lo que sus compa\u00f1eras de Juvecan la enviaron de inmediato con la fisioterapeuta Gaby Arag\u00f3n, quien le indic\u00f3 una serie de ejercicios para que est\u00e9 en condiciones de continuar con su tratamiento.<\/p>\n\n\n\n<p>Cuenta Rosy R. que \u201cal principio no llor\u00e9 ni tuve miedo\u201d, que s\u00f3lo se encuentra ansiosa por el tratamiento que le falta. Piensa que ella es lo m\u00e1s importante en esta lucha para poder estar bien para ella misma y su familia.<\/p>\n\n\n\n<p>Con la intervenci\u00f3n de las Tanat\u00f3logas y Psic\u00f3loga as\u00ed como de las integrantes de Juvecan, se les habla sobre las Emociones que tienen que externarse y no guard\u00e1rselas, porque hacen da\u00f1o;&nbsp; asimismo se les explica que hay que darle un sentido a la enfermedad, no olvidando el papel que juega la familia que sufre junto con ellas.<\/p>\n\n\n\n<p>Despu\u00e9s de muchas muestras de cari\u00f1o para apoyar a las nuevas integrantes y de tratar de resolver sus dudas, las despiden con el sentimiento de haberlas guiado unos pasos m\u00e1s en este proceso llamado C\u00e1ncer.<\/p>\n","protected":false},"excerpt":{"rendered":"<p>Tres nuevas integrantes, tres guerreras m\u00e1s a Juntas Venciendo el C\u00e1ncer, tres historias, pero un solo deseo: vivir, y una forma de hacerlo, aun con esta terrible enfermedad a cuestas, es enfrent\u00e1ndola y el primer combate se da, dando un sentido a este mal teniendo al lado a la familia\u2026 As\u00ed es como empez\u00f3 la [&hellip;]<\/p>\n","protected":false},"author":2,"featured_media":0,"comment_status":"closed","ping_status":"closed","sticky":false,"template":"","format":"standard","meta":{"tdm_status":"","tdm_grid_status":"","footnotes":""},"categories":[72],"tags":[4884,9325,9030],"class_list":{"0":"post-114489","1":"post","2":"type-post","3":"status-publish","4":"format-standard","6":"category-palomazos","7":"tag-cancer-de-mama","8":"tag-juntas-venciendo-al-cancer","9":"tag-juvecan-coatepec"},"yoast_head":"<!-- This site is optimized with the Yoast SEO plugin v27.4 - https:\/\/yoast.com\/product\/yoast-seo-wordpress\/ -->\n<title>HISTORIAS DE VIDA! - Los pol\u00edticos Veracruz<\/title>\n<meta name=\"robots\" content=\"index, follow, max-snippet:-1, max-image-preview:large, max-video-preview:-1\" \/>\n<link rel=\"canonical\" href=\"https:\/\/lospoliticosveracruz.com\/?p=114489\" \/>\n<meta property=\"og:locale\" content=\"es_ES\" \/>\n<meta property=\"og:type\" content=\"article\" \/>\n<meta property=\"og:title\" content=\"HISTORIAS DE VIDA! - Los pol\u00edticos Veracruz\" \/>\n<meta property=\"og:description\" content=\"Tres nuevas integrantes, tres guerreras m\u00e1s a Juntas Venciendo el C\u00e1ncer, tres historias, pero un solo deseo: vivir, y una forma de hacerlo, aun con esta terrible enfermedad a cuestas, es enfrent\u00e1ndola y el primer combate se da, dando un sentido a este mal teniendo al lado a la familia\u2026 As\u00ed es como empez\u00f3 la [&hellip;]\" \/>\n<meta property=\"og:url\" content=\"https:\/\/lospoliticosveracruz.com\/?p=114489\" \/>\n<meta property=\"og:site_name\" content=\"Los pol\u00edticos Veracruz\" \/>\n<meta property=\"article:publisher\" content=\"https:\/\/www.facebook.com\/people\/Notimemes-de-los-Polticos\/61565672886568\/\" \/>\n<meta property=\"article:published_time\" content=\"2023-11-19T21:35:26+00:00\" \/>\n<meta property=\"article:modified_time\" content=\"2023-11-19T21:35:31+00:00\" \/>\n<meta property=\"og:image\" content=\"https:\/\/lospoliticosveracruz.com\/wp-content\/uploads\/2016\/07\/Logo-Dor.jpg\" \/>\n\t<meta property=\"og:image:width\" content=\"200\" \/>\n\t<meta property=\"og:image:height\" content=\"200\" \/>\n\t<meta property=\"og:image:type\" content=\"image\/jpeg\" \/>\n<meta name=\"author\" content=\"Lo viste en Los Pol\u00edticos\" \/>\n<meta name=\"twitter:card\" content=\"summary_large_image\" \/>\n<meta name=\"twitter:creator\" content=\"@LosPoliticosVer\" \/>\n<meta name=\"twitter:site\" content=\"@LosPoliticosVer\" \/>\n<meta name=\"twitter:label1\" content=\"Escrito por\" \/>\n\t<meta name=\"twitter:data1\" content=\"Lo viste en Los Pol\u00edticos\" \/>\n\t<meta name=\"twitter:label2\" content=\"Tiempo de lectura\" \/>\n\t<meta name=\"twitter:data2\" content=\"3 minutos\" \/>\n<script type=\"application\/ld+json\" class=\"yoast-schema-graph\">{\"@context\":\"https:\\\/\\\/schema.org\",\"@graph\":[{\"@type\":\"Article\",\"@id\":\"https:\\\/\\\/lospoliticosveracruz.com\\\/?p=114489#article\",\"isPartOf\":{\"@id\":\"https:\\\/\\\/lospoliticosveracruz.com\\\/?p=114489\"},\"author\":{\"name\":\"Lo viste en Los Pol\u00edticos\",\"@id\":\"https:\\\/\\\/lospoliticosveracruz.com\\\/#\\\/schema\\\/person\\\/b8702bb0e538456e6efd07080bf2a4a2\"},\"headline\":\"HISTORIAS DE VIDA!\",\"datePublished\":\"2023-11-19T21:35:26+00:00\",\"dateModified\":\"2023-11-19T21:35:31+00:00\",\"mainEntityOfPage\":{\"@id\":\"https:\\\/\\\/lospoliticosveracruz.com\\\/?p=114489\"},\"wordCount\":632,\"publisher\":{\"@id\":\"https:\\\/\\\/lospoliticosveracruz.com\\\/#organization\"},\"keywords\":[\"c\u00e1ncer de mama\",\"Juntas Venciendo al C\u00e1ncer\",\"Juvecan Coatepec\"],\"articleSection\":[\"Palomazos\"],\"inLanguage\":\"es\"},{\"@type\":\"WebPage\",\"@id\":\"https:\\\/\\\/lospoliticosveracruz.com\\\/?p=114489\",\"url\":\"https:\\\/\\\/lospoliticosveracruz.com\\\/?p=114489\",\"name\":\"HISTORIAS DE VIDA! - Los pol\u00edticos Veracruz\",\"isPartOf\":{\"@id\":\"https:\\\/\\\/lospoliticosveracruz.com\\\/#website\"},\"datePublished\":\"2023-11-19T21:35:26+00:00\",\"dateModified\":\"2023-11-19T21:35:31+00:00\",\"breadcrumb\":{\"@id\":\"https:\\\/\\\/lospoliticosveracruz.com\\\/?p=114489#breadcrumb\"},\"inLanguage\":\"es\",\"potentialAction\":[{\"@type\":\"ReadAction\",\"target\":[\"https:\\\/\\\/lospoliticosveracruz.com\\\/?p=114489\"]}]},{\"@type\":\"BreadcrumbList\",\"@id\":\"https:\\\/\\\/lospoliticosveracruz.com\\\/?p=114489#breadcrumb\",\"itemListElement\":[{\"@type\":\"ListItem\",\"position\":1,\"name\":\"Portada\",\"item\":\"https:\\\/\\\/lospoliticosveracruz.com\\\/\"},{\"@type\":\"ListItem\",\"position\":2,\"name\":\"HISTORIAS DE VIDA!\"}]},{\"@type\":\"WebSite\",\"@id\":\"https:\\\/\\\/lospoliticosveracruz.com\\\/#website\",\"url\":\"https:\\\/\\\/lospoliticosveracruz.com\\\/\",\"name\":\"Los pol\u00edticos Veracruz\",\"description\":\"\",\"publisher\":{\"@id\":\"https:\\\/\\\/lospoliticosveracruz.com\\\/#organization\"},\"potentialAction\":[{\"@type\":\"SearchAction\",\"target\":{\"@type\":\"EntryPoint\",\"urlTemplate\":\"https:\\\/\\\/lospoliticosveracruz.com\\\/?s={search_term_string}\"},\"query-input\":{\"@type\":\"PropertyValueSpecification\",\"valueRequired\":true,\"valueName\":\"search_term_string\"}}],\"inLanguage\":\"es\"},{\"@type\":\"Organization\",\"@id\":\"https:\\\/\\\/lospoliticosveracruz.com\\\/#organization\",\"name\":\"Los pol\u00edticos Veracruz\",\"url\":\"https:\\\/\\\/lospoliticosveracruz.com\\\/\",\"logo\":{\"@type\":\"ImageObject\",\"inLanguage\":\"es\",\"@id\":\"https:\\\/\\\/lospoliticosveracruz.com\\\/#\\\/schema\\\/logo\\\/image\\\/\",\"url\":\"https:\\\/\\\/lospoliticosveracruz.com\\\/wp-content\\\/uploads\\\/2025\\\/12\\\/Logo-Nuevo-LOS-POLITICOS-1.jpg\",\"contentUrl\":\"https:\\\/\\\/lospoliticosveracruz.com\\\/wp-content\\\/uploads\\\/2025\\\/12\\\/Logo-Nuevo-LOS-POLITICOS-1.jpg\",\"width\":260,\"height\":70,\"caption\":\"Los pol\u00edticos Veracruz\"},\"image\":{\"@id\":\"https:\\\/\\\/lospoliticosveracruz.com\\\/#\\\/schema\\\/logo\\\/image\\\/\"},\"sameAs\":[\"https:\\\/\\\/www.facebook.com\\\/people\\\/Notimemes-de-los-Polticos\\\/61565672886568\\\/\",\"https:\\\/\\\/x.com\\\/LosPoliticosVer\"]},{\"@type\":\"Person\",\"@id\":\"https:\\\/\\\/lospoliticosveracruz.com\\\/#\\\/schema\\\/person\\\/b8702bb0e538456e6efd07080bf2a4a2\",\"name\":\"Lo viste en Los Pol\u00edticos\",\"image\":{\"@type\":\"ImageObject\",\"inLanguage\":\"es\",\"@id\":\"https:\\\/\\\/secure.gravatar.com\\\/avatar\\\/3a8de04a2656d44082be478bd6c086daa447c4651605818287b9532d3d0bd435?s=96&d=mm&r=g\",\"url\":\"https:\\\/\\\/secure.gravatar.com\\\/avatar\\\/3a8de04a2656d44082be478bd6c086daa447c4651605818287b9532d3d0bd435?s=96&d=mm&r=g\",\"contentUrl\":\"https:\\\/\\\/secure.gravatar.com\\\/avatar\\\/3a8de04a2656d44082be478bd6c086daa447c4651605818287b9532d3d0bd435?s=96&d=mm&r=g\",\"caption\":\"Lo viste en Los Pol\u00edticos\"},\"url\":\"https:\\\/\\\/lospoliticosveracruz.com\\\/?author=2\"}]}<\/script>\n<!-- \/ Yoast SEO plugin. -->","yoast_head_json":{"title":"HISTORIAS DE VIDA! - Los pol\u00edticos Veracruz","robots":{"index":"index","follow":"follow","max-snippet":"max-snippet:-1","max-image-preview":"max-image-preview:large","max-video-preview":"max-video-preview:-1"},"canonical":"https:\/\/lospoliticosveracruz.com\/?p=114489","og_locale":"es_ES","og_type":"article","og_title":"HISTORIAS DE VIDA! - Los pol\u00edticos Veracruz","og_description":"Tres nuevas integrantes, tres guerreras m\u00e1s a Juntas Venciendo el C\u00e1ncer, tres historias, pero un solo deseo: vivir, y una forma de hacerlo, aun con esta terrible enfermedad a cuestas, es enfrent\u00e1ndola y el primer combate se da, dando un sentido a este mal teniendo al lado a la familia\u2026 As\u00ed es como empez\u00f3 la [&hellip;]","og_url":"https:\/\/lospoliticosveracruz.com\/?p=114489","og_site_name":"Los pol\u00edticos Veracruz","article_publisher":"https:\/\/www.facebook.com\/people\/Notimemes-de-los-Polticos\/61565672886568\/","article_published_time":"2023-11-19T21:35:26+00:00","article_modified_time":"2023-11-19T21:35:31+00:00","og_image":[{"width":200,"height":200,"url":"https:\/\/lospoliticosveracruz.com\/wp-content\/uploads\/2016\/07\/Logo-Dor.jpg","type":"image\/jpeg"}],"author":"Lo viste en Los Pol\u00edticos","twitter_card":"summary_large_image","twitter_creator":"@LosPoliticosVer","twitter_site":"@LosPoliticosVer","twitter_misc":{"Escrito por":"Lo viste en Los Pol\u00edticos","Tiempo de lectura":"3 minutos"},"schema":{"@context":"https:\/\/schema.org","@graph":[{"@type":"Article","@id":"https:\/\/lospoliticosveracruz.com\/?p=114489#article","isPartOf":{"@id":"https:\/\/lospoliticosveracruz.com\/?p=114489"},"author":{"name":"Lo viste en Los Pol\u00edticos","@id":"https:\/\/lospoliticosveracruz.com\/#\/schema\/person\/b8702bb0e538456e6efd07080bf2a4a2"},"headline":"HISTORIAS DE VIDA!","datePublished":"2023-11-19T21:35:26+00:00","dateModified":"2023-11-19T21:35:31+00:00","mainEntityOfPage":{"@id":"https:\/\/lospoliticosveracruz.com\/?p=114489"},"wordCount":632,"publisher":{"@id":"https:\/\/lospoliticosveracruz.com\/#organization"},"keywords":["c\u00e1ncer de mama","Juntas Venciendo al C\u00e1ncer","Juvecan Coatepec"],"articleSection":["Palomazos"],"inLanguage":"es"},{"@type":"WebPage","@id":"https:\/\/lospoliticosveracruz.com\/?p=114489","url":"https:\/\/lospoliticosveracruz.com\/?p=114489","name":"HISTORIAS DE VIDA! - Los pol\u00edticos Veracruz","isPartOf":{"@id":"https:\/\/lospoliticosveracruz.com\/#website"},"datePublished":"2023-11-19T21:35:26+00:00","dateModified":"2023-11-19T21:35:31+00:00","breadcrumb":{"@id":"https:\/\/lospoliticosveracruz.com\/?p=114489#breadcrumb"},"inLanguage":"es","potentialAction":[{"@type":"ReadAction","target":["https:\/\/lospoliticosveracruz.com\/?p=114489"]}]},{"@type":"BreadcrumbList","@id":"https:\/\/lospoliticosveracruz.com\/?p=114489#breadcrumb","itemListElement":[{"@type":"ListItem","position":1,"name":"Portada","item":"https:\/\/lospoliticosveracruz.com\/"},{"@type":"ListItem","position":2,"name":"HISTORIAS DE VIDA!"}]},{"@type":"WebSite","@id":"https:\/\/lospoliticosveracruz.com\/#website","url":"https:\/\/lospoliticosveracruz.com\/","name":"Los pol\u00edticos Veracruz","description":"","publisher":{"@id":"https:\/\/lospoliticosveracruz.com\/#organization"},"potentialAction":[{"@type":"SearchAction","target":{"@type":"EntryPoint","urlTemplate":"https:\/\/lospoliticosveracruz.com\/?s={search_term_string}"},"query-input":{"@type":"PropertyValueSpecification","valueRequired":true,"valueName":"search_term_string"}}],"inLanguage":"es"},{"@type":"Organization","@id":"https:\/\/lospoliticosveracruz.com\/#organization","name":"Los pol\u00edticos Veracruz","url":"https:\/\/lospoliticosveracruz.com\/","logo":{"@type":"ImageObject","inLanguage":"es","@id":"https:\/\/lospoliticosveracruz.com\/#\/schema\/logo\/image\/","url":"https:\/\/lospoliticosveracruz.com\/wp-content\/uploads\/2025\/12\/Logo-Nuevo-LOS-POLITICOS-1.jpg","contentUrl":"https:\/\/lospoliticosveracruz.com\/wp-content\/uploads\/2025\/12\/Logo-Nuevo-LOS-POLITICOS-1.jpg","width":260,"height":70,"caption":"Los pol\u00edticos Veracruz"},"image":{"@id":"https:\/\/lospoliticosveracruz.com\/#\/schema\/logo\/image\/"},"sameAs":["https:\/\/www.facebook.com\/people\/Notimemes-de-los-Polticos\/61565672886568\/","https:\/\/x.com\/LosPoliticosVer"]},{"@type":"Person","@id":"https:\/\/lospoliticosveracruz.com\/#\/schema\/person\/b8702bb0e538456e6efd07080bf2a4a2","name":"Lo viste en Los Pol\u00edticos","image":{"@type":"ImageObject","inLanguage":"es","@id":"https:\/\/secure.gravatar.com\/avatar\/3a8de04a2656d44082be478bd6c086daa447c4651605818287b9532d3d0bd435?s=96&d=mm&r=g","url":"https:\/\/secure.gravatar.com\/avatar\/3a8de04a2656d44082be478bd6c086daa447c4651605818287b9532d3d0bd435?s=96&d=mm&r=g","contentUrl":"https:\/\/secure.gravatar.com\/avatar\/3a8de04a2656d44082be478bd6c086daa447c4651605818287b9532d3d0bd435?s=96&d=mm&r=g","caption":"Lo viste en Los Pol\u00edticos"},"url":"https:\/\/lospoliticosveracruz.com\/?author=2"}]}},"_links":{"self":[{"href":"https:\/\/lospoliticosveracruz.com\/index.php?rest_route=\/wp\/v2\/posts\/114489","targetHints":{"allow":["GET"]}}],"collection":[{"href":"https:\/\/lospoliticosveracruz.com\/index.php?rest_route=\/wp\/v2\/posts"}],"about":[{"href":"https:\/\/lospoliticosveracruz.com\/index.php?rest_route=\/wp\/v2\/types\/post"}],"author":[{"embeddable":true,"href":"https:\/\/lospoliticosveracruz.com\/index.php?rest_route=\/wp\/v2\/users\/2"}],"replies":[{"embeddable":true,"href":"https:\/\/lospoliticosveracruz.com\/index.php?rest_route=%2Fwp%2Fv2%2Fcomments&post=114489"}],"version-history":[{"count":1,"href":"https:\/\/lospoliticosveracruz.com\/index.php?rest_route=\/wp\/v2\/posts\/114489\/revisions"}],"predecessor-version":[{"id":114491,"href":"https:\/\/lospoliticosveracruz.com\/index.php?rest_route=\/wp\/v2\/posts\/114489\/revisions\/114491"}],"wp:attachment":[{"href":"https:\/\/lospoliticosveracruz.com\/index.php?rest_route=%2Fwp%2Fv2%2Fmedia&parent=114489"}],"wp:term":[{"taxonomy":"category","embeddable":true,"href":"https:\/\/lospoliticosveracruz.com\/index.php?rest_route=%2Fwp%2Fv2%2Fcategories&post=114489"},{"taxonomy":"post_tag","embeddable":true,"href":"https:\/\/lospoliticosveracruz.com\/index.php?rest_route=%2Fwp%2Fv2%2Ftags&post=114489"}],"curies":[{"name":"wp","href":"https:\/\/api.w.org\/{rel}","templated":true}]}}