{"id":114518,"date":"2023-11-20T09:17:37","date_gmt":"2023-11-20T15:17:37","guid":{"rendered":"https:\/\/lospoliticosveracruz.com.mx\/?p=114518"},"modified":"2023-11-20T09:17:44","modified_gmt":"2023-11-20T15:17:44","slug":"pri-no-es-cosa-solo-de-2","status":"publish","type":"post","link":"https:\/\/lospoliticosveracruz.com\/?p=114518","title":{"rendered":"PRI, NO ES COSA SOLO DE 2"},"content":{"rendered":"\n<p><strong>Vicente Luna Hern\u00e1ndez<\/strong><\/p>\n\n\n\n<p><strong><br><\/strong>El presidente del CEN Alejandro Moreno C\u00e1rdenas se reuni\u00f3 con los 6 aspirantes a la gubernatura, &#8211; Anil\u00fa Ingram, Lorena Pi\u00f1\u00f3n, Marlon Ram\u00edrez, Cirilo V\u00e1zquez, H\u00e9ctor Yunes y Pepe Yunes &#8211; seguro que todos tienen algo que aportar a los intereses del partido, no se trata de minimizar a nadie ni de exaltar las virtudes de alguien en especial, lo cierto es que su trayectoria pol\u00edtica y en el servicio p\u00fablico son ampliamente conocidas, el PRI tiene cartas para lograr que un militante priista logre ser el abanderado del Frente Amplio por Veracruz pero cerrar filas en torno a quien logre ser la propuesta es el primer reto que deben sortear, \u00bf querr\u00e1n ganar el gobierno o querr\u00e1n ganar cargo?<\/p>\n\n\n<div class=\"wp-block-image\">\n<figure class=\"alignleft size-full is-resized\"><a href=\"https:\/\/lospoliticosveracruz.com.mx\/wp-content\/uploads\/2023\/02\/Vinissimo.jpg\"><img loading=\"lazy\" decoding=\"async\" src=\"https:\/\/lospoliticosveracruz.com.mx\/wp-content\/uploads\/2023\/02\/Vinissimo.jpg\" alt=\"\" class=\"wp-image-102752\" width=\"175\" height=\"178\"\/><\/a><\/figure>\n<\/div>\n\n\n<p><br>La pol\u00edtica es de acuerdos, negociaciones e intereses de grupos al interior de un partido, \u00bfcu\u00e1ndo ha sido diferente? ning\u00fan dirigente partidista quiere perder posiciones, los votos dan victorias electorales pero tambi\u00e9n da dinero, presentar candidatas y candidatos con experiencia y con posibilidades de triunfo no lo es todo para ganar, se necesita m\u00e1s que eso: antecedentes personales, prestigio personal, trayectoria pol\u00edtica, concentrar el mayor n\u00famero de apoyos a su alrededor, apoyo de grupos empresariales, estructura pol\u00edtica propia, apoyos econ\u00f3micos, capacidad y experiencia en el servicio p\u00fablico y sobretodo, realmente tener el inter\u00e9s de ganar el gobierno del Estado, \u00bf acaso no cuenta la opini\u00f3n de los partidos aliados?<br>Lo cierto es que cumplir el acuerdo del INE de impulsar 5 mujeres y 4 hombres a los gobiernos estatales requiere de mucho trabajo pol\u00edtico, mucho compromiso con el proyecto del FAM para sumar y lograr cerrar filas para lograr una alternancia m\u00e1s en Veracruz, los posibles inconformes \u00bfrealmente tienen capital pol\u00edtico que presumir o solo son redes sociales? \u00bfLos 6 aspirantes tienen trabajo de campo y cercan\u00eda con las bases partidistas o solo tienen fotos que presumir? \u00bfSer\u00e1 candidato quien tenga m\u00e1s campa\u00f1as ganadas o quien tenga mayor aceptaci\u00f3n entre los 3 partidos? \u00bfEn serio creen que solo la voz del PRI cuenta?<br>Lo cierto es que algunos pol\u00edticos presumen miles de votos sin fundamento alguno, lo cierto es que filtran estar cerca de otros partidos cuando no han estado cerca de la militancia de su partido, lo cierto es que las posiciones plurinominales no dan cercan\u00eda con la militancia pero son fruto de la cercan\u00eda con las elites, lo cierto es que los 6 aspirantes son del PRI pero no son del grupo del presidente nacional del RI, \u00bfser\u00e1 esto factor determinante?<\/p>\n\n\n\n<p>La realidad es que ning\u00fan partido ganar\u00e1 la gubernatura solo, decir lo contrario es una fanfarroner\u00eda electoral sin sustento alguno, la realidad es que la suma de los partidos que integran una alianza son tan valiosos que ning\u00fan partido puede y debe ser minimizado, los n\u00fameros de la elecci\u00f3n 2018 reflejan una realidad electoral muy diferente pero con una realidad social igual, \u00bfVeracruz est\u00e1 mejor que hace 5 a\u00f1os?<br>El PRI tiene una responsabilidad hist\u00f3rica en el 2024, estar en posici\u00f3n de ganar la gubernatura despu\u00e9s de los resultados negativos 2016 y 2018 es digno de llamar la atenci\u00f3n, \u00bfes por la fortaleza del partido o por las debilidades del gobierno? \u00bfTiene el PRI la fuerza electoral para ser cabeza del FAM? La mejor se\u00f1al ser\u00e1 ver c\u00f3mo termina su proceso interno para elegir a su representante, seguro que el PAN y el PRD querr\u00e1n ser testigos de m\u00e1s muestras de apoyo al elegido y menos gritos de inconformidad, \u00bfqui\u00e9n gana con una candidatura d\u00e9bil y descobijada por todas y todos? \u00bfQui\u00e9n pierde por no haber opciones competitivas ante la alianza oficial?<br>Las y los aspirantes son conocidos, unos m\u00e1s que otros pero no todos est\u00e1n en condiciones para representar los intereses del PRI, las cosas como son, si se tratara solo por campa\u00f1as ganadas H\u00e9ctor, Pepe y Cirilo son la opci\u00f3n m\u00e1s viable para encabezar el FAV, \u00bf qui\u00e9n tiene el mayor consenso del PAN y del PRD? La realidad pol\u00edtica es que ser\u00e1 un hombre quien ser\u00e1 el candidato del FAM y debe contar no solo con el respaldo de los otros 5, seria muy pobre solo echarse esos apoyos a la bolsa, debe contar con el apoyo de la m\u00e1s amplia alianza de organizaciones de la sociedad civil, el candidato debe traer sus propios grupos de apoyo no solo la bendici\u00f3n del presidente del partido, podr\u00e1 traer la bendici\u00f3n pero no llegar al final de la misa triunfador, \u00bfVeracruz bien vale una misa?<br>Es cierto que H\u00e9ctor y Pepe ya tienen una campa\u00f1a para gobernador pero tambi\u00e9n en otros momentos han caminado el Estado, Pepe fue el \u00fanico candidato del PRI a Diputado que gan\u00f3 su distrito en el 2021, Anil\u00fa &#8211; en su momento &#8211; como Delegada de SEDESOL en busca de la candidatura al Senado recorri\u00f3 el Estado, Marlon cono Dirigente Estatal visit\u00f3 e \u00edntegro comit\u00e9s municipales, \u00bfy si solo tuvo contacto con esos comit\u00e9s durante la toma de protesta? Lorena no trae recorrido pero trae cercan\u00eda y la confianza absoluta del dirigente nacional \u00bfeso es suficiente? y Cirilo es un caso especial en estos tiempos de la 4T: Tener una aceptaci\u00f3n pol\u00edtica en el basti\u00f3n electoral del partido en el poder, lograr refrendar el triunfo municipal para el PRI ante la ola guinda, tener 4 campa\u00f1as ganadas estando el PRI, el PAN y Morena en el gobierno, tener un apellido tan conocido como un Yunes y contar con buena fama p\u00fablica y de cercan\u00eda con su pueblo son cartas de presentaci\u00f3n que solo fortalecen al FAV \u00bf en serio el PRI est\u00e1 en fase terminal?<br>P.D.- Con el \u00e1nimo que se revisen las credenciales del INE para checar su vigencia\u2026Escribir\u00e9 otro d\u00eda.<\/p>\n","protected":false},"excerpt":{"rendered":"<p>Vicente Luna Hern\u00e1ndez El presidente del CEN Alejandro Moreno C\u00e1rdenas se reuni\u00f3 con los 6 aspirantes a la gubernatura, &#8211; Anil\u00fa Ingram, Lorena Pi\u00f1\u00f3n, Marlon Ram\u00edrez, Cirilo V\u00e1zquez, H\u00e9ctor Yunes y Pepe Yunes &#8211; seguro que todos tienen algo que aportar a los intereses del partido, no se trata de minimizar a nadie ni de [&hellip;]<\/p>\n","protected":false},"author":2,"featured_media":0,"comment_status":"closed","ping_status":"closed","sticky":false,"template":"","format":"standard","meta":{"tdm_status":"","tdm_grid_status":"","footnotes":""},"categories":[70],"tags":[14667,119,1070,1706,570],"class_list":{"0":"post-114518","1":"post","2":"type-post","3":"status-publish","4":"format-standard","6":"category-de-opinion","7":"tag-cirilo-vazquez","8":"tag-hector-yunes","9":"tag-lorena-pinon","10":"tag-marlon-ramirez","11":"tag-pepe-yunes"},"yoast_head":"<!-- This site is optimized with the Yoast SEO plugin v27.4 - https:\/\/yoast.com\/product\/yoast-seo-wordpress\/ -->\n<title>PRI, NO ES COSA SOLO DE 2 - Los pol\u00edticos Veracruz<\/title>\n<meta name=\"robots\" content=\"index, follow, max-snippet:-1, max-image-preview:large, max-video-preview:-1\" \/>\n<link rel=\"canonical\" href=\"https:\/\/lospoliticosveracruz.com\/?p=114518\" \/>\n<meta property=\"og:locale\" content=\"es_ES\" \/>\n<meta property=\"og:type\" content=\"article\" \/>\n<meta property=\"og:title\" content=\"PRI, NO ES COSA SOLO DE 2 - Los pol\u00edticos Veracruz\" \/>\n<meta property=\"og:description\" content=\"Vicente Luna Hern\u00e1ndez El presidente del CEN Alejandro Moreno C\u00e1rdenas se reuni\u00f3 con los 6 aspirantes a la gubernatura, &#8211; Anil\u00fa Ingram, Lorena Pi\u00f1\u00f3n, Marlon Ram\u00edrez, Cirilo V\u00e1zquez, H\u00e9ctor Yunes y Pepe Yunes &#8211; seguro que todos tienen algo que aportar a los intereses del partido, no se trata de minimizar a nadie ni de [&hellip;]\" \/>\n<meta property=\"og:url\" content=\"https:\/\/lospoliticosveracruz.com\/?p=114518\" \/>\n<meta property=\"og:site_name\" content=\"Los pol\u00edticos Veracruz\" \/>\n<meta property=\"article:publisher\" content=\"https:\/\/www.facebook.com\/people\/Notimemes-de-los-Polticos\/61565672886568\/\" \/>\n<meta property=\"article:published_time\" content=\"2023-11-20T15:17:37+00:00\" \/>\n<meta property=\"article:modified_time\" content=\"2023-11-20T15:17:44+00:00\" \/>\n<meta property=\"og:image\" content=\"https:\/\/lospoliticosveracruz.com.mx\/wp-content\/uploads\/2023\/02\/Vinissimo.jpg\" \/>\n<meta name=\"author\" content=\"Lo viste en Los Pol\u00edticos\" \/>\n<meta name=\"twitter:card\" content=\"summary_large_image\" \/>\n<meta name=\"twitter:creator\" content=\"@LosPoliticosVer\" \/>\n<meta name=\"twitter:site\" content=\"@LosPoliticosVer\" \/>\n<meta name=\"twitter:label1\" content=\"Escrito por\" \/>\n\t<meta name=\"twitter:data1\" content=\"Lo viste en Los Pol\u00edticos\" \/>\n\t<meta name=\"twitter:label2\" content=\"Tiempo de lectura\" \/>\n\t<meta name=\"twitter:data2\" content=\"5 minutos\" \/>\n<script type=\"application\/ld+json\" class=\"yoast-schema-graph\">{\"@context\":\"https:\\\/\\\/schema.org\",\"@graph\":[{\"@type\":\"Article\",\"@id\":\"https:\\\/\\\/lospoliticosveracruz.com\\\/?p=114518#article\",\"isPartOf\":{\"@id\":\"https:\\\/\\\/lospoliticosveracruz.com\\\/?p=114518\"},\"author\":{\"name\":\"Lo viste en Los Pol\u00edticos\",\"@id\":\"https:\\\/\\\/lospoliticosveracruz.com\\\/#\\\/schema\\\/person\\\/b8702bb0e538456e6efd07080bf2a4a2\"},\"headline\":\"PRI, NO ES COSA SOLO DE 2\",\"datePublished\":\"2023-11-20T15:17:37+00:00\",\"dateModified\":\"2023-11-20T15:17:44+00:00\",\"mainEntityOfPage\":{\"@id\":\"https:\\\/\\\/lospoliticosveracruz.com\\\/?p=114518\"},\"wordCount\":1009,\"publisher\":{\"@id\":\"https:\\\/\\\/lospoliticosveracruz.com\\\/#organization\"},\"image\":{\"@id\":\"https:\\\/\\\/lospoliticosveracruz.com\\\/?p=114518#primaryimage\"},\"thumbnailUrl\":\"https:\\\/\\\/lospoliticosveracruz.com.mx\\\/wp-content\\\/uploads\\\/2023\\\/02\\\/Vinissimo.jpg\",\"keywords\":[\"Cirilo V\u00e1zquez\",\"H\u00e9ctor Yunes\",\"Lorena Pi\u00f1\u00f3n\",\"Marlon Ram\u00edrez\",\"Pepe Yunes\"],\"articleSection\":[\"De Opini\u00f3n\"],\"inLanguage\":\"es\"},{\"@type\":\"WebPage\",\"@id\":\"https:\\\/\\\/lospoliticosveracruz.com\\\/?p=114518\",\"url\":\"https:\\\/\\\/lospoliticosveracruz.com\\\/?p=114518\",\"name\":\"PRI, NO ES COSA SOLO DE 2 - Los pol\u00edticos Veracruz\",\"isPartOf\":{\"@id\":\"https:\\\/\\\/lospoliticosveracruz.com\\\/#website\"},\"primaryImageOfPage\":{\"@id\":\"https:\\\/\\\/lospoliticosveracruz.com\\\/?p=114518#primaryimage\"},\"image\":{\"@id\":\"https:\\\/\\\/lospoliticosveracruz.com\\\/?p=114518#primaryimage\"},\"thumbnailUrl\":\"https:\\\/\\\/lospoliticosveracruz.com.mx\\\/wp-content\\\/uploads\\\/2023\\\/02\\\/Vinissimo.jpg\",\"datePublished\":\"2023-11-20T15:17:37+00:00\",\"dateModified\":\"2023-11-20T15:17:44+00:00\",\"breadcrumb\":{\"@id\":\"https:\\\/\\\/lospoliticosveracruz.com\\\/?p=114518#breadcrumb\"},\"inLanguage\":\"es\",\"potentialAction\":[{\"@type\":\"ReadAction\",\"target\":[\"https:\\\/\\\/lospoliticosveracruz.com\\\/?p=114518\"]}]},{\"@type\":\"ImageObject\",\"inLanguage\":\"es\",\"@id\":\"https:\\\/\\\/lospoliticosveracruz.com\\\/?p=114518#primaryimage\",\"url\":\"https:\\\/\\\/lospoliticosveracruz.com.mx\\\/wp-content\\\/uploads\\\/2023\\\/02\\\/Vinissimo.jpg\",\"contentUrl\":\"https:\\\/\\\/lospoliticosveracruz.com.mx\\\/wp-content\\\/uploads\\\/2023\\\/02\\\/Vinissimo.jpg\"},{\"@type\":\"BreadcrumbList\",\"@id\":\"https:\\\/\\\/lospoliticosveracruz.com\\\/?p=114518#breadcrumb\",\"itemListElement\":[{\"@type\":\"ListItem\",\"position\":1,\"name\":\"Portada\",\"item\":\"https:\\\/\\\/lospoliticosveracruz.com\\\/\"},{\"@type\":\"ListItem\",\"position\":2,\"name\":\"PRI, NO ES COSA SOLO DE 2\"}]},{\"@type\":\"WebSite\",\"@id\":\"https:\\\/\\\/lospoliticosveracruz.com\\\/#website\",\"url\":\"https:\\\/\\\/lospoliticosveracruz.com\\\/\",\"name\":\"Los pol\u00edticos Veracruz\",\"description\":\"\",\"publisher\":{\"@id\":\"https:\\\/\\\/lospoliticosveracruz.com\\\/#organization\"},\"potentialAction\":[{\"@type\":\"SearchAction\",\"target\":{\"@type\":\"EntryPoint\",\"urlTemplate\":\"https:\\\/\\\/lospoliticosveracruz.com\\\/?s={search_term_string}\"},\"query-input\":{\"@type\":\"PropertyValueSpecification\",\"valueRequired\":true,\"valueName\":\"search_term_string\"}}],\"inLanguage\":\"es\"},{\"@type\":\"Organization\",\"@id\":\"https:\\\/\\\/lospoliticosveracruz.com\\\/#organization\",\"name\":\"Los pol\u00edticos Veracruz\",\"url\":\"https:\\\/\\\/lospoliticosveracruz.com\\\/\",\"logo\":{\"@type\":\"ImageObject\",\"inLanguage\":\"es\",\"@id\":\"https:\\\/\\\/lospoliticosveracruz.com\\\/#\\\/schema\\\/logo\\\/image\\\/\",\"url\":\"https:\\\/\\\/lospoliticosveracruz.com\\\/wp-content\\\/uploads\\\/2025\\\/12\\\/Logo-Nuevo-LOS-POLITICOS-1.jpg\",\"contentUrl\":\"https:\\\/\\\/lospoliticosveracruz.com\\\/wp-content\\\/uploads\\\/2025\\\/12\\\/Logo-Nuevo-LOS-POLITICOS-1.jpg\",\"width\":260,\"height\":70,\"caption\":\"Los pol\u00edticos Veracruz\"},\"image\":{\"@id\":\"https:\\\/\\\/lospoliticosveracruz.com\\\/#\\\/schema\\\/logo\\\/image\\\/\"},\"sameAs\":[\"https:\\\/\\\/www.facebook.com\\\/people\\\/Notimemes-de-los-Polticos\\\/61565672886568\\\/\",\"https:\\\/\\\/x.com\\\/LosPoliticosVer\"]},{\"@type\":\"Person\",\"@id\":\"https:\\\/\\\/lospoliticosveracruz.com\\\/#\\\/schema\\\/person\\\/b8702bb0e538456e6efd07080bf2a4a2\",\"name\":\"Lo viste en Los Pol\u00edticos\",\"image\":{\"@type\":\"ImageObject\",\"inLanguage\":\"es\",\"@id\":\"https:\\\/\\\/secure.gravatar.com\\\/avatar\\\/3a8de04a2656d44082be478bd6c086daa447c4651605818287b9532d3d0bd435?s=96&d=mm&r=g\",\"url\":\"https:\\\/\\\/secure.gravatar.com\\\/avatar\\\/3a8de04a2656d44082be478bd6c086daa447c4651605818287b9532d3d0bd435?s=96&d=mm&r=g\",\"contentUrl\":\"https:\\\/\\\/secure.gravatar.com\\\/avatar\\\/3a8de04a2656d44082be478bd6c086daa447c4651605818287b9532d3d0bd435?s=96&d=mm&r=g\",\"caption\":\"Lo viste en Los Pol\u00edticos\"},\"url\":\"https:\\\/\\\/lospoliticosveracruz.com\\\/?author=2\"}]}<\/script>\n<!-- \/ Yoast SEO plugin. -->","yoast_head_json":{"title":"PRI, NO ES COSA SOLO DE 2 - Los pol\u00edticos Veracruz","robots":{"index":"index","follow":"follow","max-snippet":"max-snippet:-1","max-image-preview":"max-image-preview:large","max-video-preview":"max-video-preview:-1"},"canonical":"https:\/\/lospoliticosveracruz.com\/?p=114518","og_locale":"es_ES","og_type":"article","og_title":"PRI, NO ES COSA SOLO DE 2 - Los pol\u00edticos Veracruz","og_description":"Vicente Luna Hern\u00e1ndez El presidente del CEN Alejandro Moreno C\u00e1rdenas se reuni\u00f3 con los 6 aspirantes a la gubernatura, &#8211; Anil\u00fa Ingram, Lorena Pi\u00f1\u00f3n, Marlon Ram\u00edrez, Cirilo V\u00e1zquez, H\u00e9ctor Yunes y Pepe Yunes &#8211; seguro que todos tienen algo que aportar a los intereses del partido, no se trata de minimizar a nadie ni de [&hellip;]","og_url":"https:\/\/lospoliticosveracruz.com\/?p=114518","og_site_name":"Los pol\u00edticos Veracruz","article_publisher":"https:\/\/www.facebook.com\/people\/Notimemes-de-los-Polticos\/61565672886568\/","article_published_time":"2023-11-20T15:17:37+00:00","article_modified_time":"2023-11-20T15:17:44+00:00","og_image":[{"url":"https:\/\/lospoliticosveracruz.com.mx\/wp-content\/uploads\/2023\/02\/Vinissimo.jpg","type":"","width":"","height":""}],"author":"Lo viste en Los Pol\u00edticos","twitter_card":"summary_large_image","twitter_creator":"@LosPoliticosVer","twitter_site":"@LosPoliticosVer","twitter_misc":{"Escrito por":"Lo viste en Los Pol\u00edticos","Tiempo de lectura":"5 minutos"},"schema":{"@context":"https:\/\/schema.org","@graph":[{"@type":"Article","@id":"https:\/\/lospoliticosveracruz.com\/?p=114518#article","isPartOf":{"@id":"https:\/\/lospoliticosveracruz.com\/?p=114518"},"author":{"name":"Lo viste en Los Pol\u00edticos","@id":"https:\/\/lospoliticosveracruz.com\/#\/schema\/person\/b8702bb0e538456e6efd07080bf2a4a2"},"headline":"PRI, NO ES COSA SOLO DE 2","datePublished":"2023-11-20T15:17:37+00:00","dateModified":"2023-11-20T15:17:44+00:00","mainEntityOfPage":{"@id":"https:\/\/lospoliticosveracruz.com\/?p=114518"},"wordCount":1009,"publisher":{"@id":"https:\/\/lospoliticosveracruz.com\/#organization"},"image":{"@id":"https:\/\/lospoliticosveracruz.com\/?p=114518#primaryimage"},"thumbnailUrl":"https:\/\/lospoliticosveracruz.com.mx\/wp-content\/uploads\/2023\/02\/Vinissimo.jpg","keywords":["Cirilo V\u00e1zquez","H\u00e9ctor Yunes","Lorena Pi\u00f1\u00f3n","Marlon Ram\u00edrez","Pepe Yunes"],"articleSection":["De Opini\u00f3n"],"inLanguage":"es"},{"@type":"WebPage","@id":"https:\/\/lospoliticosveracruz.com\/?p=114518","url":"https:\/\/lospoliticosveracruz.com\/?p=114518","name":"PRI, NO ES COSA SOLO DE 2 - Los pol\u00edticos Veracruz","isPartOf":{"@id":"https:\/\/lospoliticosveracruz.com\/#website"},"primaryImageOfPage":{"@id":"https:\/\/lospoliticosveracruz.com\/?p=114518#primaryimage"},"image":{"@id":"https:\/\/lospoliticosveracruz.com\/?p=114518#primaryimage"},"thumbnailUrl":"https:\/\/lospoliticosveracruz.com.mx\/wp-content\/uploads\/2023\/02\/Vinissimo.jpg","datePublished":"2023-11-20T15:17:37+00:00","dateModified":"2023-11-20T15:17:44+00:00","breadcrumb":{"@id":"https:\/\/lospoliticosveracruz.com\/?p=114518#breadcrumb"},"inLanguage":"es","potentialAction":[{"@type":"ReadAction","target":["https:\/\/lospoliticosveracruz.com\/?p=114518"]}]},{"@type":"ImageObject","inLanguage":"es","@id":"https:\/\/lospoliticosveracruz.com\/?p=114518#primaryimage","url":"https:\/\/lospoliticosveracruz.com.mx\/wp-content\/uploads\/2023\/02\/Vinissimo.jpg","contentUrl":"https:\/\/lospoliticosveracruz.com.mx\/wp-content\/uploads\/2023\/02\/Vinissimo.jpg"},{"@type":"BreadcrumbList","@id":"https:\/\/lospoliticosveracruz.com\/?p=114518#breadcrumb","itemListElement":[{"@type":"ListItem","position":1,"name":"Portada","item":"https:\/\/lospoliticosveracruz.com\/"},{"@type":"ListItem","position":2,"name":"PRI, NO ES COSA SOLO DE 2"}]},{"@type":"WebSite","@id":"https:\/\/lospoliticosveracruz.com\/#website","url":"https:\/\/lospoliticosveracruz.com\/","name":"Los pol\u00edticos Veracruz","description":"","publisher":{"@id":"https:\/\/lospoliticosveracruz.com\/#organization"},"potentialAction":[{"@type":"SearchAction","target":{"@type":"EntryPoint","urlTemplate":"https:\/\/lospoliticosveracruz.com\/?s={search_term_string}"},"query-input":{"@type":"PropertyValueSpecification","valueRequired":true,"valueName":"search_term_string"}}],"inLanguage":"es"},{"@type":"Organization","@id":"https:\/\/lospoliticosveracruz.com\/#organization","name":"Los pol\u00edticos Veracruz","url":"https:\/\/lospoliticosveracruz.com\/","logo":{"@type":"ImageObject","inLanguage":"es","@id":"https:\/\/lospoliticosveracruz.com\/#\/schema\/logo\/image\/","url":"https:\/\/lospoliticosveracruz.com\/wp-content\/uploads\/2025\/12\/Logo-Nuevo-LOS-POLITICOS-1.jpg","contentUrl":"https:\/\/lospoliticosveracruz.com\/wp-content\/uploads\/2025\/12\/Logo-Nuevo-LOS-POLITICOS-1.jpg","width":260,"height":70,"caption":"Los pol\u00edticos Veracruz"},"image":{"@id":"https:\/\/lospoliticosveracruz.com\/#\/schema\/logo\/image\/"},"sameAs":["https:\/\/www.facebook.com\/people\/Notimemes-de-los-Polticos\/61565672886568\/","https:\/\/x.com\/LosPoliticosVer"]},{"@type":"Person","@id":"https:\/\/lospoliticosveracruz.com\/#\/schema\/person\/b8702bb0e538456e6efd07080bf2a4a2","name":"Lo viste en Los Pol\u00edticos","image":{"@type":"ImageObject","inLanguage":"es","@id":"https:\/\/secure.gravatar.com\/avatar\/3a8de04a2656d44082be478bd6c086daa447c4651605818287b9532d3d0bd435?s=96&d=mm&r=g","url":"https:\/\/secure.gravatar.com\/avatar\/3a8de04a2656d44082be478bd6c086daa447c4651605818287b9532d3d0bd435?s=96&d=mm&r=g","contentUrl":"https:\/\/secure.gravatar.com\/avatar\/3a8de04a2656d44082be478bd6c086daa447c4651605818287b9532d3d0bd435?s=96&d=mm&r=g","caption":"Lo viste en Los Pol\u00edticos"},"url":"https:\/\/lospoliticosveracruz.com\/?author=2"}]}},"_links":{"self":[{"href":"https:\/\/lospoliticosveracruz.com\/index.php?rest_route=\/wp\/v2\/posts\/114518","targetHints":{"allow":["GET"]}}],"collection":[{"href":"https:\/\/lospoliticosveracruz.com\/index.php?rest_route=\/wp\/v2\/posts"}],"about":[{"href":"https:\/\/lospoliticosveracruz.com\/index.php?rest_route=\/wp\/v2\/types\/post"}],"author":[{"embeddable":true,"href":"https:\/\/lospoliticosveracruz.com\/index.php?rest_route=\/wp\/v2\/users\/2"}],"replies":[{"embeddable":true,"href":"https:\/\/lospoliticosveracruz.com\/index.php?rest_route=%2Fwp%2Fv2%2Fcomments&post=114518"}],"version-history":[{"count":1,"href":"https:\/\/lospoliticosveracruz.com\/index.php?rest_route=\/wp\/v2\/posts\/114518\/revisions"}],"predecessor-version":[{"id":114519,"href":"https:\/\/lospoliticosveracruz.com\/index.php?rest_route=\/wp\/v2\/posts\/114518\/revisions\/114519"}],"wp:attachment":[{"href":"https:\/\/lospoliticosveracruz.com\/index.php?rest_route=%2Fwp%2Fv2%2Fmedia&parent=114518"}],"wp:term":[{"taxonomy":"category","embeddable":true,"href":"https:\/\/lospoliticosveracruz.com\/index.php?rest_route=%2Fwp%2Fv2%2Fcategories&post=114518"},{"taxonomy":"post_tag","embeddable":true,"href":"https:\/\/lospoliticosveracruz.com\/index.php?rest_route=%2Fwp%2Fv2%2Ftags&post=114518"}],"curies":[{"name":"wp","href":"https:\/\/api.w.org\/{rel}","templated":true}]}}