{"id":114522,"date":"2023-11-20T09:22:40","date_gmt":"2023-11-20T15:22:40","guid":{"rendered":"https:\/\/lospoliticosveracruz.com.mx\/?p=114522"},"modified":"2023-11-20T09:22:46","modified_gmt":"2023-11-20T15:22:46","slug":"claudia-y-xochitl-2","status":"publish","type":"post","link":"https:\/\/lospoliticosveracruz.com\/?p=114522","title":{"rendered":"CLAUDIA Y X\u00d3CHITL"},"content":{"rendered":"\n<p><strong>Bernardo Guti\u00e9rrez Parra<br><\/strong><em>Desde el Caf\u00e9<\/em><\/p>\n\n\n\n<p>La \u00fanica actividad que tuvo Claudia Sheinbaum el viernes anterior fue la de casarse con Jes\u00fas Mar\u00eda Tarriba, su antiguo novio de la facultad, en una boda donde solo estuvieron familiares de los contrayentes. \u201cLes comparto que el d\u00eda de hoy Jes\u00fas y yo nos casamos en una ceremonia \u00edntima y familiar. Estamos muy felices,\u201d inform\u00f3 en sus redes.<\/p>\n\n\n\n<figure class=\"wp-block-image size-large\"><a href=\"https:\/\/lospoliticosveracruz.com.mx\/wp-content\/uploads\/2016\/07\/Seguro-Julio-Cerecedo-2.jpg\"><img decoding=\"async\" src=\"https:\/\/lospoliticosveracruz.com.mx\/wp-content\/uploads\/2016\/07\/Seguro-Julio-Cerecedo-2-1024x381.jpg\" alt=\"\" class=\"wp-image-105879\"\/><\/a><\/figure>\n\n\n\n<p>Y lo que sea de cada qui\u00e9n lector, a Claudia ya le hac\u00eda falta un momento de felicidad porque en los \u00faltimos d\u00edas ha tenido que aguantar descolones como el del 25 de octubre cuando el vocero presidencial, Jes\u00fas Ram\u00edrez y Claudia Brugada aspirante a la jefatura de gobierno, le boicotearon un evento en el Estadio Azul que se tuvo que suspender por falta de acarreados.<\/p>\n\n\n\n<p>Luego sigui\u00f3 un audio donde el jefe de gobierno de la CDMX Mart\u00ed Batres, pide a alguien que le den con todo a Omar Garc\u00eda Harfuch y apoyen (tambi\u00e9n con todo) a Clara Brugada.<\/p>\n\n\n\n<p>Como bien sabes, Omar era el delf\u00edn de Claudia para la jefatura de gobierno, pero fue atacado sin piedad por los morenos duros, que auspiciados por Jes\u00fas Ram\u00edrez y bendecidos por Andr\u00e9s Manuel L\u00f3pez Obrador, lo bajaron a la mala de la contienda a pesar de que gan\u00f3 en las encuestas con el 40.5 por ciento de las preferencias, contra el 26.7 de Clara Brugada.<\/p>\n\n\n\n<p>El alevoso descont\u00f3n a Harfuch fue un mensaje clar\u00edsimo para Claudia (que refrend\u00f3 su calidad de t\u00edtere del presidente) y para M\u00e9xico entero de parte de L\u00f3pez Obrador: \u201cEl bast\u00f3n de mando que le entregu\u00e9 a mi muchacha en septiembre es puro cuento; quien manda en este pa\u00eds y seguir\u00e1 mandando despu\u00e9s del 2024 soy yo\u201d.<\/p>\n\n\n\n<p>Con esa carga a cuestas y pasando aceite, la reci\u00e9n casada se registr\u00f3 este domingo como precandidata de Morena, PT y PVEM a la presidencia de la Rep\u00fablica, y su discurso no pudo ser m\u00e1s desafortunado porque enlist\u00f3 \u201c17 ideas, estrategias y sue\u00f1os\u201d para gobernar igual que el presidente L\u00f3pez Obrador, lo que hizo que millones de cejas se levantaran y exclamaran: \u00a1Ave Mar\u00eda pur\u00edsima!<\/p>\n\n\n\n<p>\u00bfGobernar igual que Andr\u00e9s Manuel? Es decir, \u00bfgobernar polarizando, atacando, dividiendo, mintiendo, denostando, abusando del poder y abrazando a los delincuentes que han provocado un cruento ba\u00f1o de sangre con m\u00e1s de 160 mil asesinatos? \u00a1Futa\u2026!<\/p>\n\n\n\n<p>Esto lo debe aprovechar X\u00f3chitl G\u00e1lvez que tambi\u00e9n el viernes pero en Orizaba, asisti\u00f3 a un mitin en el Teatro Metropolitano donde dijo que Claudia ha gastado millones del erario en hacerse propaganda, \u201cpero yo aspiro a tener millones de corazones\u201d. Y agreg\u00f3 que la ventaja de la ex jefa de gobierno no es inalcanzable.<\/p>\n\n\n\n<p>Y es verdad, lector, Claudia no es inalcanzable, pero a X\u00f3chitl como que le est\u00e1 faltando fuelle porque seg\u00fan me dijo alguien, \u201cse le cans\u00f3 el ganso\u201d, en referencia a que su mejor publicista y promotor, Andr\u00e9s Manuel L\u00f3pez Obrador, ha dejado de atacarla y eso ha menguado su popularidad en el \u00e1nimo de la raza de bronce.<\/p>\n\n\n\n<p>Mientras Andr\u00e9s Manuel la tupi\u00f3 en sus ma\u00f1aneras, la hidalguense subi\u00f3 como la espuma. Y ahora que contra su voluntad no puede hacerlo porque el INE se lo prohibi\u00f3, los bonos de la panista han bajado.<\/p>\n\n\n\n<p>X\u00f3chitl comienza hoy su precampa\u00f1a y deber\u00e1 relazar su imagen con un discurso chispeante, motivante, realista y esperanzador. Porque si va a estar a expensas de que la descalifique L\u00f3pez Obrador para volverse a elevar en las encuestas, le estar\u00e1 dando la raz\u00f3n a sus malquerientes que la califican de ocurrente, malhablada y sin talento.<\/p>\n\n\n\n<p>\u201cGobernador, gobernador, gobernador\u201d<\/p>\n\n\n\n<p>La semana anterior dije que una encuesta entre priistas para definir al candidato o candidata a la gubernatura de Veracruz, es innecesaria porque en la mayor\u00eda de ellas el diputado federal Jos\u00e9 Francisco Yunes Zorrilla ha salido con el brazo en alto. Y no es que quiera ser petulante pero las circunstancias me est\u00e1n dando la raz\u00f3n.<\/p>\n\n\n\n<p>Este viernes estuvieron con X\u00f3chitl G\u00e1lvez en Orizaba cuatro Yunes: los priistas H\u00e9ctor y Jos\u00e9 Francisco y los panistas Miguel \u00c1ngel junior y Fernando.<\/p>\n\n\n\n<p>Cuando G\u00e1lvez los mencion\u00f3 uno por uno, Pepe fue el m\u00e1s ovacionado por los asistentes que corearon \u201cGobernador, gobernador, gobernador\u201d.<\/p>\n\n\n\n<p><em>\u00bfY aun as\u00ed insisten en una encuesta?<\/em><\/p>\n\n\n\n<p>De la quiebra, a finanzas sanas en cinco a\u00f1os<\/p>\n\n\n\n<p>Las finanzas en nuestra entidad tienen un antes y un despu\u00e9s del gobierno de Cuitl\u00e1huac Garc\u00eda Jim\u00e9nez. Y es que, como es de tu conocimiento lector, cuando lleg\u00f3 a Palacio de Gobierno Veracruz estaba en quiebra al grado que no hab\u00eda ni para pagar las necesidades m\u00e1s apremiantes.<\/p>\n\n\n\n<p>Pero en cinco a\u00f1os pas\u00f3 de ser un territorio en la ruina financiera, a un estado con las finanzas m\u00e1s sanas del pa\u00eds de acuerdo con las calificadoras internacionales, que pasaron de una calificaci\u00f3n especulativa a una sobresaliente de A-.<\/p>\n\n\n\n<p>\u00bfQu\u00e9 significa ese A-? En buen cristiano quiere decir que en una tabla del 1 al 10, nuestra entidad tiene un 9 de calificaci\u00f3n.<\/p>\n\n\n\n<p>En el marco del quinto informe de gobierno que se llev\u00f3 a cabo en Perote, el secretario de Finanzas y Planeaci\u00f3n, Jos\u00e9 Luis Lima Franco, dijo que recibi\u00f3 un estado sin ingresos propios, que le deb\u00eda a todo mundo, incluso a la Universidad Veracruzana y al Instituto de Pensiones del Estado, eso sin contar con una brutal deuda bancaria.<\/p>\n\n\n\n<p>Pero gracias a una pol\u00edtica de austeridad que quit\u00f3 privilegios y logr\u00f3 incrementar los ingresos propios como la recaudaci\u00f3n tributaria (que aument\u00f3 en m\u00e1s del 90 por ciento), la nave que parec\u00eda irse a pique logr\u00f3 estabilizarse.<\/p>\n\n\n\n<p>Y as\u00ed lo destac\u00f3 el gobernador Cuitl\u00e1huac Garc\u00eda al manifestar que gracias al combate a la corrupci\u00f3n, las finanzas estatales est\u00e1n sanas lo que permiti\u00f3 hacer una hist\u00f3rica reducci\u00f3n del endeudamiento del estado por 19 mil 800 millones de pesos menos y al mismo tiempo realizar m\u00e1s obra p\u00fablica.<\/p>\n\n\n\n<p>Jos\u00e9 Luis Lima Franco por su parte, dijo que la Sefiplan cumplir\u00e1 con sus obligaciones de pago de la n\u00f3mina, aguinaldo y prestaciones de este fin de a\u00f1o.<\/p>\n\n\n\n<p>\u201cEstaremos pagando en tiempo y forma la primera semana de diciembre. Las quincenas de diciembre y el aguinaldo est\u00e1n aseguradas, as\u00ed como las prestaciones\u201d, indic\u00f3 el funcionario que ya es reconocido como el arquitecto que de la ruina, logr\u00f3 construir un s\u00f3lido andamiaje econ\u00f3mico y financiero para Veracruz.<\/p>\n\n\n\n<p>bernardogup@hotmail.com<\/p>\n","protected":false},"excerpt":{"rendered":"<p>Bernardo Guti\u00e9rrez ParraDesde el Caf\u00e9 La \u00fanica actividad que tuvo Claudia Sheinbaum el viernes anterior fue la de casarse con Jes\u00fas Mar\u00eda Tarriba, su antiguo novio de la facultad, en una boda donde solo estuvieron familiares de los contrayentes. \u201cLes comparto que el d\u00eda de hoy Jes\u00fas y yo nos casamos en una ceremonia \u00edntima [&hellip;]<\/p>\n","protected":false},"author":2,"featured_media":0,"comment_status":"closed","ping_status":"closed","sticky":false,"template":"","format":"standard","meta":{"tdm_status":"","tdm_grid_status":"","footnotes":""},"categories":[70],"tags":[9627,17531],"class_list":{"0":"post-114522","1":"post","2":"type-post","3":"status-publish","4":"format-standard","6":"category-de-opinion","7":"tag-claudia-sheinbaum","8":"tag-xochitl-galvez"},"yoast_head":"<!-- This site is optimized with the Yoast SEO plugin v27.4 - https:\/\/yoast.com\/product\/yoast-seo-wordpress\/ -->\n<title>CLAUDIA Y X\u00d3CHITL - Los pol\u00edticos Veracruz<\/title>\n<meta name=\"robots\" content=\"index, follow, max-snippet:-1, max-image-preview:large, max-video-preview:-1\" \/>\n<link rel=\"canonical\" href=\"https:\/\/lospoliticosveracruz.com\/?p=114522\" \/>\n<meta property=\"og:locale\" content=\"es_ES\" \/>\n<meta property=\"og:type\" content=\"article\" \/>\n<meta property=\"og:title\" content=\"CLAUDIA Y X\u00d3CHITL - Los pol\u00edticos Veracruz\" \/>\n<meta property=\"og:description\" content=\"Bernardo Guti\u00e9rrez ParraDesde el Caf\u00e9 La \u00fanica actividad que tuvo Claudia Sheinbaum el viernes anterior fue la de casarse con Jes\u00fas Mar\u00eda Tarriba, su antiguo novio de la facultad, en una boda donde solo estuvieron familiares de los contrayentes. \u201cLes comparto que el d\u00eda de hoy Jes\u00fas y yo nos casamos en una ceremonia \u00edntima [&hellip;]\" \/>\n<meta property=\"og:url\" content=\"https:\/\/lospoliticosveracruz.com\/?p=114522\" \/>\n<meta property=\"og:site_name\" content=\"Los pol\u00edticos Veracruz\" \/>\n<meta property=\"article:publisher\" content=\"https:\/\/www.facebook.com\/people\/Notimemes-de-los-Polticos\/61565672886568\/\" \/>\n<meta property=\"article:published_time\" content=\"2023-11-20T15:22:40+00:00\" \/>\n<meta property=\"article:modified_time\" content=\"2023-11-20T15:22:46+00:00\" \/>\n<meta property=\"og:image\" content=\"https:\/\/lospoliticosveracruz.com.mx\/wp-content\/uploads\/2016\/07\/Seguro-Julio-Cerecedo-2-1024x381.jpg\" \/>\n<meta name=\"author\" content=\"Lo viste en Los Pol\u00edticos\" \/>\n<meta name=\"twitter:card\" content=\"summary_large_image\" \/>\n<meta name=\"twitter:creator\" content=\"@LosPoliticosVer\" \/>\n<meta name=\"twitter:site\" content=\"@LosPoliticosVer\" \/>\n<meta name=\"twitter:label1\" content=\"Escrito por\" \/>\n\t<meta name=\"twitter:data1\" content=\"Lo viste en Los Pol\u00edticos\" \/>\n\t<meta name=\"twitter:label2\" content=\"Tiempo de lectura\" \/>\n\t<meta name=\"twitter:data2\" content=\"6 minutos\" \/>\n<script type=\"application\/ld+json\" class=\"yoast-schema-graph\">{\"@context\":\"https:\\\/\\\/schema.org\",\"@graph\":[{\"@type\":\"Article\",\"@id\":\"https:\\\/\\\/lospoliticosveracruz.com\\\/?p=114522#article\",\"isPartOf\":{\"@id\":\"https:\\\/\\\/lospoliticosveracruz.com\\\/?p=114522\"},\"author\":{\"name\":\"Lo viste en Los Pol\u00edticos\",\"@id\":\"https:\\\/\\\/lospoliticosveracruz.com\\\/#\\\/schema\\\/person\\\/b8702bb0e538456e6efd07080bf2a4a2\"},\"headline\":\"CLAUDIA Y X\u00d3CHITL\",\"datePublished\":\"2023-11-20T15:22:40+00:00\",\"dateModified\":\"2023-11-20T15:22:46+00:00\",\"mainEntityOfPage\":{\"@id\":\"https:\\\/\\\/lospoliticosveracruz.com\\\/?p=114522\"},\"wordCount\":1126,\"publisher\":{\"@id\":\"https:\\\/\\\/lospoliticosveracruz.com\\\/#organization\"},\"image\":{\"@id\":\"https:\\\/\\\/lospoliticosveracruz.com\\\/?p=114522#primaryimage\"},\"thumbnailUrl\":\"https:\\\/\\\/lospoliticosveracruz.com.mx\\\/wp-content\\\/uploads\\\/2016\\\/07\\\/Seguro-Julio-Cerecedo-2-1024x381.jpg\",\"keywords\":[\"Claudia Sheinbaum\",\"X\u00f3chitl G\u00e1lvez\"],\"articleSection\":[\"De Opini\u00f3n\"],\"inLanguage\":\"es\"},{\"@type\":\"WebPage\",\"@id\":\"https:\\\/\\\/lospoliticosveracruz.com\\\/?p=114522\",\"url\":\"https:\\\/\\\/lospoliticosveracruz.com\\\/?p=114522\",\"name\":\"CLAUDIA Y X\u00d3CHITL - Los pol\u00edticos Veracruz\",\"isPartOf\":{\"@id\":\"https:\\\/\\\/lospoliticosveracruz.com\\\/#website\"},\"primaryImageOfPage\":{\"@id\":\"https:\\\/\\\/lospoliticosveracruz.com\\\/?p=114522#primaryimage\"},\"image\":{\"@id\":\"https:\\\/\\\/lospoliticosveracruz.com\\\/?p=114522#primaryimage\"},\"thumbnailUrl\":\"https:\\\/\\\/lospoliticosveracruz.com.mx\\\/wp-content\\\/uploads\\\/2016\\\/07\\\/Seguro-Julio-Cerecedo-2-1024x381.jpg\",\"datePublished\":\"2023-11-20T15:22:40+00:00\",\"dateModified\":\"2023-11-20T15:22:46+00:00\",\"breadcrumb\":{\"@id\":\"https:\\\/\\\/lospoliticosveracruz.com\\\/?p=114522#breadcrumb\"},\"inLanguage\":\"es\",\"potentialAction\":[{\"@type\":\"ReadAction\",\"target\":[\"https:\\\/\\\/lospoliticosveracruz.com\\\/?p=114522\"]}]},{\"@type\":\"ImageObject\",\"inLanguage\":\"es\",\"@id\":\"https:\\\/\\\/lospoliticosveracruz.com\\\/?p=114522#primaryimage\",\"url\":\"https:\\\/\\\/lospoliticosveracruz.com.mx\\\/wp-content\\\/uploads\\\/2016\\\/07\\\/Seguro-Julio-Cerecedo-2-1024x381.jpg\",\"contentUrl\":\"https:\\\/\\\/lospoliticosveracruz.com.mx\\\/wp-content\\\/uploads\\\/2016\\\/07\\\/Seguro-Julio-Cerecedo-2-1024x381.jpg\"},{\"@type\":\"BreadcrumbList\",\"@id\":\"https:\\\/\\\/lospoliticosveracruz.com\\\/?p=114522#breadcrumb\",\"itemListElement\":[{\"@type\":\"ListItem\",\"position\":1,\"name\":\"Portada\",\"item\":\"https:\\\/\\\/lospoliticosveracruz.com\\\/\"},{\"@type\":\"ListItem\",\"position\":2,\"name\":\"CLAUDIA Y X\u00d3CHITL\"}]},{\"@type\":\"WebSite\",\"@id\":\"https:\\\/\\\/lospoliticosveracruz.com\\\/#website\",\"url\":\"https:\\\/\\\/lospoliticosveracruz.com\\\/\",\"name\":\"Los pol\u00edticos Veracruz\",\"description\":\"\",\"publisher\":{\"@id\":\"https:\\\/\\\/lospoliticosveracruz.com\\\/#organization\"},\"potentialAction\":[{\"@type\":\"SearchAction\",\"target\":{\"@type\":\"EntryPoint\",\"urlTemplate\":\"https:\\\/\\\/lospoliticosveracruz.com\\\/?s={search_term_string}\"},\"query-input\":{\"@type\":\"PropertyValueSpecification\",\"valueRequired\":true,\"valueName\":\"search_term_string\"}}],\"inLanguage\":\"es\"},{\"@type\":\"Organization\",\"@id\":\"https:\\\/\\\/lospoliticosveracruz.com\\\/#organization\",\"name\":\"Los pol\u00edticos Veracruz\",\"url\":\"https:\\\/\\\/lospoliticosveracruz.com\\\/\",\"logo\":{\"@type\":\"ImageObject\",\"inLanguage\":\"es\",\"@id\":\"https:\\\/\\\/lospoliticosveracruz.com\\\/#\\\/schema\\\/logo\\\/image\\\/\",\"url\":\"https:\\\/\\\/lospoliticosveracruz.com\\\/wp-content\\\/uploads\\\/2025\\\/12\\\/Logo-Nuevo-LOS-POLITICOS-1.jpg\",\"contentUrl\":\"https:\\\/\\\/lospoliticosveracruz.com\\\/wp-content\\\/uploads\\\/2025\\\/12\\\/Logo-Nuevo-LOS-POLITICOS-1.jpg\",\"width\":260,\"height\":70,\"caption\":\"Los pol\u00edticos Veracruz\"},\"image\":{\"@id\":\"https:\\\/\\\/lospoliticosveracruz.com\\\/#\\\/schema\\\/logo\\\/image\\\/\"},\"sameAs\":[\"https:\\\/\\\/www.facebook.com\\\/people\\\/Notimemes-de-los-Polticos\\\/61565672886568\\\/\",\"https:\\\/\\\/x.com\\\/LosPoliticosVer\"]},{\"@type\":\"Person\",\"@id\":\"https:\\\/\\\/lospoliticosveracruz.com\\\/#\\\/schema\\\/person\\\/b8702bb0e538456e6efd07080bf2a4a2\",\"name\":\"Lo viste en Los Pol\u00edticos\",\"image\":{\"@type\":\"ImageObject\",\"inLanguage\":\"es\",\"@id\":\"https:\\\/\\\/secure.gravatar.com\\\/avatar\\\/3a8de04a2656d44082be478bd6c086daa447c4651605818287b9532d3d0bd435?s=96&d=mm&r=g\",\"url\":\"https:\\\/\\\/secure.gravatar.com\\\/avatar\\\/3a8de04a2656d44082be478bd6c086daa447c4651605818287b9532d3d0bd435?s=96&d=mm&r=g\",\"contentUrl\":\"https:\\\/\\\/secure.gravatar.com\\\/avatar\\\/3a8de04a2656d44082be478bd6c086daa447c4651605818287b9532d3d0bd435?s=96&d=mm&r=g\",\"caption\":\"Lo viste en Los Pol\u00edticos\"},\"url\":\"https:\\\/\\\/lospoliticosveracruz.com\\\/?author=2\"}]}<\/script>\n<!-- \/ Yoast SEO plugin. -->","yoast_head_json":{"title":"CLAUDIA Y X\u00d3CHITL - Los pol\u00edticos Veracruz","robots":{"index":"index","follow":"follow","max-snippet":"max-snippet:-1","max-image-preview":"max-image-preview:large","max-video-preview":"max-video-preview:-1"},"canonical":"https:\/\/lospoliticosveracruz.com\/?p=114522","og_locale":"es_ES","og_type":"article","og_title":"CLAUDIA Y X\u00d3CHITL - Los pol\u00edticos Veracruz","og_description":"Bernardo Guti\u00e9rrez ParraDesde el Caf\u00e9 La \u00fanica actividad que tuvo Claudia Sheinbaum el viernes anterior fue la de casarse con Jes\u00fas Mar\u00eda Tarriba, su antiguo novio de la facultad, en una boda donde solo estuvieron familiares de los contrayentes. \u201cLes comparto que el d\u00eda de hoy Jes\u00fas y yo nos casamos en una ceremonia \u00edntima [&hellip;]","og_url":"https:\/\/lospoliticosveracruz.com\/?p=114522","og_site_name":"Los pol\u00edticos Veracruz","article_publisher":"https:\/\/www.facebook.com\/people\/Notimemes-de-los-Polticos\/61565672886568\/","article_published_time":"2023-11-20T15:22:40+00:00","article_modified_time":"2023-11-20T15:22:46+00:00","og_image":[{"url":"https:\/\/lospoliticosveracruz.com.mx\/wp-content\/uploads\/2016\/07\/Seguro-Julio-Cerecedo-2-1024x381.jpg","type":"","width":"","height":""}],"author":"Lo viste en Los Pol\u00edticos","twitter_card":"summary_large_image","twitter_creator":"@LosPoliticosVer","twitter_site":"@LosPoliticosVer","twitter_misc":{"Escrito por":"Lo viste en Los Pol\u00edticos","Tiempo de lectura":"6 minutos"},"schema":{"@context":"https:\/\/schema.org","@graph":[{"@type":"Article","@id":"https:\/\/lospoliticosveracruz.com\/?p=114522#article","isPartOf":{"@id":"https:\/\/lospoliticosveracruz.com\/?p=114522"},"author":{"name":"Lo viste en Los Pol\u00edticos","@id":"https:\/\/lospoliticosveracruz.com\/#\/schema\/person\/b8702bb0e538456e6efd07080bf2a4a2"},"headline":"CLAUDIA Y X\u00d3CHITL","datePublished":"2023-11-20T15:22:40+00:00","dateModified":"2023-11-20T15:22:46+00:00","mainEntityOfPage":{"@id":"https:\/\/lospoliticosveracruz.com\/?p=114522"},"wordCount":1126,"publisher":{"@id":"https:\/\/lospoliticosveracruz.com\/#organization"},"image":{"@id":"https:\/\/lospoliticosveracruz.com\/?p=114522#primaryimage"},"thumbnailUrl":"https:\/\/lospoliticosveracruz.com.mx\/wp-content\/uploads\/2016\/07\/Seguro-Julio-Cerecedo-2-1024x381.jpg","keywords":["Claudia Sheinbaum","X\u00f3chitl G\u00e1lvez"],"articleSection":["De Opini\u00f3n"],"inLanguage":"es"},{"@type":"WebPage","@id":"https:\/\/lospoliticosveracruz.com\/?p=114522","url":"https:\/\/lospoliticosveracruz.com\/?p=114522","name":"CLAUDIA Y X\u00d3CHITL - Los pol\u00edticos Veracruz","isPartOf":{"@id":"https:\/\/lospoliticosveracruz.com\/#website"},"primaryImageOfPage":{"@id":"https:\/\/lospoliticosveracruz.com\/?p=114522#primaryimage"},"image":{"@id":"https:\/\/lospoliticosveracruz.com\/?p=114522#primaryimage"},"thumbnailUrl":"https:\/\/lospoliticosveracruz.com.mx\/wp-content\/uploads\/2016\/07\/Seguro-Julio-Cerecedo-2-1024x381.jpg","datePublished":"2023-11-20T15:22:40+00:00","dateModified":"2023-11-20T15:22:46+00:00","breadcrumb":{"@id":"https:\/\/lospoliticosveracruz.com\/?p=114522#breadcrumb"},"inLanguage":"es","potentialAction":[{"@type":"ReadAction","target":["https:\/\/lospoliticosveracruz.com\/?p=114522"]}]},{"@type":"ImageObject","inLanguage":"es","@id":"https:\/\/lospoliticosveracruz.com\/?p=114522#primaryimage","url":"https:\/\/lospoliticosveracruz.com.mx\/wp-content\/uploads\/2016\/07\/Seguro-Julio-Cerecedo-2-1024x381.jpg","contentUrl":"https:\/\/lospoliticosveracruz.com.mx\/wp-content\/uploads\/2016\/07\/Seguro-Julio-Cerecedo-2-1024x381.jpg"},{"@type":"BreadcrumbList","@id":"https:\/\/lospoliticosveracruz.com\/?p=114522#breadcrumb","itemListElement":[{"@type":"ListItem","position":1,"name":"Portada","item":"https:\/\/lospoliticosveracruz.com\/"},{"@type":"ListItem","position":2,"name":"CLAUDIA Y X\u00d3CHITL"}]},{"@type":"WebSite","@id":"https:\/\/lospoliticosveracruz.com\/#website","url":"https:\/\/lospoliticosveracruz.com\/","name":"Los pol\u00edticos Veracruz","description":"","publisher":{"@id":"https:\/\/lospoliticosveracruz.com\/#organization"},"potentialAction":[{"@type":"SearchAction","target":{"@type":"EntryPoint","urlTemplate":"https:\/\/lospoliticosveracruz.com\/?s={search_term_string}"},"query-input":{"@type":"PropertyValueSpecification","valueRequired":true,"valueName":"search_term_string"}}],"inLanguage":"es"},{"@type":"Organization","@id":"https:\/\/lospoliticosveracruz.com\/#organization","name":"Los pol\u00edticos Veracruz","url":"https:\/\/lospoliticosveracruz.com\/","logo":{"@type":"ImageObject","inLanguage":"es","@id":"https:\/\/lospoliticosveracruz.com\/#\/schema\/logo\/image\/","url":"https:\/\/lospoliticosveracruz.com\/wp-content\/uploads\/2025\/12\/Logo-Nuevo-LOS-POLITICOS-1.jpg","contentUrl":"https:\/\/lospoliticosveracruz.com\/wp-content\/uploads\/2025\/12\/Logo-Nuevo-LOS-POLITICOS-1.jpg","width":260,"height":70,"caption":"Los pol\u00edticos Veracruz"},"image":{"@id":"https:\/\/lospoliticosveracruz.com\/#\/schema\/logo\/image\/"},"sameAs":["https:\/\/www.facebook.com\/people\/Notimemes-de-los-Polticos\/61565672886568\/","https:\/\/x.com\/LosPoliticosVer"]},{"@type":"Person","@id":"https:\/\/lospoliticosveracruz.com\/#\/schema\/person\/b8702bb0e538456e6efd07080bf2a4a2","name":"Lo viste en Los Pol\u00edticos","image":{"@type":"ImageObject","inLanguage":"es","@id":"https:\/\/secure.gravatar.com\/avatar\/3a8de04a2656d44082be478bd6c086daa447c4651605818287b9532d3d0bd435?s=96&d=mm&r=g","url":"https:\/\/secure.gravatar.com\/avatar\/3a8de04a2656d44082be478bd6c086daa447c4651605818287b9532d3d0bd435?s=96&d=mm&r=g","contentUrl":"https:\/\/secure.gravatar.com\/avatar\/3a8de04a2656d44082be478bd6c086daa447c4651605818287b9532d3d0bd435?s=96&d=mm&r=g","caption":"Lo viste en Los Pol\u00edticos"},"url":"https:\/\/lospoliticosveracruz.com\/?author=2"}]}},"_links":{"self":[{"href":"https:\/\/lospoliticosveracruz.com\/index.php?rest_route=\/wp\/v2\/posts\/114522","targetHints":{"allow":["GET"]}}],"collection":[{"href":"https:\/\/lospoliticosveracruz.com\/index.php?rest_route=\/wp\/v2\/posts"}],"about":[{"href":"https:\/\/lospoliticosveracruz.com\/index.php?rest_route=\/wp\/v2\/types\/post"}],"author":[{"embeddable":true,"href":"https:\/\/lospoliticosveracruz.com\/index.php?rest_route=\/wp\/v2\/users\/2"}],"replies":[{"embeddable":true,"href":"https:\/\/lospoliticosveracruz.com\/index.php?rest_route=%2Fwp%2Fv2%2Fcomments&post=114522"}],"version-history":[{"count":1,"href":"https:\/\/lospoliticosveracruz.com\/index.php?rest_route=\/wp\/v2\/posts\/114522\/revisions"}],"predecessor-version":[{"id":114523,"href":"https:\/\/lospoliticosveracruz.com\/index.php?rest_route=\/wp\/v2\/posts\/114522\/revisions\/114523"}],"wp:attachment":[{"href":"https:\/\/lospoliticosveracruz.com\/index.php?rest_route=%2Fwp%2Fv2%2Fmedia&parent=114522"}],"wp:term":[{"taxonomy":"category","embeddable":true,"href":"https:\/\/lospoliticosveracruz.com\/index.php?rest_route=%2Fwp%2Fv2%2Fcategories&post=114522"},{"taxonomy":"post_tag","embeddable":true,"href":"https:\/\/lospoliticosveracruz.com\/index.php?rest_route=%2Fwp%2Fv2%2Ftags&post=114522"}],"curies":[{"name":"wp","href":"https:\/\/api.w.org\/{rel}","templated":true}]}}