{"id":114738,"date":"2023-11-24T05:47:37","date_gmt":"2023-11-24T11:47:37","guid":{"rendered":"https:\/\/lospoliticosveracruz.com.mx\/?p=114738"},"modified":"2023-11-24T05:47:44","modified_gmt":"2023-11-24T11:47:44","slug":"encuesta-del-pri-en-veracruz","status":"publish","type":"post","link":"https:\/\/lospoliticosveracruz.com\/?p=114738","title":{"rendered":"ENCUESTA DEL PRI EN VERACRUZ"},"content":{"rendered":"\n<p><strong>Ricardo Chua<\/strong><\/p>\n\n\n\n<p><em>Sale y Vale<\/em><\/p>\n\n\n\n<p>EXCLUSIVA, ENCUESTA DEL PRI EN VERACRUZ.. Hoy por la tarde, si alguna situaci\u00f3n rara no pasa, en la reuni\u00f3n que sostengan los aspirantes a gobernador por el PRI en Veracruz, en el comit\u00e9 nacional del partido con Alejandro Moreno C\u00e1rdenas, l\u00edder nacional priista.. Ah\u00ed a los citados: H\u00e9ctor Yunes, Jos\u00e9 Francisco Yunes, Anil\u00fa Ingram, Lorena Pin\u00f3n, Marl\u00f3n Ram\u00edrez y Cirilo V\u00e1zquez.. \u00abAlito\u00bb Moreno les informar\u00e1 que el ganador de la encuesta es Pepe Yunes.. Que se llev\u00f3 el primer lugar.. Pero tambi\u00e9n les dar\u00e1 a conocer como quedaron en el sondeo..<\/p>\n\n\n\n<p>Seg\u00fan \u00abGarganta Profunda\u00bb en esta encuesta priista, realizada, se supone, que en Veracruz, los n\u00fameros se\u00f1alaron al l\u00edder nacional del PRI.. Que el primer lugar lo tuvo el diputado federal, Pepe Yunes.. Seguido en segundo lugar por H\u00e9ctor Yunes.. El tercer lugar se les \u00abcol\u00f3\u00bb Anil\u00fa Ingram.. Seguido muy de cerca por Marl\u00f3n Ram\u00edrez.. Y muy atr\u00e1s est\u00e1n Cirilo V\u00e1zquez y en el \u00faltimo sitio, Lorena Pi\u00f1on.. A los cuales, es probable que algunos les toque \u00abPremio de Consolaci\u00f3n\u00bb con alg\u00fan cargo de elecci\u00f3n popular..<\/p>\n\n\n\n<p>Con este resultado, seguramente despu\u00e9s de que Pepe Yunes sea ungido como candidato a gobernador.. H\u00e9ctor podr\u00eda alcanzar la diputaci\u00f3n local \u00abpluri\u00bb que no logr\u00f3 en 2021.. Al menos, que se la \u00abjuegue\u00bb por el distrito de La Antigua.. Anil\u00fa le tendr\u00edan que dar el quiz\u00e1s el espacio del Senado \u00abPluri\u00bb que le tocaba a Lorena Pi\u00f1\u00f3n, por haber quedado arriba de ella.. Marl\u00f3n tendr\u00eda la diputaci\u00f3n federal \u00abpluri\u00bb.. Mientras que Cirilo la podr\u00eda \u00abjugar\u00bb la diputaci\u00f3n local por Cosoleacaque.. Y Lorena la \u00abpluri\u00bb por la diputaci\u00f3n local.. \u00abAlito\u00bb tiene la \u00faltima palabra..<\/p>\n\n\n\n<p>S\u00f3lo habr\u00e1 que ver si no hay inconformidades por el resultado.. Si todos aceptan a Pepe Yunes como candidato a gobernador.. Si no hacen \u00abberrinches\u00bb y condicionan el apoyo a cambio de m\u00e1s candidaturas.. Tambi\u00e9n ser\u00e1 interesante ver si cumplen con lo dicho por Lorena Pi\u00f1\u00f3n, que ninguno de ellos aspirar\u00eda a negociar otro cargo de elecci\u00f3n si no quedan como candidatos a gobernador\u2026 Habr\u00e1 que predicar con el ejemplo.. Por lo pronto.. CONSUMATUM EST.. Es Pepe.. Salvo que \u00e9l diga otra cosa.. AMEN..<\/p>\n\n\n\n<p>EL SENADO, LA OTRA \u00abTEMPESTAD\u00bb DE ROC\u00cdO NAHLE.. Nos cuenta \u00abGarganta Profunda\u00bb que hay mucho resquemor en MORENA Veracruz.. Por la designaci\u00f3n de las candidaturas al Senado por Veracruz por la coalici\u00f3n \u00abSigamos Haciendo Historia\u00bb (MORENA-PVEM-PT)\u2026 Ya que ellos (Los Morenos) esperaban que los dos espacios al Senado en Veracruz le tocar\u00edan a su partido.. Pero al cederlo al \u00abVerde\u00bb han levantado una serie de suspicacias y rumores, que la m\u00e1s afectada es su candidata a gobernadora, Roc\u00edo Nahle..<\/p>\n\n\n\n<p>El PRIMER RUMOR es que finalmente, el grupo pol\u00edtico de Cuitl\u00e1huac Garc\u00eda con injerencia en CEN de MORENA.. Lograron agarrar de \u00abbajada\u00bb a Manuel Huerta y lo enga\u00f1aron que \u00e9l ten\u00eda la primera posici\u00f3n al Senado.. Lo cual es todo lo contrario.. Esa posici\u00f3n de Huerta se la dar\u00edan a Dorhenny Garc\u00eda o Claudia Tello y el PVEM podr\u00eda postular como Senador a Javier Herrera Borunda para que camine con Nahle en Veracruz.. Para enfrentar a Los Yunes Azules en la carrera al Senado.. Huerta se quedar\u00eda \u00abdescobijado\u00bb..<\/p>\n\n\n\n<p>El enga\u00f1o a Huerta fue que Cuitl\u00e1huac Garc\u00eda y su grupo.. Utiliz\u00f3 al ex delegado federal que como veracruzano, legitimar\u00e1 la encuesta del proceso interno a gobernador que \u00e9l gan\u00f3 a la zacatecana y con eso eliminaron tambi\u00e9n a Eric Cisneross.. Los enga\u00f1aron a los dos.. Se consagran con Nahle, se quitan adversarios al interior y le dejan al PVEM la otra posici\u00f3n para que Javier \u00abjale\u00bb votos para Nahle (Gracias a la Fidelidad) y no ponga en riesgo su triunfo en la entidad.. Mucha \u00abperversidad\u00bb.. Cuitl\u00e1huac ser\u00e1 capaz de ser \u00abMaquiavelo\u00bb..<\/p>\n\n\n\n<p>El SEGUNDO RUMOR es que ser\u00eda un MENSAJE MUY DURO para el PVEM.. Ya que si le dan el espacio para que sea mujer.. Mandan el mensaje a Javier Herrera que NO LO NECESITAN y eso podr\u00eda hacer que hagan campa\u00f1a de \u00abbrazos ca\u00eddos\u00bb, al final de la campa\u00f1a traicionen a Nahle y apoyen al PRI y Pepe Yunes.. Volviendo a su origen.. Es un desafi\u00f3 para Javier Herrera.. Dif\u00edcilmente el PVEM dar\u00e1 la posici\u00f3n a Monica Robles, quiz\u00e1s a Mari Carmen Pinete.. Los \u00abVerdes\u00bb saben que si les hacen esto.. Qu\u00e9 pueden esperar luego del 2024<\/p>\n\n\n\n<p>Si en este momento se lo hacen a Javier Herrera.. En 2024 se lo har\u00e1n a Alberto \u00abEl Cisne\u00bb Silva.. Esto es la \u00abantesala\u00bb dici\u00e9ndoles que no les dar\u00e1n nada en 2025 en elecci\u00f3n a alcaldes.. No lo dejar\u00e1n pasar en Veracruz.. Esto podr\u00eda provocar un serio problema entre Javier Herrera y Manuel Huerta.. Ambos necesarios para Nahle para hacerla ganar.. Pero repudiados por el equipo de Cuitl\u00e1huac Garc\u00eda.. Pero dif\u00edcilmente se podr\u00e1n deshacer de Huerta, si \u00e9l fue quien gan\u00f3 la encuesta.. El ex delegado es muy peligroso si lo dejan fuera..<\/p>\n\n\n\n<p>El TERCER RUMOR es que Cuitl\u00e1huac \u00abplancho\u00bb al PVEM para meter por ah\u00ed como candidata a Dorheny Garc\u00eda.. Garantizando que le dar\u00e1 votos al PVEM para subir porcentaje electoral, que est\u00e1 en 3.6 por ciento en Veracruz.. Pag\u00e1ndoles la campa\u00f1a y subirlo al 7 por ciento.. Finalmente el PVEM es una \u00abfranquicia\u00bb y con ese \u00abacuerdo\u00bb los \u00abVerdes\u00bb se apuntalan porque no tiene nada.. S\u00f3lo 107 mil votos.. Adem\u00e1s les hace la promesa que MORENA no les quitar\u00eda nada como hizo despu\u00e9s del 2018.. Cu\u00e1l rumor creer.. LA DUDA QUEDA.. AMEN<\/p>\n","protected":false},"excerpt":{"rendered":"<p>Ricardo Chua Sale y Vale EXCLUSIVA, ENCUESTA DEL PRI EN VERACRUZ.. Hoy por la tarde, si alguna situaci\u00f3n rara no pasa, en la reuni\u00f3n que sostengan los aspirantes a gobernador por el PRI en Veracruz, en el comit\u00e9 nacional del partido con Alejandro Moreno C\u00e1rdenas, l\u00edder nacional priista.. Ah\u00ed a los citados: H\u00e9ctor Yunes, Jos\u00e9 [&hellip;]<\/p>\n","protected":false},"author":2,"featured_media":0,"comment_status":"closed","ping_status":"closed","sticky":false,"template":"","format":"standard","meta":{"tdm_status":"","tdm_grid_status":"","footnotes":""},"categories":[70],"tags":[618,1872,1563,348,1124,1850,1706,2908,1875,1026,246,251,264,3578,195],"class_list":{"0":"post-114738","1":"post","2":"type-post","3":"status-publish","4":"format-standard","6":"category-de-opinion","7":"tag-andres-manuel-lopez-obrador","8":"tag-anilu-ingram-vallines","9":"tag-cuitlahuac-garcia-jimenez","10":"tag-hector-yunes-landa","11":"tag-javier-herrera-borunda","12":"tag-manuel-huerta-ladron-de-guevara","13":"tag-marlon-ramirez","14":"tag-marlon-ramirez-marin","15":"tag-monica-robles-barajas","16":"tag-morena","17":"tag-pepe-yunes-zorrilla","18":"tag-pri","19":"tag-pvem","20":"tag-rocio-nahle","21":"tag-veracruz"},"yoast_head":"<!-- This site is optimized with the Yoast SEO plugin v27.4 - https:\/\/yoast.com\/product\/yoast-seo-wordpress\/ -->\n<title>ENCUESTA DEL PRI EN VERACRUZ - Los pol\u00edticos Veracruz<\/title>\n<meta name=\"robots\" content=\"index, follow, max-snippet:-1, max-image-preview:large, max-video-preview:-1\" \/>\n<link rel=\"canonical\" href=\"https:\/\/lospoliticosveracruz.com\/?p=114738\" \/>\n<meta property=\"og:locale\" content=\"es_ES\" \/>\n<meta property=\"og:type\" content=\"article\" \/>\n<meta property=\"og:title\" content=\"ENCUESTA DEL PRI EN VERACRUZ - Los pol\u00edticos Veracruz\" \/>\n<meta property=\"og:description\" content=\"Ricardo Chua Sale y Vale EXCLUSIVA, ENCUESTA DEL PRI EN VERACRUZ.. Hoy por la tarde, si alguna situaci\u00f3n rara no pasa, en la reuni\u00f3n que sostengan los aspirantes a gobernador por el PRI en Veracruz, en el comit\u00e9 nacional del partido con Alejandro Moreno C\u00e1rdenas, l\u00edder nacional priista.. Ah\u00ed a los citados: H\u00e9ctor Yunes, Jos\u00e9 [&hellip;]\" \/>\n<meta property=\"og:url\" content=\"https:\/\/lospoliticosveracruz.com\/?p=114738\" \/>\n<meta property=\"og:site_name\" content=\"Los pol\u00edticos Veracruz\" \/>\n<meta property=\"article:publisher\" content=\"https:\/\/www.facebook.com\/people\/Notimemes-de-los-Polticos\/61565672886568\/\" \/>\n<meta property=\"article:published_time\" content=\"2023-11-24T11:47:37+00:00\" \/>\n<meta property=\"article:modified_time\" content=\"2023-11-24T11:47:44+00:00\" \/>\n<meta property=\"og:image\" content=\"https:\/\/lospoliticosveracruz.com\/wp-content\/uploads\/2016\/07\/Logo-Dor.jpg\" \/>\n\t<meta property=\"og:image:width\" content=\"200\" \/>\n\t<meta property=\"og:image:height\" content=\"200\" \/>\n\t<meta property=\"og:image:type\" content=\"image\/jpeg\" \/>\n<meta name=\"author\" content=\"Lo viste en Los Pol\u00edticos\" \/>\n<meta name=\"twitter:card\" content=\"summary_large_image\" \/>\n<meta name=\"twitter:creator\" content=\"@LosPoliticosVer\" \/>\n<meta name=\"twitter:site\" content=\"@LosPoliticosVer\" \/>\n<meta name=\"twitter:label1\" content=\"Escrito por\" \/>\n\t<meta name=\"twitter:data1\" content=\"Lo viste en Los Pol\u00edticos\" \/>\n\t<meta name=\"twitter:label2\" content=\"Tiempo de lectura\" \/>\n\t<meta name=\"twitter:data2\" content=\"5 minutos\" \/>\n<script type=\"application\/ld+json\" class=\"yoast-schema-graph\">{\"@context\":\"https:\\\/\\\/schema.org\",\"@graph\":[{\"@type\":\"Article\",\"@id\":\"https:\\\/\\\/lospoliticosveracruz.com\\\/?p=114738#article\",\"isPartOf\":{\"@id\":\"https:\\\/\\\/lospoliticosveracruz.com\\\/?p=114738\"},\"author\":{\"name\":\"Lo viste en Los Pol\u00edticos\",\"@id\":\"https:\\\/\\\/lospoliticosveracruz.com\\\/#\\\/schema\\\/person\\\/b8702bb0e538456e6efd07080bf2a4a2\"},\"headline\":\"ENCUESTA DEL PRI EN VERACRUZ\",\"datePublished\":\"2023-11-24T11:47:37+00:00\",\"dateModified\":\"2023-11-24T11:47:44+00:00\",\"mainEntityOfPage\":{\"@id\":\"https:\\\/\\\/lospoliticosveracruz.com\\\/?p=114738\"},\"wordCount\":989,\"publisher\":{\"@id\":\"https:\\\/\\\/lospoliticosveracruz.com\\\/#organization\"},\"keywords\":[\"Andr\u00e9s Manuel L\u00f3pez Obrador\",\"Anil\u00fa Ingram Vallines\",\"Cuitl\u00e1huac Garc\u00eda Jim\u00e9nez\",\"H\u00e9ctor Yunes Landa\",\"Javier Herrera Borunda\",\"Manuel Huerta Ladr\u00f3n de Guevara\",\"Marlon Ram\u00edrez\",\"Marlon Ram\u00edrez Mar\u00edn\",\"M\u00f3nica Robles Barajas\",\"Morena\",\"Pepe Yunes Zorrilla\",\"PRI\",\"PVEM\",\"Roc\u00edo Nahle\",\"Veracruz\"],\"articleSection\":[\"De Opini\u00f3n\"],\"inLanguage\":\"es\"},{\"@type\":\"WebPage\",\"@id\":\"https:\\\/\\\/lospoliticosveracruz.com\\\/?p=114738\",\"url\":\"https:\\\/\\\/lospoliticosveracruz.com\\\/?p=114738\",\"name\":\"ENCUESTA DEL PRI EN VERACRUZ - Los pol\u00edticos Veracruz\",\"isPartOf\":{\"@id\":\"https:\\\/\\\/lospoliticosveracruz.com\\\/#website\"},\"datePublished\":\"2023-11-24T11:47:37+00:00\",\"dateModified\":\"2023-11-24T11:47:44+00:00\",\"breadcrumb\":{\"@id\":\"https:\\\/\\\/lospoliticosveracruz.com\\\/?p=114738#breadcrumb\"},\"inLanguage\":\"es\",\"potentialAction\":[{\"@type\":\"ReadAction\",\"target\":[\"https:\\\/\\\/lospoliticosveracruz.com\\\/?p=114738\"]}]},{\"@type\":\"BreadcrumbList\",\"@id\":\"https:\\\/\\\/lospoliticosveracruz.com\\\/?p=114738#breadcrumb\",\"itemListElement\":[{\"@type\":\"ListItem\",\"position\":1,\"name\":\"Portada\",\"item\":\"https:\\\/\\\/lospoliticosveracruz.com\\\/\"},{\"@type\":\"ListItem\",\"position\":2,\"name\":\"ENCUESTA DEL PRI EN VERACRUZ\"}]},{\"@type\":\"WebSite\",\"@id\":\"https:\\\/\\\/lospoliticosveracruz.com\\\/#website\",\"url\":\"https:\\\/\\\/lospoliticosveracruz.com\\\/\",\"name\":\"Los pol\u00edticos Veracruz\",\"description\":\"\",\"publisher\":{\"@id\":\"https:\\\/\\\/lospoliticosveracruz.com\\\/#organization\"},\"potentialAction\":[{\"@type\":\"SearchAction\",\"target\":{\"@type\":\"EntryPoint\",\"urlTemplate\":\"https:\\\/\\\/lospoliticosveracruz.com\\\/?s={search_term_string}\"},\"query-input\":{\"@type\":\"PropertyValueSpecification\",\"valueRequired\":true,\"valueName\":\"search_term_string\"}}],\"inLanguage\":\"es\"},{\"@type\":\"Organization\",\"@id\":\"https:\\\/\\\/lospoliticosveracruz.com\\\/#organization\",\"name\":\"Los pol\u00edticos Veracruz\",\"url\":\"https:\\\/\\\/lospoliticosveracruz.com\\\/\",\"logo\":{\"@type\":\"ImageObject\",\"inLanguage\":\"es\",\"@id\":\"https:\\\/\\\/lospoliticosveracruz.com\\\/#\\\/schema\\\/logo\\\/image\\\/\",\"url\":\"https:\\\/\\\/lospoliticosveracruz.com\\\/wp-content\\\/uploads\\\/2025\\\/12\\\/Logo-Nuevo-LOS-POLITICOS-1.jpg\",\"contentUrl\":\"https:\\\/\\\/lospoliticosveracruz.com\\\/wp-content\\\/uploads\\\/2025\\\/12\\\/Logo-Nuevo-LOS-POLITICOS-1.jpg\",\"width\":260,\"height\":70,\"caption\":\"Los pol\u00edticos Veracruz\"},\"image\":{\"@id\":\"https:\\\/\\\/lospoliticosveracruz.com\\\/#\\\/schema\\\/logo\\\/image\\\/\"},\"sameAs\":[\"https:\\\/\\\/www.facebook.com\\\/people\\\/Notimemes-de-los-Polticos\\\/61565672886568\\\/\",\"https:\\\/\\\/x.com\\\/LosPoliticosVer\"]},{\"@type\":\"Person\",\"@id\":\"https:\\\/\\\/lospoliticosveracruz.com\\\/#\\\/schema\\\/person\\\/b8702bb0e538456e6efd07080bf2a4a2\",\"name\":\"Lo viste en Los Pol\u00edticos\",\"image\":{\"@type\":\"ImageObject\",\"inLanguage\":\"es\",\"@id\":\"https:\\\/\\\/secure.gravatar.com\\\/avatar\\\/3a8de04a2656d44082be478bd6c086daa447c4651605818287b9532d3d0bd435?s=96&d=mm&r=g\",\"url\":\"https:\\\/\\\/secure.gravatar.com\\\/avatar\\\/3a8de04a2656d44082be478bd6c086daa447c4651605818287b9532d3d0bd435?s=96&d=mm&r=g\",\"contentUrl\":\"https:\\\/\\\/secure.gravatar.com\\\/avatar\\\/3a8de04a2656d44082be478bd6c086daa447c4651605818287b9532d3d0bd435?s=96&d=mm&r=g\",\"caption\":\"Lo viste en Los Pol\u00edticos\"},\"url\":\"https:\\\/\\\/lospoliticosveracruz.com\\\/?author=2\"}]}<\/script>\n<!-- \/ Yoast SEO plugin. -->","yoast_head_json":{"title":"ENCUESTA DEL PRI EN VERACRUZ - Los pol\u00edticos Veracruz","robots":{"index":"index","follow":"follow","max-snippet":"max-snippet:-1","max-image-preview":"max-image-preview:large","max-video-preview":"max-video-preview:-1"},"canonical":"https:\/\/lospoliticosveracruz.com\/?p=114738","og_locale":"es_ES","og_type":"article","og_title":"ENCUESTA DEL PRI EN VERACRUZ - Los pol\u00edticos Veracruz","og_description":"Ricardo Chua Sale y Vale EXCLUSIVA, ENCUESTA DEL PRI EN VERACRUZ.. Hoy por la tarde, si alguna situaci\u00f3n rara no pasa, en la reuni\u00f3n que sostengan los aspirantes a gobernador por el PRI en Veracruz, en el comit\u00e9 nacional del partido con Alejandro Moreno C\u00e1rdenas, l\u00edder nacional priista.. Ah\u00ed a los citados: H\u00e9ctor Yunes, Jos\u00e9 [&hellip;]","og_url":"https:\/\/lospoliticosveracruz.com\/?p=114738","og_site_name":"Los pol\u00edticos Veracruz","article_publisher":"https:\/\/www.facebook.com\/people\/Notimemes-de-los-Polticos\/61565672886568\/","article_published_time":"2023-11-24T11:47:37+00:00","article_modified_time":"2023-11-24T11:47:44+00:00","og_image":[{"width":200,"height":200,"url":"https:\/\/lospoliticosveracruz.com\/wp-content\/uploads\/2016\/07\/Logo-Dor.jpg","type":"image\/jpeg"}],"author":"Lo viste en Los Pol\u00edticos","twitter_card":"summary_large_image","twitter_creator":"@LosPoliticosVer","twitter_site":"@LosPoliticosVer","twitter_misc":{"Escrito por":"Lo viste en Los Pol\u00edticos","Tiempo de lectura":"5 minutos"},"schema":{"@context":"https:\/\/schema.org","@graph":[{"@type":"Article","@id":"https:\/\/lospoliticosveracruz.com\/?p=114738#article","isPartOf":{"@id":"https:\/\/lospoliticosveracruz.com\/?p=114738"},"author":{"name":"Lo viste en Los Pol\u00edticos","@id":"https:\/\/lospoliticosveracruz.com\/#\/schema\/person\/b8702bb0e538456e6efd07080bf2a4a2"},"headline":"ENCUESTA DEL PRI EN VERACRUZ","datePublished":"2023-11-24T11:47:37+00:00","dateModified":"2023-11-24T11:47:44+00:00","mainEntityOfPage":{"@id":"https:\/\/lospoliticosveracruz.com\/?p=114738"},"wordCount":989,"publisher":{"@id":"https:\/\/lospoliticosveracruz.com\/#organization"},"keywords":["Andr\u00e9s Manuel L\u00f3pez Obrador","Anil\u00fa Ingram Vallines","Cuitl\u00e1huac Garc\u00eda Jim\u00e9nez","H\u00e9ctor Yunes Landa","Javier Herrera Borunda","Manuel Huerta Ladr\u00f3n de Guevara","Marlon Ram\u00edrez","Marlon Ram\u00edrez Mar\u00edn","M\u00f3nica Robles Barajas","Morena","Pepe Yunes Zorrilla","PRI","PVEM","Roc\u00edo Nahle","Veracruz"],"articleSection":["De Opini\u00f3n"],"inLanguage":"es"},{"@type":"WebPage","@id":"https:\/\/lospoliticosveracruz.com\/?p=114738","url":"https:\/\/lospoliticosveracruz.com\/?p=114738","name":"ENCUESTA DEL PRI EN VERACRUZ - Los pol\u00edticos Veracruz","isPartOf":{"@id":"https:\/\/lospoliticosveracruz.com\/#website"},"datePublished":"2023-11-24T11:47:37+00:00","dateModified":"2023-11-24T11:47:44+00:00","breadcrumb":{"@id":"https:\/\/lospoliticosveracruz.com\/?p=114738#breadcrumb"},"inLanguage":"es","potentialAction":[{"@type":"ReadAction","target":["https:\/\/lospoliticosveracruz.com\/?p=114738"]}]},{"@type":"BreadcrumbList","@id":"https:\/\/lospoliticosveracruz.com\/?p=114738#breadcrumb","itemListElement":[{"@type":"ListItem","position":1,"name":"Portada","item":"https:\/\/lospoliticosveracruz.com\/"},{"@type":"ListItem","position":2,"name":"ENCUESTA DEL PRI EN VERACRUZ"}]},{"@type":"WebSite","@id":"https:\/\/lospoliticosveracruz.com\/#website","url":"https:\/\/lospoliticosveracruz.com\/","name":"Los pol\u00edticos Veracruz","description":"","publisher":{"@id":"https:\/\/lospoliticosveracruz.com\/#organization"},"potentialAction":[{"@type":"SearchAction","target":{"@type":"EntryPoint","urlTemplate":"https:\/\/lospoliticosveracruz.com\/?s={search_term_string}"},"query-input":{"@type":"PropertyValueSpecification","valueRequired":true,"valueName":"search_term_string"}}],"inLanguage":"es"},{"@type":"Organization","@id":"https:\/\/lospoliticosveracruz.com\/#organization","name":"Los pol\u00edticos Veracruz","url":"https:\/\/lospoliticosveracruz.com\/","logo":{"@type":"ImageObject","inLanguage":"es","@id":"https:\/\/lospoliticosveracruz.com\/#\/schema\/logo\/image\/","url":"https:\/\/lospoliticosveracruz.com\/wp-content\/uploads\/2025\/12\/Logo-Nuevo-LOS-POLITICOS-1.jpg","contentUrl":"https:\/\/lospoliticosveracruz.com\/wp-content\/uploads\/2025\/12\/Logo-Nuevo-LOS-POLITICOS-1.jpg","width":260,"height":70,"caption":"Los pol\u00edticos Veracruz"},"image":{"@id":"https:\/\/lospoliticosveracruz.com\/#\/schema\/logo\/image\/"},"sameAs":["https:\/\/www.facebook.com\/people\/Notimemes-de-los-Polticos\/61565672886568\/","https:\/\/x.com\/LosPoliticosVer"]},{"@type":"Person","@id":"https:\/\/lospoliticosveracruz.com\/#\/schema\/person\/b8702bb0e538456e6efd07080bf2a4a2","name":"Lo viste en Los Pol\u00edticos","image":{"@type":"ImageObject","inLanguage":"es","@id":"https:\/\/secure.gravatar.com\/avatar\/3a8de04a2656d44082be478bd6c086daa447c4651605818287b9532d3d0bd435?s=96&d=mm&r=g","url":"https:\/\/secure.gravatar.com\/avatar\/3a8de04a2656d44082be478bd6c086daa447c4651605818287b9532d3d0bd435?s=96&d=mm&r=g","contentUrl":"https:\/\/secure.gravatar.com\/avatar\/3a8de04a2656d44082be478bd6c086daa447c4651605818287b9532d3d0bd435?s=96&d=mm&r=g","caption":"Lo viste en Los Pol\u00edticos"},"url":"https:\/\/lospoliticosveracruz.com\/?author=2"}]}},"_links":{"self":[{"href":"https:\/\/lospoliticosveracruz.com\/index.php?rest_route=\/wp\/v2\/posts\/114738","targetHints":{"allow":["GET"]}}],"collection":[{"href":"https:\/\/lospoliticosveracruz.com\/index.php?rest_route=\/wp\/v2\/posts"}],"about":[{"href":"https:\/\/lospoliticosveracruz.com\/index.php?rest_route=\/wp\/v2\/types\/post"}],"author":[{"embeddable":true,"href":"https:\/\/lospoliticosveracruz.com\/index.php?rest_route=\/wp\/v2\/users\/2"}],"replies":[{"embeddable":true,"href":"https:\/\/lospoliticosveracruz.com\/index.php?rest_route=%2Fwp%2Fv2%2Fcomments&post=114738"}],"version-history":[{"count":1,"href":"https:\/\/lospoliticosveracruz.com\/index.php?rest_route=\/wp\/v2\/posts\/114738\/revisions"}],"predecessor-version":[{"id":114740,"href":"https:\/\/lospoliticosveracruz.com\/index.php?rest_route=\/wp\/v2\/posts\/114738\/revisions\/114740"}],"wp:attachment":[{"href":"https:\/\/lospoliticosveracruz.com\/index.php?rest_route=%2Fwp%2Fv2%2Fmedia&parent=114738"}],"wp:term":[{"taxonomy":"category","embeddable":true,"href":"https:\/\/lospoliticosveracruz.com\/index.php?rest_route=%2Fwp%2Fv2%2Fcategories&post=114738"},{"taxonomy":"post_tag","embeddable":true,"href":"https:\/\/lospoliticosveracruz.com\/index.php?rest_route=%2Fwp%2Fv2%2Ftags&post=114738"}],"curies":[{"name":"wp","href":"https:\/\/api.w.org\/{rel}","templated":true}]}}