{"id":114745,"date":"2023-11-24T09:28:35","date_gmt":"2023-11-24T15:28:35","guid":{"rendered":"https:\/\/lospoliticosveracruz.com.mx\/?p=114745"},"modified":"2023-11-24T09:28:41","modified_gmt":"2023-11-24T15:28:41","slug":"pide-que-lo-incluyan","status":"publish","type":"post","link":"https:\/\/lospoliticosveracruz.com\/?p=114745","title":{"rendered":"PIDE QUE LO INCLUYAN"},"content":{"rendered":"\n<p><strong>Oved Contreras<\/strong><\/p>\n\n\n\n<p><em>Secas Mecas<\/em><\/p>\n\n\n\n<p>A unas horas de que el PRI informe el resultado de la encuesta para conocer al mejor posicionado de entre seis aspirantes, y que ser\u00eda el candidato del Frente Amplio por M\u00e9xico a la gubernatura de Veracruz, el panista Julen Rementer\u00eda del Puerto, exige se le incluya en el m\u00e9todo de selecci\u00f3n.<\/p>\n\n\n<div class=\"wp-block-image\">\n<figure class=\"alignleft size-medium\"><a href=\"https:\/\/lospoliticosveracruz.com.mx\/wp-content\/uploads\/2021\/10\/Zacauilt.jpg\"><img decoding=\"async\" src=\"https:\/\/lospoliticosveracruz.com.mx\/wp-content\/uploads\/2021\/10\/Zacauilt-150x300.jpg\" alt=\"\" class=\"wp-image-80558\"\/><\/a><\/figure>\n<\/div>\n\n\n<p>\u201cLa decisi\u00f3n no debe debe ser cupular, sino basada en la competitividad. Lo he dicho y lo reitero. Tengo la trayectoria, la experiencia y el valor para corregir el rumbo de Veracruz\u201d, escribi\u00f3 el senador en sus redes sociales.<\/p>\n\n\n\n<p>La semana pasada, la dirigencia nacional del PRI sostuvo una reuni\u00f3n con seis aspirantes priistas que se someter\u00edan a una encuesta para saber qui\u00e9n est\u00e1 mejor posicionado, y esa persona ser\u00eda el candidato o candidata a la gubernatura por el FAM. Aunque en lista aparecen Anil\u00fa Ingram, Lorena Pi\u00f1\u00f3n, Pepe y H\u00e9ctor Yunes, Marlon Ram\u00edrez y Cirilo V\u00e1zquez, parece que pretenden imponer al perote\u00f1o Pepe Yunes quien ya fue candidato y cay\u00f3 al tercer lugar.<\/p>\n\n\n\n<p>El Consejo C\u00edvico Veracruzano hizo un llamado al PRI no solo para que sean integrados otros ciudadanos a la encuesta, sino adem\u00e1s que se incluyan otras herramientas para ciudadanizar m\u00e1s el proceso: foros, un debate entre todos los aspirantes y dos encuestas. El organismo pidi\u00f3 incluir a Julen Rementer\u00eda, Marcos Salas Contreras y Juan Bueno Torio, a la lista de aspirantes.<\/p>\n\n\n\n<p>Al respecto, Julen Remeter\u00eda escribi\u00f3 en sus redes: \u201cPara fortalecer la democracia se debe predicar con el ejemplo. La selecci\u00f3n del candidato o candidata a Gobernador de Veracruz del Frente Amplio por M\u00e9xico, debe surgir de un proceso abierto, plural, equitativo\u201d.<\/p>\n\n\n\n<p>Pero parece que se le vino el tiempo encima y el PRI de Alito se la jugar\u00eda con sus cartas, y que dentro de las negociaciones habr\u00edan dejado la primera f\u00f3rmula al Senado para el PAN, y que el sitio ser\u00eda para Fernando Yunes M\u00e1rquez mientras que la segunda f\u00f3rmula ser\u00eda para una mujer del PRD\u2026Julen se quedar\u00eda con las manos vac\u00edas\u2026por eso su gente se opuso en el pasado consejo estatal a que el PAN fuera en alianza para la gubernatura de Veracruz.<\/p>\n\n\n\n<p><strong>LE PONEN OJOS A ISLA<\/strong>\u2026Como la Fiscal\u00eda ni el Congreso de Veracruz puso orden y llam\u00f3 a cuentas al alcalde de Isla, Gustavo Alfonso Torres, la Comisi\u00f3n Interamericana de Derechos Humanos hizo lo propio y concedi\u00f3 medidas cautelares a la s\u00edndica Ivania Dolores R\u00edos L\u00e1zaro y Silvestre Marl\u00edn.<\/p>\n\n\n\n<p>\u00c9l asistente de la sindica est\u00e1 desaparecido desde el 15 de septiembre de este a\u00f1o. La s\u00edndica teme por su vida. Su \u00fanica falta fue haber cuestionado los estados financieros y haber protestado porque el alcalde no la convocaba a las sesiones de Cabildo.<\/p>\n\n\n\n<p>La Comisi\u00f3n Interamericana de Derechos Humanos (CIDH), dependiente de la Organizaci\u00f3n de los Estados Americanos (OEA), determin\u00f3 que Ivania Dolores R\u00edos L\u00e1zaro, s\u00edndica \u00fanica del municipio de Isla, est\u00e1 en riesgo de ser asesinada a ra\u00edz de las amenazas que recibi\u00f3 por parte del alcalde Gustavo Alfonso Torres, de extracci\u00f3n morenista.<\/p>\n\n\n\n<p>En la resoluci\u00f3n 69\/2023 emitida por la CIDH el 20 de noviembre, se concluy\u00f3 que existe una situaci\u00f3n de riesgo para la integridad de la s\u00edndica de Isla, por mantener la fiscalizaci\u00f3n a los manejos financieros que hace el alcalde Gustavo Alfonso Torres, y que presuntamente podr\u00edan caer en abusos y saqueo a las arcas municipales.<\/p>\n\n\n\n<p>Tambi\u00e9n se document\u00f3 que al menos en dos ocasiones desde mayo, Ivania Dolores del R\u00edo L\u00e1zaro, as\u00ed como otros integrantes del cabildo de Isla, han sido amenazados de muerte por parte del alcalde \u2013cercano al ex secretario de Gobierno, Eric Cisneros Burgos\u2013, tras negarse a firmarle documentos relacionados con la Cuenta P\u00fablica para maquillar los supuestos malos manejos financieros.<\/p>\n\n\n\n<p>El caso le puede traer consecuencias tambi\u00e9n a Patros\u00edsmico Cisneros que dicen le brind\u00f3 inmunidad al alcalde de Isla para que hiciera lo que quisiera con tal de que apoyara su sue\u00f1o guajiro de ser candidato. El chambero en el sur nos dice que seg\u00fan el pr\u00f3ximo domingo estar\u00e1 don Boludo en Isla.<\/p>\n","protected":false},"excerpt":{"rendered":"<p>Oved Contreras Secas Mecas A unas horas de que el PRI informe el resultado de la encuesta para conocer al mejor posicionado de entre seis aspirantes, y que ser\u00eda el candidato del Frente Amplio por M\u00e9xico a la gubernatura de Veracruz, el panista Julen Rementer\u00eda del Puerto, exige se le incluya en el m\u00e9todo de [&hellip;]<\/p>\n","protected":false},"author":2,"featured_media":0,"comment_status":"closed","ping_status":"closed","sticky":false,"template":"","format":"standard","meta":{"tdm_status":"","tdm_grid_status":"","footnotes":""},"categories":[70],"tags":[38524,119,1130,1070,2908,246],"class_list":{"0":"post-114745","1":"post","2":"type-post","3":"status-publish","4":"format-standard","6":"category-de-opinion","7":"tag-frente-amplio-por-mexico","8":"tag-hector-yunes","9":"tag-julen-rementeria","10":"tag-lorena-pinon","11":"tag-marlon-ramirez-marin","12":"tag-pepe-yunes-zorrilla"},"yoast_head":"<!-- This site is optimized with the Yoast SEO plugin v27.4 - https:\/\/yoast.com\/product\/yoast-seo-wordpress\/ -->\n<title>PIDE QUE LO INCLUYAN - Los pol\u00edticos Veracruz<\/title>\n<meta name=\"robots\" content=\"index, follow, max-snippet:-1, max-image-preview:large, max-video-preview:-1\" \/>\n<link rel=\"canonical\" href=\"https:\/\/lospoliticosveracruz.com\/?p=114745\" \/>\n<meta property=\"og:locale\" content=\"es_ES\" \/>\n<meta property=\"og:type\" content=\"article\" \/>\n<meta property=\"og:title\" content=\"PIDE QUE LO INCLUYAN - Los pol\u00edticos Veracruz\" \/>\n<meta property=\"og:description\" content=\"Oved Contreras Secas Mecas A unas horas de que el PRI informe el resultado de la encuesta para conocer al mejor posicionado de entre seis aspirantes, y que ser\u00eda el candidato del Frente Amplio por M\u00e9xico a la gubernatura de Veracruz, el panista Julen Rementer\u00eda del Puerto, exige se le incluya en el m\u00e9todo de [&hellip;]\" \/>\n<meta property=\"og:url\" content=\"https:\/\/lospoliticosveracruz.com\/?p=114745\" \/>\n<meta property=\"og:site_name\" content=\"Los pol\u00edticos Veracruz\" \/>\n<meta property=\"article:publisher\" content=\"https:\/\/www.facebook.com\/people\/Notimemes-de-los-Polticos\/61565672886568\/\" \/>\n<meta property=\"article:published_time\" content=\"2023-11-24T15:28:35+00:00\" \/>\n<meta property=\"article:modified_time\" content=\"2023-11-24T15:28:41+00:00\" \/>\n<meta property=\"og:image\" content=\"https:\/\/lospoliticosveracruz.com.mx\/wp-content\/uploads\/2021\/10\/Zacauilt-150x300.jpg\" \/>\n<meta name=\"author\" content=\"Lo viste en Los Pol\u00edticos\" \/>\n<meta name=\"twitter:card\" content=\"summary_large_image\" \/>\n<meta name=\"twitter:creator\" content=\"@LosPoliticosVer\" \/>\n<meta name=\"twitter:site\" content=\"@LosPoliticosVer\" \/>\n<meta name=\"twitter:label1\" content=\"Escrito por\" \/>\n\t<meta name=\"twitter:data1\" content=\"Lo viste en Los Pol\u00edticos\" \/>\n\t<meta name=\"twitter:label2\" content=\"Tiempo de lectura\" \/>\n\t<meta name=\"twitter:data2\" content=\"4 minutos\" \/>\n<script type=\"application\/ld+json\" class=\"yoast-schema-graph\">{\"@context\":\"https:\\\/\\\/schema.org\",\"@graph\":[{\"@type\":\"Article\",\"@id\":\"https:\\\/\\\/lospoliticosveracruz.com\\\/?p=114745#article\",\"isPartOf\":{\"@id\":\"https:\\\/\\\/lospoliticosveracruz.com\\\/?p=114745\"},\"author\":{\"name\":\"Lo viste en Los Pol\u00edticos\",\"@id\":\"https:\\\/\\\/lospoliticosveracruz.com\\\/#\\\/schema\\\/person\\\/b8702bb0e538456e6efd07080bf2a4a2\"},\"headline\":\"PIDE QUE LO INCLUYAN\",\"datePublished\":\"2023-11-24T15:28:35+00:00\",\"dateModified\":\"2023-11-24T15:28:41+00:00\",\"mainEntityOfPage\":{\"@id\":\"https:\\\/\\\/lospoliticosveracruz.com\\\/?p=114745\"},\"wordCount\":731,\"publisher\":{\"@id\":\"https:\\\/\\\/lospoliticosveracruz.com\\\/#organization\"},\"image\":{\"@id\":\"https:\\\/\\\/lospoliticosveracruz.com\\\/?p=114745#primaryimage\"},\"thumbnailUrl\":\"https:\\\/\\\/lospoliticosveracruz.com.mx\\\/wp-content\\\/uploads\\\/2021\\\/10\\\/Zacauilt-150x300.jpg\",\"keywords\":[\"Frente Amplio por M\u00e9xico\",\"H\u00e9ctor Yunes\",\"Julen Rementer\u00eda\",\"Lorena Pi\u00f1\u00f3n\",\"Marlon Ram\u00edrez Mar\u00edn\",\"Pepe Yunes Zorrilla\"],\"articleSection\":[\"De Opini\u00f3n\"],\"inLanguage\":\"es\"},{\"@type\":\"WebPage\",\"@id\":\"https:\\\/\\\/lospoliticosveracruz.com\\\/?p=114745\",\"url\":\"https:\\\/\\\/lospoliticosveracruz.com\\\/?p=114745\",\"name\":\"PIDE QUE LO INCLUYAN - Los pol\u00edticos Veracruz\",\"isPartOf\":{\"@id\":\"https:\\\/\\\/lospoliticosveracruz.com\\\/#website\"},\"primaryImageOfPage\":{\"@id\":\"https:\\\/\\\/lospoliticosveracruz.com\\\/?p=114745#primaryimage\"},\"image\":{\"@id\":\"https:\\\/\\\/lospoliticosveracruz.com\\\/?p=114745#primaryimage\"},\"thumbnailUrl\":\"https:\\\/\\\/lospoliticosveracruz.com.mx\\\/wp-content\\\/uploads\\\/2021\\\/10\\\/Zacauilt-150x300.jpg\",\"datePublished\":\"2023-11-24T15:28:35+00:00\",\"dateModified\":\"2023-11-24T15:28:41+00:00\",\"breadcrumb\":{\"@id\":\"https:\\\/\\\/lospoliticosveracruz.com\\\/?p=114745#breadcrumb\"},\"inLanguage\":\"es\",\"potentialAction\":[{\"@type\":\"ReadAction\",\"target\":[\"https:\\\/\\\/lospoliticosveracruz.com\\\/?p=114745\"]}]},{\"@type\":\"ImageObject\",\"inLanguage\":\"es\",\"@id\":\"https:\\\/\\\/lospoliticosveracruz.com\\\/?p=114745#primaryimage\",\"url\":\"https:\\\/\\\/lospoliticosveracruz.com.mx\\\/wp-content\\\/uploads\\\/2021\\\/10\\\/Zacauilt-150x300.jpg\",\"contentUrl\":\"https:\\\/\\\/lospoliticosveracruz.com.mx\\\/wp-content\\\/uploads\\\/2021\\\/10\\\/Zacauilt-150x300.jpg\"},{\"@type\":\"BreadcrumbList\",\"@id\":\"https:\\\/\\\/lospoliticosveracruz.com\\\/?p=114745#breadcrumb\",\"itemListElement\":[{\"@type\":\"ListItem\",\"position\":1,\"name\":\"Portada\",\"item\":\"https:\\\/\\\/lospoliticosveracruz.com\\\/\"},{\"@type\":\"ListItem\",\"position\":2,\"name\":\"PIDE QUE LO INCLUYAN\"}]},{\"@type\":\"WebSite\",\"@id\":\"https:\\\/\\\/lospoliticosveracruz.com\\\/#website\",\"url\":\"https:\\\/\\\/lospoliticosveracruz.com\\\/\",\"name\":\"Los pol\u00edticos Veracruz\",\"description\":\"\",\"publisher\":{\"@id\":\"https:\\\/\\\/lospoliticosveracruz.com\\\/#organization\"},\"potentialAction\":[{\"@type\":\"SearchAction\",\"target\":{\"@type\":\"EntryPoint\",\"urlTemplate\":\"https:\\\/\\\/lospoliticosveracruz.com\\\/?s={search_term_string}\"},\"query-input\":{\"@type\":\"PropertyValueSpecification\",\"valueRequired\":true,\"valueName\":\"search_term_string\"}}],\"inLanguage\":\"es\"},{\"@type\":\"Organization\",\"@id\":\"https:\\\/\\\/lospoliticosveracruz.com\\\/#organization\",\"name\":\"Los pol\u00edticos Veracruz\",\"url\":\"https:\\\/\\\/lospoliticosveracruz.com\\\/\",\"logo\":{\"@type\":\"ImageObject\",\"inLanguage\":\"es\",\"@id\":\"https:\\\/\\\/lospoliticosveracruz.com\\\/#\\\/schema\\\/logo\\\/image\\\/\",\"url\":\"https:\\\/\\\/lospoliticosveracruz.com\\\/wp-content\\\/uploads\\\/2025\\\/12\\\/Logo-Nuevo-LOS-POLITICOS-1.jpg\",\"contentUrl\":\"https:\\\/\\\/lospoliticosveracruz.com\\\/wp-content\\\/uploads\\\/2025\\\/12\\\/Logo-Nuevo-LOS-POLITICOS-1.jpg\",\"width\":260,\"height\":70,\"caption\":\"Los pol\u00edticos Veracruz\"},\"image\":{\"@id\":\"https:\\\/\\\/lospoliticosveracruz.com\\\/#\\\/schema\\\/logo\\\/image\\\/\"},\"sameAs\":[\"https:\\\/\\\/www.facebook.com\\\/people\\\/Notimemes-de-los-Polticos\\\/61565672886568\\\/\",\"https:\\\/\\\/x.com\\\/LosPoliticosVer\"]},{\"@type\":\"Person\",\"@id\":\"https:\\\/\\\/lospoliticosveracruz.com\\\/#\\\/schema\\\/person\\\/b8702bb0e538456e6efd07080bf2a4a2\",\"name\":\"Lo viste en Los Pol\u00edticos\",\"image\":{\"@type\":\"ImageObject\",\"inLanguage\":\"es\",\"@id\":\"https:\\\/\\\/secure.gravatar.com\\\/avatar\\\/3a8de04a2656d44082be478bd6c086daa447c4651605818287b9532d3d0bd435?s=96&d=mm&r=g\",\"url\":\"https:\\\/\\\/secure.gravatar.com\\\/avatar\\\/3a8de04a2656d44082be478bd6c086daa447c4651605818287b9532d3d0bd435?s=96&d=mm&r=g\",\"contentUrl\":\"https:\\\/\\\/secure.gravatar.com\\\/avatar\\\/3a8de04a2656d44082be478bd6c086daa447c4651605818287b9532d3d0bd435?s=96&d=mm&r=g\",\"caption\":\"Lo viste en Los Pol\u00edticos\"},\"url\":\"https:\\\/\\\/lospoliticosveracruz.com\\\/?author=2\"}]}<\/script>\n<!-- \/ Yoast SEO plugin. -->","yoast_head_json":{"title":"PIDE QUE LO INCLUYAN - Los pol\u00edticos Veracruz","robots":{"index":"index","follow":"follow","max-snippet":"max-snippet:-1","max-image-preview":"max-image-preview:large","max-video-preview":"max-video-preview:-1"},"canonical":"https:\/\/lospoliticosveracruz.com\/?p=114745","og_locale":"es_ES","og_type":"article","og_title":"PIDE QUE LO INCLUYAN - Los pol\u00edticos Veracruz","og_description":"Oved Contreras Secas Mecas A unas horas de que el PRI informe el resultado de la encuesta para conocer al mejor posicionado de entre seis aspirantes, y que ser\u00eda el candidato del Frente Amplio por M\u00e9xico a la gubernatura de Veracruz, el panista Julen Rementer\u00eda del Puerto, exige se le incluya en el m\u00e9todo de [&hellip;]","og_url":"https:\/\/lospoliticosveracruz.com\/?p=114745","og_site_name":"Los pol\u00edticos Veracruz","article_publisher":"https:\/\/www.facebook.com\/people\/Notimemes-de-los-Polticos\/61565672886568\/","article_published_time":"2023-11-24T15:28:35+00:00","article_modified_time":"2023-11-24T15:28:41+00:00","og_image":[{"url":"https:\/\/lospoliticosveracruz.com.mx\/wp-content\/uploads\/2021\/10\/Zacauilt-150x300.jpg","type":"","width":"","height":""}],"author":"Lo viste en Los Pol\u00edticos","twitter_card":"summary_large_image","twitter_creator":"@LosPoliticosVer","twitter_site":"@LosPoliticosVer","twitter_misc":{"Escrito por":"Lo viste en Los Pol\u00edticos","Tiempo de lectura":"4 minutos"},"schema":{"@context":"https:\/\/schema.org","@graph":[{"@type":"Article","@id":"https:\/\/lospoliticosveracruz.com\/?p=114745#article","isPartOf":{"@id":"https:\/\/lospoliticosveracruz.com\/?p=114745"},"author":{"name":"Lo viste en Los Pol\u00edticos","@id":"https:\/\/lospoliticosveracruz.com\/#\/schema\/person\/b8702bb0e538456e6efd07080bf2a4a2"},"headline":"PIDE QUE LO INCLUYAN","datePublished":"2023-11-24T15:28:35+00:00","dateModified":"2023-11-24T15:28:41+00:00","mainEntityOfPage":{"@id":"https:\/\/lospoliticosveracruz.com\/?p=114745"},"wordCount":731,"publisher":{"@id":"https:\/\/lospoliticosveracruz.com\/#organization"},"image":{"@id":"https:\/\/lospoliticosveracruz.com\/?p=114745#primaryimage"},"thumbnailUrl":"https:\/\/lospoliticosveracruz.com.mx\/wp-content\/uploads\/2021\/10\/Zacauilt-150x300.jpg","keywords":["Frente Amplio por M\u00e9xico","H\u00e9ctor Yunes","Julen Rementer\u00eda","Lorena Pi\u00f1\u00f3n","Marlon Ram\u00edrez Mar\u00edn","Pepe Yunes Zorrilla"],"articleSection":["De Opini\u00f3n"],"inLanguage":"es"},{"@type":"WebPage","@id":"https:\/\/lospoliticosveracruz.com\/?p=114745","url":"https:\/\/lospoliticosveracruz.com\/?p=114745","name":"PIDE QUE LO INCLUYAN - Los pol\u00edticos Veracruz","isPartOf":{"@id":"https:\/\/lospoliticosveracruz.com\/#website"},"primaryImageOfPage":{"@id":"https:\/\/lospoliticosveracruz.com\/?p=114745#primaryimage"},"image":{"@id":"https:\/\/lospoliticosveracruz.com\/?p=114745#primaryimage"},"thumbnailUrl":"https:\/\/lospoliticosveracruz.com.mx\/wp-content\/uploads\/2021\/10\/Zacauilt-150x300.jpg","datePublished":"2023-11-24T15:28:35+00:00","dateModified":"2023-11-24T15:28:41+00:00","breadcrumb":{"@id":"https:\/\/lospoliticosveracruz.com\/?p=114745#breadcrumb"},"inLanguage":"es","potentialAction":[{"@type":"ReadAction","target":["https:\/\/lospoliticosveracruz.com\/?p=114745"]}]},{"@type":"ImageObject","inLanguage":"es","@id":"https:\/\/lospoliticosveracruz.com\/?p=114745#primaryimage","url":"https:\/\/lospoliticosveracruz.com.mx\/wp-content\/uploads\/2021\/10\/Zacauilt-150x300.jpg","contentUrl":"https:\/\/lospoliticosveracruz.com.mx\/wp-content\/uploads\/2021\/10\/Zacauilt-150x300.jpg"},{"@type":"BreadcrumbList","@id":"https:\/\/lospoliticosveracruz.com\/?p=114745#breadcrumb","itemListElement":[{"@type":"ListItem","position":1,"name":"Portada","item":"https:\/\/lospoliticosveracruz.com\/"},{"@type":"ListItem","position":2,"name":"PIDE QUE LO INCLUYAN"}]},{"@type":"WebSite","@id":"https:\/\/lospoliticosveracruz.com\/#website","url":"https:\/\/lospoliticosveracruz.com\/","name":"Los pol\u00edticos Veracruz","description":"","publisher":{"@id":"https:\/\/lospoliticosveracruz.com\/#organization"},"potentialAction":[{"@type":"SearchAction","target":{"@type":"EntryPoint","urlTemplate":"https:\/\/lospoliticosveracruz.com\/?s={search_term_string}"},"query-input":{"@type":"PropertyValueSpecification","valueRequired":true,"valueName":"search_term_string"}}],"inLanguage":"es"},{"@type":"Organization","@id":"https:\/\/lospoliticosveracruz.com\/#organization","name":"Los pol\u00edticos Veracruz","url":"https:\/\/lospoliticosveracruz.com\/","logo":{"@type":"ImageObject","inLanguage":"es","@id":"https:\/\/lospoliticosveracruz.com\/#\/schema\/logo\/image\/","url":"https:\/\/lospoliticosveracruz.com\/wp-content\/uploads\/2025\/12\/Logo-Nuevo-LOS-POLITICOS-1.jpg","contentUrl":"https:\/\/lospoliticosveracruz.com\/wp-content\/uploads\/2025\/12\/Logo-Nuevo-LOS-POLITICOS-1.jpg","width":260,"height":70,"caption":"Los pol\u00edticos Veracruz"},"image":{"@id":"https:\/\/lospoliticosveracruz.com\/#\/schema\/logo\/image\/"},"sameAs":["https:\/\/www.facebook.com\/people\/Notimemes-de-los-Polticos\/61565672886568\/","https:\/\/x.com\/LosPoliticosVer"]},{"@type":"Person","@id":"https:\/\/lospoliticosveracruz.com\/#\/schema\/person\/b8702bb0e538456e6efd07080bf2a4a2","name":"Lo viste en Los Pol\u00edticos","image":{"@type":"ImageObject","inLanguage":"es","@id":"https:\/\/secure.gravatar.com\/avatar\/3a8de04a2656d44082be478bd6c086daa447c4651605818287b9532d3d0bd435?s=96&d=mm&r=g","url":"https:\/\/secure.gravatar.com\/avatar\/3a8de04a2656d44082be478bd6c086daa447c4651605818287b9532d3d0bd435?s=96&d=mm&r=g","contentUrl":"https:\/\/secure.gravatar.com\/avatar\/3a8de04a2656d44082be478bd6c086daa447c4651605818287b9532d3d0bd435?s=96&d=mm&r=g","caption":"Lo viste en Los Pol\u00edticos"},"url":"https:\/\/lospoliticosveracruz.com\/?author=2"}]}},"_links":{"self":[{"href":"https:\/\/lospoliticosveracruz.com\/index.php?rest_route=\/wp\/v2\/posts\/114745","targetHints":{"allow":["GET"]}}],"collection":[{"href":"https:\/\/lospoliticosveracruz.com\/index.php?rest_route=\/wp\/v2\/posts"}],"about":[{"href":"https:\/\/lospoliticosveracruz.com\/index.php?rest_route=\/wp\/v2\/types\/post"}],"author":[{"embeddable":true,"href":"https:\/\/lospoliticosveracruz.com\/index.php?rest_route=\/wp\/v2\/users\/2"}],"replies":[{"embeddable":true,"href":"https:\/\/lospoliticosveracruz.com\/index.php?rest_route=%2Fwp%2Fv2%2Fcomments&post=114745"}],"version-history":[{"count":1,"href":"https:\/\/lospoliticosveracruz.com\/index.php?rest_route=\/wp\/v2\/posts\/114745\/revisions"}],"predecessor-version":[{"id":114746,"href":"https:\/\/lospoliticosveracruz.com\/index.php?rest_route=\/wp\/v2\/posts\/114745\/revisions\/114746"}],"wp:attachment":[{"href":"https:\/\/lospoliticosveracruz.com\/index.php?rest_route=%2Fwp%2Fv2%2Fmedia&parent=114745"}],"wp:term":[{"taxonomy":"category","embeddable":true,"href":"https:\/\/lospoliticosveracruz.com\/index.php?rest_route=%2Fwp%2Fv2%2Fcategories&post=114745"},{"taxonomy":"post_tag","embeddable":true,"href":"https:\/\/lospoliticosveracruz.com\/index.php?rest_route=%2Fwp%2Fv2%2Ftags&post=114745"}],"curies":[{"name":"wp","href":"https:\/\/api.w.org\/{rel}","templated":true}]}}