{"id":114747,"date":"2023-11-24T13:06:22","date_gmt":"2023-11-24T19:06:22","guid":{"rendered":"https:\/\/lospoliticosveracruz.com.mx\/?p=114747"},"modified":"2023-11-24T13:06:26","modified_gmt":"2023-11-24T19:06:26","slug":"ciudad-isla-y-la-cide-resolucion-69-2023","status":"publish","type":"post","link":"https:\/\/lospoliticosveracruz.com\/?p=114747","title":{"rendered":"CIUDAD ISLA Y LA CIDE: RESOLUCI\u00d3N 69\/2023"},"content":{"rendered":"\n<p><strong>Vicente Luna Hern\u00e1ndez&nbsp;<\/strong><\/p>\n\n\n\n<p>El 5 de Octubre de 2023, la Comisi\u00f3n Interamericana de Derechos Humanos recibi\u00f3 una solicitud de medidas cautelares instando a la Comisi\u00f3n a que requiera al Estado de M\u00e9xico la adopci\u00f3n de las medidas necesarias para proteger los derechos a la vida e integridad personal a favor de Ivania Dolores R\u00edos L\u00e1zaro, Silvestre Merl\u00edn Dom\u00ednguez y otras 4 personas, ya que de acuerdo a la solicitud, las personas solicitantes se encuentran en una situaci\u00f3n de riesgo a ra\u00edz de amenazas y hostigamientos, adem\u00e1s el se\u00f1or Silvestre estar\u00eda desaparecido desde el 15 de septiembre del a\u00f1o en curso. (Revis\u00e9 la Resoluci\u00f3n 69\/2023)<\/p>\n\n\n\n<figure class=\"wp-block-image size-large\"><a href=\"https:\/\/lospoliticosveracruz.com.mx\/wp-content\/uploads\/2016\/07\/Seguro-Julio-Cerecedo-2.jpg\"><img decoding=\"async\" src=\"https:\/\/lospoliticosveracruz.com.mx\/wp-content\/uploads\/2016\/07\/Seguro-Julio-Cerecedo-2-1024x381.jpg\" alt=\"\" class=\"wp-image-105879\"\/><\/a><\/figure>\n\n\n\n<p>La diferencias institucionales y personales entre el alcalde Gustavo Alfonso Torres con la s\u00edndica Ivania R\u00edos y los integrantes del Cabildo: Gabriel Enr\u00edquez P\u00e9rez, Gonzalo S\u00e1nchez y Yareli Galaviz, regidores segundo, tercero y cuarta respectivamente&nbsp;&nbsp;&#8211; e incluso el 14 de septiembre de 2023 se habr\u00edan dictado medidas de seguridad por 70 d\u00edas, consistentes en rondines de seguridad, protecci\u00f3n y auxilio inmediato&nbsp;&nbsp;a favor de todos los antes mencionados \u2013 son p\u00fablicas, es importante resaltar que a ra\u00edz de estas medidas el Estado destac\u00f3 que no se habr\u00eda suscitado ning\u00fan incidente de riesgo, es decir, solo paz y tranquilidad se respiraba por los pasillos del palacio municipal de Ciudad Isla\u2026Isla es un para\u00edso.<\/p>\n\n\n\n<p>Sin embargo, el asistente personal Silvestre Merl\u00edn sigue sin aparecer, \u00bfd\u00f3nde est\u00e1n los representantes populares de ciudad isla? \u00bfQu\u00e9 ha dicho el diputado federal Valent\u00edn Reyes? \u00bf qu\u00e9 ha dicho al respecto la diputada local \u2013 por cierto originaria de Isla &#8211; Liliana Castro, \u00bf por qu\u00e9 callan como momias? \u00bfSer\u00e1 por qu\u00e9 el alcalde se\u00f1alado es del partido morena? \u00bfD\u00f3nde est\u00e1 la solidaridad de las mujeres integrantes el congreso del estado? \u00bfSe resuelve el problema ignorando las diferencias en el cabildo?<\/p>\n\n\n\n<p>Algunos callan por miedo y otros callan por complicidad, pero los hechos que se han denunciado de manera p\u00fablica e incluso ante instancias internacionales son graves y afectan las labores del cabildo en el cumplimiento de sus deberes legales, \u00bfpor qu\u00e9 hacer como que no pasa nada en ciudad isla? \u00bfQui\u00e9n gana quien pierde con la inestabilidad pol\u00edtica que se presenta? \u00bfQue debe pasar para que las autoridades llamen al oren a las partes involucradas \u00bfal partido morena esta lamentable situaci\u00f3n le da m\u00e1s apoyo popular n isla y en la zona?<\/p>\n\n\n\n<p>Hay que recordar que ante el lamentable fallecimiento del alcalde electo Abelino Barrientos Castro, el suplente Gustavo Alfonso Torres asumi\u00f3 el cargo, seguro que el alcalde nunca pens\u00f3 que tendr\u00eda el honor de replantar los intereses de ciudad isla para el periodo 2021-2025, sin embargo, hoy tiene la oportunidad hist\u00f3rica de contribuir con su buen gobierno a que se hablen cosas buenas de Isla y no solo aparezca su nombre en hechos que a nadie benefician, \u00bf acaso no las 3 m\u00e1ximas del partido morena son \u201cno mentir, no robar y no traicionar al pueblo?<\/p>\n\n\n\n<p>La Comisi\u00f3n revis\u00f3, analiz\u00f3 y resolvi\u00f3 lo siguiente:<\/p>\n\n\n\n<p>27. En suma, tomando en consideraci\u00f3n los elementos valorados a la luz de las valoraciones realizadas, la Comisi\u00f3n estima que el requisito de gravedad se encuentra cumplido y que prima facie los derechos a la vida e integridad personal de las personas propuestas beneficiarias se encuentran en grave riesgo.<\/p>\n\n\n\n<p>30. La Comisi\u00f3n declara que las personas beneficiarias de esta medida cautelar son Ivania Dolores R\u00edos L\u00e1zaro y Silvestre Merl\u00edn Dom\u00ednguez.&nbsp;<\/p>\n\n\n\n<p>VI. DECISION 31. La Comisi\u00f3n Interamericana de Derechos Humanos considera que el presente asunto re\u00fane prima facie los requisitos de gravedad, urgencia e irreparabilidad contenidos en el art\u00edculo 25 de su Reglamento. En consecuencia, la Comisi\u00f3n solicita a M\u00e9xico que: a) adopte las medidas necesarias para proteger los derechos a la vida e integridad personal de Ivania Dolores R\u00edos L\u00e1zaro y Silvestre Merl\u00edn Dom\u00ednguez; b) adopte las medidas necesarias para determinar la situaci\u00f3n y paradero del se\u00f1or Silvestre Merl\u00edn Dom\u00ednguez, con el fin de proteger sus derechos a la vida e integridad personal; c) concierte las medidas a implementarse con las personas beneficiarias y sus representantes; y d) informe sobre las acciones adelantadas a fin de investigar los presuntos hechos que dieron lugar a la adopci\u00f3n de la presente resoluci\u00f3n y as\u00ed evitar su repetici\u00f3n.<\/p>\n\n\n\n<p>32. La Comisi\u00f3n solicita al Estado de M\u00e9xico que informe, en un plazo de 15 d\u00edas a partir de la fecha de esta resoluci\u00f3n, sobre la adopci\u00f3n de las medidas cautelares solicitadas y que actualice dicha informaci\u00f3n peri\u00f3dicamente.<\/p>\n\n\n\n<p>35. Aprobado el 20 de noviembre de 2023, por Margarette May Macaulay, Presidenta; Esmeralda Arosemena de Troiti\u00f1o, Primera Vicepresidenta; Roberta Clarke, Segunda Vicepresidenta; Julissa Mantilla Falc\u00f3n y Carlos Bernal Pulido, integrantes de la CIDH.<\/p>\n\n\n\n<p>El Presidente AMLO ha dicho muchas veces que parte de la 4T es hacer que la vida p\u00fablica sea cada vez m\u00e1s p\u00fablica y los de hoy no son como los de ayer (seguro se refiere a actuar en la ilegalidad), por el bien de todos que las cosas no pasen a mayores y que cada integrante del cabildo asuma sus responsabilidades \u00bfpero qu\u00e9 necesidad? Para que tanto problema, como dice una de las canciones del Divo de Ju\u00e1rez.<\/p>\n\n\n\n<p>P.D.- Con el \u00e1nimo que el proceso electoral m\u00e1s grande en la historia de M\u00e9xico se lleve a cabo con paz y tranquilidad por el bien de todos\u2026Escribir\u00e9 otro d\u00eda.<\/p>\n","protected":false},"excerpt":{"rendered":"<p>Vicente Luna Hern\u00e1ndez&nbsp; El 5 de Octubre de 2023, la Comisi\u00f3n Interamericana de Derechos Humanos recibi\u00f3 una solicitud de medidas cautelares instando a la Comisi\u00f3n a que requiera al Estado de M\u00e9xico la adopci\u00f3n de las medidas necesarias para proteger los derechos a la vida e integridad personal a favor de Ivania Dolores R\u00edos L\u00e1zaro, [&hellip;]<\/p>\n","protected":false},"author":2,"featured_media":0,"comment_status":"closed","ping_status":"closed","sticky":false,"template":"","format":"standard","meta":{"tdm_status":"","tdm_grid_status":"","footnotes":""},"categories":[70],"tags":[15667],"class_list":{"0":"post-114747","1":"post","2":"type-post","3":"status-publish","4":"format-standard","6":"category-de-opinion","7":"tag-vicente-luna-hernandez"},"yoast_head":"<!-- This site is optimized with the Yoast SEO plugin v27.4 - https:\/\/yoast.com\/product\/yoast-seo-wordpress\/ -->\n<title>CIUDAD ISLA Y LA CIDE: RESOLUCI\u00d3N 69\/2023 - Los pol\u00edticos Veracruz<\/title>\n<meta name=\"robots\" content=\"index, follow, max-snippet:-1, max-image-preview:large, max-video-preview:-1\" \/>\n<link rel=\"canonical\" href=\"https:\/\/lospoliticosveracruz.com\/?p=114747\" \/>\n<meta property=\"og:locale\" content=\"es_ES\" \/>\n<meta property=\"og:type\" content=\"article\" \/>\n<meta property=\"og:title\" content=\"CIUDAD ISLA Y LA CIDE: RESOLUCI\u00d3N 69\/2023 - Los pol\u00edticos Veracruz\" \/>\n<meta property=\"og:description\" content=\"Vicente Luna Hern\u00e1ndez&nbsp; El 5 de Octubre de 2023, la Comisi\u00f3n Interamericana de Derechos Humanos recibi\u00f3 una solicitud de medidas cautelares instando a la Comisi\u00f3n a que requiera al Estado de M\u00e9xico la adopci\u00f3n de las medidas necesarias para proteger los derechos a la vida e integridad personal a favor de Ivania Dolores R\u00edos L\u00e1zaro, [&hellip;]\" \/>\n<meta property=\"og:url\" content=\"https:\/\/lospoliticosveracruz.com\/?p=114747\" \/>\n<meta property=\"og:site_name\" content=\"Los pol\u00edticos Veracruz\" \/>\n<meta property=\"article:publisher\" content=\"https:\/\/www.facebook.com\/people\/Notimemes-de-los-Polticos\/61565672886568\/\" \/>\n<meta property=\"article:published_time\" content=\"2023-11-24T19:06:22+00:00\" \/>\n<meta property=\"article:modified_time\" content=\"2023-11-24T19:06:26+00:00\" \/>\n<meta property=\"og:image\" content=\"https:\/\/lospoliticosveracruz.com.mx\/wp-content\/uploads\/2016\/07\/Seguro-Julio-Cerecedo-2-1024x381.jpg\" \/>\n<meta name=\"author\" content=\"Lo viste en Los Pol\u00edticos\" \/>\n<meta name=\"twitter:card\" content=\"summary_large_image\" \/>\n<meta name=\"twitter:creator\" content=\"@LosPoliticosVer\" \/>\n<meta name=\"twitter:site\" content=\"@LosPoliticosVer\" \/>\n<meta name=\"twitter:label1\" content=\"Escrito por\" \/>\n\t<meta name=\"twitter:data1\" content=\"Lo viste en Los Pol\u00edticos\" \/>\n\t<meta name=\"twitter:label2\" content=\"Tiempo de lectura\" \/>\n\t<meta name=\"twitter:data2\" content=\"5 minutos\" \/>\n<script type=\"application\/ld+json\" class=\"yoast-schema-graph\">{\"@context\":\"https:\\\/\\\/schema.org\",\"@graph\":[{\"@type\":\"Article\",\"@id\":\"https:\\\/\\\/lospoliticosveracruz.com\\\/?p=114747#article\",\"isPartOf\":{\"@id\":\"https:\\\/\\\/lospoliticosveracruz.com\\\/?p=114747\"},\"author\":{\"name\":\"Lo viste en Los Pol\u00edticos\",\"@id\":\"https:\\\/\\\/lospoliticosveracruz.com\\\/#\\\/schema\\\/person\\\/b8702bb0e538456e6efd07080bf2a4a2\"},\"headline\":\"CIUDAD ISLA Y LA CIDE: RESOLUCI\u00d3N 69\\\/2023\",\"datePublished\":\"2023-11-24T19:06:22+00:00\",\"dateModified\":\"2023-11-24T19:06:26+00:00\",\"mainEntityOfPage\":{\"@id\":\"https:\\\/\\\/lospoliticosveracruz.com\\\/?p=114747\"},\"wordCount\":957,\"publisher\":{\"@id\":\"https:\\\/\\\/lospoliticosveracruz.com\\\/#organization\"},\"image\":{\"@id\":\"https:\\\/\\\/lospoliticosveracruz.com\\\/?p=114747#primaryimage\"},\"thumbnailUrl\":\"https:\\\/\\\/lospoliticosveracruz.com.mx\\\/wp-content\\\/uploads\\\/2016\\\/07\\\/Seguro-Julio-Cerecedo-2-1024x381.jpg\",\"keywords\":[\"Vicente Luna Hern\u00e1ndez\"],\"articleSection\":[\"De Opini\u00f3n\"],\"inLanguage\":\"es\"},{\"@type\":\"WebPage\",\"@id\":\"https:\\\/\\\/lospoliticosveracruz.com\\\/?p=114747\",\"url\":\"https:\\\/\\\/lospoliticosveracruz.com\\\/?p=114747\",\"name\":\"CIUDAD ISLA Y LA CIDE: RESOLUCI\u00d3N 69\\\/2023 - Los pol\u00edticos Veracruz\",\"isPartOf\":{\"@id\":\"https:\\\/\\\/lospoliticosveracruz.com\\\/#website\"},\"primaryImageOfPage\":{\"@id\":\"https:\\\/\\\/lospoliticosveracruz.com\\\/?p=114747#primaryimage\"},\"image\":{\"@id\":\"https:\\\/\\\/lospoliticosveracruz.com\\\/?p=114747#primaryimage\"},\"thumbnailUrl\":\"https:\\\/\\\/lospoliticosveracruz.com.mx\\\/wp-content\\\/uploads\\\/2016\\\/07\\\/Seguro-Julio-Cerecedo-2-1024x381.jpg\",\"datePublished\":\"2023-11-24T19:06:22+00:00\",\"dateModified\":\"2023-11-24T19:06:26+00:00\",\"breadcrumb\":{\"@id\":\"https:\\\/\\\/lospoliticosveracruz.com\\\/?p=114747#breadcrumb\"},\"inLanguage\":\"es\",\"potentialAction\":[{\"@type\":\"ReadAction\",\"target\":[\"https:\\\/\\\/lospoliticosveracruz.com\\\/?p=114747\"]}]},{\"@type\":\"ImageObject\",\"inLanguage\":\"es\",\"@id\":\"https:\\\/\\\/lospoliticosveracruz.com\\\/?p=114747#primaryimage\",\"url\":\"https:\\\/\\\/lospoliticosveracruz.com.mx\\\/wp-content\\\/uploads\\\/2016\\\/07\\\/Seguro-Julio-Cerecedo-2-1024x381.jpg\",\"contentUrl\":\"https:\\\/\\\/lospoliticosveracruz.com.mx\\\/wp-content\\\/uploads\\\/2016\\\/07\\\/Seguro-Julio-Cerecedo-2-1024x381.jpg\"},{\"@type\":\"BreadcrumbList\",\"@id\":\"https:\\\/\\\/lospoliticosveracruz.com\\\/?p=114747#breadcrumb\",\"itemListElement\":[{\"@type\":\"ListItem\",\"position\":1,\"name\":\"Portada\",\"item\":\"https:\\\/\\\/lospoliticosveracruz.com\\\/\"},{\"@type\":\"ListItem\",\"position\":2,\"name\":\"CIUDAD ISLA Y LA CIDE: RESOLUCI\u00d3N 69\\\/2023\"}]},{\"@type\":\"WebSite\",\"@id\":\"https:\\\/\\\/lospoliticosveracruz.com\\\/#website\",\"url\":\"https:\\\/\\\/lospoliticosveracruz.com\\\/\",\"name\":\"Los pol\u00edticos Veracruz\",\"description\":\"\",\"publisher\":{\"@id\":\"https:\\\/\\\/lospoliticosveracruz.com\\\/#organization\"},\"potentialAction\":[{\"@type\":\"SearchAction\",\"target\":{\"@type\":\"EntryPoint\",\"urlTemplate\":\"https:\\\/\\\/lospoliticosveracruz.com\\\/?s={search_term_string}\"},\"query-input\":{\"@type\":\"PropertyValueSpecification\",\"valueRequired\":true,\"valueName\":\"search_term_string\"}}],\"inLanguage\":\"es\"},{\"@type\":\"Organization\",\"@id\":\"https:\\\/\\\/lospoliticosveracruz.com\\\/#organization\",\"name\":\"Los pol\u00edticos Veracruz\",\"url\":\"https:\\\/\\\/lospoliticosveracruz.com\\\/\",\"logo\":{\"@type\":\"ImageObject\",\"inLanguage\":\"es\",\"@id\":\"https:\\\/\\\/lospoliticosveracruz.com\\\/#\\\/schema\\\/logo\\\/image\\\/\",\"url\":\"https:\\\/\\\/lospoliticosveracruz.com\\\/wp-content\\\/uploads\\\/2025\\\/12\\\/Logo-Nuevo-LOS-POLITICOS-1.jpg\",\"contentUrl\":\"https:\\\/\\\/lospoliticosveracruz.com\\\/wp-content\\\/uploads\\\/2025\\\/12\\\/Logo-Nuevo-LOS-POLITICOS-1.jpg\",\"width\":260,\"height\":70,\"caption\":\"Los pol\u00edticos Veracruz\"},\"image\":{\"@id\":\"https:\\\/\\\/lospoliticosveracruz.com\\\/#\\\/schema\\\/logo\\\/image\\\/\"},\"sameAs\":[\"https:\\\/\\\/www.facebook.com\\\/people\\\/Notimemes-de-los-Polticos\\\/61565672886568\\\/\",\"https:\\\/\\\/x.com\\\/LosPoliticosVer\"]},{\"@type\":\"Person\",\"@id\":\"https:\\\/\\\/lospoliticosveracruz.com\\\/#\\\/schema\\\/person\\\/b8702bb0e538456e6efd07080bf2a4a2\",\"name\":\"Lo viste en Los Pol\u00edticos\",\"image\":{\"@type\":\"ImageObject\",\"inLanguage\":\"es\",\"@id\":\"https:\\\/\\\/secure.gravatar.com\\\/avatar\\\/3a8de04a2656d44082be478bd6c086daa447c4651605818287b9532d3d0bd435?s=96&d=mm&r=g\",\"url\":\"https:\\\/\\\/secure.gravatar.com\\\/avatar\\\/3a8de04a2656d44082be478bd6c086daa447c4651605818287b9532d3d0bd435?s=96&d=mm&r=g\",\"contentUrl\":\"https:\\\/\\\/secure.gravatar.com\\\/avatar\\\/3a8de04a2656d44082be478bd6c086daa447c4651605818287b9532d3d0bd435?s=96&d=mm&r=g\",\"caption\":\"Lo viste en Los Pol\u00edticos\"},\"url\":\"https:\\\/\\\/lospoliticosveracruz.com\\\/?author=2\"}]}<\/script>\n<!-- \/ Yoast SEO plugin. -->","yoast_head_json":{"title":"CIUDAD ISLA Y LA CIDE: RESOLUCI\u00d3N 69\/2023 - Los pol\u00edticos Veracruz","robots":{"index":"index","follow":"follow","max-snippet":"max-snippet:-1","max-image-preview":"max-image-preview:large","max-video-preview":"max-video-preview:-1"},"canonical":"https:\/\/lospoliticosveracruz.com\/?p=114747","og_locale":"es_ES","og_type":"article","og_title":"CIUDAD ISLA Y LA CIDE: RESOLUCI\u00d3N 69\/2023 - Los pol\u00edticos Veracruz","og_description":"Vicente Luna Hern\u00e1ndez&nbsp; El 5 de Octubre de 2023, la Comisi\u00f3n Interamericana de Derechos Humanos recibi\u00f3 una solicitud de medidas cautelares instando a la Comisi\u00f3n a que requiera al Estado de M\u00e9xico la adopci\u00f3n de las medidas necesarias para proteger los derechos a la vida e integridad personal a favor de Ivania Dolores R\u00edos L\u00e1zaro, [&hellip;]","og_url":"https:\/\/lospoliticosveracruz.com\/?p=114747","og_site_name":"Los pol\u00edticos Veracruz","article_publisher":"https:\/\/www.facebook.com\/people\/Notimemes-de-los-Polticos\/61565672886568\/","article_published_time":"2023-11-24T19:06:22+00:00","article_modified_time":"2023-11-24T19:06:26+00:00","og_image":[{"url":"https:\/\/lospoliticosveracruz.com.mx\/wp-content\/uploads\/2016\/07\/Seguro-Julio-Cerecedo-2-1024x381.jpg","type":"","width":"","height":""}],"author":"Lo viste en Los Pol\u00edticos","twitter_card":"summary_large_image","twitter_creator":"@LosPoliticosVer","twitter_site":"@LosPoliticosVer","twitter_misc":{"Escrito por":"Lo viste en Los Pol\u00edticos","Tiempo de lectura":"5 minutos"},"schema":{"@context":"https:\/\/schema.org","@graph":[{"@type":"Article","@id":"https:\/\/lospoliticosveracruz.com\/?p=114747#article","isPartOf":{"@id":"https:\/\/lospoliticosveracruz.com\/?p=114747"},"author":{"name":"Lo viste en Los Pol\u00edticos","@id":"https:\/\/lospoliticosveracruz.com\/#\/schema\/person\/b8702bb0e538456e6efd07080bf2a4a2"},"headline":"CIUDAD ISLA Y LA CIDE: RESOLUCI\u00d3N 69\/2023","datePublished":"2023-11-24T19:06:22+00:00","dateModified":"2023-11-24T19:06:26+00:00","mainEntityOfPage":{"@id":"https:\/\/lospoliticosveracruz.com\/?p=114747"},"wordCount":957,"publisher":{"@id":"https:\/\/lospoliticosveracruz.com\/#organization"},"image":{"@id":"https:\/\/lospoliticosveracruz.com\/?p=114747#primaryimage"},"thumbnailUrl":"https:\/\/lospoliticosveracruz.com.mx\/wp-content\/uploads\/2016\/07\/Seguro-Julio-Cerecedo-2-1024x381.jpg","keywords":["Vicente Luna Hern\u00e1ndez"],"articleSection":["De Opini\u00f3n"],"inLanguage":"es"},{"@type":"WebPage","@id":"https:\/\/lospoliticosveracruz.com\/?p=114747","url":"https:\/\/lospoliticosveracruz.com\/?p=114747","name":"CIUDAD ISLA Y LA CIDE: RESOLUCI\u00d3N 69\/2023 - Los pol\u00edticos Veracruz","isPartOf":{"@id":"https:\/\/lospoliticosveracruz.com\/#website"},"primaryImageOfPage":{"@id":"https:\/\/lospoliticosveracruz.com\/?p=114747#primaryimage"},"image":{"@id":"https:\/\/lospoliticosveracruz.com\/?p=114747#primaryimage"},"thumbnailUrl":"https:\/\/lospoliticosveracruz.com.mx\/wp-content\/uploads\/2016\/07\/Seguro-Julio-Cerecedo-2-1024x381.jpg","datePublished":"2023-11-24T19:06:22+00:00","dateModified":"2023-11-24T19:06:26+00:00","breadcrumb":{"@id":"https:\/\/lospoliticosveracruz.com\/?p=114747#breadcrumb"},"inLanguage":"es","potentialAction":[{"@type":"ReadAction","target":["https:\/\/lospoliticosveracruz.com\/?p=114747"]}]},{"@type":"ImageObject","inLanguage":"es","@id":"https:\/\/lospoliticosveracruz.com\/?p=114747#primaryimage","url":"https:\/\/lospoliticosveracruz.com.mx\/wp-content\/uploads\/2016\/07\/Seguro-Julio-Cerecedo-2-1024x381.jpg","contentUrl":"https:\/\/lospoliticosveracruz.com.mx\/wp-content\/uploads\/2016\/07\/Seguro-Julio-Cerecedo-2-1024x381.jpg"},{"@type":"BreadcrumbList","@id":"https:\/\/lospoliticosveracruz.com\/?p=114747#breadcrumb","itemListElement":[{"@type":"ListItem","position":1,"name":"Portada","item":"https:\/\/lospoliticosveracruz.com\/"},{"@type":"ListItem","position":2,"name":"CIUDAD ISLA Y LA CIDE: RESOLUCI\u00d3N 69\/2023"}]},{"@type":"WebSite","@id":"https:\/\/lospoliticosveracruz.com\/#website","url":"https:\/\/lospoliticosveracruz.com\/","name":"Los pol\u00edticos Veracruz","description":"","publisher":{"@id":"https:\/\/lospoliticosveracruz.com\/#organization"},"potentialAction":[{"@type":"SearchAction","target":{"@type":"EntryPoint","urlTemplate":"https:\/\/lospoliticosveracruz.com\/?s={search_term_string}"},"query-input":{"@type":"PropertyValueSpecification","valueRequired":true,"valueName":"search_term_string"}}],"inLanguage":"es"},{"@type":"Organization","@id":"https:\/\/lospoliticosveracruz.com\/#organization","name":"Los pol\u00edticos Veracruz","url":"https:\/\/lospoliticosveracruz.com\/","logo":{"@type":"ImageObject","inLanguage":"es","@id":"https:\/\/lospoliticosveracruz.com\/#\/schema\/logo\/image\/","url":"https:\/\/lospoliticosveracruz.com\/wp-content\/uploads\/2025\/12\/Logo-Nuevo-LOS-POLITICOS-1.jpg","contentUrl":"https:\/\/lospoliticosveracruz.com\/wp-content\/uploads\/2025\/12\/Logo-Nuevo-LOS-POLITICOS-1.jpg","width":260,"height":70,"caption":"Los pol\u00edticos Veracruz"},"image":{"@id":"https:\/\/lospoliticosveracruz.com\/#\/schema\/logo\/image\/"},"sameAs":["https:\/\/www.facebook.com\/people\/Notimemes-de-los-Polticos\/61565672886568\/","https:\/\/x.com\/LosPoliticosVer"]},{"@type":"Person","@id":"https:\/\/lospoliticosveracruz.com\/#\/schema\/person\/b8702bb0e538456e6efd07080bf2a4a2","name":"Lo viste en Los Pol\u00edticos","image":{"@type":"ImageObject","inLanguage":"es","@id":"https:\/\/secure.gravatar.com\/avatar\/3a8de04a2656d44082be478bd6c086daa447c4651605818287b9532d3d0bd435?s=96&d=mm&r=g","url":"https:\/\/secure.gravatar.com\/avatar\/3a8de04a2656d44082be478bd6c086daa447c4651605818287b9532d3d0bd435?s=96&d=mm&r=g","contentUrl":"https:\/\/secure.gravatar.com\/avatar\/3a8de04a2656d44082be478bd6c086daa447c4651605818287b9532d3d0bd435?s=96&d=mm&r=g","caption":"Lo viste en Los Pol\u00edticos"},"url":"https:\/\/lospoliticosveracruz.com\/?author=2"}]}},"_links":{"self":[{"href":"https:\/\/lospoliticosveracruz.com\/index.php?rest_route=\/wp\/v2\/posts\/114747","targetHints":{"allow":["GET"]}}],"collection":[{"href":"https:\/\/lospoliticosveracruz.com\/index.php?rest_route=\/wp\/v2\/posts"}],"about":[{"href":"https:\/\/lospoliticosveracruz.com\/index.php?rest_route=\/wp\/v2\/types\/post"}],"author":[{"embeddable":true,"href":"https:\/\/lospoliticosveracruz.com\/index.php?rest_route=\/wp\/v2\/users\/2"}],"replies":[{"embeddable":true,"href":"https:\/\/lospoliticosveracruz.com\/index.php?rest_route=%2Fwp%2Fv2%2Fcomments&post=114747"}],"version-history":[{"count":1,"href":"https:\/\/lospoliticosveracruz.com\/index.php?rest_route=\/wp\/v2\/posts\/114747\/revisions"}],"predecessor-version":[{"id":114748,"href":"https:\/\/lospoliticosveracruz.com\/index.php?rest_route=\/wp\/v2\/posts\/114747\/revisions\/114748"}],"wp:attachment":[{"href":"https:\/\/lospoliticosveracruz.com\/index.php?rest_route=%2Fwp%2Fv2%2Fmedia&parent=114747"}],"wp:term":[{"taxonomy":"category","embeddable":true,"href":"https:\/\/lospoliticosveracruz.com\/index.php?rest_route=%2Fwp%2Fv2%2Fcategories&post=114747"},{"taxonomy":"post_tag","embeddable":true,"href":"https:\/\/lospoliticosveracruz.com\/index.php?rest_route=%2Fwp%2Fv2%2Ftags&post=114747"}],"curies":[{"name":"wp","href":"https:\/\/api.w.org\/{rel}","templated":true}]}}