{"id":114778,"date":"2023-11-25T08:58:56","date_gmt":"2023-11-25T14:58:56","guid":{"rendered":"https:\/\/lospoliticosveracruz.com.mx\/?p=114778"},"modified":"2023-11-25T08:59:02","modified_gmt":"2023-11-25T14:59:02","slug":"sigue-la-limpia","status":"publish","type":"post","link":"https:\/\/lospoliticosveracruz.com\/?p=114778","title":{"rendered":"SIGUE LA LIMPIA"},"content":{"rendered":"\n<p><strong>Oved Contreras<\/strong><\/p>\n\n\n\n<p><em>Secas Mecas<\/em><\/p>\n\n\n\n<p>Patros\u00edsmico Cisneros sigue sin aparecer y dej\u00f3 en el desamparo total a sus pupilos en el gobierno estatal\u2026y como no es indio el que no se venga, ya empez\u00f3 la cortadera de cabezas de todo lo que huela a Patochi tras su fracaso en el proceso interno morenista\u2026dicen que Cuauht\u00e9moc Z\u00fa\u00f1iga es el pr\u00f3ximo en salir\u2026corri\u00f3 el rumor de que la noche del jueves sac\u00f3 sus cosas personales de su oficina en la Secretar\u00eda de Seguridad P\u00fablica.<\/p>\n\n\n\n<figure class=\"wp-block-embed is-type-video is-provider-youtube wp-block-embed-youtube wp-embed-aspect-16-9 wp-has-aspect-ratio\"><div class=\"wp-block-embed__wrapper\">\n<iframe loading=\"lazy\" title=\"Cluster Coworking\" width=\"696\" height=\"392\" src=\"https:\/\/www.youtube.com\/embed\/Nxe-vxf8GuY?feature=oembed\" frameborder=\"0\" allow=\"accelerometer; autoplay; clipboard-write; encrypted-media; gyroscope; picture-in-picture; web-share\" referrerpolicy=\"strict-origin-when-cross-origin\" allowfullscreen><\/iframe>\n<\/div><\/figure>\n\n\n\n<p>Al interior del gabinete siempre vieron a Z\u00fa\u00f1iga Bonilla como un subalterno de Patros\u00edsmico Cisneros y que m\u00e1s que rendirle cuentas a Cuitl\u00e1huac Garc\u00eda lo hac\u00eda con el secretario de Gobierno, pero ahora que el afrodescendiente cay\u00f3 de la gracia, ya le andan buscando reemplazo en Seguridad P\u00fablica y que la pr\u00f3xima en caer es la fiscala Ver\u00f3nica Hern\u00e1ndez quien hasta ahora goza de las confianzas del Ku\u00edkaras porque se prest\u00f3 a sus venganzas pol\u00edticas.<\/p>\n\n\n\n<p>Ya empezaron a apretar a los alcaldes que le hac\u00edan el caldo gordo a Patochi sobre todo los ediles de la Cuenca del Papaloapan que andaban jugando al peligro con sus cabalgatas, rodadas y navegaciones en el Catamar\u00e1n\u2026ya est\u00e1n regresando al redil de do\u00f1a Zacatecas.<\/p>\n\n\n\n<p>El chambero en el sur dice que anda fuerte el rumor de que Roc\u00edo Nahle le exigi\u00f3 a Amado Cruz, alcalde de Coatzacoalcos, que vaya preparando la entrega de sus oficinas porque le est\u00e1 apestando el ambiente\u2026y que ya estaban entregando, que supuestamente se quedaba el secretario del ayuntamiento pero el secretario es primo de Amado y hab\u00eda un procedimiento en contra del alcalde por nepotismo<\/p>\n\n\n\n<p>En Radio Televisi\u00f3n de Veracruz tambi\u00e9n ya pusieron sus barbas a remojar: all\u00ed llegaron muchos recomendados de Patros\u00edsmico Cisneros sin que cumplieran el perfil para ocupar puestos directivos en la televisora\u2026todos quer\u00edan ser jefes y sus buenos sueldos pero no ten\u00edan ni la capacidad ni la preparaci\u00f3n para que el canal caminara sin problemas.<\/p>\n\n\n\n<p>Tampoco nadie sabe lo que va a pasar con el programa de entrevistas \u201cBola8 Columnas\u201d donde asist\u00edan puros amigos del secretario de Gobierno y si ya acabar\u00e1 el veto del canal para todos los enemigos de Patochi, a quienes no se les hac\u00eda ninguna entrevista sino que por el contrario, se les exhib\u00eda cuando hab\u00eda oportunidad\u2026que ahora que regrese V\u00edctor Cisneros se despejar\u00e1n las inc\u00f3gnitas\u2026se fue becado por unos d\u00edas a la Ciudad de M\u00e9xico.<\/p>\n\n\n\n<p>ES PEPE\u2026el perote\u00f1o Pepe Yunes fue designado como el candidato del PRI para encabezar la candidatura por la gubernatura de Veracruz por la coalici\u00f3n \u201cFuerza y Coraz\u00f3n por Veracruz\u201d, que integrar\u00e1n los partidos que forman el Frente Amplio por M\u00e9xico\u2026la noticia fue confirmada por el dirigente nacional priista, Alejandro Moreno, quien comparti\u00f3 un mensaje a trav\u00e9s de su cuenta de X Twitter.<\/p>\n\n\n\n<p>Ya ni siquiera hizo falta el rollo de la encuesta\u2026Alito Moreno refiri\u00f3 que despu\u00e9s de un amplio di\u00e1logo, una reflexi\u00f3n profunda y ponderar toda la informaci\u00f3n y valoraci\u00f3n al alcance, se ha determinado en unidad que sea Pepe Yunes quien encabece, por parte del PRI, los trabajos de la coalici\u00f3n \u201cFuerza y Coraz\u00f3n por Veracruz\u201d.<\/p>\n\n\n\n<p>En la publicaci\u00f3n se agrega una foto donde Pepe Yunes y Alito son flanqueados por H\u00e9ctor Yunes Landa, Lorena Pi\u00f1\u00f3n Rivera, Cirilo V\u00e1zquez Parisi y Marlon Ram\u00edrez Mar\u00edn, quienes expresaron su adhesi\u00f3n al proyecto del perote\u00f1o.<\/p>\n\n\n\n<p>YA NO SALI\u00d3 NI EN LA FOTO\u2026Unas horas antes del anuncio, la diputada Anil\u00fa Ingram confirm\u00f3 su retiro del proceso interno pri\u00edsta a la gubernatura de Veracruz, y justific\u00f3 que decidi\u00f3 no entrar a la reuni\u00f3n priista porque es un procedimiento cerrado, en lo oscurito, que no toma en cuenta las voces de los partidos coaligados mucho menos a la sociedad, as\u00ed que decidi\u00f3 no estar para no formar parte de una farsa de decisi\u00f3n tomada y avalarla solo por su propia conveniencia.<\/p>\n\n\n\n<p>La dirigencia nacional del PRI ten\u00eda prevista una reuni\u00f3n ayer viernes por la tarde con los seis aspirantes priistas a la gubernatura de Veracruz (Anil\u00fa Ingram, Lorena Pi\u00f1\u00f3n, Pepe y H\u00e9ctor Yunes, Marlon Ram\u00edrez y Cirilo Vazquez) para darles a conocer los resultados de la encuesta que definir\u00e1 al candidato, pero horas antes del anuncio, se baj\u00f3 Anil\u00fa Ingram porque ya sab\u00eda lo que se ven\u00eda.<\/p>\n\n\n\n<p>La legisladora manifest\u00f3 que le preocupa en serio lo que est\u00e1n haciendo pero que est\u00e1 segura que miles de ciudadanos piensan como ella, \u201cy hasta aqu\u00ed mi participaci\u00f3n en la nominaci\u00f3n de la candidatura del PRI y del FAM por Veracruz, lamento mucho que Alejandro Moreno haya ensuciado un proceso hist\u00f3rico para Veracruz y le deseo el mayor de los \u00e9xitos a quien resulte elegido\u201d.<\/p>\n\n\n\n<p>LO ACUSAN DE CORRUPCI\u00d3N\u2026al secretario de Desarrollo Social estatal, Guillermo Fern\u00e1ndez, lo agarraron como pi\u00f1ata en su comparecencia al Congreso local, y aunque trat\u00f3 de defenderse como gato boca arriba, no sali\u00f3 bien librado de los cuestionamientos de los diputados\u2026una de ellas fue la panista Nora Lagunes quien acus\u00f3 al funcionario estatal de pedirles cuotas mensuales de mil 200 pesos a sus colaboradores\u2026al parecer son 600 trabajadores as\u00ed que se embolsa m\u00e1s de medio mill\u00f3n de pesos al mes.<\/p>\n\n\n\n<p>Nora Lagunes se\u00f1al\u00f3 que Guillermo Fern\u00e1ndez al parecer buscar\u00e1 una diputaci\u00f3n federal, para protegerse con el fuero que dicho cargo otorga, pero la dependencia a su cargo est\u00e1 dejando obras sociales de vivienda incompletas, y la legisladora incluso mostr\u00f3 im\u00e1genes de viviendas en obra negra y acus\u00f3 que la SEDESOL proporciona \u201capoyos indignos\u201d, presionando a los municipios para aportar recursos que permitan concluir todas las obras pendientes.<\/p>\n\n\n\n<p>Pese a lo anterior, Fern\u00e1ndez S\u00e1nchez dijo que tiene la conciencia tranquila y le pidi\u00f3 denunciar si tiene conocimiento de un acto de corrupci\u00f3n, pero Nora Lagunes le anticip\u00f3 que habr\u00e1 denuncias en contra del funcionario por quitarles dinero a los facilitadores.<\/p>\n","protected":false},"excerpt":{"rendered":"<p>Oved Contreras Secas Mecas Patros\u00edsmico Cisneros sigue sin aparecer y dej\u00f3 en el desamparo total a sus pupilos en el gobierno estatal\u2026y como no es indio el que no se venga, ya empez\u00f3 la cortadera de cabezas de todo lo que huela a Patochi tras su fracaso en el proceso interno morenista\u2026dicen que Cuauht\u00e9moc Z\u00fa\u00f1iga [&hellip;]<\/p>\n","protected":false},"author":2,"featured_media":0,"comment_status":"closed","ping_status":"closed","sticky":false,"template":"","format":"standard","meta":{"tdm_status":"","tdm_grid_status":"","footnotes":""},"categories":[70],"tags":[34771,1563,12299,15624,1026,39715,246,195],"class_list":{"0":"post-114778","1":"post","2":"type-post","3":"status-publish","4":"format-standard","6":"category-de-opinion","7":"tag-cuahutemoc-cardenas-solorzano","8":"tag-cuitlahuac-garcia-jimenez","9":"tag-eric-cisneros-burgos","10":"tag-guillermo-fernandez","11":"tag-morena","12":"tag-oved-contreras","13":"tag-pepe-yunes-zorrilla","14":"tag-veracruz"},"yoast_head":"<!-- This site is optimized with the Yoast SEO plugin v27.4 - https:\/\/yoast.com\/product\/yoast-seo-wordpress\/ -->\n<title>SIGUE LA LIMPIA - Los pol\u00edticos Veracruz<\/title>\n<meta name=\"robots\" content=\"index, follow, max-snippet:-1, max-image-preview:large, max-video-preview:-1\" \/>\n<link rel=\"canonical\" href=\"https:\/\/lospoliticosveracruz.com\/?p=114778\" \/>\n<meta property=\"og:locale\" content=\"es_ES\" \/>\n<meta property=\"og:type\" content=\"article\" \/>\n<meta property=\"og:title\" content=\"SIGUE LA LIMPIA - Los pol\u00edticos Veracruz\" \/>\n<meta property=\"og:description\" content=\"Oved Contreras Secas Mecas Patros\u00edsmico Cisneros sigue sin aparecer y dej\u00f3 en el desamparo total a sus pupilos en el gobierno estatal\u2026y como no es indio el que no se venga, ya empez\u00f3 la cortadera de cabezas de todo lo que huela a Patochi tras su fracaso en el proceso interno morenista\u2026dicen que Cuauht\u00e9moc Z\u00fa\u00f1iga [&hellip;]\" \/>\n<meta property=\"og:url\" content=\"https:\/\/lospoliticosveracruz.com\/?p=114778\" \/>\n<meta property=\"og:site_name\" content=\"Los pol\u00edticos Veracruz\" \/>\n<meta property=\"article:publisher\" content=\"https:\/\/www.facebook.com\/people\/Notimemes-de-los-Polticos\/61565672886568\/\" \/>\n<meta property=\"article:published_time\" content=\"2023-11-25T14:58:56+00:00\" \/>\n<meta property=\"article:modified_time\" content=\"2023-11-25T14:59:02+00:00\" \/>\n<meta property=\"og:image\" content=\"https:\/\/lospoliticosveracruz.com\/wp-content\/uploads\/2016\/07\/Logo-Dor.jpg\" \/>\n\t<meta property=\"og:image:width\" content=\"200\" \/>\n\t<meta property=\"og:image:height\" content=\"200\" \/>\n\t<meta property=\"og:image:type\" content=\"image\/jpeg\" \/>\n<meta name=\"author\" content=\"Lo viste en Los Pol\u00edticos\" \/>\n<meta name=\"twitter:card\" content=\"summary_large_image\" \/>\n<meta name=\"twitter:creator\" content=\"@LosPoliticosVer\" \/>\n<meta name=\"twitter:site\" content=\"@LosPoliticosVer\" \/>\n<meta name=\"twitter:label1\" content=\"Escrito por\" \/>\n\t<meta name=\"twitter:data1\" content=\"Lo viste en Los Pol\u00edticos\" \/>\n\t<meta name=\"twitter:label2\" content=\"Tiempo de lectura\" \/>\n\t<meta name=\"twitter:data2\" content=\"5 minutos\" \/>\n<script type=\"application\/ld+json\" class=\"yoast-schema-graph\">{\"@context\":\"https:\\\/\\\/schema.org\",\"@graph\":[{\"@type\":\"Article\",\"@id\":\"https:\\\/\\\/lospoliticosveracruz.com\\\/?p=114778#article\",\"isPartOf\":{\"@id\":\"https:\\\/\\\/lospoliticosveracruz.com\\\/?p=114778\"},\"author\":{\"name\":\"Lo viste en Los Pol\u00edticos\",\"@id\":\"https:\\\/\\\/lospoliticosveracruz.com\\\/#\\\/schema\\\/person\\\/b8702bb0e538456e6efd07080bf2a4a2\"},\"headline\":\"SIGUE LA LIMPIA\",\"datePublished\":\"2023-11-25T14:58:56+00:00\",\"dateModified\":\"2023-11-25T14:59:02+00:00\",\"mainEntityOfPage\":{\"@id\":\"https:\\\/\\\/lospoliticosveracruz.com\\\/?p=114778\"},\"wordCount\":1058,\"publisher\":{\"@id\":\"https:\\\/\\\/lospoliticosveracruz.com\\\/#organization\"},\"keywords\":[\"Cuahut\u00e9moc C\u00e1rdenas Solorzano\",\"Cuitl\u00e1huac Garc\u00eda Jim\u00e9nez\",\"Eric Cisneros Burgos\",\"Guillermo Fern\u00e1ndez\",\"Morena\",\"Oved Contreras\",\"Pepe Yunes Zorrilla\",\"Veracruz\"],\"articleSection\":[\"De Opini\u00f3n\"],\"inLanguage\":\"es\"},{\"@type\":\"WebPage\",\"@id\":\"https:\\\/\\\/lospoliticosveracruz.com\\\/?p=114778\",\"url\":\"https:\\\/\\\/lospoliticosveracruz.com\\\/?p=114778\",\"name\":\"SIGUE LA LIMPIA - Los pol\u00edticos Veracruz\",\"isPartOf\":{\"@id\":\"https:\\\/\\\/lospoliticosveracruz.com\\\/#website\"},\"datePublished\":\"2023-11-25T14:58:56+00:00\",\"dateModified\":\"2023-11-25T14:59:02+00:00\",\"breadcrumb\":{\"@id\":\"https:\\\/\\\/lospoliticosveracruz.com\\\/?p=114778#breadcrumb\"},\"inLanguage\":\"es\",\"potentialAction\":[{\"@type\":\"ReadAction\",\"target\":[\"https:\\\/\\\/lospoliticosveracruz.com\\\/?p=114778\"]}]},{\"@type\":\"BreadcrumbList\",\"@id\":\"https:\\\/\\\/lospoliticosveracruz.com\\\/?p=114778#breadcrumb\",\"itemListElement\":[{\"@type\":\"ListItem\",\"position\":1,\"name\":\"Portada\",\"item\":\"https:\\\/\\\/lospoliticosveracruz.com\\\/\"},{\"@type\":\"ListItem\",\"position\":2,\"name\":\"SIGUE LA LIMPIA\"}]},{\"@type\":\"WebSite\",\"@id\":\"https:\\\/\\\/lospoliticosveracruz.com\\\/#website\",\"url\":\"https:\\\/\\\/lospoliticosveracruz.com\\\/\",\"name\":\"Los pol\u00edticos Veracruz\",\"description\":\"\",\"publisher\":{\"@id\":\"https:\\\/\\\/lospoliticosveracruz.com\\\/#organization\"},\"potentialAction\":[{\"@type\":\"SearchAction\",\"target\":{\"@type\":\"EntryPoint\",\"urlTemplate\":\"https:\\\/\\\/lospoliticosveracruz.com\\\/?s={search_term_string}\"},\"query-input\":{\"@type\":\"PropertyValueSpecification\",\"valueRequired\":true,\"valueName\":\"search_term_string\"}}],\"inLanguage\":\"es\"},{\"@type\":\"Organization\",\"@id\":\"https:\\\/\\\/lospoliticosveracruz.com\\\/#organization\",\"name\":\"Los pol\u00edticos Veracruz\",\"url\":\"https:\\\/\\\/lospoliticosveracruz.com\\\/\",\"logo\":{\"@type\":\"ImageObject\",\"inLanguage\":\"es\",\"@id\":\"https:\\\/\\\/lospoliticosveracruz.com\\\/#\\\/schema\\\/logo\\\/image\\\/\",\"url\":\"https:\\\/\\\/lospoliticosveracruz.com\\\/wp-content\\\/uploads\\\/2025\\\/12\\\/Logo-Nuevo-LOS-POLITICOS-1.jpg\",\"contentUrl\":\"https:\\\/\\\/lospoliticosveracruz.com\\\/wp-content\\\/uploads\\\/2025\\\/12\\\/Logo-Nuevo-LOS-POLITICOS-1.jpg\",\"width\":260,\"height\":70,\"caption\":\"Los pol\u00edticos Veracruz\"},\"image\":{\"@id\":\"https:\\\/\\\/lospoliticosveracruz.com\\\/#\\\/schema\\\/logo\\\/image\\\/\"},\"sameAs\":[\"https:\\\/\\\/www.facebook.com\\\/people\\\/Notimemes-de-los-Polticos\\\/61565672886568\\\/\",\"https:\\\/\\\/x.com\\\/LosPoliticosVer\"]},{\"@type\":\"Person\",\"@id\":\"https:\\\/\\\/lospoliticosveracruz.com\\\/#\\\/schema\\\/person\\\/b8702bb0e538456e6efd07080bf2a4a2\",\"name\":\"Lo viste en Los Pol\u00edticos\",\"image\":{\"@type\":\"ImageObject\",\"inLanguage\":\"es\",\"@id\":\"https:\\\/\\\/secure.gravatar.com\\\/avatar\\\/3a8de04a2656d44082be478bd6c086daa447c4651605818287b9532d3d0bd435?s=96&d=mm&r=g\",\"url\":\"https:\\\/\\\/secure.gravatar.com\\\/avatar\\\/3a8de04a2656d44082be478bd6c086daa447c4651605818287b9532d3d0bd435?s=96&d=mm&r=g\",\"contentUrl\":\"https:\\\/\\\/secure.gravatar.com\\\/avatar\\\/3a8de04a2656d44082be478bd6c086daa447c4651605818287b9532d3d0bd435?s=96&d=mm&r=g\",\"caption\":\"Lo viste en Los Pol\u00edticos\"},\"url\":\"https:\\\/\\\/lospoliticosveracruz.com\\\/?author=2\"}]}<\/script>\n<!-- \/ Yoast SEO plugin. -->","yoast_head_json":{"title":"SIGUE LA LIMPIA - Los pol\u00edticos Veracruz","robots":{"index":"index","follow":"follow","max-snippet":"max-snippet:-1","max-image-preview":"max-image-preview:large","max-video-preview":"max-video-preview:-1"},"canonical":"https:\/\/lospoliticosveracruz.com\/?p=114778","og_locale":"es_ES","og_type":"article","og_title":"SIGUE LA LIMPIA - Los pol\u00edticos Veracruz","og_description":"Oved Contreras Secas Mecas Patros\u00edsmico Cisneros sigue sin aparecer y dej\u00f3 en el desamparo total a sus pupilos en el gobierno estatal\u2026y como no es indio el que no se venga, ya empez\u00f3 la cortadera de cabezas de todo lo que huela a Patochi tras su fracaso en el proceso interno morenista\u2026dicen que Cuauht\u00e9moc Z\u00fa\u00f1iga [&hellip;]","og_url":"https:\/\/lospoliticosveracruz.com\/?p=114778","og_site_name":"Los pol\u00edticos Veracruz","article_publisher":"https:\/\/www.facebook.com\/people\/Notimemes-de-los-Polticos\/61565672886568\/","article_published_time":"2023-11-25T14:58:56+00:00","article_modified_time":"2023-11-25T14:59:02+00:00","og_image":[{"width":200,"height":200,"url":"https:\/\/lospoliticosveracruz.com\/wp-content\/uploads\/2016\/07\/Logo-Dor.jpg","type":"image\/jpeg"}],"author":"Lo viste en Los Pol\u00edticos","twitter_card":"summary_large_image","twitter_creator":"@LosPoliticosVer","twitter_site":"@LosPoliticosVer","twitter_misc":{"Escrito por":"Lo viste en Los Pol\u00edticos","Tiempo de lectura":"5 minutos"},"schema":{"@context":"https:\/\/schema.org","@graph":[{"@type":"Article","@id":"https:\/\/lospoliticosveracruz.com\/?p=114778#article","isPartOf":{"@id":"https:\/\/lospoliticosveracruz.com\/?p=114778"},"author":{"name":"Lo viste en Los Pol\u00edticos","@id":"https:\/\/lospoliticosveracruz.com\/#\/schema\/person\/b8702bb0e538456e6efd07080bf2a4a2"},"headline":"SIGUE LA LIMPIA","datePublished":"2023-11-25T14:58:56+00:00","dateModified":"2023-11-25T14:59:02+00:00","mainEntityOfPage":{"@id":"https:\/\/lospoliticosveracruz.com\/?p=114778"},"wordCount":1058,"publisher":{"@id":"https:\/\/lospoliticosveracruz.com\/#organization"},"keywords":["Cuahut\u00e9moc C\u00e1rdenas Solorzano","Cuitl\u00e1huac Garc\u00eda Jim\u00e9nez","Eric Cisneros Burgos","Guillermo Fern\u00e1ndez","Morena","Oved Contreras","Pepe Yunes Zorrilla","Veracruz"],"articleSection":["De Opini\u00f3n"],"inLanguage":"es"},{"@type":"WebPage","@id":"https:\/\/lospoliticosveracruz.com\/?p=114778","url":"https:\/\/lospoliticosveracruz.com\/?p=114778","name":"SIGUE LA LIMPIA - Los pol\u00edticos Veracruz","isPartOf":{"@id":"https:\/\/lospoliticosveracruz.com\/#website"},"datePublished":"2023-11-25T14:58:56+00:00","dateModified":"2023-11-25T14:59:02+00:00","breadcrumb":{"@id":"https:\/\/lospoliticosveracruz.com\/?p=114778#breadcrumb"},"inLanguage":"es","potentialAction":[{"@type":"ReadAction","target":["https:\/\/lospoliticosveracruz.com\/?p=114778"]}]},{"@type":"BreadcrumbList","@id":"https:\/\/lospoliticosveracruz.com\/?p=114778#breadcrumb","itemListElement":[{"@type":"ListItem","position":1,"name":"Portada","item":"https:\/\/lospoliticosveracruz.com\/"},{"@type":"ListItem","position":2,"name":"SIGUE LA LIMPIA"}]},{"@type":"WebSite","@id":"https:\/\/lospoliticosveracruz.com\/#website","url":"https:\/\/lospoliticosveracruz.com\/","name":"Los pol\u00edticos Veracruz","description":"","publisher":{"@id":"https:\/\/lospoliticosveracruz.com\/#organization"},"potentialAction":[{"@type":"SearchAction","target":{"@type":"EntryPoint","urlTemplate":"https:\/\/lospoliticosveracruz.com\/?s={search_term_string}"},"query-input":{"@type":"PropertyValueSpecification","valueRequired":true,"valueName":"search_term_string"}}],"inLanguage":"es"},{"@type":"Organization","@id":"https:\/\/lospoliticosveracruz.com\/#organization","name":"Los pol\u00edticos Veracruz","url":"https:\/\/lospoliticosveracruz.com\/","logo":{"@type":"ImageObject","inLanguage":"es","@id":"https:\/\/lospoliticosveracruz.com\/#\/schema\/logo\/image\/","url":"https:\/\/lospoliticosveracruz.com\/wp-content\/uploads\/2025\/12\/Logo-Nuevo-LOS-POLITICOS-1.jpg","contentUrl":"https:\/\/lospoliticosveracruz.com\/wp-content\/uploads\/2025\/12\/Logo-Nuevo-LOS-POLITICOS-1.jpg","width":260,"height":70,"caption":"Los pol\u00edticos Veracruz"},"image":{"@id":"https:\/\/lospoliticosveracruz.com\/#\/schema\/logo\/image\/"},"sameAs":["https:\/\/www.facebook.com\/people\/Notimemes-de-los-Polticos\/61565672886568\/","https:\/\/x.com\/LosPoliticosVer"]},{"@type":"Person","@id":"https:\/\/lospoliticosveracruz.com\/#\/schema\/person\/b8702bb0e538456e6efd07080bf2a4a2","name":"Lo viste en Los Pol\u00edticos","image":{"@type":"ImageObject","inLanguage":"es","@id":"https:\/\/secure.gravatar.com\/avatar\/3a8de04a2656d44082be478bd6c086daa447c4651605818287b9532d3d0bd435?s=96&d=mm&r=g","url":"https:\/\/secure.gravatar.com\/avatar\/3a8de04a2656d44082be478bd6c086daa447c4651605818287b9532d3d0bd435?s=96&d=mm&r=g","contentUrl":"https:\/\/secure.gravatar.com\/avatar\/3a8de04a2656d44082be478bd6c086daa447c4651605818287b9532d3d0bd435?s=96&d=mm&r=g","caption":"Lo viste en Los Pol\u00edticos"},"url":"https:\/\/lospoliticosveracruz.com\/?author=2"}]}},"_links":{"self":[{"href":"https:\/\/lospoliticosveracruz.com\/index.php?rest_route=\/wp\/v2\/posts\/114778","targetHints":{"allow":["GET"]}}],"collection":[{"href":"https:\/\/lospoliticosveracruz.com\/index.php?rest_route=\/wp\/v2\/posts"}],"about":[{"href":"https:\/\/lospoliticosveracruz.com\/index.php?rest_route=\/wp\/v2\/types\/post"}],"author":[{"embeddable":true,"href":"https:\/\/lospoliticosveracruz.com\/index.php?rest_route=\/wp\/v2\/users\/2"}],"replies":[{"embeddable":true,"href":"https:\/\/lospoliticosveracruz.com\/index.php?rest_route=%2Fwp%2Fv2%2Fcomments&post=114778"}],"version-history":[{"count":1,"href":"https:\/\/lospoliticosveracruz.com\/index.php?rest_route=\/wp\/v2\/posts\/114778\/revisions"}],"predecessor-version":[{"id":114779,"href":"https:\/\/lospoliticosveracruz.com\/index.php?rest_route=\/wp\/v2\/posts\/114778\/revisions\/114779"}],"wp:attachment":[{"href":"https:\/\/lospoliticosveracruz.com\/index.php?rest_route=%2Fwp%2Fv2%2Fmedia&parent=114778"}],"wp:term":[{"taxonomy":"category","embeddable":true,"href":"https:\/\/lospoliticosveracruz.com\/index.php?rest_route=%2Fwp%2Fv2%2Fcategories&post=114778"},{"taxonomy":"post_tag","embeddable":true,"href":"https:\/\/lospoliticosveracruz.com\/index.php?rest_route=%2Fwp%2Fv2%2Ftags&post=114778"}],"curies":[{"name":"wp","href":"https:\/\/api.w.org\/{rel}","templated":true}]}}