{"id":114822,"date":"2023-11-27T05:19:35","date_gmt":"2023-11-27T11:19:35","guid":{"rendered":"https:\/\/lospoliticosveracruz.com.mx\/?p=114822"},"modified":"2023-11-27T05:19:51","modified_gmt":"2023-11-27T11:19:51","slug":"fosfo-fosfo-el-peligro-de-pepe-y-nahle","status":"publish","type":"post","link":"https:\/\/lospoliticosveracruz.com\/?p=114822","title":{"rendered":"\u00abFOSFO, FOSFO\u00bb, EL PELIGRO DE PEPE Y NAHLE"},"content":{"rendered":"\n<p><strong>Ricardo Chua<\/strong><\/p>\n\n\n\n<p><em>Sale y Vale<\/em><\/p>\n\n\n\n<p>No cabe duda, que los tiempos cambian y el electorado tambi\u00e9n\u2026 Ahora que se viene la elecci\u00f3n a gobernador de Veracruz, el pr\u00f3ximo a\u00f1o y tras el anuncio de que Jos\u00e9 Francisco Yunes Zoriila, ser\u00e1 el candidato de la oposici\u00f3n a este cargo de elecci\u00f3n popular.. Pues, no todo ha sido \u00abfiesta\u00bb para el perote\u00f1o.. Contrario a lo sucedido hace 6 a\u00f1os donde las redes sociales y caf\u00e9s hablaban del gran momento para que Pepe llegara al Gobierno.. Ahora el tema es distinto..<\/p>\n\n\n\n<p>En 2018 muchos depart\u00edan sus logros como Senador por Veracruz.. Adem\u00e1s de la gran calidad de pol\u00edtico y humano que es.. Sin embargo, ya en la campa\u00f1a a gobernador que gan\u00f3 Cuitl\u00e1huac Garc\u00eda.. Demostr\u00f3 que el PRI ya no estaba en su mejor momento, al igual que el PVEM.. Lo cual dej\u00f3 a Pepe Yunes muy atado, como un pol\u00edtico de \u00abvieja\u00bb guardia aunado a los que lo traicionaron por operar con MORENA.. Luego tras su derrota, se aisl\u00f3 de la pol\u00edtica por 3 a\u00f1os.. Hasta que decidi\u00f3 ser diputado federal nuevamente y le gan\u00f3 a MORENA..<\/p>\n\n\n\n<p>As\u00ed que 3 a\u00f1os despu\u00e9s.. El anuncio del pasado viernes de que ser\u00eda candidato del PRI en Veracruz a gobernador.. No tom\u00f3 a nadie por sorpresa (quiz\u00e1s a excepci\u00f3n de H\u00e9ctor Yunes, quien so\u00f1aba con ser nuevamente el candidato).. Pero esta vez no hubo grandes festejos p\u00fablicos.. Tampoco las grandes charlas de su nominaci\u00f3n a diferencia del 2018.. No hubo nada m\u00e1s, que los pocos mensajes de una militancia dividida del PRI en Veracruz.. Tampoco hubo posicionamiento del PAN o PRD.. Parec\u00eda que anunciaban cualquier acto pol\u00edtico..<\/p>\n\n\n\n<p>Ahora en el tema de MORENA.. Si bien es cierto, Roc\u00edo Nahle Garc\u00eda como coordinadora de la Defensa de la 4T en Veracruz.. Ha iniciado sus recorridos por el Estado y con ello, ha logrado levantar un poco su imagen.. Ya que aunque las encuestas ponen a MORENA a la cabeza de las preferencias ciudadanas rumbo a la elecci\u00f3n a gobernador en 2024.. Su problema sigue siendo que a\u00fan la ciudadan\u00eda no termina de aceptar su candidatura.. Por dos razones fundamentales: Su origen zacatecano y su desarraigo de Veracruz durante 5 a\u00f1os..<\/p>\n\n\n\n<p>Pero tambi\u00e9n este momento, es una realidad pol\u00edtica de que Pepe Yunes y Roc\u00edo Nahle, saben bien, cu\u00e1l es su rol en esta contienda electoral en Veracruz.. Al priista no le tendr\u00e1 \u00abtemblar la mano\u00bb y deber\u00e1 convertirse en el m\u00e1s f\u00e9rreo cr\u00edtico del gobierno estatal de Cuitl\u00e1huac Garc\u00eda.. Mientras que la de MORENA tendr\u00e1 que cargar con la \u00abcruz\u00bb que le deja el gobernador, la cual es muy pesada y tendr\u00e1 que defender a \u00abcapa y espada\u00bb la 4T en la entidad para poder garantizar su continuidad..<\/p>\n\n\n\n<p>Ambos tambi\u00e9n deben dar por entendido de que ninguno de los dos la tiene sencilla.. Pepe Yunes deber\u00e1 convencer y traer de vuelta a todos aquellos que hoy se vislumbran por la candidata morenista.. Deber\u00e1 aprovechar al m\u00e1ximo todo y recuperar distritos federales y locales.. Sacar la idea a la ciudadan\u00eda que el PRI es un partido corrupto para que se sumen y junto con el PAN y PRD logran hacer la \u00abhombrada\u00bb en Veracruz de derrotar a MORENA..<\/p>\n\n\n\n<p>Mientras que Roc\u00edo Nahle, por su parte, deber\u00e1 mantener los territorios de su partido que ya fueron ganados en 2018 y algunos retenidos en 2021.. Adem\u00e1s asegurar como candidata no solo su triunfo a gobernador.. Sino tambi\u00e9n lograr una votaci\u00f3n grande para que Claudia Sheinbaum, triunfe en la campa\u00f1a presidencial en Veracruz.. Pero al mismo tiempo, seguir cuid\u00e1ndose de no salir \u00absalpicada\u00bb por el \u00abdesgobierno\u00bb de Cuitlahuac Garc\u00eda.. AMBOS (PEPE Y ROC\u00cdO) NO TIENEN DE OTRA \u00abSOPA\u00bb..<\/p>\n\n\n\n<p>REFLEXI\u00d3N.. Queda claro en esta contienda a gobernador en Veracruz.. El priista tiene mucho que ganar y poco que perder y la morenista tiene todo que perder.. Lo que es un hecho, es que el que gane, ser\u00e1 porque fue quien mejor entendi\u00f3 lo que hoy Veracruz quiere.. OJO no es un tema de orgullo local, ni residencia, ni buen Gobierno.. Sino algo m\u00e1s sencillo pero complicado.. Que es entender a m\u00e1s de 4.8 millones de usuarios de redes sociales en Veracruz, que de la pol\u00edtica s\u00f3lo gustan los \u00abFosfo, Fosfo\u00bb\u2026 EL QUE ENTENDI\u00d3, ENTENDI\u00d3..<\/p>\n","protected":false},"excerpt":{"rendered":"<p>Ricardo Chua Sale y Vale No cabe duda, que los tiempos cambian y el electorado tambi\u00e9n\u2026 Ahora que se viene la elecci\u00f3n a gobernador de Veracruz, el pr\u00f3ximo a\u00f1o y tras el anuncio de que Jos\u00e9 Francisco Yunes Zoriila, ser\u00e1 el candidato de la oposici\u00f3n a este cargo de elecci\u00f3n popular.. Pues, no todo ha [&hellip;]<\/p>\n","protected":false},"author":2,"featured_media":0,"comment_status":"closed","ping_status":"closed","sticky":false,"template":"","format":"standard","meta":{"tdm_status":"","tdm_grid_status":"","footnotes":""},"categories":[70],"tags":[9627,39764,1026,266,570,251,3578,195],"class_list":{"0":"post-114822","1":"post","2":"type-post","3":"status-publish","4":"format-standard","6":"category-de-opinion","7":"tag-claudia-sheinbaum","8":"tag-fosfo-fosfo","9":"tag-morena","10":"tag-pan","11":"tag-pepe-yunes","12":"tag-pri","13":"tag-rocio-nahle","14":"tag-veracruz"},"yoast_head":"<!-- This site is optimized with the Yoast SEO plugin v27.4 - https:\/\/yoast.com\/product\/yoast-seo-wordpress\/ -->\n<title>&quot;FOSFO, FOSFO&quot;, EL PELIGRO DE PEPE Y NAHLE - Los pol\u00edticos Veracruz<\/title>\n<meta name=\"robots\" content=\"index, follow, max-snippet:-1, max-image-preview:large, max-video-preview:-1\" \/>\n<link rel=\"canonical\" href=\"https:\/\/lospoliticosveracruz.com\/?p=114822\" \/>\n<meta property=\"og:locale\" content=\"es_ES\" \/>\n<meta property=\"og:type\" content=\"article\" \/>\n<meta property=\"og:title\" content=\"&quot;FOSFO, FOSFO&quot;, EL PELIGRO DE PEPE Y NAHLE - Los pol\u00edticos Veracruz\" \/>\n<meta property=\"og:description\" content=\"Ricardo Chua Sale y Vale No cabe duda, que los tiempos cambian y el electorado tambi\u00e9n\u2026 Ahora que se viene la elecci\u00f3n a gobernador de Veracruz, el pr\u00f3ximo a\u00f1o y tras el anuncio de que Jos\u00e9 Francisco Yunes Zoriila, ser\u00e1 el candidato de la oposici\u00f3n a este cargo de elecci\u00f3n popular.. Pues, no todo ha [&hellip;]\" \/>\n<meta property=\"og:url\" content=\"https:\/\/lospoliticosveracruz.com\/?p=114822\" \/>\n<meta property=\"og:site_name\" content=\"Los pol\u00edticos Veracruz\" \/>\n<meta property=\"article:publisher\" content=\"https:\/\/www.facebook.com\/people\/Notimemes-de-los-Polticos\/61565672886568\/\" \/>\n<meta property=\"article:published_time\" content=\"2023-11-27T11:19:35+00:00\" \/>\n<meta property=\"article:modified_time\" content=\"2023-11-27T11:19:51+00:00\" \/>\n<meta property=\"og:image\" content=\"https:\/\/lospoliticosveracruz.com\/wp-content\/uploads\/2016\/07\/Logo-Dor.jpg\" \/>\n\t<meta property=\"og:image:width\" content=\"200\" \/>\n\t<meta property=\"og:image:height\" content=\"200\" \/>\n\t<meta property=\"og:image:type\" content=\"image\/jpeg\" \/>\n<meta name=\"author\" content=\"Lo viste en Los Pol\u00edticos\" \/>\n<meta name=\"twitter:card\" content=\"summary_large_image\" \/>\n<meta name=\"twitter:creator\" content=\"@LosPoliticosVer\" \/>\n<meta name=\"twitter:site\" content=\"@LosPoliticosVer\" \/>\n<meta name=\"twitter:label1\" content=\"Escrito por\" \/>\n\t<meta name=\"twitter:data1\" content=\"Lo viste en Los Pol\u00edticos\" \/>\n\t<meta name=\"twitter:label2\" content=\"Tiempo de lectura\" \/>\n\t<meta name=\"twitter:data2\" content=\"4 minutos\" \/>\n<script type=\"application\/ld+json\" class=\"yoast-schema-graph\">{\"@context\":\"https:\\\/\\\/schema.org\",\"@graph\":[{\"@type\":\"Article\",\"@id\":\"https:\\\/\\\/lospoliticosveracruz.com\\\/?p=114822#article\",\"isPartOf\":{\"@id\":\"https:\\\/\\\/lospoliticosveracruz.com\\\/?p=114822\"},\"author\":{\"name\":\"Lo viste en Los Pol\u00edticos\",\"@id\":\"https:\\\/\\\/lospoliticosveracruz.com\\\/#\\\/schema\\\/person\\\/b8702bb0e538456e6efd07080bf2a4a2\"},\"headline\":\"\u00abFOSFO, FOSFO\u00bb, EL PELIGRO DE PEPE Y NAHLE\",\"datePublished\":\"2023-11-27T11:19:35+00:00\",\"dateModified\":\"2023-11-27T11:19:51+00:00\",\"mainEntityOfPage\":{\"@id\":\"https:\\\/\\\/lospoliticosveracruz.com\\\/?p=114822\"},\"wordCount\":762,\"publisher\":{\"@id\":\"https:\\\/\\\/lospoliticosveracruz.com\\\/#organization\"},\"keywords\":[\"Claudia Sheinbaum\",\"Fosfo fosfo\",\"Morena\",\"PAN\",\"Pepe Yunes\",\"PRI\",\"Roc\u00edo Nahle\",\"Veracruz\"],\"articleSection\":[\"De Opini\u00f3n\"],\"inLanguage\":\"es\"},{\"@type\":\"WebPage\",\"@id\":\"https:\\\/\\\/lospoliticosveracruz.com\\\/?p=114822\",\"url\":\"https:\\\/\\\/lospoliticosveracruz.com\\\/?p=114822\",\"name\":\"\\\"FOSFO, FOSFO\\\", EL PELIGRO DE PEPE Y NAHLE - Los pol\u00edticos Veracruz\",\"isPartOf\":{\"@id\":\"https:\\\/\\\/lospoliticosveracruz.com\\\/#website\"},\"datePublished\":\"2023-11-27T11:19:35+00:00\",\"dateModified\":\"2023-11-27T11:19:51+00:00\",\"breadcrumb\":{\"@id\":\"https:\\\/\\\/lospoliticosveracruz.com\\\/?p=114822#breadcrumb\"},\"inLanguage\":\"es\",\"potentialAction\":[{\"@type\":\"ReadAction\",\"target\":[\"https:\\\/\\\/lospoliticosveracruz.com\\\/?p=114822\"]}]},{\"@type\":\"BreadcrumbList\",\"@id\":\"https:\\\/\\\/lospoliticosveracruz.com\\\/?p=114822#breadcrumb\",\"itemListElement\":[{\"@type\":\"ListItem\",\"position\":1,\"name\":\"Portada\",\"item\":\"https:\\\/\\\/lospoliticosveracruz.com\\\/\"},{\"@type\":\"ListItem\",\"position\":2,\"name\":\"\u00abFOSFO, FOSFO\u00bb, EL PELIGRO DE PEPE Y NAHLE\"}]},{\"@type\":\"WebSite\",\"@id\":\"https:\\\/\\\/lospoliticosveracruz.com\\\/#website\",\"url\":\"https:\\\/\\\/lospoliticosveracruz.com\\\/\",\"name\":\"Los pol\u00edticos Veracruz\",\"description\":\"\",\"publisher\":{\"@id\":\"https:\\\/\\\/lospoliticosveracruz.com\\\/#organization\"},\"potentialAction\":[{\"@type\":\"SearchAction\",\"target\":{\"@type\":\"EntryPoint\",\"urlTemplate\":\"https:\\\/\\\/lospoliticosveracruz.com\\\/?s={search_term_string}\"},\"query-input\":{\"@type\":\"PropertyValueSpecification\",\"valueRequired\":true,\"valueName\":\"search_term_string\"}}],\"inLanguage\":\"es\"},{\"@type\":\"Organization\",\"@id\":\"https:\\\/\\\/lospoliticosveracruz.com\\\/#organization\",\"name\":\"Los pol\u00edticos Veracruz\",\"url\":\"https:\\\/\\\/lospoliticosveracruz.com\\\/\",\"logo\":{\"@type\":\"ImageObject\",\"inLanguage\":\"es\",\"@id\":\"https:\\\/\\\/lospoliticosveracruz.com\\\/#\\\/schema\\\/logo\\\/image\\\/\",\"url\":\"https:\\\/\\\/lospoliticosveracruz.com\\\/wp-content\\\/uploads\\\/2025\\\/12\\\/Logo-Nuevo-LOS-POLITICOS-1.jpg\",\"contentUrl\":\"https:\\\/\\\/lospoliticosveracruz.com\\\/wp-content\\\/uploads\\\/2025\\\/12\\\/Logo-Nuevo-LOS-POLITICOS-1.jpg\",\"width\":260,\"height\":70,\"caption\":\"Los pol\u00edticos Veracruz\"},\"image\":{\"@id\":\"https:\\\/\\\/lospoliticosveracruz.com\\\/#\\\/schema\\\/logo\\\/image\\\/\"},\"sameAs\":[\"https:\\\/\\\/www.facebook.com\\\/people\\\/Notimemes-de-los-Polticos\\\/61565672886568\\\/\",\"https:\\\/\\\/x.com\\\/LosPoliticosVer\"]},{\"@type\":\"Person\",\"@id\":\"https:\\\/\\\/lospoliticosveracruz.com\\\/#\\\/schema\\\/person\\\/b8702bb0e538456e6efd07080bf2a4a2\",\"name\":\"Lo viste en Los Pol\u00edticos\",\"image\":{\"@type\":\"ImageObject\",\"inLanguage\":\"es\",\"@id\":\"https:\\\/\\\/secure.gravatar.com\\\/avatar\\\/3a8de04a2656d44082be478bd6c086daa447c4651605818287b9532d3d0bd435?s=96&d=mm&r=g\",\"url\":\"https:\\\/\\\/secure.gravatar.com\\\/avatar\\\/3a8de04a2656d44082be478bd6c086daa447c4651605818287b9532d3d0bd435?s=96&d=mm&r=g\",\"contentUrl\":\"https:\\\/\\\/secure.gravatar.com\\\/avatar\\\/3a8de04a2656d44082be478bd6c086daa447c4651605818287b9532d3d0bd435?s=96&d=mm&r=g\",\"caption\":\"Lo viste en Los Pol\u00edticos\"},\"url\":\"https:\\\/\\\/lospoliticosveracruz.com\\\/?author=2\"}]}<\/script>\n<!-- \/ Yoast SEO plugin. -->","yoast_head_json":{"title":"\"FOSFO, FOSFO\", EL PELIGRO DE PEPE Y NAHLE - Los pol\u00edticos Veracruz","robots":{"index":"index","follow":"follow","max-snippet":"max-snippet:-1","max-image-preview":"max-image-preview:large","max-video-preview":"max-video-preview:-1"},"canonical":"https:\/\/lospoliticosveracruz.com\/?p=114822","og_locale":"es_ES","og_type":"article","og_title":"\"FOSFO, FOSFO\", EL PELIGRO DE PEPE Y NAHLE - Los pol\u00edticos Veracruz","og_description":"Ricardo Chua Sale y Vale No cabe duda, que los tiempos cambian y el electorado tambi\u00e9n\u2026 Ahora que se viene la elecci\u00f3n a gobernador de Veracruz, el pr\u00f3ximo a\u00f1o y tras el anuncio de que Jos\u00e9 Francisco Yunes Zoriila, ser\u00e1 el candidato de la oposici\u00f3n a este cargo de elecci\u00f3n popular.. Pues, no todo ha [&hellip;]","og_url":"https:\/\/lospoliticosveracruz.com\/?p=114822","og_site_name":"Los pol\u00edticos Veracruz","article_publisher":"https:\/\/www.facebook.com\/people\/Notimemes-de-los-Polticos\/61565672886568\/","article_published_time":"2023-11-27T11:19:35+00:00","article_modified_time":"2023-11-27T11:19:51+00:00","og_image":[{"width":200,"height":200,"url":"https:\/\/lospoliticosveracruz.com\/wp-content\/uploads\/2016\/07\/Logo-Dor.jpg","type":"image\/jpeg"}],"author":"Lo viste en Los Pol\u00edticos","twitter_card":"summary_large_image","twitter_creator":"@LosPoliticosVer","twitter_site":"@LosPoliticosVer","twitter_misc":{"Escrito por":"Lo viste en Los Pol\u00edticos","Tiempo de lectura":"4 minutos"},"schema":{"@context":"https:\/\/schema.org","@graph":[{"@type":"Article","@id":"https:\/\/lospoliticosveracruz.com\/?p=114822#article","isPartOf":{"@id":"https:\/\/lospoliticosveracruz.com\/?p=114822"},"author":{"name":"Lo viste en Los Pol\u00edticos","@id":"https:\/\/lospoliticosveracruz.com\/#\/schema\/person\/b8702bb0e538456e6efd07080bf2a4a2"},"headline":"\u00abFOSFO, FOSFO\u00bb, EL PELIGRO DE PEPE Y NAHLE","datePublished":"2023-11-27T11:19:35+00:00","dateModified":"2023-11-27T11:19:51+00:00","mainEntityOfPage":{"@id":"https:\/\/lospoliticosveracruz.com\/?p=114822"},"wordCount":762,"publisher":{"@id":"https:\/\/lospoliticosveracruz.com\/#organization"},"keywords":["Claudia Sheinbaum","Fosfo fosfo","Morena","PAN","Pepe Yunes","PRI","Roc\u00edo Nahle","Veracruz"],"articleSection":["De Opini\u00f3n"],"inLanguage":"es"},{"@type":"WebPage","@id":"https:\/\/lospoliticosveracruz.com\/?p=114822","url":"https:\/\/lospoliticosveracruz.com\/?p=114822","name":"\"FOSFO, FOSFO\", EL PELIGRO DE PEPE Y NAHLE - Los pol\u00edticos Veracruz","isPartOf":{"@id":"https:\/\/lospoliticosveracruz.com\/#website"},"datePublished":"2023-11-27T11:19:35+00:00","dateModified":"2023-11-27T11:19:51+00:00","breadcrumb":{"@id":"https:\/\/lospoliticosveracruz.com\/?p=114822#breadcrumb"},"inLanguage":"es","potentialAction":[{"@type":"ReadAction","target":["https:\/\/lospoliticosveracruz.com\/?p=114822"]}]},{"@type":"BreadcrumbList","@id":"https:\/\/lospoliticosveracruz.com\/?p=114822#breadcrumb","itemListElement":[{"@type":"ListItem","position":1,"name":"Portada","item":"https:\/\/lospoliticosveracruz.com\/"},{"@type":"ListItem","position":2,"name":"\u00abFOSFO, FOSFO\u00bb, EL PELIGRO DE PEPE Y NAHLE"}]},{"@type":"WebSite","@id":"https:\/\/lospoliticosveracruz.com\/#website","url":"https:\/\/lospoliticosveracruz.com\/","name":"Los pol\u00edticos Veracruz","description":"","publisher":{"@id":"https:\/\/lospoliticosveracruz.com\/#organization"},"potentialAction":[{"@type":"SearchAction","target":{"@type":"EntryPoint","urlTemplate":"https:\/\/lospoliticosveracruz.com\/?s={search_term_string}"},"query-input":{"@type":"PropertyValueSpecification","valueRequired":true,"valueName":"search_term_string"}}],"inLanguage":"es"},{"@type":"Organization","@id":"https:\/\/lospoliticosveracruz.com\/#organization","name":"Los pol\u00edticos Veracruz","url":"https:\/\/lospoliticosveracruz.com\/","logo":{"@type":"ImageObject","inLanguage":"es","@id":"https:\/\/lospoliticosveracruz.com\/#\/schema\/logo\/image\/","url":"https:\/\/lospoliticosveracruz.com\/wp-content\/uploads\/2025\/12\/Logo-Nuevo-LOS-POLITICOS-1.jpg","contentUrl":"https:\/\/lospoliticosveracruz.com\/wp-content\/uploads\/2025\/12\/Logo-Nuevo-LOS-POLITICOS-1.jpg","width":260,"height":70,"caption":"Los pol\u00edticos Veracruz"},"image":{"@id":"https:\/\/lospoliticosveracruz.com\/#\/schema\/logo\/image\/"},"sameAs":["https:\/\/www.facebook.com\/people\/Notimemes-de-los-Polticos\/61565672886568\/","https:\/\/x.com\/LosPoliticosVer"]},{"@type":"Person","@id":"https:\/\/lospoliticosveracruz.com\/#\/schema\/person\/b8702bb0e538456e6efd07080bf2a4a2","name":"Lo viste en Los Pol\u00edticos","image":{"@type":"ImageObject","inLanguage":"es","@id":"https:\/\/secure.gravatar.com\/avatar\/3a8de04a2656d44082be478bd6c086daa447c4651605818287b9532d3d0bd435?s=96&d=mm&r=g","url":"https:\/\/secure.gravatar.com\/avatar\/3a8de04a2656d44082be478bd6c086daa447c4651605818287b9532d3d0bd435?s=96&d=mm&r=g","contentUrl":"https:\/\/secure.gravatar.com\/avatar\/3a8de04a2656d44082be478bd6c086daa447c4651605818287b9532d3d0bd435?s=96&d=mm&r=g","caption":"Lo viste en Los Pol\u00edticos"},"url":"https:\/\/lospoliticosveracruz.com\/?author=2"}]}},"_links":{"self":[{"href":"https:\/\/lospoliticosveracruz.com\/index.php?rest_route=\/wp\/v2\/posts\/114822","targetHints":{"allow":["GET"]}}],"collection":[{"href":"https:\/\/lospoliticosveracruz.com\/index.php?rest_route=\/wp\/v2\/posts"}],"about":[{"href":"https:\/\/lospoliticosveracruz.com\/index.php?rest_route=\/wp\/v2\/types\/post"}],"author":[{"embeddable":true,"href":"https:\/\/lospoliticosveracruz.com\/index.php?rest_route=\/wp\/v2\/users\/2"}],"replies":[{"embeddable":true,"href":"https:\/\/lospoliticosveracruz.com\/index.php?rest_route=%2Fwp%2Fv2%2Fcomments&post=114822"}],"version-history":[{"count":1,"href":"https:\/\/lospoliticosveracruz.com\/index.php?rest_route=\/wp\/v2\/posts\/114822\/revisions"}],"predecessor-version":[{"id":114823,"href":"https:\/\/lospoliticosveracruz.com\/index.php?rest_route=\/wp\/v2\/posts\/114822\/revisions\/114823"}],"wp:attachment":[{"href":"https:\/\/lospoliticosveracruz.com\/index.php?rest_route=%2Fwp%2Fv2%2Fmedia&parent=114822"}],"wp:term":[{"taxonomy":"category","embeddable":true,"href":"https:\/\/lospoliticosveracruz.com\/index.php?rest_route=%2Fwp%2Fv2%2Fcategories&post=114822"},{"taxonomy":"post_tag","embeddable":true,"href":"https:\/\/lospoliticosveracruz.com\/index.php?rest_route=%2Fwp%2Fv2%2Ftags&post=114822"}],"curies":[{"name":"wp","href":"https:\/\/api.w.org\/{rel}","templated":true}]}}