{"id":115264,"date":"2023-12-05T14:55:05","date_gmt":"2023-12-05T20:55:05","guid":{"rendered":"https:\/\/lospoliticosveracruz.com.mx\/?p=115264"},"modified":"2023-12-05T14:55:11","modified_gmt":"2023-12-05T20:55:11","slug":"de-pragmatismo-y-deslealtades","status":"publish","type":"post","link":"https:\/\/lospoliticosveracruz.com\/?p=115264","title":{"rendered":"DE PRAGMATISMO Y DESLEALTADES"},"content":{"rendered":"\n<p><\/p>\n\n\n\n<p><br><strong>Emilio C\u00e1rdenas Escobosa<\/strong><br><em>De Inter\u00e9s P\u00fablico<\/em><\/p>\n\n\n\n<p>En los d\u00edas que corren en el medio pol\u00edtico nacional y en el fragor de la batalla que protagonizan partidos y aspirantes a los diversos cargos de representaci\u00f3n en disputa, el asunto de las deslealtades, del cambio de camiseta, los bandazos y traiciones son parte del comportamiento de muchos pol\u00edticos que se manifiestan sin pudor alguno en la coyuntura electoral.<\/p>\n\n\n<div class=\"wp-block-image\">\n<figure class=\"alignleft size-medium\"><a href=\"https:\/\/lospoliticosveracruz.com.mx\/wp-content\/uploads\/2021\/10\/Zacauilt.jpg\"><img decoding=\"async\" src=\"https:\/\/lospoliticosveracruz.com.mx\/wp-content\/uploads\/2021\/10\/Zacauilt-150x300.jpg\" alt=\"\" class=\"wp-image-80558\"\/><\/a><\/figure>\n<\/div>\n\n\n<p>Es tema de conversaci\u00f3n y oportunidad para abrirle paso al rumor, para sembrar velos de sospecha. Sirve lo mismo como llamada de alerta a los correligionarios que como pretexto para ajustar cuentas e intentar cerrar el paso a personajes o grupos que no son de las simpat\u00edas de quienes elaboran las listas negras y preparan las purgas.<\/p>\n\n\n\n<p>EL tema de la traici\u00f3n en pol\u00edtica tiene visiones e interpretaciones interesantes. Ya alguna vez refer\u00ed un texto publicado hace ya bastante tiempo, all\u00e1 por 1990, en el que dos autores franceses, Denis Jeambar e Yves Roucaute, defendieron la l\u00f3gica de la traici\u00f3n en un peque\u00f1o volumen que lleva por t\u00edtulo Elogio de la traici\u00f3n (Sobre el arte de gobernar por medio de la negaci\u00f3n), texto pol\u00e9mico cuya tesis central se resume en que s\u00f3lo la traici\u00f3n permite gobernar.<\/p>\n\n\n\n<p>Para los polit\u00f3logos franceses Jeambar y Roucaute existe una justificaci\u00f3n v\u00e1lida del accionar de los tr\u00e1nsfugas, pues consideran que la traici\u00f3n es un acto fundacional de la pol\u00edtica, que, complementada con la flexibilidad, adaptabilidad y el antidogmatismo forman parte de los cambios de quienes hacen pol\u00edtica.<\/p>\n\n\n\n<p>Llegan incluso a afirmar que \u00abno se gobierna una ciudad con leyes de bronce y principios eternos salvo que se prefiera la tiran\u00eda al proceso democr\u00e1tico. Gobernar es ante todo traicionar\u00bb.<\/p>\n\n\n\n<p>La tesis de los franceses, que debe verse m\u00e1s bajo la \u00f3ptica del pragmatismo pol\u00edtico que de la traici\u00f3n desde el punto de vista de la \u00e9tica y la moral, nos remite a un enfoque en el que los tr\u00e1nsfugas estar\u00edan guiados e identificados por un pragmatismo que, aunado a una f\u00e9rrea defensa de sus derechos individuales, valores fundamentales de una sociedad de libre competencia y mercado pol\u00edtico, los lleva a abjurar de sus creencias y simpat\u00edas previas hacia una ideolog\u00eda o un partido pol\u00edtico.<\/p>\n\n\n\n<p>Existen incluso argumentos de que cambiar de bando puede perfectamente ser se\u00f1al no s\u00f3lo de buen gusto, sino de estricta dignidad para con determinados presupuestos de justicia que pueden entenderse lesionados en el desarrollo del tiempo. Por lo que si no se parte de la maldad del tr\u00e1nsfuga puede entenderse que \u00e9ste, ante lo que entiende es una traici\u00f3n a lo que significaba el partido o el programa en el que cre\u00eda, obra en conciencia. Desde este punto de vista, el cambio de agrupaci\u00f3n pol\u00edtica podr\u00eda interpretarse como un acto racional.<\/p>\n\n\n\n<p>En contraparte, resulta evidente que el fen\u00f3meno del transfuguismo resulta perjudicial al desarrollo y consolidaci\u00f3n del sistema democr\u00e1tico y por ende al sistema pol\u00edtico en su conjunto ya que conlleva un falseamiento de la representaci\u00f3n y constituye una especie de \u00abestafa pol\u00edtica\u00bb al ciudadano que ve modificada la expresi\u00f3n de su voluntad pol\u00edtica con su intervenci\u00f3n, al tiempo que se pone de manifiesto su situaci\u00f3n de indefensi\u00f3n ante tales comportamientos.<\/p>\n\n\n\n<p>Pero m\u00e1s all\u00e1 del debilitamiento del sistema de partidos que supone, su resultado m\u00e1s importante es que mina la credibilidad de la \u00e9lite pol\u00edtica ante la ciudadan\u00eda, lo que socava la legitimidad de los sistemas de representaci\u00f3n y aleja al ciudadano de la participaci\u00f3n electoral.<\/p>\n\n\n\n<p>La sociedad se pregunta cotidianamente y no solo en tiempos de elecciones si la pol\u00edtica puede cambiar significativamente su realidad. Quiere saber si lo que ofertan los pol\u00edticos realmente podr\u00e1 cumplirse. Se cuestiona sobre las bondades que la mercadotecnia pregona sobre gobernantes, partidos y candidatos.<\/p>\n\n\n\n<p>No obstante, al ver que la traici\u00f3n, el cambio de rumbo y el llamado \u00abpragmatismo\u00bb aparecen hoy como forma plenamente aceptada de hacer pol\u00edtica y que a pesar de los discursos estos antivalores est\u00e1n en el coraz\u00f3n de cierta forma de entender la democracia, los ciudadanos justificadamente tienden a desconfiar de pol\u00edticos de esta clase.<\/p>\n\n\n\n<p>A\u00fan con elaboraciones te\u00f3ricas que pretendan justificar o entender las motivaciones de las deslealtades y el transfuguismo, y m\u00e1s all\u00e1 de cualquier discurso o alegato que pretenda justificar una conducta de esa naturaleza, la falta de principios que implica la traici\u00f3n en pol\u00edtica es m\u00e1s que clara.<\/p>\n\n\n\n<p>Se adultera el sentido de la acci\u00f3n pol\u00edtica como instrumento para servir a la colectividad y queda \u00fanicamente el rostro de la ambici\u00f3n, el revanchismo y la frustraci\u00f3n de quienes cambian sin m\u00e1s de camiseta o act\u00faan como caballos de Troya en las filas de su organizaci\u00f3n.<\/p>\n\n\n\n<p>La vocaci\u00f3n acomodaticia y el af\u00e1n de \u201csumarse a los vencedores\u201d que caracteriza elecci\u00f3n tras elecci\u00f3n a nuestra clase pol\u00edtica, nos recuerdan que en esta materia pocos, muy pocos, pueden arrojar la primera piedra.<\/p>\n\n\n\n<p>jecesco@hotmail.com<br>www.deinterespublico.com<\/p>\n","protected":false},"excerpt":{"rendered":"<p>Emilio C\u00e1rdenas EscobosaDe Inter\u00e9s P\u00fablico En los d\u00edas que corren en el medio pol\u00edtico nacional y en el fragor de la batalla que protagonizan partidos y aspirantes a los diversos cargos de representaci\u00f3n en disputa, el asunto de las deslealtades, del cambio de camiseta, los bandazos y traiciones son parte del comportamiento de muchos pol\u00edticos [&hellip;]<\/p>\n","protected":false},"author":2,"featured_media":0,"comment_status":"closed","ping_status":"closed","sticky":false,"template":"","format":"standard","meta":{"tdm_status":"","tdm_grid_status":"","footnotes":""},"categories":[70],"tags":[],"class_list":{"0":"post-115264","1":"post","2":"type-post","3":"status-publish","4":"format-standard","6":"category-de-opinion"},"yoast_head":"<!-- This site is optimized with the Yoast SEO plugin v27.4 - https:\/\/yoast.com\/product\/yoast-seo-wordpress\/ -->\n<title>DE PRAGMATISMO Y DESLEALTADES - Los pol\u00edticos Veracruz<\/title>\n<meta name=\"robots\" content=\"index, follow, max-snippet:-1, max-image-preview:large, max-video-preview:-1\" \/>\n<link rel=\"canonical\" href=\"https:\/\/lospoliticosveracruz.com\/?p=115264\" \/>\n<meta property=\"og:locale\" content=\"es_ES\" \/>\n<meta property=\"og:type\" content=\"article\" \/>\n<meta property=\"og:title\" content=\"DE PRAGMATISMO Y DESLEALTADES - Los pol\u00edticos Veracruz\" \/>\n<meta property=\"og:description\" content=\"Emilio C\u00e1rdenas EscobosaDe Inter\u00e9s P\u00fablico En los d\u00edas que corren en el medio pol\u00edtico nacional y en el fragor de la batalla que protagonizan partidos y aspirantes a los diversos cargos de representaci\u00f3n en disputa, el asunto de las deslealtades, del cambio de camiseta, los bandazos y traiciones son parte del comportamiento de muchos pol\u00edticos [&hellip;]\" \/>\n<meta property=\"og:url\" content=\"https:\/\/lospoliticosveracruz.com\/?p=115264\" \/>\n<meta property=\"og:site_name\" content=\"Los pol\u00edticos Veracruz\" \/>\n<meta property=\"article:publisher\" content=\"https:\/\/www.facebook.com\/people\/Notimemes-de-los-Polticos\/61565672886568\/\" \/>\n<meta property=\"article:published_time\" content=\"2023-12-05T20:55:05+00:00\" \/>\n<meta property=\"article:modified_time\" content=\"2023-12-05T20:55:11+00:00\" \/>\n<meta property=\"og:image\" content=\"https:\/\/lospoliticosveracruz.com.mx\/wp-content\/uploads\/2021\/10\/Zacauilt-150x300.jpg\" \/>\n<meta name=\"author\" content=\"Lo viste en Los Pol\u00edticos\" \/>\n<meta name=\"twitter:card\" content=\"summary_large_image\" \/>\n<meta name=\"twitter:creator\" content=\"@LosPoliticosVer\" \/>\n<meta name=\"twitter:site\" content=\"@LosPoliticosVer\" \/>\n<meta name=\"twitter:label1\" content=\"Escrito por\" \/>\n\t<meta name=\"twitter:data1\" content=\"Lo viste en Los Pol\u00edticos\" \/>\n\t<meta name=\"twitter:label2\" content=\"Tiempo de lectura\" \/>\n\t<meta name=\"twitter:data2\" content=\"4 minutos\" \/>\n<script type=\"application\/ld+json\" class=\"yoast-schema-graph\">{\"@context\":\"https:\\\/\\\/schema.org\",\"@graph\":[{\"@type\":\"Article\",\"@id\":\"https:\\\/\\\/lospoliticosveracruz.com\\\/?p=115264#article\",\"isPartOf\":{\"@id\":\"https:\\\/\\\/lospoliticosveracruz.com\\\/?p=115264\"},\"author\":{\"name\":\"Lo viste en Los Pol\u00edticos\",\"@id\":\"https:\\\/\\\/lospoliticosveracruz.com\\\/#\\\/schema\\\/person\\\/b8702bb0e538456e6efd07080bf2a4a2\"},\"headline\":\"DE PRAGMATISMO Y DESLEALTADES\",\"datePublished\":\"2023-12-05T20:55:05+00:00\",\"dateModified\":\"2023-12-05T20:55:11+00:00\",\"mainEntityOfPage\":{\"@id\":\"https:\\\/\\\/lospoliticosveracruz.com\\\/?p=115264\"},\"wordCount\":895,\"publisher\":{\"@id\":\"https:\\\/\\\/lospoliticosveracruz.com\\\/#organization\"},\"image\":{\"@id\":\"https:\\\/\\\/lospoliticosveracruz.com\\\/?p=115264#primaryimage\"},\"thumbnailUrl\":\"https:\\\/\\\/lospoliticosveracruz.com.mx\\\/wp-content\\\/uploads\\\/2021\\\/10\\\/Zacauilt-150x300.jpg\",\"articleSection\":[\"De Opini\u00f3n\"],\"inLanguage\":\"es\"},{\"@type\":\"WebPage\",\"@id\":\"https:\\\/\\\/lospoliticosveracruz.com\\\/?p=115264\",\"url\":\"https:\\\/\\\/lospoliticosveracruz.com\\\/?p=115264\",\"name\":\"DE PRAGMATISMO Y DESLEALTADES - Los pol\u00edticos Veracruz\",\"isPartOf\":{\"@id\":\"https:\\\/\\\/lospoliticosveracruz.com\\\/#website\"},\"primaryImageOfPage\":{\"@id\":\"https:\\\/\\\/lospoliticosveracruz.com\\\/?p=115264#primaryimage\"},\"image\":{\"@id\":\"https:\\\/\\\/lospoliticosveracruz.com\\\/?p=115264#primaryimage\"},\"thumbnailUrl\":\"https:\\\/\\\/lospoliticosveracruz.com.mx\\\/wp-content\\\/uploads\\\/2021\\\/10\\\/Zacauilt-150x300.jpg\",\"datePublished\":\"2023-12-05T20:55:05+00:00\",\"dateModified\":\"2023-12-05T20:55:11+00:00\",\"breadcrumb\":{\"@id\":\"https:\\\/\\\/lospoliticosveracruz.com\\\/?p=115264#breadcrumb\"},\"inLanguage\":\"es\",\"potentialAction\":[{\"@type\":\"ReadAction\",\"target\":[\"https:\\\/\\\/lospoliticosveracruz.com\\\/?p=115264\"]}]},{\"@type\":\"ImageObject\",\"inLanguage\":\"es\",\"@id\":\"https:\\\/\\\/lospoliticosveracruz.com\\\/?p=115264#primaryimage\",\"url\":\"https:\\\/\\\/lospoliticosveracruz.com.mx\\\/wp-content\\\/uploads\\\/2021\\\/10\\\/Zacauilt-150x300.jpg\",\"contentUrl\":\"https:\\\/\\\/lospoliticosveracruz.com.mx\\\/wp-content\\\/uploads\\\/2021\\\/10\\\/Zacauilt-150x300.jpg\"},{\"@type\":\"BreadcrumbList\",\"@id\":\"https:\\\/\\\/lospoliticosveracruz.com\\\/?p=115264#breadcrumb\",\"itemListElement\":[{\"@type\":\"ListItem\",\"position\":1,\"name\":\"Portada\",\"item\":\"https:\\\/\\\/lospoliticosveracruz.com\\\/\"},{\"@type\":\"ListItem\",\"position\":2,\"name\":\"DE PRAGMATISMO Y DESLEALTADES\"}]},{\"@type\":\"WebSite\",\"@id\":\"https:\\\/\\\/lospoliticosveracruz.com\\\/#website\",\"url\":\"https:\\\/\\\/lospoliticosveracruz.com\\\/\",\"name\":\"Los pol\u00edticos Veracruz\",\"description\":\"\",\"publisher\":{\"@id\":\"https:\\\/\\\/lospoliticosveracruz.com\\\/#organization\"},\"potentialAction\":[{\"@type\":\"SearchAction\",\"target\":{\"@type\":\"EntryPoint\",\"urlTemplate\":\"https:\\\/\\\/lospoliticosveracruz.com\\\/?s={search_term_string}\"},\"query-input\":{\"@type\":\"PropertyValueSpecification\",\"valueRequired\":true,\"valueName\":\"search_term_string\"}}],\"inLanguage\":\"es\"},{\"@type\":\"Organization\",\"@id\":\"https:\\\/\\\/lospoliticosveracruz.com\\\/#organization\",\"name\":\"Los pol\u00edticos Veracruz\",\"url\":\"https:\\\/\\\/lospoliticosveracruz.com\\\/\",\"logo\":{\"@type\":\"ImageObject\",\"inLanguage\":\"es\",\"@id\":\"https:\\\/\\\/lospoliticosveracruz.com\\\/#\\\/schema\\\/logo\\\/image\\\/\",\"url\":\"https:\\\/\\\/lospoliticosveracruz.com\\\/wp-content\\\/uploads\\\/2025\\\/12\\\/Logo-Nuevo-LOS-POLITICOS-1.jpg\",\"contentUrl\":\"https:\\\/\\\/lospoliticosveracruz.com\\\/wp-content\\\/uploads\\\/2025\\\/12\\\/Logo-Nuevo-LOS-POLITICOS-1.jpg\",\"width\":260,\"height\":70,\"caption\":\"Los pol\u00edticos Veracruz\"},\"image\":{\"@id\":\"https:\\\/\\\/lospoliticosveracruz.com\\\/#\\\/schema\\\/logo\\\/image\\\/\"},\"sameAs\":[\"https:\\\/\\\/www.facebook.com\\\/people\\\/Notimemes-de-los-Polticos\\\/61565672886568\\\/\",\"https:\\\/\\\/x.com\\\/LosPoliticosVer\"]},{\"@type\":\"Person\",\"@id\":\"https:\\\/\\\/lospoliticosveracruz.com\\\/#\\\/schema\\\/person\\\/b8702bb0e538456e6efd07080bf2a4a2\",\"name\":\"Lo viste en Los Pol\u00edticos\",\"image\":{\"@type\":\"ImageObject\",\"inLanguage\":\"es\",\"@id\":\"https:\\\/\\\/secure.gravatar.com\\\/avatar\\\/3a8de04a2656d44082be478bd6c086daa447c4651605818287b9532d3d0bd435?s=96&d=mm&r=g\",\"url\":\"https:\\\/\\\/secure.gravatar.com\\\/avatar\\\/3a8de04a2656d44082be478bd6c086daa447c4651605818287b9532d3d0bd435?s=96&d=mm&r=g\",\"contentUrl\":\"https:\\\/\\\/secure.gravatar.com\\\/avatar\\\/3a8de04a2656d44082be478bd6c086daa447c4651605818287b9532d3d0bd435?s=96&d=mm&r=g\",\"caption\":\"Lo viste en Los Pol\u00edticos\"},\"url\":\"https:\\\/\\\/lospoliticosveracruz.com\\\/?author=2\"}]}<\/script>\n<!-- \/ Yoast SEO plugin. -->","yoast_head_json":{"title":"DE PRAGMATISMO Y DESLEALTADES - Los pol\u00edticos Veracruz","robots":{"index":"index","follow":"follow","max-snippet":"max-snippet:-1","max-image-preview":"max-image-preview:large","max-video-preview":"max-video-preview:-1"},"canonical":"https:\/\/lospoliticosveracruz.com\/?p=115264","og_locale":"es_ES","og_type":"article","og_title":"DE PRAGMATISMO Y DESLEALTADES - Los pol\u00edticos Veracruz","og_description":"Emilio C\u00e1rdenas EscobosaDe Inter\u00e9s P\u00fablico En los d\u00edas que corren en el medio pol\u00edtico nacional y en el fragor de la batalla que protagonizan partidos y aspirantes a los diversos cargos de representaci\u00f3n en disputa, el asunto de las deslealtades, del cambio de camiseta, los bandazos y traiciones son parte del comportamiento de muchos pol\u00edticos [&hellip;]","og_url":"https:\/\/lospoliticosveracruz.com\/?p=115264","og_site_name":"Los pol\u00edticos Veracruz","article_publisher":"https:\/\/www.facebook.com\/people\/Notimemes-de-los-Polticos\/61565672886568\/","article_published_time":"2023-12-05T20:55:05+00:00","article_modified_time":"2023-12-05T20:55:11+00:00","og_image":[{"url":"https:\/\/lospoliticosveracruz.com.mx\/wp-content\/uploads\/2021\/10\/Zacauilt-150x300.jpg","type":"","width":"","height":""}],"author":"Lo viste en Los Pol\u00edticos","twitter_card":"summary_large_image","twitter_creator":"@LosPoliticosVer","twitter_site":"@LosPoliticosVer","twitter_misc":{"Escrito por":"Lo viste en Los Pol\u00edticos","Tiempo de lectura":"4 minutos"},"schema":{"@context":"https:\/\/schema.org","@graph":[{"@type":"Article","@id":"https:\/\/lospoliticosveracruz.com\/?p=115264#article","isPartOf":{"@id":"https:\/\/lospoliticosveracruz.com\/?p=115264"},"author":{"name":"Lo viste en Los Pol\u00edticos","@id":"https:\/\/lospoliticosveracruz.com\/#\/schema\/person\/b8702bb0e538456e6efd07080bf2a4a2"},"headline":"DE PRAGMATISMO Y DESLEALTADES","datePublished":"2023-12-05T20:55:05+00:00","dateModified":"2023-12-05T20:55:11+00:00","mainEntityOfPage":{"@id":"https:\/\/lospoliticosveracruz.com\/?p=115264"},"wordCount":895,"publisher":{"@id":"https:\/\/lospoliticosveracruz.com\/#organization"},"image":{"@id":"https:\/\/lospoliticosveracruz.com\/?p=115264#primaryimage"},"thumbnailUrl":"https:\/\/lospoliticosveracruz.com.mx\/wp-content\/uploads\/2021\/10\/Zacauilt-150x300.jpg","articleSection":["De Opini\u00f3n"],"inLanguage":"es"},{"@type":"WebPage","@id":"https:\/\/lospoliticosveracruz.com\/?p=115264","url":"https:\/\/lospoliticosveracruz.com\/?p=115264","name":"DE PRAGMATISMO Y DESLEALTADES - Los pol\u00edticos Veracruz","isPartOf":{"@id":"https:\/\/lospoliticosveracruz.com\/#website"},"primaryImageOfPage":{"@id":"https:\/\/lospoliticosveracruz.com\/?p=115264#primaryimage"},"image":{"@id":"https:\/\/lospoliticosveracruz.com\/?p=115264#primaryimage"},"thumbnailUrl":"https:\/\/lospoliticosveracruz.com.mx\/wp-content\/uploads\/2021\/10\/Zacauilt-150x300.jpg","datePublished":"2023-12-05T20:55:05+00:00","dateModified":"2023-12-05T20:55:11+00:00","breadcrumb":{"@id":"https:\/\/lospoliticosveracruz.com\/?p=115264#breadcrumb"},"inLanguage":"es","potentialAction":[{"@type":"ReadAction","target":["https:\/\/lospoliticosveracruz.com\/?p=115264"]}]},{"@type":"ImageObject","inLanguage":"es","@id":"https:\/\/lospoliticosveracruz.com\/?p=115264#primaryimage","url":"https:\/\/lospoliticosveracruz.com.mx\/wp-content\/uploads\/2021\/10\/Zacauilt-150x300.jpg","contentUrl":"https:\/\/lospoliticosveracruz.com.mx\/wp-content\/uploads\/2021\/10\/Zacauilt-150x300.jpg"},{"@type":"BreadcrumbList","@id":"https:\/\/lospoliticosveracruz.com\/?p=115264#breadcrumb","itemListElement":[{"@type":"ListItem","position":1,"name":"Portada","item":"https:\/\/lospoliticosveracruz.com\/"},{"@type":"ListItem","position":2,"name":"DE PRAGMATISMO Y DESLEALTADES"}]},{"@type":"WebSite","@id":"https:\/\/lospoliticosveracruz.com\/#website","url":"https:\/\/lospoliticosveracruz.com\/","name":"Los pol\u00edticos Veracruz","description":"","publisher":{"@id":"https:\/\/lospoliticosveracruz.com\/#organization"},"potentialAction":[{"@type":"SearchAction","target":{"@type":"EntryPoint","urlTemplate":"https:\/\/lospoliticosveracruz.com\/?s={search_term_string}"},"query-input":{"@type":"PropertyValueSpecification","valueRequired":true,"valueName":"search_term_string"}}],"inLanguage":"es"},{"@type":"Organization","@id":"https:\/\/lospoliticosveracruz.com\/#organization","name":"Los pol\u00edticos Veracruz","url":"https:\/\/lospoliticosveracruz.com\/","logo":{"@type":"ImageObject","inLanguage":"es","@id":"https:\/\/lospoliticosveracruz.com\/#\/schema\/logo\/image\/","url":"https:\/\/lospoliticosveracruz.com\/wp-content\/uploads\/2025\/12\/Logo-Nuevo-LOS-POLITICOS-1.jpg","contentUrl":"https:\/\/lospoliticosveracruz.com\/wp-content\/uploads\/2025\/12\/Logo-Nuevo-LOS-POLITICOS-1.jpg","width":260,"height":70,"caption":"Los pol\u00edticos Veracruz"},"image":{"@id":"https:\/\/lospoliticosveracruz.com\/#\/schema\/logo\/image\/"},"sameAs":["https:\/\/www.facebook.com\/people\/Notimemes-de-los-Polticos\/61565672886568\/","https:\/\/x.com\/LosPoliticosVer"]},{"@type":"Person","@id":"https:\/\/lospoliticosveracruz.com\/#\/schema\/person\/b8702bb0e538456e6efd07080bf2a4a2","name":"Lo viste en Los Pol\u00edticos","image":{"@type":"ImageObject","inLanguage":"es","@id":"https:\/\/secure.gravatar.com\/avatar\/3a8de04a2656d44082be478bd6c086daa447c4651605818287b9532d3d0bd435?s=96&d=mm&r=g","url":"https:\/\/secure.gravatar.com\/avatar\/3a8de04a2656d44082be478bd6c086daa447c4651605818287b9532d3d0bd435?s=96&d=mm&r=g","contentUrl":"https:\/\/secure.gravatar.com\/avatar\/3a8de04a2656d44082be478bd6c086daa447c4651605818287b9532d3d0bd435?s=96&d=mm&r=g","caption":"Lo viste en Los Pol\u00edticos"},"url":"https:\/\/lospoliticosveracruz.com\/?author=2"}]}},"_links":{"self":[{"href":"https:\/\/lospoliticosveracruz.com\/index.php?rest_route=\/wp\/v2\/posts\/115264","targetHints":{"allow":["GET"]}}],"collection":[{"href":"https:\/\/lospoliticosveracruz.com\/index.php?rest_route=\/wp\/v2\/posts"}],"about":[{"href":"https:\/\/lospoliticosveracruz.com\/index.php?rest_route=\/wp\/v2\/types\/post"}],"author":[{"embeddable":true,"href":"https:\/\/lospoliticosveracruz.com\/index.php?rest_route=\/wp\/v2\/users\/2"}],"replies":[{"embeddable":true,"href":"https:\/\/lospoliticosveracruz.com\/index.php?rest_route=%2Fwp%2Fv2%2Fcomments&post=115264"}],"version-history":[{"count":1,"href":"https:\/\/lospoliticosveracruz.com\/index.php?rest_route=\/wp\/v2\/posts\/115264\/revisions"}],"predecessor-version":[{"id":115266,"href":"https:\/\/lospoliticosveracruz.com\/index.php?rest_route=\/wp\/v2\/posts\/115264\/revisions\/115266"}],"wp:attachment":[{"href":"https:\/\/lospoliticosveracruz.com\/index.php?rest_route=%2Fwp%2Fv2%2Fmedia&parent=115264"}],"wp:term":[{"taxonomy":"category","embeddable":true,"href":"https:\/\/lospoliticosveracruz.com\/index.php?rest_route=%2Fwp%2Fv2%2Fcategories&post=115264"},{"taxonomy":"post_tag","embeddable":true,"href":"https:\/\/lospoliticosveracruz.com\/index.php?rest_route=%2Fwp%2Fv2%2Ftags&post=115264"}],"curies":[{"name":"wp","href":"https:\/\/api.w.org\/{rel}","templated":true}]}}