{"id":115272,"date":"2023-12-05T18:40:13","date_gmt":"2023-12-06T00:40:13","guid":{"rendered":"https:\/\/lospoliticosveracruz.com.mx\/?p=115272"},"modified":"2023-12-05T18:40:25","modified_gmt":"2023-12-06T00:40:25","slug":"autoproteccion","status":"publish","type":"post","link":"https:\/\/lospoliticosveracruz.com\/?p=115272","title":{"rendered":"AUTOPROTECCI\u00d3N"},"content":{"rendered":"\n<p><strong>Guadalupe H. Mar<br><\/strong><em>Mira Pol\u00edtica<\/em><\/p>\n\n\n\n<p><strong>PARA PERIODISTAS \u2026<\/strong> Conscientes de que a\u00f1o tras a\u00f1o, M\u00e9xico se mantiene como uno de los pa\u00edses m\u00e1s peligrosos y mort\u00edferos del mundo para los periodistas, la organizaci\u00f3n internacional Reporteros Sin Fronteras (RSF), edit\u00f3 una nueva y pr\u00e1ctica \u00abGu\u00eda de seguridad para periodistas y comunicadores\u00bb, que permite a quienes se dedican a esta labor, conocer el mecanismo de protecci\u00f3n existente desde el a\u00f1o 2012, pero, sobre todo, acercarse a la cultura de la autoprotecci\u00f3n.<br>En un folleto de pr\u00e1ctico manejo, RSF M\u00e9xico advierte que los asesinatos de periodistas son solo la punta del iceberg de un escenario de violencia estructural, con altos \u00edndices de impunidad, sobre todo esto \u00faltimo.<br>Personalmente Balbina Flores Mart\u00ednez, representante en M\u00e9xico de la Organizaci\u00f3n Reporteros sin fronteras, se encarga de distribuir este documento, que en su portada sintetiza su intenci\u00f3n, dar a conocer \u00abDirectrices de autoprotecci\u00f3n y acceso al Mecanismo de Protecci\u00f3n para Personas Defensoras de Derechos Humanos y Periodistas\u00bb.<br>Con ella nos encontramos recientemente en Guadalajara, Jalisco, con motivo de la feria Internacional del Libro (FIL) y del XIX Encuentro Internacional de Periodistas, donde nos entreg\u00f3 un ejemplar de este folleto que inicia advirtiendo que M\u00e9xico es el pa\u00eds sin conflicto armado m\u00e1s peligroso para la prensa, en todo el mundo.<br>Lo que llam\u00f3 nuestra atenci\u00f3n y seguramente la de ustedes amables lectoras y lectores, es el dato que, en agosto de 2022, hab\u00eda en M\u00e9xico mil 667 personas bajo protecci\u00f3n del Mecanismo de Protecci\u00f3n para Personas Defensoras de Derechos Humanos y Periodistas.<br>De estos, 555 son periodistas y comunicadores, la mayor\u00eda ubicadas en los siguientes estados de la rep\u00fablica: 84 de la Ciudad de M\u00e9xico, 59 del estado de Guerrero, 52 de Tamaulipas, 43 de Quintana Roo y 26 de Veracruz.<br>Ello implica que la entidad veracruzana era en agosto del a\u00f1o pasado, la quinta entidad de la rep\u00fablica mexicana con el mayor n\u00famero de periodistas y comunicadores integrados a un mecanismo de protecci\u00f3n federal, que advierte tambi\u00e9n Reporteros Sin Fronteras, no cuenta con una metodolog\u00eda espec\u00edfica para el an\u00e1lisis de riesgo, ni medidas de protecci\u00f3n que consideren la din\u00e1mica del trabajo period\u00edstico.<br>Para sustentar esto \u00faltimo, RSF se\u00f1ala que de las y los 111 comunicadores y defensores asesinados en M\u00e9xico en los primeros mil d\u00edas del actual gobierno federal, el que preside Andr\u00e9s Manuel L\u00f3pez Obrador, nueve estaban bajo la protecci\u00f3n del mecanismo.<br>En este pr\u00e1ctico documento que promueve la cultura de la autoprotecci\u00f3n entre comunicadores y periodistas, Reporteros Sin Fronteras precisa que en un contexto de deterioro de la situaci\u00f3n de la libertad de prensa y de los l\u00edmites que encuentra el Mecanismo de Protecci\u00f3n para Personas Defensoras de Derechos Humanos y Periodistas, \u00abla construcci\u00f3n de una cultura de protecci\u00f3n es cada vez m\u00e1s necesaria\u00bb.<br>\u00abLa seguridad debe ser entendida como una pr\u00e1ctica institucional y colectiva, no como una responsabilidad individual\u00bb.<br><strong>RECONTRAPORCIERTO \u2026<\/strong> Ayer en la Junta de Conciliaci\u00f3n y Arbitraje en la ciudad de Xalapa, debi\u00f3 interponerse una demanda en contra de una empresa radiof\u00f3nica que por m\u00e1s de un a\u00f1o no pago a su personal, a los que corri\u00f3 por el simple hecho de reclamar los sueldos devengados, pero no pagados.<br>Esta demanda podr\u00eda prosperar m\u00e1s r\u00e1pido de lo acostumbrado, pues la demanda la respalda y asesora la Comisi\u00f3n Estatal para la Atenci\u00f3n y Protecci\u00f3n de los Periodistas (CEAPP).<br>Seguiremos informando.<br><strong>COSAS VEREDES \u2026<\/strong> Para que se vayan acostumbrando a los nuevos tiempos de la pol\u00edtica partidista, en primer\u00edsima fila del informe del alcalde del municipio de Boca del R\u00edo, Juan Manuel Unanue Abascal, realizado en el pomposamente llamado World Trade Center (WTC), estaba el diputado federal priista Jos\u00e9 Francisco Yunes Zorrila, virtual candidato de la alianza Frente Amplio por M\u00e9xico (FAM).<br>Priistas y Panistas, a los que suman los perredistas, integran esta uni\u00f3n partidista que ahora se autonombra: \u00abFuerza y Coraz\u00f3n por M\u00e9xico\u00bb, raz\u00f3n por la que \u00abPepe\u00bb Yunes se aperson\u00f3 el WTC para acompa\u00f1ar al alcalde municipal boque\u00f1o, Unanue Abascal.<br>\u00bfY qu\u00e9 creen amables lectoras y lectores?, en este evento se vio al bi diputado local panista Bingen Rementer\u00eda Molina, quien sorprendi\u00f3 con su presencia, incluso a sus propios compa\u00f1eros de partido.<br>D\u00cdGALO SIN MIEDO \u2026Al correo electr\u00f3nico guadalupehmar@yahoo.com<\/p>\n","protected":false},"excerpt":{"rendered":"<p>Guadalupe H. MarMira Pol\u00edtica PARA PERIODISTAS \u2026 Conscientes de que a\u00f1o tras a\u00f1o, M\u00e9xico se mantiene como uno de los pa\u00edses m\u00e1s peligrosos y mort\u00edferos del mundo para los periodistas, la organizaci\u00f3n internacional Reporteros Sin Fronteras (RSF), edit\u00f3 una nueva y pr\u00e1ctica \u00abGu\u00eda de seguridad para periodistas y comunicadores\u00bb, que permite a quienes se dedican [&hellip;]<\/p>\n","protected":false},"author":2,"featured_media":0,"comment_status":"closed","ping_status":"closed","sticky":false,"template":"","format":"standard","meta":{"tdm_status":"","tdm_grid_status":"","footnotes":""},"categories":[70],"tags":[7523,1026,10484,195],"class_list":{"0":"post-115272","1":"post","2":"type-post","3":"status-publish","4":"format-standard","6":"category-de-opinion","7":"tag-jose-francisco-yunes-zorrila","8":"tag-morena","9":"tag-reporteros-sin-fronteras","10":"tag-veracruz"},"yoast_head":"<!-- This site is optimized with the Yoast SEO plugin v27.4 - https:\/\/yoast.com\/product\/yoast-seo-wordpress\/ -->\n<title>AUTOPROTECCI\u00d3N - Los pol\u00edticos Veracruz<\/title>\n<meta name=\"robots\" content=\"index, follow, max-snippet:-1, max-image-preview:large, max-video-preview:-1\" \/>\n<link rel=\"canonical\" href=\"https:\/\/lospoliticosveracruz.com\/?p=115272\" \/>\n<meta property=\"og:locale\" content=\"es_ES\" \/>\n<meta property=\"og:type\" content=\"article\" \/>\n<meta property=\"og:title\" content=\"AUTOPROTECCI\u00d3N - Los pol\u00edticos Veracruz\" \/>\n<meta property=\"og:description\" content=\"Guadalupe H. MarMira Pol\u00edtica PARA PERIODISTAS \u2026 Conscientes de que a\u00f1o tras a\u00f1o, M\u00e9xico se mantiene como uno de los pa\u00edses m\u00e1s peligrosos y mort\u00edferos del mundo para los periodistas, la organizaci\u00f3n internacional Reporteros Sin Fronteras (RSF), edit\u00f3 una nueva y pr\u00e1ctica \u00abGu\u00eda de seguridad para periodistas y comunicadores\u00bb, que permite a quienes se dedican [&hellip;]\" \/>\n<meta property=\"og:url\" content=\"https:\/\/lospoliticosveracruz.com\/?p=115272\" \/>\n<meta property=\"og:site_name\" content=\"Los pol\u00edticos Veracruz\" \/>\n<meta property=\"article:publisher\" content=\"https:\/\/www.facebook.com\/people\/Notimemes-de-los-Polticos\/61565672886568\/\" \/>\n<meta property=\"article:published_time\" content=\"2023-12-06T00:40:13+00:00\" \/>\n<meta property=\"article:modified_time\" content=\"2023-12-06T00:40:25+00:00\" \/>\n<meta property=\"og:image\" content=\"https:\/\/lospoliticosveracruz.com\/wp-content\/uploads\/2016\/07\/Logo-Dor.jpg\" \/>\n\t<meta property=\"og:image:width\" content=\"200\" \/>\n\t<meta property=\"og:image:height\" content=\"200\" \/>\n\t<meta property=\"og:image:type\" content=\"image\/jpeg\" \/>\n<meta name=\"author\" content=\"Lo viste en Los Pol\u00edticos\" \/>\n<meta name=\"twitter:card\" content=\"summary_large_image\" \/>\n<meta name=\"twitter:creator\" content=\"@LosPoliticosVer\" \/>\n<meta name=\"twitter:site\" content=\"@LosPoliticosVer\" \/>\n<meta name=\"twitter:label1\" content=\"Escrito por\" \/>\n\t<meta name=\"twitter:data1\" content=\"Lo viste en Los Pol\u00edticos\" \/>\n\t<meta name=\"twitter:label2\" content=\"Tiempo de lectura\" \/>\n\t<meta name=\"twitter:data2\" content=\"4 minutos\" \/>\n<script type=\"application\/ld+json\" class=\"yoast-schema-graph\">{\"@context\":\"https:\\\/\\\/schema.org\",\"@graph\":[{\"@type\":\"Article\",\"@id\":\"https:\\\/\\\/lospoliticosveracruz.com\\\/?p=115272#article\",\"isPartOf\":{\"@id\":\"https:\\\/\\\/lospoliticosveracruz.com\\\/?p=115272\"},\"author\":{\"name\":\"Lo viste en Los Pol\u00edticos\",\"@id\":\"https:\\\/\\\/lospoliticosveracruz.com\\\/#\\\/schema\\\/person\\\/b8702bb0e538456e6efd07080bf2a4a2\"},\"headline\":\"AUTOPROTECCI\u00d3N\",\"datePublished\":\"2023-12-06T00:40:13+00:00\",\"dateModified\":\"2023-12-06T00:40:25+00:00\",\"mainEntityOfPage\":{\"@id\":\"https:\\\/\\\/lospoliticosveracruz.com\\\/?p=115272\"},\"wordCount\":770,\"publisher\":{\"@id\":\"https:\\\/\\\/lospoliticosveracruz.com\\\/#organization\"},\"keywords\":[\"Jos\u00e9 Francisco Yunes Zorrila\",\"Morena\",\"Reporteros Sin Fronteras\",\"Veracruz\"],\"articleSection\":[\"De Opini\u00f3n\"],\"inLanguage\":\"es\"},{\"@type\":\"WebPage\",\"@id\":\"https:\\\/\\\/lospoliticosveracruz.com\\\/?p=115272\",\"url\":\"https:\\\/\\\/lospoliticosveracruz.com\\\/?p=115272\",\"name\":\"AUTOPROTECCI\u00d3N - Los pol\u00edticos Veracruz\",\"isPartOf\":{\"@id\":\"https:\\\/\\\/lospoliticosveracruz.com\\\/#website\"},\"datePublished\":\"2023-12-06T00:40:13+00:00\",\"dateModified\":\"2023-12-06T00:40:25+00:00\",\"breadcrumb\":{\"@id\":\"https:\\\/\\\/lospoliticosveracruz.com\\\/?p=115272#breadcrumb\"},\"inLanguage\":\"es\",\"potentialAction\":[{\"@type\":\"ReadAction\",\"target\":[\"https:\\\/\\\/lospoliticosveracruz.com\\\/?p=115272\"]}]},{\"@type\":\"BreadcrumbList\",\"@id\":\"https:\\\/\\\/lospoliticosveracruz.com\\\/?p=115272#breadcrumb\",\"itemListElement\":[{\"@type\":\"ListItem\",\"position\":1,\"name\":\"Portada\",\"item\":\"https:\\\/\\\/lospoliticosveracruz.com\\\/\"},{\"@type\":\"ListItem\",\"position\":2,\"name\":\"AUTOPROTECCI\u00d3N\"}]},{\"@type\":\"WebSite\",\"@id\":\"https:\\\/\\\/lospoliticosveracruz.com\\\/#website\",\"url\":\"https:\\\/\\\/lospoliticosveracruz.com\\\/\",\"name\":\"Los pol\u00edticos Veracruz\",\"description\":\"\",\"publisher\":{\"@id\":\"https:\\\/\\\/lospoliticosveracruz.com\\\/#organization\"},\"potentialAction\":[{\"@type\":\"SearchAction\",\"target\":{\"@type\":\"EntryPoint\",\"urlTemplate\":\"https:\\\/\\\/lospoliticosveracruz.com\\\/?s={search_term_string}\"},\"query-input\":{\"@type\":\"PropertyValueSpecification\",\"valueRequired\":true,\"valueName\":\"search_term_string\"}}],\"inLanguage\":\"es\"},{\"@type\":\"Organization\",\"@id\":\"https:\\\/\\\/lospoliticosveracruz.com\\\/#organization\",\"name\":\"Los pol\u00edticos Veracruz\",\"url\":\"https:\\\/\\\/lospoliticosveracruz.com\\\/\",\"logo\":{\"@type\":\"ImageObject\",\"inLanguage\":\"es\",\"@id\":\"https:\\\/\\\/lospoliticosveracruz.com\\\/#\\\/schema\\\/logo\\\/image\\\/\",\"url\":\"https:\\\/\\\/lospoliticosveracruz.com\\\/wp-content\\\/uploads\\\/2025\\\/12\\\/Logo-Nuevo-LOS-POLITICOS-1.jpg\",\"contentUrl\":\"https:\\\/\\\/lospoliticosveracruz.com\\\/wp-content\\\/uploads\\\/2025\\\/12\\\/Logo-Nuevo-LOS-POLITICOS-1.jpg\",\"width\":260,\"height\":70,\"caption\":\"Los pol\u00edticos Veracruz\"},\"image\":{\"@id\":\"https:\\\/\\\/lospoliticosveracruz.com\\\/#\\\/schema\\\/logo\\\/image\\\/\"},\"sameAs\":[\"https:\\\/\\\/www.facebook.com\\\/people\\\/Notimemes-de-los-Polticos\\\/61565672886568\\\/\",\"https:\\\/\\\/x.com\\\/LosPoliticosVer\"]},{\"@type\":\"Person\",\"@id\":\"https:\\\/\\\/lospoliticosveracruz.com\\\/#\\\/schema\\\/person\\\/b8702bb0e538456e6efd07080bf2a4a2\",\"name\":\"Lo viste en Los Pol\u00edticos\",\"image\":{\"@type\":\"ImageObject\",\"inLanguage\":\"es\",\"@id\":\"https:\\\/\\\/secure.gravatar.com\\\/avatar\\\/3a8de04a2656d44082be478bd6c086daa447c4651605818287b9532d3d0bd435?s=96&d=mm&r=g\",\"url\":\"https:\\\/\\\/secure.gravatar.com\\\/avatar\\\/3a8de04a2656d44082be478bd6c086daa447c4651605818287b9532d3d0bd435?s=96&d=mm&r=g\",\"contentUrl\":\"https:\\\/\\\/secure.gravatar.com\\\/avatar\\\/3a8de04a2656d44082be478bd6c086daa447c4651605818287b9532d3d0bd435?s=96&d=mm&r=g\",\"caption\":\"Lo viste en Los Pol\u00edticos\"},\"url\":\"https:\\\/\\\/lospoliticosveracruz.com\\\/?author=2\"}]}<\/script>\n<!-- \/ Yoast SEO plugin. -->","yoast_head_json":{"title":"AUTOPROTECCI\u00d3N - Los pol\u00edticos Veracruz","robots":{"index":"index","follow":"follow","max-snippet":"max-snippet:-1","max-image-preview":"max-image-preview:large","max-video-preview":"max-video-preview:-1"},"canonical":"https:\/\/lospoliticosveracruz.com\/?p=115272","og_locale":"es_ES","og_type":"article","og_title":"AUTOPROTECCI\u00d3N - Los pol\u00edticos Veracruz","og_description":"Guadalupe H. MarMira Pol\u00edtica PARA PERIODISTAS \u2026 Conscientes de que a\u00f1o tras a\u00f1o, M\u00e9xico se mantiene como uno de los pa\u00edses m\u00e1s peligrosos y mort\u00edferos del mundo para los periodistas, la organizaci\u00f3n internacional Reporteros Sin Fronteras (RSF), edit\u00f3 una nueva y pr\u00e1ctica \u00abGu\u00eda de seguridad para periodistas y comunicadores\u00bb, que permite a quienes se dedican [&hellip;]","og_url":"https:\/\/lospoliticosveracruz.com\/?p=115272","og_site_name":"Los pol\u00edticos Veracruz","article_publisher":"https:\/\/www.facebook.com\/people\/Notimemes-de-los-Polticos\/61565672886568\/","article_published_time":"2023-12-06T00:40:13+00:00","article_modified_time":"2023-12-06T00:40:25+00:00","og_image":[{"width":200,"height":200,"url":"https:\/\/lospoliticosveracruz.com\/wp-content\/uploads\/2016\/07\/Logo-Dor.jpg","type":"image\/jpeg"}],"author":"Lo viste en Los Pol\u00edticos","twitter_card":"summary_large_image","twitter_creator":"@LosPoliticosVer","twitter_site":"@LosPoliticosVer","twitter_misc":{"Escrito por":"Lo viste en Los Pol\u00edticos","Tiempo de lectura":"4 minutos"},"schema":{"@context":"https:\/\/schema.org","@graph":[{"@type":"Article","@id":"https:\/\/lospoliticosveracruz.com\/?p=115272#article","isPartOf":{"@id":"https:\/\/lospoliticosveracruz.com\/?p=115272"},"author":{"name":"Lo viste en Los Pol\u00edticos","@id":"https:\/\/lospoliticosveracruz.com\/#\/schema\/person\/b8702bb0e538456e6efd07080bf2a4a2"},"headline":"AUTOPROTECCI\u00d3N","datePublished":"2023-12-06T00:40:13+00:00","dateModified":"2023-12-06T00:40:25+00:00","mainEntityOfPage":{"@id":"https:\/\/lospoliticosveracruz.com\/?p=115272"},"wordCount":770,"publisher":{"@id":"https:\/\/lospoliticosveracruz.com\/#organization"},"keywords":["Jos\u00e9 Francisco Yunes Zorrila","Morena","Reporteros Sin Fronteras","Veracruz"],"articleSection":["De Opini\u00f3n"],"inLanguage":"es"},{"@type":"WebPage","@id":"https:\/\/lospoliticosveracruz.com\/?p=115272","url":"https:\/\/lospoliticosveracruz.com\/?p=115272","name":"AUTOPROTECCI\u00d3N - Los pol\u00edticos Veracruz","isPartOf":{"@id":"https:\/\/lospoliticosveracruz.com\/#website"},"datePublished":"2023-12-06T00:40:13+00:00","dateModified":"2023-12-06T00:40:25+00:00","breadcrumb":{"@id":"https:\/\/lospoliticosveracruz.com\/?p=115272#breadcrumb"},"inLanguage":"es","potentialAction":[{"@type":"ReadAction","target":["https:\/\/lospoliticosveracruz.com\/?p=115272"]}]},{"@type":"BreadcrumbList","@id":"https:\/\/lospoliticosveracruz.com\/?p=115272#breadcrumb","itemListElement":[{"@type":"ListItem","position":1,"name":"Portada","item":"https:\/\/lospoliticosveracruz.com\/"},{"@type":"ListItem","position":2,"name":"AUTOPROTECCI\u00d3N"}]},{"@type":"WebSite","@id":"https:\/\/lospoliticosveracruz.com\/#website","url":"https:\/\/lospoliticosveracruz.com\/","name":"Los pol\u00edticos Veracruz","description":"","publisher":{"@id":"https:\/\/lospoliticosveracruz.com\/#organization"},"potentialAction":[{"@type":"SearchAction","target":{"@type":"EntryPoint","urlTemplate":"https:\/\/lospoliticosveracruz.com\/?s={search_term_string}"},"query-input":{"@type":"PropertyValueSpecification","valueRequired":true,"valueName":"search_term_string"}}],"inLanguage":"es"},{"@type":"Organization","@id":"https:\/\/lospoliticosveracruz.com\/#organization","name":"Los pol\u00edticos Veracruz","url":"https:\/\/lospoliticosveracruz.com\/","logo":{"@type":"ImageObject","inLanguage":"es","@id":"https:\/\/lospoliticosveracruz.com\/#\/schema\/logo\/image\/","url":"https:\/\/lospoliticosveracruz.com\/wp-content\/uploads\/2025\/12\/Logo-Nuevo-LOS-POLITICOS-1.jpg","contentUrl":"https:\/\/lospoliticosveracruz.com\/wp-content\/uploads\/2025\/12\/Logo-Nuevo-LOS-POLITICOS-1.jpg","width":260,"height":70,"caption":"Los pol\u00edticos Veracruz"},"image":{"@id":"https:\/\/lospoliticosveracruz.com\/#\/schema\/logo\/image\/"},"sameAs":["https:\/\/www.facebook.com\/people\/Notimemes-de-los-Polticos\/61565672886568\/","https:\/\/x.com\/LosPoliticosVer"]},{"@type":"Person","@id":"https:\/\/lospoliticosveracruz.com\/#\/schema\/person\/b8702bb0e538456e6efd07080bf2a4a2","name":"Lo viste en Los Pol\u00edticos","image":{"@type":"ImageObject","inLanguage":"es","@id":"https:\/\/secure.gravatar.com\/avatar\/3a8de04a2656d44082be478bd6c086daa447c4651605818287b9532d3d0bd435?s=96&d=mm&r=g","url":"https:\/\/secure.gravatar.com\/avatar\/3a8de04a2656d44082be478bd6c086daa447c4651605818287b9532d3d0bd435?s=96&d=mm&r=g","contentUrl":"https:\/\/secure.gravatar.com\/avatar\/3a8de04a2656d44082be478bd6c086daa447c4651605818287b9532d3d0bd435?s=96&d=mm&r=g","caption":"Lo viste en Los Pol\u00edticos"},"url":"https:\/\/lospoliticosveracruz.com\/?author=2"}]}},"_links":{"self":[{"href":"https:\/\/lospoliticosveracruz.com\/index.php?rest_route=\/wp\/v2\/posts\/115272","targetHints":{"allow":["GET"]}}],"collection":[{"href":"https:\/\/lospoliticosveracruz.com\/index.php?rest_route=\/wp\/v2\/posts"}],"about":[{"href":"https:\/\/lospoliticosveracruz.com\/index.php?rest_route=\/wp\/v2\/types\/post"}],"author":[{"embeddable":true,"href":"https:\/\/lospoliticosveracruz.com\/index.php?rest_route=\/wp\/v2\/users\/2"}],"replies":[{"embeddable":true,"href":"https:\/\/lospoliticosveracruz.com\/index.php?rest_route=%2Fwp%2Fv2%2Fcomments&post=115272"}],"version-history":[{"count":1,"href":"https:\/\/lospoliticosveracruz.com\/index.php?rest_route=\/wp\/v2\/posts\/115272\/revisions"}],"predecessor-version":[{"id":115273,"href":"https:\/\/lospoliticosveracruz.com\/index.php?rest_route=\/wp\/v2\/posts\/115272\/revisions\/115273"}],"wp:attachment":[{"href":"https:\/\/lospoliticosveracruz.com\/index.php?rest_route=%2Fwp%2Fv2%2Fmedia&parent=115272"}],"wp:term":[{"taxonomy":"category","embeddable":true,"href":"https:\/\/lospoliticosveracruz.com\/index.php?rest_route=%2Fwp%2Fv2%2Fcategories&post=115272"},{"taxonomy":"post_tag","embeddable":true,"href":"https:\/\/lospoliticosveracruz.com\/index.php?rest_route=%2Fwp%2Fv2%2Ftags&post=115272"}],"curies":[{"name":"wp","href":"https:\/\/api.w.org\/{rel}","templated":true}]}}