{"id":115281,"date":"2023-12-05T19:42:05","date_gmt":"2023-12-06T01:42:05","guid":{"rendered":"https:\/\/lospoliticosveracruz.com.mx\/?p=115281"},"modified":"2023-12-05T19:42:14","modified_gmt":"2023-12-06T01:42:14","slug":"la-tentacion-golpista-2","status":"publish","type":"post","link":"https:\/\/lospoliticosveracruz.com\/?p=115281","title":{"rendered":"LA TENTACI\u00d3N GOLPISTA"},"content":{"rendered":"\n<p><strong>Inocencio Y\u00e1\u00f1ez Vicencio<\/strong><\/p>\n\n\n\n<p><strong><br><\/strong>Hablar en primera persona es repugnante, pero a veces nos emplaza. Un compa\u00f1ero de un chat muy numeroso , que abandon\u00e9 por razones que no viene al caso citar, me hizo el favor de enviarme un texto que recuerda algunas puntualizaciones, que reproduzco sin dar su nombre para no exponerlo al linchamiento de que fui objeto cuando las hice:<br>\u00abEst\u00e1n en mi mente algunas aseveraciones tuyas que anticiparon su desenlace:<\/p>\n\n\n\n<figure class=\"wp-block-image size-large\"><a href=\"https:\/\/lospoliticosveracruz.com.mx\/wp-content\/uploads\/2016\/07\/Seguro-Julio-Cerecedo-2.jpg\"><img decoding=\"async\" src=\"https:\/\/lospoliticosveracruz.com.mx\/wp-content\/uploads\/2016\/07\/Seguro-Julio-Cerecedo-2-1024x381.jpg\" alt=\"\" class=\"wp-image-105879\"\/><\/a><\/figure>\n\n\n\n<ol class=\"wp-block-list\">\n<li>La ocasi\u00f3n en que se\u00f1alaste las porquer\u00edas de Enrique Vargas, fallido aspirante a la candidatura del Estado de M\u00e9xico, miembro del PAN, que provoc\u00f3 una reacci\u00f3n furibunda de un pol\u00edtico de porcelana xalape\u00f1o, pero que unos d\u00edas despu\u00e9s, en tres ediciones seguidas, el Diario Reforma, exhibi\u00f3 esas fechor\u00edas y acab\u00f3 con sus prop\u00f3sitos.<\/li>\n\n\n\n<li>La ocasi\u00f3n en que los maiceados por Monreal, se irritaron porque afirmaste que estaba simulando oponerse y que llegar\u00eda con su juego hasta donde Amlo, quisiera, porque el juego que jugaba era el que quer\u00eda su amo, cosa que qued\u00f3 al descubierto cuando declar\u00f3 que votaba a favor de la iniciativa presidencial por revelaci\u00f3n.<\/li>\n\n\n\n<li>La apretada s\u00edntesis de la biograf\u00eda de Dante Delgado, en la cual te adelantas a derivar toda esta conducta esquizofr\u00e9nica y merceneraria, que prueba que es un esquirol al servicio de Amlo, mostr\u00e1ndose tal cual: sin escr\u00fapulos y degradando la pol\u00edtica a lo m\u00e1s bajo.<\/li>\n\n\n\n<li>Llamado a Samuel Garc\u00eda: PIRRURRIS, lo caricaturizabas como lo que es: un sujete de circo, que brinca o salta, al l\u00e1tigo de su domador de Palacio Nacional. Gobernador de Nuevo Le\u00f3n, como consecuencia de que la candidata de Morena se cay\u00f3 en las preferencias y para que no ganara el candidato del PRI, Amlo, seg\u00fan lo denunciaron diputados de Morena, L\u00f3pez Obrador dio la orden de que votaran a favor del derechista y payaso de Samuel.<\/li>\n\n\n\n<li>Hasta ahora es contundente tu desaprobaci\u00f3n de enfrentar un populismo seudoizquierdista con un populismo derechista, que si hab\u00eda duda, nom\u00e1s hay que ver como Xochitl festej\u00f3 el triunfo de Milei, venerador del militarismo argentino. Ruego que en este tema te equivoques, aunque tus argumentos cada d\u00eda toman m\u00e1s fuerza.<br>No son los \u00fanicos juicios que muestran que cuando se emiten con con sinceridad y en base a un m\u00e9todo, podemos ayudar a esclarecer las cosas. No haber establecido reglas ni prop\u00f3sitos en este colectivo condujo a purgarlo de gente muy calificada y posiblitar que unos cuantos fan\u00e1ticos y charlatanes lo monopolizaran \u00ab<br>Escribir sin estar pensando en halagar al jefe, tiene sus ventajas. La predicci\u00f3n no es lo fuerte de la ciencia pol\u00edtica. No est\u00e1 mal tener jefes. Samuel Huntington, trabajaba para la siniestra CIA, y nadie le reprochaba eso. Porque trataba de ser profesional. Hegel era parte del r\u00e9gimen prusiano y sus aportes son incuestionables. Lo importante es que los jefes lo contraten a uno para descifrar enredos y no para producir halagos.<br>La realidad se ha encargado de desnudar estos personajes. Dante, hace lo que ha hecho siempre y que s\u00f3lo sus paleros lo han tratado de ocultar. Hoy esos mismos lambiscones han quedado al descubierto como hazmerre\u00edr de todos. Dan pena ajena.<br>Monreal, jug\u00f3 a la oposici\u00f3n mientras Amlo se lo permiti\u00f3. Estaba muy claro. Si los que no lo dejaron llegar a la Jefatura de la CDMX en el 2018, decidieron entonces a favor de Claudia Sheinbaum y lo vuelven hacer, es un hecho que s\u00f3lo lo utilizan. Hoy ya lo acabaron. Los que esperaraban que renunciara y fuera candidato opositor, no ignoraban esto, simplemente andan en busca de una n\u00f3mina.<br>Es un hecho que al gran pepenador de figuras p\u00fablicas, la cantera se le agot\u00f3 y hoy grita que no va a colgar los tenis y ameza a sus adversarios del FAM. El tiempo corre inexorablemente Dante. Contra \u00e9l \u00fanicamente triunfan los inmortales.<br>Ha quedado al descubierto que Samuel Garc\u00eda, es un payaso, mentiroso que, como todo sinverg\u00fcenza, al primer sometimiento a la rendici\u00f3n de cuentas sale corriendo y abandona todo. La democracia es una cabeza, un voto. No es de pareja. Es un mis\u00f3gino que no dej\u00f3 que su mujer se desarrollara por su cuenta. Realmente s\u00f3lo utiliza a su mujer. Tiene miedo andar s\u00f3lo. El problema es que ahora ella arrastra el desprestigio de haber secundado la aventura golpista de su esposo. La pregunta es si podr\u00e1 con la carga de llevar a cuestas tanta ignominia.<br>El fallido golpe de Samuel Garc\u00eda se fragu\u00f3 desde Palacio Nacional. Ese orate no hace nada sin consultarlo. Claro que consult\u00f3 todo a Amlo. Alguien puede imaginar que un jumento puede llegar al grado de no saber que corresponde al Congreso de un Estado nombrar al interino de un gobernador ? No. Primero fallaron los planchadores. Es obvio que fueron sus testaferros los que llegaron con la maleta para comprar los votos que sacar\u00edan adelante a su interino, pero por los terminos para registrarse como candidato de Movimiento Ciudadano, les abort\u00f3 y quiso hacerlo por la fuerza. Y tan tuvo la venia de Palacio Nacional, que la propia Claudia Sheinbaum, sali\u00f3 en defensa del golpe de Samuel. Cosa que se ha minimizado, pero evidencia que fue un ensayo de lo que prepara Morena, en caso de desfavorecerles el resultado electora del 2024.<br>En Veracruz, ante el crecimiento de la aceptaci\u00f3n de la candidatura de Pepe Yunes, hay que estar preparado para cerrarle el plan golpista de Morena.<br>Acostumbro pausar mi critica hacia mi partido en tiempos electorales, para no beneficiar al contrario. Es tiempo de cerrar filas en torno de Pepe y que el PRI, haga su trabajo de coordinar las diferencias, tan naturales en un partido, que ni es ni pretende ser una secta.<\/li>\n<\/ol>\n","protected":false},"excerpt":{"rendered":"<p>Inocencio Y\u00e1\u00f1ez Vicencio Hablar en primera persona es repugnante, pero a veces nos emplaza. Un compa\u00f1ero de un chat muy numeroso , que abandon\u00e9 por razones que no viene al caso citar, me hizo el favor de enviarme un texto que recuerda algunas puntualizaciones, que reproduzco sin dar su nombre para no exponerlo al linchamiento [&hellip;]<\/p>\n","protected":false},"author":2,"featured_media":0,"comment_status":"closed","ping_status":"closed","sticky":false,"template":"","format":"standard","meta":{"tdm_status":"","tdm_grid_status":"","footnotes":""},"categories":[70],"tags":[618,8256,1026,2327,15997],"class_list":{"0":"post-115281","1":"post","2":"type-post","3":"status-publish","4":"format-standard","6":"category-de-opinion","7":"tag-andres-manuel-lopez-obrador","8":"tag-inocencio-yanez-vicencio","9":"tag-morena","10":"tag-movimiento-ciudadano","11":"tag-samuel-garcia"},"yoast_head":"<!-- This site is optimized with the Yoast SEO plugin v27.4 - https:\/\/yoast.com\/product\/yoast-seo-wordpress\/ -->\n<title>LA TENTACI\u00d3N GOLPISTA - Los pol\u00edticos Veracruz<\/title>\n<meta name=\"robots\" content=\"index, follow, max-snippet:-1, max-image-preview:large, max-video-preview:-1\" \/>\n<link rel=\"canonical\" href=\"https:\/\/lospoliticosveracruz.com\/?p=115281\" \/>\n<meta property=\"og:locale\" content=\"es_ES\" \/>\n<meta property=\"og:type\" content=\"article\" \/>\n<meta property=\"og:title\" content=\"LA TENTACI\u00d3N GOLPISTA - Los pol\u00edticos Veracruz\" \/>\n<meta property=\"og:description\" content=\"Inocencio Y\u00e1\u00f1ez Vicencio Hablar en primera persona es repugnante, pero a veces nos emplaza. Un compa\u00f1ero de un chat muy numeroso , que abandon\u00e9 por razones que no viene al caso citar, me hizo el favor de enviarme un texto que recuerda algunas puntualizaciones, que reproduzco sin dar su nombre para no exponerlo al linchamiento [&hellip;]\" \/>\n<meta property=\"og:url\" content=\"https:\/\/lospoliticosveracruz.com\/?p=115281\" \/>\n<meta property=\"og:site_name\" content=\"Los pol\u00edticos Veracruz\" \/>\n<meta property=\"article:publisher\" content=\"https:\/\/www.facebook.com\/people\/Notimemes-de-los-Polticos\/61565672886568\/\" \/>\n<meta property=\"article:published_time\" content=\"2023-12-06T01:42:05+00:00\" \/>\n<meta property=\"article:modified_time\" content=\"2023-12-06T01:42:14+00:00\" \/>\n<meta property=\"og:image\" content=\"https:\/\/lospoliticosveracruz.com.mx\/wp-content\/uploads\/2016\/07\/Seguro-Julio-Cerecedo-2-1024x381.jpg\" \/>\n<meta name=\"author\" content=\"Lo viste en Los Pol\u00edticos\" \/>\n<meta name=\"twitter:card\" content=\"summary_large_image\" \/>\n<meta name=\"twitter:creator\" content=\"@LosPoliticosVer\" \/>\n<meta name=\"twitter:site\" content=\"@LosPoliticosVer\" \/>\n<meta name=\"twitter:label1\" content=\"Escrito por\" \/>\n\t<meta name=\"twitter:data1\" content=\"Lo viste en Los Pol\u00edticos\" \/>\n\t<meta name=\"twitter:label2\" content=\"Tiempo de lectura\" \/>\n\t<meta name=\"twitter:data2\" content=\"5 minutos\" \/>\n<script type=\"application\/ld+json\" class=\"yoast-schema-graph\">{\"@context\":\"https:\\\/\\\/schema.org\",\"@graph\":[{\"@type\":\"Article\",\"@id\":\"https:\\\/\\\/lospoliticosveracruz.com\\\/?p=115281#article\",\"isPartOf\":{\"@id\":\"https:\\\/\\\/lospoliticosveracruz.com\\\/?p=115281\"},\"author\":{\"name\":\"Lo viste en Los Pol\u00edticos\",\"@id\":\"https:\\\/\\\/lospoliticosveracruz.com\\\/#\\\/schema\\\/person\\\/b8702bb0e538456e6efd07080bf2a4a2\"},\"headline\":\"LA TENTACI\u00d3N GOLPISTA\",\"datePublished\":\"2023-12-06T01:42:05+00:00\",\"dateModified\":\"2023-12-06T01:42:14+00:00\",\"mainEntityOfPage\":{\"@id\":\"https:\\\/\\\/lospoliticosveracruz.com\\\/?p=115281\"},\"wordCount\":994,\"publisher\":{\"@id\":\"https:\\\/\\\/lospoliticosveracruz.com\\\/#organization\"},\"image\":{\"@id\":\"https:\\\/\\\/lospoliticosveracruz.com\\\/?p=115281#primaryimage\"},\"thumbnailUrl\":\"https:\\\/\\\/lospoliticosveracruz.com.mx\\\/wp-content\\\/uploads\\\/2016\\\/07\\\/Seguro-Julio-Cerecedo-2-1024x381.jpg\",\"keywords\":[\"Andr\u00e9s Manuel L\u00f3pez Obrador\",\"Inocencio Y\u00e1\u00f1ez Vicencio\",\"Morena\",\"Movimiento Ciudadano\",\"Samuel Garc\u00eda\"],\"articleSection\":[\"De Opini\u00f3n\"],\"inLanguage\":\"es\"},{\"@type\":\"WebPage\",\"@id\":\"https:\\\/\\\/lospoliticosveracruz.com\\\/?p=115281\",\"url\":\"https:\\\/\\\/lospoliticosveracruz.com\\\/?p=115281\",\"name\":\"LA TENTACI\u00d3N GOLPISTA - Los pol\u00edticos Veracruz\",\"isPartOf\":{\"@id\":\"https:\\\/\\\/lospoliticosveracruz.com\\\/#website\"},\"primaryImageOfPage\":{\"@id\":\"https:\\\/\\\/lospoliticosveracruz.com\\\/?p=115281#primaryimage\"},\"image\":{\"@id\":\"https:\\\/\\\/lospoliticosveracruz.com\\\/?p=115281#primaryimage\"},\"thumbnailUrl\":\"https:\\\/\\\/lospoliticosveracruz.com.mx\\\/wp-content\\\/uploads\\\/2016\\\/07\\\/Seguro-Julio-Cerecedo-2-1024x381.jpg\",\"datePublished\":\"2023-12-06T01:42:05+00:00\",\"dateModified\":\"2023-12-06T01:42:14+00:00\",\"breadcrumb\":{\"@id\":\"https:\\\/\\\/lospoliticosveracruz.com\\\/?p=115281#breadcrumb\"},\"inLanguage\":\"es\",\"potentialAction\":[{\"@type\":\"ReadAction\",\"target\":[\"https:\\\/\\\/lospoliticosveracruz.com\\\/?p=115281\"]}]},{\"@type\":\"ImageObject\",\"inLanguage\":\"es\",\"@id\":\"https:\\\/\\\/lospoliticosveracruz.com\\\/?p=115281#primaryimage\",\"url\":\"https:\\\/\\\/lospoliticosveracruz.com.mx\\\/wp-content\\\/uploads\\\/2016\\\/07\\\/Seguro-Julio-Cerecedo-2-1024x381.jpg\",\"contentUrl\":\"https:\\\/\\\/lospoliticosveracruz.com.mx\\\/wp-content\\\/uploads\\\/2016\\\/07\\\/Seguro-Julio-Cerecedo-2-1024x381.jpg\"},{\"@type\":\"BreadcrumbList\",\"@id\":\"https:\\\/\\\/lospoliticosveracruz.com\\\/?p=115281#breadcrumb\",\"itemListElement\":[{\"@type\":\"ListItem\",\"position\":1,\"name\":\"Portada\",\"item\":\"https:\\\/\\\/lospoliticosveracruz.com\\\/\"},{\"@type\":\"ListItem\",\"position\":2,\"name\":\"LA TENTACI\u00d3N GOLPISTA\"}]},{\"@type\":\"WebSite\",\"@id\":\"https:\\\/\\\/lospoliticosveracruz.com\\\/#website\",\"url\":\"https:\\\/\\\/lospoliticosveracruz.com\\\/\",\"name\":\"Los pol\u00edticos Veracruz\",\"description\":\"\",\"publisher\":{\"@id\":\"https:\\\/\\\/lospoliticosveracruz.com\\\/#organization\"},\"potentialAction\":[{\"@type\":\"SearchAction\",\"target\":{\"@type\":\"EntryPoint\",\"urlTemplate\":\"https:\\\/\\\/lospoliticosveracruz.com\\\/?s={search_term_string}\"},\"query-input\":{\"@type\":\"PropertyValueSpecification\",\"valueRequired\":true,\"valueName\":\"search_term_string\"}}],\"inLanguage\":\"es\"},{\"@type\":\"Organization\",\"@id\":\"https:\\\/\\\/lospoliticosveracruz.com\\\/#organization\",\"name\":\"Los pol\u00edticos Veracruz\",\"url\":\"https:\\\/\\\/lospoliticosveracruz.com\\\/\",\"logo\":{\"@type\":\"ImageObject\",\"inLanguage\":\"es\",\"@id\":\"https:\\\/\\\/lospoliticosveracruz.com\\\/#\\\/schema\\\/logo\\\/image\\\/\",\"url\":\"https:\\\/\\\/lospoliticosveracruz.com\\\/wp-content\\\/uploads\\\/2025\\\/12\\\/Logo-Nuevo-LOS-POLITICOS-1.jpg\",\"contentUrl\":\"https:\\\/\\\/lospoliticosveracruz.com\\\/wp-content\\\/uploads\\\/2025\\\/12\\\/Logo-Nuevo-LOS-POLITICOS-1.jpg\",\"width\":260,\"height\":70,\"caption\":\"Los pol\u00edticos Veracruz\"},\"image\":{\"@id\":\"https:\\\/\\\/lospoliticosveracruz.com\\\/#\\\/schema\\\/logo\\\/image\\\/\"},\"sameAs\":[\"https:\\\/\\\/www.facebook.com\\\/people\\\/Notimemes-de-los-Polticos\\\/61565672886568\\\/\",\"https:\\\/\\\/x.com\\\/LosPoliticosVer\"]},{\"@type\":\"Person\",\"@id\":\"https:\\\/\\\/lospoliticosveracruz.com\\\/#\\\/schema\\\/person\\\/b8702bb0e538456e6efd07080bf2a4a2\",\"name\":\"Lo viste en Los Pol\u00edticos\",\"image\":{\"@type\":\"ImageObject\",\"inLanguage\":\"es\",\"@id\":\"https:\\\/\\\/secure.gravatar.com\\\/avatar\\\/3a8de04a2656d44082be478bd6c086daa447c4651605818287b9532d3d0bd435?s=96&d=mm&r=g\",\"url\":\"https:\\\/\\\/secure.gravatar.com\\\/avatar\\\/3a8de04a2656d44082be478bd6c086daa447c4651605818287b9532d3d0bd435?s=96&d=mm&r=g\",\"contentUrl\":\"https:\\\/\\\/secure.gravatar.com\\\/avatar\\\/3a8de04a2656d44082be478bd6c086daa447c4651605818287b9532d3d0bd435?s=96&d=mm&r=g\",\"caption\":\"Lo viste en Los Pol\u00edticos\"},\"url\":\"https:\\\/\\\/lospoliticosveracruz.com\\\/?author=2\"}]}<\/script>\n<!-- \/ Yoast SEO plugin. -->","yoast_head_json":{"title":"LA TENTACI\u00d3N GOLPISTA - Los pol\u00edticos Veracruz","robots":{"index":"index","follow":"follow","max-snippet":"max-snippet:-1","max-image-preview":"max-image-preview:large","max-video-preview":"max-video-preview:-1"},"canonical":"https:\/\/lospoliticosveracruz.com\/?p=115281","og_locale":"es_ES","og_type":"article","og_title":"LA TENTACI\u00d3N GOLPISTA - Los pol\u00edticos Veracruz","og_description":"Inocencio Y\u00e1\u00f1ez Vicencio Hablar en primera persona es repugnante, pero a veces nos emplaza. Un compa\u00f1ero de un chat muy numeroso , que abandon\u00e9 por razones que no viene al caso citar, me hizo el favor de enviarme un texto que recuerda algunas puntualizaciones, que reproduzco sin dar su nombre para no exponerlo al linchamiento [&hellip;]","og_url":"https:\/\/lospoliticosveracruz.com\/?p=115281","og_site_name":"Los pol\u00edticos Veracruz","article_publisher":"https:\/\/www.facebook.com\/people\/Notimemes-de-los-Polticos\/61565672886568\/","article_published_time":"2023-12-06T01:42:05+00:00","article_modified_time":"2023-12-06T01:42:14+00:00","og_image":[{"url":"https:\/\/lospoliticosveracruz.com.mx\/wp-content\/uploads\/2016\/07\/Seguro-Julio-Cerecedo-2-1024x381.jpg","type":"","width":"","height":""}],"author":"Lo viste en Los Pol\u00edticos","twitter_card":"summary_large_image","twitter_creator":"@LosPoliticosVer","twitter_site":"@LosPoliticosVer","twitter_misc":{"Escrito por":"Lo viste en Los Pol\u00edticos","Tiempo de lectura":"5 minutos"},"schema":{"@context":"https:\/\/schema.org","@graph":[{"@type":"Article","@id":"https:\/\/lospoliticosveracruz.com\/?p=115281#article","isPartOf":{"@id":"https:\/\/lospoliticosveracruz.com\/?p=115281"},"author":{"name":"Lo viste en Los Pol\u00edticos","@id":"https:\/\/lospoliticosveracruz.com\/#\/schema\/person\/b8702bb0e538456e6efd07080bf2a4a2"},"headline":"LA TENTACI\u00d3N GOLPISTA","datePublished":"2023-12-06T01:42:05+00:00","dateModified":"2023-12-06T01:42:14+00:00","mainEntityOfPage":{"@id":"https:\/\/lospoliticosveracruz.com\/?p=115281"},"wordCount":994,"publisher":{"@id":"https:\/\/lospoliticosveracruz.com\/#organization"},"image":{"@id":"https:\/\/lospoliticosveracruz.com\/?p=115281#primaryimage"},"thumbnailUrl":"https:\/\/lospoliticosveracruz.com.mx\/wp-content\/uploads\/2016\/07\/Seguro-Julio-Cerecedo-2-1024x381.jpg","keywords":["Andr\u00e9s Manuel L\u00f3pez Obrador","Inocencio Y\u00e1\u00f1ez Vicencio","Morena","Movimiento Ciudadano","Samuel Garc\u00eda"],"articleSection":["De Opini\u00f3n"],"inLanguage":"es"},{"@type":"WebPage","@id":"https:\/\/lospoliticosveracruz.com\/?p=115281","url":"https:\/\/lospoliticosveracruz.com\/?p=115281","name":"LA TENTACI\u00d3N GOLPISTA - Los pol\u00edticos Veracruz","isPartOf":{"@id":"https:\/\/lospoliticosveracruz.com\/#website"},"primaryImageOfPage":{"@id":"https:\/\/lospoliticosveracruz.com\/?p=115281#primaryimage"},"image":{"@id":"https:\/\/lospoliticosveracruz.com\/?p=115281#primaryimage"},"thumbnailUrl":"https:\/\/lospoliticosveracruz.com.mx\/wp-content\/uploads\/2016\/07\/Seguro-Julio-Cerecedo-2-1024x381.jpg","datePublished":"2023-12-06T01:42:05+00:00","dateModified":"2023-12-06T01:42:14+00:00","breadcrumb":{"@id":"https:\/\/lospoliticosveracruz.com\/?p=115281#breadcrumb"},"inLanguage":"es","potentialAction":[{"@type":"ReadAction","target":["https:\/\/lospoliticosveracruz.com\/?p=115281"]}]},{"@type":"ImageObject","inLanguage":"es","@id":"https:\/\/lospoliticosveracruz.com\/?p=115281#primaryimage","url":"https:\/\/lospoliticosveracruz.com.mx\/wp-content\/uploads\/2016\/07\/Seguro-Julio-Cerecedo-2-1024x381.jpg","contentUrl":"https:\/\/lospoliticosveracruz.com.mx\/wp-content\/uploads\/2016\/07\/Seguro-Julio-Cerecedo-2-1024x381.jpg"},{"@type":"BreadcrumbList","@id":"https:\/\/lospoliticosveracruz.com\/?p=115281#breadcrumb","itemListElement":[{"@type":"ListItem","position":1,"name":"Portada","item":"https:\/\/lospoliticosveracruz.com\/"},{"@type":"ListItem","position":2,"name":"LA TENTACI\u00d3N GOLPISTA"}]},{"@type":"WebSite","@id":"https:\/\/lospoliticosveracruz.com\/#website","url":"https:\/\/lospoliticosveracruz.com\/","name":"Los pol\u00edticos Veracruz","description":"","publisher":{"@id":"https:\/\/lospoliticosveracruz.com\/#organization"},"potentialAction":[{"@type":"SearchAction","target":{"@type":"EntryPoint","urlTemplate":"https:\/\/lospoliticosveracruz.com\/?s={search_term_string}"},"query-input":{"@type":"PropertyValueSpecification","valueRequired":true,"valueName":"search_term_string"}}],"inLanguage":"es"},{"@type":"Organization","@id":"https:\/\/lospoliticosveracruz.com\/#organization","name":"Los pol\u00edticos Veracruz","url":"https:\/\/lospoliticosveracruz.com\/","logo":{"@type":"ImageObject","inLanguage":"es","@id":"https:\/\/lospoliticosveracruz.com\/#\/schema\/logo\/image\/","url":"https:\/\/lospoliticosveracruz.com\/wp-content\/uploads\/2025\/12\/Logo-Nuevo-LOS-POLITICOS-1.jpg","contentUrl":"https:\/\/lospoliticosveracruz.com\/wp-content\/uploads\/2025\/12\/Logo-Nuevo-LOS-POLITICOS-1.jpg","width":260,"height":70,"caption":"Los pol\u00edticos Veracruz"},"image":{"@id":"https:\/\/lospoliticosveracruz.com\/#\/schema\/logo\/image\/"},"sameAs":["https:\/\/www.facebook.com\/people\/Notimemes-de-los-Polticos\/61565672886568\/","https:\/\/x.com\/LosPoliticosVer"]},{"@type":"Person","@id":"https:\/\/lospoliticosveracruz.com\/#\/schema\/person\/b8702bb0e538456e6efd07080bf2a4a2","name":"Lo viste en Los Pol\u00edticos","image":{"@type":"ImageObject","inLanguage":"es","@id":"https:\/\/secure.gravatar.com\/avatar\/3a8de04a2656d44082be478bd6c086daa447c4651605818287b9532d3d0bd435?s=96&d=mm&r=g","url":"https:\/\/secure.gravatar.com\/avatar\/3a8de04a2656d44082be478bd6c086daa447c4651605818287b9532d3d0bd435?s=96&d=mm&r=g","contentUrl":"https:\/\/secure.gravatar.com\/avatar\/3a8de04a2656d44082be478bd6c086daa447c4651605818287b9532d3d0bd435?s=96&d=mm&r=g","caption":"Lo viste en Los Pol\u00edticos"},"url":"https:\/\/lospoliticosveracruz.com\/?author=2"}]}},"_links":{"self":[{"href":"https:\/\/lospoliticosveracruz.com\/index.php?rest_route=\/wp\/v2\/posts\/115281","targetHints":{"allow":["GET"]}}],"collection":[{"href":"https:\/\/lospoliticosveracruz.com\/index.php?rest_route=\/wp\/v2\/posts"}],"about":[{"href":"https:\/\/lospoliticosveracruz.com\/index.php?rest_route=\/wp\/v2\/types\/post"}],"author":[{"embeddable":true,"href":"https:\/\/lospoliticosveracruz.com\/index.php?rest_route=\/wp\/v2\/users\/2"}],"replies":[{"embeddable":true,"href":"https:\/\/lospoliticosveracruz.com\/index.php?rest_route=%2Fwp%2Fv2%2Fcomments&post=115281"}],"version-history":[{"count":1,"href":"https:\/\/lospoliticosveracruz.com\/index.php?rest_route=\/wp\/v2\/posts\/115281\/revisions"}],"predecessor-version":[{"id":115282,"href":"https:\/\/lospoliticosveracruz.com\/index.php?rest_route=\/wp\/v2\/posts\/115281\/revisions\/115282"}],"wp:attachment":[{"href":"https:\/\/lospoliticosveracruz.com\/index.php?rest_route=%2Fwp%2Fv2%2Fmedia&parent=115281"}],"wp:term":[{"taxonomy":"category","embeddable":true,"href":"https:\/\/lospoliticosveracruz.com\/index.php?rest_route=%2Fwp%2Fv2%2Fcategories&post=115281"},{"taxonomy":"post_tag","embeddable":true,"href":"https:\/\/lospoliticosveracruz.com\/index.php?rest_route=%2Fwp%2Fv2%2Ftags&post=115281"}],"curies":[{"name":"wp","href":"https:\/\/api.w.org\/{rel}","templated":true}]}}