{"id":115556,"date":"2023-12-12T07:48:47","date_gmt":"2023-12-12T13:48:47","guid":{"rendered":"https:\/\/lospoliticosveracruz.com.mx\/?p=115556"},"modified":"2023-12-12T07:49:00","modified_gmt":"2023-12-12T13:49:00","slug":"otra-bolaochista-menos","status":"publish","type":"post","link":"https:\/\/lospoliticosveracruz.com\/?p=115556","title":{"rendered":"OTRA BOLAOCHISTA MENOS"},"content":{"rendered":"\n<p><\/p>\n\n\n\n<p><br><strong>Oved Contreras<\/strong><br><em>Secas Mecas<\/em><\/p>\n\n\n\n<p>No se sabe a ciencia cierta si present\u00f3 su renuncia o la renunciaron pero el caso es que hay una Bolaochista menos en el gabinete estatal\u2026ayer el gobernador Cuitl\u00e1huac Garc\u00eda confirm\u00f3 la noticia sobre la renuncia de Mercedes Santoyo Dom\u00ednguez, quien por asuntos estrictamente personales ha decidido separarse del cargo de Contralora General del Estado, y en su lugar fue designado Miguel \u00c1ngel Olivares Mart\u00ednez como el nuevo titular de la Contralor\u00eda General.<\/p>\n\n\n\n<figure class=\"wp-block-image size-large\"><a href=\"https:\/\/lospoliticosveracruz.com.mx\/wp-content\/uploads\/2016\/07\/Seguro-Julio-Cerecedo-2.jpg\"><img decoding=\"async\" src=\"https:\/\/lospoliticosveracruz.com.mx\/wp-content\/uploads\/2016\/07\/Seguro-Julio-Cerecedo-2-1024x381.jpg\" alt=\"\" class=\"wp-image-105879\"\/><\/a><\/figure>\n\n\n\n<p>Mercedes Santoyo siempre fue identificada como gente del desaparecido ex secretario de Gobierno, Patros\u00edsmico Cisneros, y parece que todo lo que huela al Boludo va para fuera antes de que termine el a\u00f1o\u2026ser\u00e1 el sereno pero tiene la mano medio pesada do\u00f1a Zacatecas\u2026se va la contralora y no sabemos que pas\u00f3 con los dineros que da PEMEX para obras y que el titular de SIOP desliz\u00f3 que se los quedaba Patrocinio Cisneros. Santoyo, aseguran, es muy cercana a Cisneros y acud\u00eda a sus convocatorias.<\/p>\n\n\n\n<p>Tampoco se inform\u00f3 el curso de la investigaci\u00f3n al caso de la empresaria \u00abexitosa\u00bb Araly Rodr\u00edguez Vez, quien con una modesta plaza como bur\u00f3crata, logr\u00f3 contratos millonarios en dependencias como Seguridad P\u00fablica. Tampoco se sabe el avance en m\u00e1s denuncias por la asignaci\u00f3n de contratos de dependencias estatales a empresas de reciente creaci\u00f3n o que simplemente no exist\u00edan.<\/p>\n\n\n\n<p>Y qu\u00e9 decir de las denuncias como los famosos contratos de arrendamiento de patrullas de SSP ni de las acusaciones por nepotismo de Cuitl\u00e1huac Garc\u00eda y toda su parentela: los Dorheny Cayetano y los Cheo Guerrero\u2026m\u00e1s que deslindar responsabilidades hubo evidentemente encubrimiento desde la Contralor\u00eda\u2026bien se dice que estas posiciones son simples floreros en las estructuras gubernamentales.<\/p>\n\n\n\n<p><strong>GORDITOS Y TROMPUDOS<\/strong>\u2026 Crece el malestar entre el Consejo directivo del Seguro Social de los Trabajadores de la Educaci\u00f3n del Estado de Veracruz (SSTEEV), por la desfachatez del subdirector de administraci\u00f3n Felipe Sosa Mora, protegido del subsecretario Eleazar Guerrero P\u00e9rez y recordado por su participaci\u00f3n en el \u201cCartel Rojo de Veracruz\u201d, que destap\u00f3 en aquel famoso 17 de abril de 2013 el entonces dirigente nacional del PAN, Gustavo A. Madero.<\/p>\n\n\n\n<p>A su lado, como el lector recordar\u00e1, Salvado Manzur D\u00edaz, a la saz\u00f3n alcalde de Boca del R\u00edo y hoy tambi\u00e9n convertido en operador del partido guinda; C\u00e9sar Augusto Perdomo Buenrostro, Enrique Mariano Molina Ram\u00edrez y Graciela Tejeda Mart\u00ednez, entre otros. Por cierto, a todos ellos se les impuso una pena de un a\u00f1o de prisi\u00f3n, y 200 d\u00edas de multa, equivalentes a 12 mil 276 pesos, as\u00ed como a la inhabilitaci\u00f3n de un a\u00f1o para desempe\u00f1ar otro empleo, cargo o comisi\u00f3n p\u00fablicos, de conformidad con el considerando s\u00e9ptimo de la sentencia.<\/p>\n\n\n\n<p>Pero Felipe Sosa Mora, como el Ave F\u00e9nix, resurgi\u00f3 de sus cenizas y ha querido hacer de las suyas en el Seguro Social del Magisterio, protegido claro, por el \u201cprimo inc\u00f3modo\u201d a quien por cierto los operadores pol\u00edticos de Roc\u00edo Nahle Garc\u00eda han desplazado. Con todo, Sosa Mora tiene su chambita en la capital, la cual descuida, para hacer polaca ac\u00e1 en la zona conurbada.<\/p>\n\n\n\n<p>Todo esto, nos reportan, ha generado molestia entre el Consejo directivo del SSTEEV, quienes han llamado severamente la atenci\u00f3n al titular, Francisco Enrique P\u00e9rez Carre\u00f3n, pidi\u00e9ndole que ponga orden y que no permita esta violaci\u00f3n fragante de la legalidad. Piden de manera urgente la remoci\u00f3n, la salida de Felipe Sosa Mora.<\/p>\n\n\n\n<p>\u201cSi quiere andar en la pol\u00edtica partidista, que renuncie; a nosotros no nos interesa si quiere operar por el PAN, por el PRI, sus partidos de origen o por MORENA\u201d, comentaron los integrantes de este Consejo. \u201cYa le dijimos al director que act\u00fae, que aplique la ley o que asuma su responsabilidad. Si no act\u00faa, con la renuncia de Felipe Sosa Mora, pediremos tambi\u00e9n la renuncia de Francisco Enrique P\u00e9rez Carre\u00f3n\u201d, sentenciaron.<\/p>\n\n\n\n<p>As\u00ed que esto se pone bueno y lo \u00fanico que muestra es que lo que tanto criticaron los morenistas es lo mismo que est\u00e1n haciendo ahora, operando elecciones, como el c\u00e9lebre cap\u00edtulo que protagonizaron Ranulfo M\u00e1rquez y Salvador Manzur en la saga \u201cLadones de elecciones\u201d. A ver si alguien hace algo para detener estas ilegalidades en el SSTEEV.<\/p>\n\n\n\n<p>SIGUE DESAPARECIDO\u2026se la tom\u00f3 muy a pecho eso de tomar un retiro espiritual don Patros\u00edsmico Cisneros, que no aparece ni en sus redes sociales\u2026solo hace publicaciones sobre el trabajo del gobernador o promocionando alguna fiesta tradicional\u2026pero personalmente no aparece en fotos ni nada.<\/p>\n\n\n\n<p>Ya pasaron casi dos meses de que Patochi Cisneros present\u00f3 su renuncia como Secretario de Gobierno de Veracruz, para participar en el proceso interno de Morena donde acab\u00f3 en una lejana tercera posici\u00f3n muy por debajo de Roc\u00edo Nahle y de Manuel Huerta, Cuitl\u00e1huac Garc\u00eda lo sigue buscando y no se ha podido ver con el Afrodescendiente y confirma que solo se mandan mensajes de WhatsApp.<\/p>\n\n\n\n<p>En su conferencia de prensa de ayer lunes, el mandatario destac\u00f3 que Carlos Ju\u00e1rez Gil, actual encargado de despacho, est\u00e1 trabajando y cuenta con todas las atribuciones de un secretario de despacho, por lo que participa en las mesas de Construcci\u00f3n de la Paz y le apoya al estar en constante comunicaci\u00f3n con los alcaldes, y a diferencia de Patros\u00edsmico \u201c\u00e9l si estudio Ciencias Pol\u00edticas\u201d, en referencia a que Cisneros Burgos es un \u00abIngeniero Agr\u00f3nomo\u00bb.<\/p>\n\n\n\n<p>Garc\u00eda Jim\u00e9nez coment\u00f3 que constantemente mantiene comunicaci\u00f3n con sus colaboradores, y destac\u00f3 que la Secretar\u00eda de Gobierno es una de las dependencias m\u00e1s importantes de su administraci\u00f3n, donde debe de haber personas capaces y con las facultades para ocupar dicho cargo.<\/p>\n","protected":false},"excerpt":{"rendered":"<p>Oved ContrerasSecas Mecas No se sabe a ciencia cierta si present\u00f3 su renuncia o la renunciaron pero el caso es que hay una Bolaochista menos en el gabinete estatal\u2026ayer el gobernador Cuitl\u00e1huac Garc\u00eda confirm\u00f3 la noticia sobre la renuncia de Mercedes Santoyo Dom\u00ednguez, quien por asuntos estrictamente personales ha decidido separarse del cargo de Contralora [&hellip;]<\/p>\n","protected":false},"author":2,"featured_media":0,"comment_status":"closed","ping_status":"closed","sticky":false,"template":"","format":"standard","meta":{"tdm_status":"","tdm_grid_status":"","footnotes":""},"categories":[70],"tags":[1563,13912,39574,5584,39879,1026,39715,195],"class_list":{"0":"post-115556","1":"post","2":"type-post","3":"status-publish","4":"format-standard","6":"category-de-opinion","7":"tag-cuitlahuac-garcia-jimenez","8":"tag-eleazar-guerrero-perez","9":"tag-felipe-sosa-mora","10":"tag-mercedes-santoyo-dominguez","11":"tag-miguel-angel-olivares-martinez","12":"tag-morena","13":"tag-oved-contreras","14":"tag-veracruz"},"yoast_head":"<!-- This site is optimized with the Yoast SEO plugin v27.4 - https:\/\/yoast.com\/product\/yoast-seo-wordpress\/ -->\n<title>OTRA BOLAOCHISTA MENOS - Los pol\u00edticos Veracruz<\/title>\n<meta name=\"robots\" content=\"index, follow, max-snippet:-1, max-image-preview:large, max-video-preview:-1\" \/>\n<link rel=\"canonical\" href=\"https:\/\/lospoliticosveracruz.com\/?p=115556\" \/>\n<meta property=\"og:locale\" content=\"es_ES\" \/>\n<meta property=\"og:type\" content=\"article\" \/>\n<meta property=\"og:title\" content=\"OTRA BOLAOCHISTA MENOS - Los pol\u00edticos Veracruz\" \/>\n<meta property=\"og:description\" content=\"Oved ContrerasSecas Mecas No se sabe a ciencia cierta si present\u00f3 su renuncia o la renunciaron pero el caso es que hay una Bolaochista menos en el gabinete estatal\u2026ayer el gobernador Cuitl\u00e1huac Garc\u00eda confirm\u00f3 la noticia sobre la renuncia de Mercedes Santoyo Dom\u00ednguez, quien por asuntos estrictamente personales ha decidido separarse del cargo de Contralora [&hellip;]\" \/>\n<meta property=\"og:url\" content=\"https:\/\/lospoliticosveracruz.com\/?p=115556\" \/>\n<meta property=\"og:site_name\" content=\"Los pol\u00edticos Veracruz\" \/>\n<meta property=\"article:publisher\" content=\"https:\/\/www.facebook.com\/people\/Notimemes-de-los-Polticos\/61565672886568\/\" \/>\n<meta property=\"article:published_time\" content=\"2023-12-12T13:48:47+00:00\" \/>\n<meta property=\"article:modified_time\" content=\"2023-12-12T13:49:00+00:00\" \/>\n<meta property=\"og:image\" content=\"https:\/\/lospoliticosveracruz.com.mx\/wp-content\/uploads\/2016\/07\/Seguro-Julio-Cerecedo-2-1024x381.jpg\" \/>\n<meta name=\"author\" content=\"Lo viste en Los Pol\u00edticos\" \/>\n<meta name=\"twitter:card\" content=\"summary_large_image\" \/>\n<meta name=\"twitter:creator\" content=\"@LosPoliticosVer\" \/>\n<meta name=\"twitter:site\" content=\"@LosPoliticosVer\" \/>\n<meta name=\"twitter:label1\" content=\"Escrito por\" \/>\n\t<meta name=\"twitter:data1\" content=\"Lo viste en Los Pol\u00edticos\" \/>\n\t<meta name=\"twitter:label2\" content=\"Tiempo de lectura\" \/>\n\t<meta name=\"twitter:data2\" content=\"5 minutos\" \/>\n<script type=\"application\/ld+json\" class=\"yoast-schema-graph\">{\"@context\":\"https:\\\/\\\/schema.org\",\"@graph\":[{\"@type\":\"Article\",\"@id\":\"https:\\\/\\\/lospoliticosveracruz.com\\\/?p=115556#article\",\"isPartOf\":{\"@id\":\"https:\\\/\\\/lospoliticosveracruz.com\\\/?p=115556\"},\"author\":{\"name\":\"Lo viste en Los Pol\u00edticos\",\"@id\":\"https:\\\/\\\/lospoliticosveracruz.com\\\/#\\\/schema\\\/person\\\/b8702bb0e538456e6efd07080bf2a4a2\"},\"headline\":\"OTRA BOLAOCHISTA MENOS\",\"datePublished\":\"2023-12-12T13:48:47+00:00\",\"dateModified\":\"2023-12-12T13:49:00+00:00\",\"mainEntityOfPage\":{\"@id\":\"https:\\\/\\\/lospoliticosveracruz.com\\\/?p=115556\"},\"wordCount\":994,\"publisher\":{\"@id\":\"https:\\\/\\\/lospoliticosveracruz.com\\\/#organization\"},\"image\":{\"@id\":\"https:\\\/\\\/lospoliticosveracruz.com\\\/?p=115556#primaryimage\"},\"thumbnailUrl\":\"https:\\\/\\\/lospoliticosveracruz.com.mx\\\/wp-content\\\/uploads\\\/2016\\\/07\\\/Seguro-Julio-Cerecedo-2-1024x381.jpg\",\"keywords\":[\"Cuitl\u00e1huac Garc\u00eda Jim\u00e9nez\",\"Eleazar Guerrero P\u00e9rez\",\"Felipe Sosa Mora\",\"Mercedes Santoyo Dom\u00ednguez\",\"Miguel \u00c1ngel Olivares Mart\u00ednez\",\"Morena\",\"Oved Contreras\",\"Veracruz\"],\"articleSection\":[\"De Opini\u00f3n\"],\"inLanguage\":\"es\"},{\"@type\":\"WebPage\",\"@id\":\"https:\\\/\\\/lospoliticosveracruz.com\\\/?p=115556\",\"url\":\"https:\\\/\\\/lospoliticosveracruz.com\\\/?p=115556\",\"name\":\"OTRA BOLAOCHISTA MENOS - Los pol\u00edticos Veracruz\",\"isPartOf\":{\"@id\":\"https:\\\/\\\/lospoliticosveracruz.com\\\/#website\"},\"primaryImageOfPage\":{\"@id\":\"https:\\\/\\\/lospoliticosveracruz.com\\\/?p=115556#primaryimage\"},\"image\":{\"@id\":\"https:\\\/\\\/lospoliticosveracruz.com\\\/?p=115556#primaryimage\"},\"thumbnailUrl\":\"https:\\\/\\\/lospoliticosveracruz.com.mx\\\/wp-content\\\/uploads\\\/2016\\\/07\\\/Seguro-Julio-Cerecedo-2-1024x381.jpg\",\"datePublished\":\"2023-12-12T13:48:47+00:00\",\"dateModified\":\"2023-12-12T13:49:00+00:00\",\"breadcrumb\":{\"@id\":\"https:\\\/\\\/lospoliticosveracruz.com\\\/?p=115556#breadcrumb\"},\"inLanguage\":\"es\",\"potentialAction\":[{\"@type\":\"ReadAction\",\"target\":[\"https:\\\/\\\/lospoliticosveracruz.com\\\/?p=115556\"]}]},{\"@type\":\"ImageObject\",\"inLanguage\":\"es\",\"@id\":\"https:\\\/\\\/lospoliticosveracruz.com\\\/?p=115556#primaryimage\",\"url\":\"https:\\\/\\\/lospoliticosveracruz.com.mx\\\/wp-content\\\/uploads\\\/2016\\\/07\\\/Seguro-Julio-Cerecedo-2-1024x381.jpg\",\"contentUrl\":\"https:\\\/\\\/lospoliticosveracruz.com.mx\\\/wp-content\\\/uploads\\\/2016\\\/07\\\/Seguro-Julio-Cerecedo-2-1024x381.jpg\"},{\"@type\":\"BreadcrumbList\",\"@id\":\"https:\\\/\\\/lospoliticosveracruz.com\\\/?p=115556#breadcrumb\",\"itemListElement\":[{\"@type\":\"ListItem\",\"position\":1,\"name\":\"Portada\",\"item\":\"https:\\\/\\\/lospoliticosveracruz.com\\\/\"},{\"@type\":\"ListItem\",\"position\":2,\"name\":\"OTRA BOLAOCHISTA MENOS\"}]},{\"@type\":\"WebSite\",\"@id\":\"https:\\\/\\\/lospoliticosveracruz.com\\\/#website\",\"url\":\"https:\\\/\\\/lospoliticosveracruz.com\\\/\",\"name\":\"Los pol\u00edticos Veracruz\",\"description\":\"\",\"publisher\":{\"@id\":\"https:\\\/\\\/lospoliticosveracruz.com\\\/#organization\"},\"potentialAction\":[{\"@type\":\"SearchAction\",\"target\":{\"@type\":\"EntryPoint\",\"urlTemplate\":\"https:\\\/\\\/lospoliticosveracruz.com\\\/?s={search_term_string}\"},\"query-input\":{\"@type\":\"PropertyValueSpecification\",\"valueRequired\":true,\"valueName\":\"search_term_string\"}}],\"inLanguage\":\"es\"},{\"@type\":\"Organization\",\"@id\":\"https:\\\/\\\/lospoliticosveracruz.com\\\/#organization\",\"name\":\"Los pol\u00edticos Veracruz\",\"url\":\"https:\\\/\\\/lospoliticosveracruz.com\\\/\",\"logo\":{\"@type\":\"ImageObject\",\"inLanguage\":\"es\",\"@id\":\"https:\\\/\\\/lospoliticosveracruz.com\\\/#\\\/schema\\\/logo\\\/image\\\/\",\"url\":\"https:\\\/\\\/lospoliticosveracruz.com\\\/wp-content\\\/uploads\\\/2025\\\/12\\\/Logo-Nuevo-LOS-POLITICOS-1.jpg\",\"contentUrl\":\"https:\\\/\\\/lospoliticosveracruz.com\\\/wp-content\\\/uploads\\\/2025\\\/12\\\/Logo-Nuevo-LOS-POLITICOS-1.jpg\",\"width\":260,\"height\":70,\"caption\":\"Los pol\u00edticos Veracruz\"},\"image\":{\"@id\":\"https:\\\/\\\/lospoliticosveracruz.com\\\/#\\\/schema\\\/logo\\\/image\\\/\"},\"sameAs\":[\"https:\\\/\\\/www.facebook.com\\\/people\\\/Notimemes-de-los-Polticos\\\/61565672886568\\\/\",\"https:\\\/\\\/x.com\\\/LosPoliticosVer\"]},{\"@type\":\"Person\",\"@id\":\"https:\\\/\\\/lospoliticosveracruz.com\\\/#\\\/schema\\\/person\\\/b8702bb0e538456e6efd07080bf2a4a2\",\"name\":\"Lo viste en Los Pol\u00edticos\",\"image\":{\"@type\":\"ImageObject\",\"inLanguage\":\"es\",\"@id\":\"https:\\\/\\\/secure.gravatar.com\\\/avatar\\\/3a8de04a2656d44082be478bd6c086daa447c4651605818287b9532d3d0bd435?s=96&d=mm&r=g\",\"url\":\"https:\\\/\\\/secure.gravatar.com\\\/avatar\\\/3a8de04a2656d44082be478bd6c086daa447c4651605818287b9532d3d0bd435?s=96&d=mm&r=g\",\"contentUrl\":\"https:\\\/\\\/secure.gravatar.com\\\/avatar\\\/3a8de04a2656d44082be478bd6c086daa447c4651605818287b9532d3d0bd435?s=96&d=mm&r=g\",\"caption\":\"Lo viste en Los Pol\u00edticos\"},\"url\":\"https:\\\/\\\/lospoliticosveracruz.com\\\/?author=2\"}]}<\/script>\n<!-- \/ Yoast SEO plugin. -->","yoast_head_json":{"title":"OTRA BOLAOCHISTA MENOS - Los pol\u00edticos Veracruz","robots":{"index":"index","follow":"follow","max-snippet":"max-snippet:-1","max-image-preview":"max-image-preview:large","max-video-preview":"max-video-preview:-1"},"canonical":"https:\/\/lospoliticosveracruz.com\/?p=115556","og_locale":"es_ES","og_type":"article","og_title":"OTRA BOLAOCHISTA MENOS - Los pol\u00edticos Veracruz","og_description":"Oved ContrerasSecas Mecas No se sabe a ciencia cierta si present\u00f3 su renuncia o la renunciaron pero el caso es que hay una Bolaochista menos en el gabinete estatal\u2026ayer el gobernador Cuitl\u00e1huac Garc\u00eda confirm\u00f3 la noticia sobre la renuncia de Mercedes Santoyo Dom\u00ednguez, quien por asuntos estrictamente personales ha decidido separarse del cargo de Contralora [&hellip;]","og_url":"https:\/\/lospoliticosveracruz.com\/?p=115556","og_site_name":"Los pol\u00edticos Veracruz","article_publisher":"https:\/\/www.facebook.com\/people\/Notimemes-de-los-Polticos\/61565672886568\/","article_published_time":"2023-12-12T13:48:47+00:00","article_modified_time":"2023-12-12T13:49:00+00:00","og_image":[{"url":"https:\/\/lospoliticosveracruz.com.mx\/wp-content\/uploads\/2016\/07\/Seguro-Julio-Cerecedo-2-1024x381.jpg","type":"","width":"","height":""}],"author":"Lo viste en Los Pol\u00edticos","twitter_card":"summary_large_image","twitter_creator":"@LosPoliticosVer","twitter_site":"@LosPoliticosVer","twitter_misc":{"Escrito por":"Lo viste en Los Pol\u00edticos","Tiempo de lectura":"5 minutos"},"schema":{"@context":"https:\/\/schema.org","@graph":[{"@type":"Article","@id":"https:\/\/lospoliticosveracruz.com\/?p=115556#article","isPartOf":{"@id":"https:\/\/lospoliticosveracruz.com\/?p=115556"},"author":{"name":"Lo viste en Los Pol\u00edticos","@id":"https:\/\/lospoliticosveracruz.com\/#\/schema\/person\/b8702bb0e538456e6efd07080bf2a4a2"},"headline":"OTRA BOLAOCHISTA MENOS","datePublished":"2023-12-12T13:48:47+00:00","dateModified":"2023-12-12T13:49:00+00:00","mainEntityOfPage":{"@id":"https:\/\/lospoliticosveracruz.com\/?p=115556"},"wordCount":994,"publisher":{"@id":"https:\/\/lospoliticosveracruz.com\/#organization"},"image":{"@id":"https:\/\/lospoliticosveracruz.com\/?p=115556#primaryimage"},"thumbnailUrl":"https:\/\/lospoliticosveracruz.com.mx\/wp-content\/uploads\/2016\/07\/Seguro-Julio-Cerecedo-2-1024x381.jpg","keywords":["Cuitl\u00e1huac Garc\u00eda Jim\u00e9nez","Eleazar Guerrero P\u00e9rez","Felipe Sosa Mora","Mercedes Santoyo Dom\u00ednguez","Miguel \u00c1ngel Olivares Mart\u00ednez","Morena","Oved Contreras","Veracruz"],"articleSection":["De Opini\u00f3n"],"inLanguage":"es"},{"@type":"WebPage","@id":"https:\/\/lospoliticosveracruz.com\/?p=115556","url":"https:\/\/lospoliticosveracruz.com\/?p=115556","name":"OTRA BOLAOCHISTA MENOS - Los pol\u00edticos Veracruz","isPartOf":{"@id":"https:\/\/lospoliticosveracruz.com\/#website"},"primaryImageOfPage":{"@id":"https:\/\/lospoliticosveracruz.com\/?p=115556#primaryimage"},"image":{"@id":"https:\/\/lospoliticosveracruz.com\/?p=115556#primaryimage"},"thumbnailUrl":"https:\/\/lospoliticosveracruz.com.mx\/wp-content\/uploads\/2016\/07\/Seguro-Julio-Cerecedo-2-1024x381.jpg","datePublished":"2023-12-12T13:48:47+00:00","dateModified":"2023-12-12T13:49:00+00:00","breadcrumb":{"@id":"https:\/\/lospoliticosveracruz.com\/?p=115556#breadcrumb"},"inLanguage":"es","potentialAction":[{"@type":"ReadAction","target":["https:\/\/lospoliticosveracruz.com\/?p=115556"]}]},{"@type":"ImageObject","inLanguage":"es","@id":"https:\/\/lospoliticosveracruz.com\/?p=115556#primaryimage","url":"https:\/\/lospoliticosveracruz.com.mx\/wp-content\/uploads\/2016\/07\/Seguro-Julio-Cerecedo-2-1024x381.jpg","contentUrl":"https:\/\/lospoliticosveracruz.com.mx\/wp-content\/uploads\/2016\/07\/Seguro-Julio-Cerecedo-2-1024x381.jpg"},{"@type":"BreadcrumbList","@id":"https:\/\/lospoliticosveracruz.com\/?p=115556#breadcrumb","itemListElement":[{"@type":"ListItem","position":1,"name":"Portada","item":"https:\/\/lospoliticosveracruz.com\/"},{"@type":"ListItem","position":2,"name":"OTRA BOLAOCHISTA MENOS"}]},{"@type":"WebSite","@id":"https:\/\/lospoliticosveracruz.com\/#website","url":"https:\/\/lospoliticosveracruz.com\/","name":"Los pol\u00edticos Veracruz","description":"","publisher":{"@id":"https:\/\/lospoliticosveracruz.com\/#organization"},"potentialAction":[{"@type":"SearchAction","target":{"@type":"EntryPoint","urlTemplate":"https:\/\/lospoliticosveracruz.com\/?s={search_term_string}"},"query-input":{"@type":"PropertyValueSpecification","valueRequired":true,"valueName":"search_term_string"}}],"inLanguage":"es"},{"@type":"Organization","@id":"https:\/\/lospoliticosveracruz.com\/#organization","name":"Los pol\u00edticos Veracruz","url":"https:\/\/lospoliticosveracruz.com\/","logo":{"@type":"ImageObject","inLanguage":"es","@id":"https:\/\/lospoliticosveracruz.com\/#\/schema\/logo\/image\/","url":"https:\/\/lospoliticosveracruz.com\/wp-content\/uploads\/2025\/12\/Logo-Nuevo-LOS-POLITICOS-1.jpg","contentUrl":"https:\/\/lospoliticosveracruz.com\/wp-content\/uploads\/2025\/12\/Logo-Nuevo-LOS-POLITICOS-1.jpg","width":260,"height":70,"caption":"Los pol\u00edticos Veracruz"},"image":{"@id":"https:\/\/lospoliticosveracruz.com\/#\/schema\/logo\/image\/"},"sameAs":["https:\/\/www.facebook.com\/people\/Notimemes-de-los-Polticos\/61565672886568\/","https:\/\/x.com\/LosPoliticosVer"]},{"@type":"Person","@id":"https:\/\/lospoliticosveracruz.com\/#\/schema\/person\/b8702bb0e538456e6efd07080bf2a4a2","name":"Lo viste en Los Pol\u00edticos","image":{"@type":"ImageObject","inLanguage":"es","@id":"https:\/\/secure.gravatar.com\/avatar\/3a8de04a2656d44082be478bd6c086daa447c4651605818287b9532d3d0bd435?s=96&d=mm&r=g","url":"https:\/\/secure.gravatar.com\/avatar\/3a8de04a2656d44082be478bd6c086daa447c4651605818287b9532d3d0bd435?s=96&d=mm&r=g","contentUrl":"https:\/\/secure.gravatar.com\/avatar\/3a8de04a2656d44082be478bd6c086daa447c4651605818287b9532d3d0bd435?s=96&d=mm&r=g","caption":"Lo viste en Los Pol\u00edticos"},"url":"https:\/\/lospoliticosveracruz.com\/?author=2"}]}},"_links":{"self":[{"href":"https:\/\/lospoliticosveracruz.com\/index.php?rest_route=\/wp\/v2\/posts\/115556","targetHints":{"allow":["GET"]}}],"collection":[{"href":"https:\/\/lospoliticosveracruz.com\/index.php?rest_route=\/wp\/v2\/posts"}],"about":[{"href":"https:\/\/lospoliticosveracruz.com\/index.php?rest_route=\/wp\/v2\/types\/post"}],"author":[{"embeddable":true,"href":"https:\/\/lospoliticosveracruz.com\/index.php?rest_route=\/wp\/v2\/users\/2"}],"replies":[{"embeddable":true,"href":"https:\/\/lospoliticosveracruz.com\/index.php?rest_route=%2Fwp%2Fv2%2Fcomments&post=115556"}],"version-history":[{"count":1,"href":"https:\/\/lospoliticosveracruz.com\/index.php?rest_route=\/wp\/v2\/posts\/115556\/revisions"}],"predecessor-version":[{"id":115557,"href":"https:\/\/lospoliticosveracruz.com\/index.php?rest_route=\/wp\/v2\/posts\/115556\/revisions\/115557"}],"wp:attachment":[{"href":"https:\/\/lospoliticosveracruz.com\/index.php?rest_route=%2Fwp%2Fv2%2Fmedia&parent=115556"}],"wp:term":[{"taxonomy":"category","embeddable":true,"href":"https:\/\/lospoliticosveracruz.com\/index.php?rest_route=%2Fwp%2Fv2%2Fcategories&post=115556"},{"taxonomy":"post_tag","embeddable":true,"href":"https:\/\/lospoliticosveracruz.com\/index.php?rest_route=%2Fwp%2Fv2%2Ftags&post=115556"}],"curies":[{"name":"wp","href":"https:\/\/api.w.org\/{rel}","templated":true}]}}