{"id":115642,"date":"2023-12-13T19:45:28","date_gmt":"2023-12-14T01:45:28","guid":{"rendered":"https:\/\/lospoliticosveracruz.com.mx\/?p=115642"},"modified":"2023-12-13T19:45:35","modified_gmt":"2023-12-14T01:45:35","slug":"teocelo-lo-que-viene","status":"publish","type":"post","link":"https:\/\/lospoliticosveracruz.com\/?p=115642","title":{"rendered":"TEOCELO, LO QUE VIENE"},"content":{"rendered":"\n<p><strong>Enrique Yasser Pompeyo<br><\/strong><em>Mesa de Redacci\u00f3n<br><\/em>Tras el cambio de gobierno municipal en Teocelo y luego de una revisi\u00f3n a la administraci\u00f3n saliente, se encontraron diversas irregularidades, por lo que se procedi\u00f3 a interponer las denuncias correspondientes contra dos ex funcionarios, como se inform\u00f3 en su momento.<\/p>\n\n\n\n<figure class=\"wp-block-embed is-type-video is-provider-youtube wp-block-embed-youtube wp-embed-aspect-16-9 wp-has-aspect-ratio\"><div class=\"wp-block-embed__wrapper\">\n<iframe loading=\"lazy\" title=\"Cluster Coworking\" width=\"696\" height=\"392\" src=\"https:\/\/www.youtube.com\/embed\/Nxe-vxf8GuY?feature=oembed\" frameborder=\"0\" allow=\"accelerometer; autoplay; clipboard-write; encrypted-media; gyroscope; picture-in-picture; web-share\" referrerpolicy=\"strict-origin-when-cross-origin\" allowfullscreen><\/iframe>\n<\/div><\/figure>\n\n\n\n<p>El alcalde Isaac Alberto Anell Reyes fue muy claro al precisar que no se trataba de una cacer\u00eda de brujas, sino de cumplir la ley.<\/p>\n\n\n\n<p>Los ex funcionarios municipales denunciados enfrentar\u00edan varios cargos como, por ejemplo, delitos inform\u00e1ticos, usurpaci\u00f3n de funciones p\u00fablicas o profesi\u00f3n.<\/p>\n\n\n\n<p>El caso no es menor, por el contrario. Tambi\u00e9n habr\u00eda delitos por falsificaci\u00f3n de llaves, sellos, marcas y contrase\u00f1as, falsificaci\u00f3n de documentos, falsificaci\u00f3n de t\u00edtulos y contra la fe p\u00fablica.<\/p>\n\n\n\n<p>Pero eso no es todo, tambi\u00e9n ejercicio indebido o abandono del servicio p\u00fablico e incumplimiento del deber legal.<\/p>\n\n\n\n<p>Lo que se busca es justicia para el pueblo de la Tierra del Dios Tigre.<\/p>\n\n\n\n<p>En los resultados de la auditor\u00eda al Ejercicio Fiscal de la Cuenta P\u00fablica 2021 se hallaron inconsistencias y, lo peor, es que se desconoce a d\u00f3nde fue a parar parte del erario p\u00fablico.<\/p>\n\n\n\n<p>El actual alcalde acus\u00f3 que las autoridades del gobierno local pasado, encabezadas por Mario Chama, s\u00f3lo se dedicaron a hacer circo, maroma y teatro; fue una mala administraci\u00f3n.<\/p>\n\n\n\n<p>Luego de presentar las denuncias ante la Fiscal\u00eda Especializada en Combate a la Corrupci\u00f3n se espera que haya avances para dar con los responsables del presunto da\u00f1o patrimonial.<\/p>\n\n\n\n<p>Por cierto, este viernes, el edil presentar\u00e1 su segundo informe de labores.<\/p>\n\n\n\n<p>Los teocelenses le dieron su voto de confianza y esperan que brinde a detalle los logros y avances en materia de infraestructura, servicios b\u00e1sicos, alumbrado, seguridad, entre otros rubros.<\/p>\n\n\n\n<p>enriquepompeyo@hotmail.com<\/p>\n","protected":false},"excerpt":{"rendered":"<p>Enrique Yasser PompeyoMesa de Redacci\u00f3nTras el cambio de gobierno municipal en Teocelo y luego de una revisi\u00f3n a la administraci\u00f3n saliente, se encontraron diversas irregularidades, por lo que se procedi\u00f3 a interponer las denuncias correspondientes contra dos ex funcionarios, como se inform\u00f3 en su momento. El alcalde Isaac Alberto Anell Reyes fue muy claro al [&hellip;]<\/p>\n","protected":false},"author":2,"featured_media":0,"comment_status":"closed","ping_status":"closed","sticky":false,"template":"","format":"standard","meta":{"tdm_status":"","tdm_grid_status":"","footnotes":""},"categories":[70],"tags":[15477,1452],"class_list":{"0":"post-115642","1":"post","2":"type-post","3":"status-publish","4":"format-standard","6":"category-de-opinion","7":"tag-enrique-yasser-pompeyo","8":"tag-teocelo"},"yoast_head":"<!-- This site is optimized with the Yoast SEO plugin v27.4 - https:\/\/yoast.com\/product\/yoast-seo-wordpress\/ -->\n<title>TEOCELO, LO QUE VIENE - Los pol\u00edticos Veracruz<\/title>\n<meta name=\"robots\" content=\"index, follow, max-snippet:-1, max-image-preview:large, max-video-preview:-1\" \/>\n<link rel=\"canonical\" href=\"https:\/\/lospoliticosveracruz.com\/?p=115642\" \/>\n<meta property=\"og:locale\" content=\"es_ES\" \/>\n<meta property=\"og:type\" content=\"article\" \/>\n<meta property=\"og:title\" content=\"TEOCELO, LO QUE VIENE - Los pol\u00edticos Veracruz\" \/>\n<meta property=\"og:description\" content=\"Enrique Yasser PompeyoMesa de Redacci\u00f3nTras el cambio de gobierno municipal en Teocelo y luego de una revisi\u00f3n a la administraci\u00f3n saliente, se encontraron diversas irregularidades, por lo que se procedi\u00f3 a interponer las denuncias correspondientes contra dos ex funcionarios, como se inform\u00f3 en su momento. El alcalde Isaac Alberto Anell Reyes fue muy claro al [&hellip;]\" \/>\n<meta property=\"og:url\" content=\"https:\/\/lospoliticosveracruz.com\/?p=115642\" \/>\n<meta property=\"og:site_name\" content=\"Los pol\u00edticos Veracruz\" \/>\n<meta property=\"article:publisher\" content=\"https:\/\/www.facebook.com\/people\/Notimemes-de-los-Polticos\/61565672886568\/\" \/>\n<meta property=\"article:published_time\" content=\"2023-12-14T01:45:28+00:00\" \/>\n<meta property=\"article:modified_time\" content=\"2023-12-14T01:45:35+00:00\" \/>\n<meta property=\"og:image\" content=\"https:\/\/lospoliticosveracruz.com\/wp-content\/uploads\/2016\/07\/Logo-Dor.jpg\" \/>\n\t<meta property=\"og:image:width\" content=\"200\" \/>\n\t<meta property=\"og:image:height\" content=\"200\" \/>\n\t<meta property=\"og:image:type\" content=\"image\/jpeg\" \/>\n<meta name=\"author\" content=\"Lo viste en Los Pol\u00edticos\" \/>\n<meta name=\"twitter:card\" content=\"summary_large_image\" \/>\n<meta name=\"twitter:creator\" content=\"@LosPoliticosVer\" \/>\n<meta name=\"twitter:site\" content=\"@LosPoliticosVer\" \/>\n<meta name=\"twitter:label1\" content=\"Escrito por\" \/>\n\t<meta name=\"twitter:data1\" content=\"Lo viste en Los Pol\u00edticos\" \/>\n\t<meta name=\"twitter:label2\" content=\"Tiempo de lectura\" \/>\n\t<meta name=\"twitter:data2\" content=\"2 minutos\" \/>\n<script type=\"application\/ld+json\" class=\"yoast-schema-graph\">{\"@context\":\"https:\\\/\\\/schema.org\",\"@graph\":[{\"@type\":\"Article\",\"@id\":\"https:\\\/\\\/lospoliticosveracruz.com\\\/?p=115642#article\",\"isPartOf\":{\"@id\":\"https:\\\/\\\/lospoliticosveracruz.com\\\/?p=115642\"},\"author\":{\"name\":\"Lo viste en Los Pol\u00edticos\",\"@id\":\"https:\\\/\\\/lospoliticosveracruz.com\\\/#\\\/schema\\\/person\\\/b8702bb0e538456e6efd07080bf2a4a2\"},\"headline\":\"TEOCELO, LO QUE VIENE\",\"datePublished\":\"2023-12-14T01:45:28+00:00\",\"dateModified\":\"2023-12-14T01:45:35+00:00\",\"mainEntityOfPage\":{\"@id\":\"https:\\\/\\\/lospoliticosveracruz.com\\\/?p=115642\"},\"wordCount\":324,\"publisher\":{\"@id\":\"https:\\\/\\\/lospoliticosveracruz.com\\\/#organization\"},\"keywords\":[\"Enrique Yasser Pompeyo\",\"Teocelo\"],\"articleSection\":[\"De Opini\u00f3n\"],\"inLanguage\":\"es\"},{\"@type\":\"WebPage\",\"@id\":\"https:\\\/\\\/lospoliticosveracruz.com\\\/?p=115642\",\"url\":\"https:\\\/\\\/lospoliticosveracruz.com\\\/?p=115642\",\"name\":\"TEOCELO, LO QUE VIENE - Los pol\u00edticos Veracruz\",\"isPartOf\":{\"@id\":\"https:\\\/\\\/lospoliticosveracruz.com\\\/#website\"},\"datePublished\":\"2023-12-14T01:45:28+00:00\",\"dateModified\":\"2023-12-14T01:45:35+00:00\",\"breadcrumb\":{\"@id\":\"https:\\\/\\\/lospoliticosveracruz.com\\\/?p=115642#breadcrumb\"},\"inLanguage\":\"es\",\"potentialAction\":[{\"@type\":\"ReadAction\",\"target\":[\"https:\\\/\\\/lospoliticosveracruz.com\\\/?p=115642\"]}]},{\"@type\":\"BreadcrumbList\",\"@id\":\"https:\\\/\\\/lospoliticosveracruz.com\\\/?p=115642#breadcrumb\",\"itemListElement\":[{\"@type\":\"ListItem\",\"position\":1,\"name\":\"Portada\",\"item\":\"https:\\\/\\\/lospoliticosveracruz.com\\\/\"},{\"@type\":\"ListItem\",\"position\":2,\"name\":\"TEOCELO, LO QUE VIENE\"}]},{\"@type\":\"WebSite\",\"@id\":\"https:\\\/\\\/lospoliticosveracruz.com\\\/#website\",\"url\":\"https:\\\/\\\/lospoliticosveracruz.com\\\/\",\"name\":\"Los pol\u00edticos Veracruz\",\"description\":\"\",\"publisher\":{\"@id\":\"https:\\\/\\\/lospoliticosveracruz.com\\\/#organization\"},\"potentialAction\":[{\"@type\":\"SearchAction\",\"target\":{\"@type\":\"EntryPoint\",\"urlTemplate\":\"https:\\\/\\\/lospoliticosveracruz.com\\\/?s={search_term_string}\"},\"query-input\":{\"@type\":\"PropertyValueSpecification\",\"valueRequired\":true,\"valueName\":\"search_term_string\"}}],\"inLanguage\":\"es\"},{\"@type\":\"Organization\",\"@id\":\"https:\\\/\\\/lospoliticosveracruz.com\\\/#organization\",\"name\":\"Los pol\u00edticos Veracruz\",\"url\":\"https:\\\/\\\/lospoliticosveracruz.com\\\/\",\"logo\":{\"@type\":\"ImageObject\",\"inLanguage\":\"es\",\"@id\":\"https:\\\/\\\/lospoliticosveracruz.com\\\/#\\\/schema\\\/logo\\\/image\\\/\",\"url\":\"https:\\\/\\\/lospoliticosveracruz.com\\\/wp-content\\\/uploads\\\/2025\\\/12\\\/Logo-Nuevo-LOS-POLITICOS-1.jpg\",\"contentUrl\":\"https:\\\/\\\/lospoliticosveracruz.com\\\/wp-content\\\/uploads\\\/2025\\\/12\\\/Logo-Nuevo-LOS-POLITICOS-1.jpg\",\"width\":260,\"height\":70,\"caption\":\"Los pol\u00edticos Veracruz\"},\"image\":{\"@id\":\"https:\\\/\\\/lospoliticosveracruz.com\\\/#\\\/schema\\\/logo\\\/image\\\/\"},\"sameAs\":[\"https:\\\/\\\/www.facebook.com\\\/people\\\/Notimemes-de-los-Polticos\\\/61565672886568\\\/\",\"https:\\\/\\\/x.com\\\/LosPoliticosVer\"]},{\"@type\":\"Person\",\"@id\":\"https:\\\/\\\/lospoliticosveracruz.com\\\/#\\\/schema\\\/person\\\/b8702bb0e538456e6efd07080bf2a4a2\",\"name\":\"Lo viste en Los Pol\u00edticos\",\"image\":{\"@type\":\"ImageObject\",\"inLanguage\":\"es\",\"@id\":\"https:\\\/\\\/secure.gravatar.com\\\/avatar\\\/3a8de04a2656d44082be478bd6c086daa447c4651605818287b9532d3d0bd435?s=96&d=mm&r=g\",\"url\":\"https:\\\/\\\/secure.gravatar.com\\\/avatar\\\/3a8de04a2656d44082be478bd6c086daa447c4651605818287b9532d3d0bd435?s=96&d=mm&r=g\",\"contentUrl\":\"https:\\\/\\\/secure.gravatar.com\\\/avatar\\\/3a8de04a2656d44082be478bd6c086daa447c4651605818287b9532d3d0bd435?s=96&d=mm&r=g\",\"caption\":\"Lo viste en Los Pol\u00edticos\"},\"url\":\"https:\\\/\\\/lospoliticosveracruz.com\\\/?author=2\"}]}<\/script>\n<!-- \/ Yoast SEO plugin. -->","yoast_head_json":{"title":"TEOCELO, LO QUE VIENE - Los pol\u00edticos Veracruz","robots":{"index":"index","follow":"follow","max-snippet":"max-snippet:-1","max-image-preview":"max-image-preview:large","max-video-preview":"max-video-preview:-1"},"canonical":"https:\/\/lospoliticosveracruz.com\/?p=115642","og_locale":"es_ES","og_type":"article","og_title":"TEOCELO, LO QUE VIENE - Los pol\u00edticos Veracruz","og_description":"Enrique Yasser PompeyoMesa de Redacci\u00f3nTras el cambio de gobierno municipal en Teocelo y luego de una revisi\u00f3n a la administraci\u00f3n saliente, se encontraron diversas irregularidades, por lo que se procedi\u00f3 a interponer las denuncias correspondientes contra dos ex funcionarios, como se inform\u00f3 en su momento. El alcalde Isaac Alberto Anell Reyes fue muy claro al [&hellip;]","og_url":"https:\/\/lospoliticosveracruz.com\/?p=115642","og_site_name":"Los pol\u00edticos Veracruz","article_publisher":"https:\/\/www.facebook.com\/people\/Notimemes-de-los-Polticos\/61565672886568\/","article_published_time":"2023-12-14T01:45:28+00:00","article_modified_time":"2023-12-14T01:45:35+00:00","og_image":[{"width":200,"height":200,"url":"https:\/\/lospoliticosveracruz.com\/wp-content\/uploads\/2016\/07\/Logo-Dor.jpg","type":"image\/jpeg"}],"author":"Lo viste en Los Pol\u00edticos","twitter_card":"summary_large_image","twitter_creator":"@LosPoliticosVer","twitter_site":"@LosPoliticosVer","twitter_misc":{"Escrito por":"Lo viste en Los Pol\u00edticos","Tiempo de lectura":"2 minutos"},"schema":{"@context":"https:\/\/schema.org","@graph":[{"@type":"Article","@id":"https:\/\/lospoliticosveracruz.com\/?p=115642#article","isPartOf":{"@id":"https:\/\/lospoliticosveracruz.com\/?p=115642"},"author":{"name":"Lo viste en Los Pol\u00edticos","@id":"https:\/\/lospoliticosveracruz.com\/#\/schema\/person\/b8702bb0e538456e6efd07080bf2a4a2"},"headline":"TEOCELO, LO QUE VIENE","datePublished":"2023-12-14T01:45:28+00:00","dateModified":"2023-12-14T01:45:35+00:00","mainEntityOfPage":{"@id":"https:\/\/lospoliticosveracruz.com\/?p=115642"},"wordCount":324,"publisher":{"@id":"https:\/\/lospoliticosveracruz.com\/#organization"},"keywords":["Enrique Yasser Pompeyo","Teocelo"],"articleSection":["De Opini\u00f3n"],"inLanguage":"es"},{"@type":"WebPage","@id":"https:\/\/lospoliticosveracruz.com\/?p=115642","url":"https:\/\/lospoliticosveracruz.com\/?p=115642","name":"TEOCELO, LO QUE VIENE - Los pol\u00edticos Veracruz","isPartOf":{"@id":"https:\/\/lospoliticosveracruz.com\/#website"},"datePublished":"2023-12-14T01:45:28+00:00","dateModified":"2023-12-14T01:45:35+00:00","breadcrumb":{"@id":"https:\/\/lospoliticosveracruz.com\/?p=115642#breadcrumb"},"inLanguage":"es","potentialAction":[{"@type":"ReadAction","target":["https:\/\/lospoliticosveracruz.com\/?p=115642"]}]},{"@type":"BreadcrumbList","@id":"https:\/\/lospoliticosveracruz.com\/?p=115642#breadcrumb","itemListElement":[{"@type":"ListItem","position":1,"name":"Portada","item":"https:\/\/lospoliticosveracruz.com\/"},{"@type":"ListItem","position":2,"name":"TEOCELO, LO QUE VIENE"}]},{"@type":"WebSite","@id":"https:\/\/lospoliticosveracruz.com\/#website","url":"https:\/\/lospoliticosveracruz.com\/","name":"Los pol\u00edticos Veracruz","description":"","publisher":{"@id":"https:\/\/lospoliticosveracruz.com\/#organization"},"potentialAction":[{"@type":"SearchAction","target":{"@type":"EntryPoint","urlTemplate":"https:\/\/lospoliticosveracruz.com\/?s={search_term_string}"},"query-input":{"@type":"PropertyValueSpecification","valueRequired":true,"valueName":"search_term_string"}}],"inLanguage":"es"},{"@type":"Organization","@id":"https:\/\/lospoliticosveracruz.com\/#organization","name":"Los pol\u00edticos Veracruz","url":"https:\/\/lospoliticosveracruz.com\/","logo":{"@type":"ImageObject","inLanguage":"es","@id":"https:\/\/lospoliticosveracruz.com\/#\/schema\/logo\/image\/","url":"https:\/\/lospoliticosveracruz.com\/wp-content\/uploads\/2025\/12\/Logo-Nuevo-LOS-POLITICOS-1.jpg","contentUrl":"https:\/\/lospoliticosveracruz.com\/wp-content\/uploads\/2025\/12\/Logo-Nuevo-LOS-POLITICOS-1.jpg","width":260,"height":70,"caption":"Los pol\u00edticos Veracruz"},"image":{"@id":"https:\/\/lospoliticosveracruz.com\/#\/schema\/logo\/image\/"},"sameAs":["https:\/\/www.facebook.com\/people\/Notimemes-de-los-Polticos\/61565672886568\/","https:\/\/x.com\/LosPoliticosVer"]},{"@type":"Person","@id":"https:\/\/lospoliticosveracruz.com\/#\/schema\/person\/b8702bb0e538456e6efd07080bf2a4a2","name":"Lo viste en Los Pol\u00edticos","image":{"@type":"ImageObject","inLanguage":"es","@id":"https:\/\/secure.gravatar.com\/avatar\/3a8de04a2656d44082be478bd6c086daa447c4651605818287b9532d3d0bd435?s=96&d=mm&r=g","url":"https:\/\/secure.gravatar.com\/avatar\/3a8de04a2656d44082be478bd6c086daa447c4651605818287b9532d3d0bd435?s=96&d=mm&r=g","contentUrl":"https:\/\/secure.gravatar.com\/avatar\/3a8de04a2656d44082be478bd6c086daa447c4651605818287b9532d3d0bd435?s=96&d=mm&r=g","caption":"Lo viste en Los Pol\u00edticos"},"url":"https:\/\/lospoliticosveracruz.com\/?author=2"}]}},"_links":{"self":[{"href":"https:\/\/lospoliticosveracruz.com\/index.php?rest_route=\/wp\/v2\/posts\/115642","targetHints":{"allow":["GET"]}}],"collection":[{"href":"https:\/\/lospoliticosveracruz.com\/index.php?rest_route=\/wp\/v2\/posts"}],"about":[{"href":"https:\/\/lospoliticosveracruz.com\/index.php?rest_route=\/wp\/v2\/types\/post"}],"author":[{"embeddable":true,"href":"https:\/\/lospoliticosveracruz.com\/index.php?rest_route=\/wp\/v2\/users\/2"}],"replies":[{"embeddable":true,"href":"https:\/\/lospoliticosveracruz.com\/index.php?rest_route=%2Fwp%2Fv2%2Fcomments&post=115642"}],"version-history":[{"count":1,"href":"https:\/\/lospoliticosveracruz.com\/index.php?rest_route=\/wp\/v2\/posts\/115642\/revisions"}],"predecessor-version":[{"id":115644,"href":"https:\/\/lospoliticosveracruz.com\/index.php?rest_route=\/wp\/v2\/posts\/115642\/revisions\/115644"}],"wp:attachment":[{"href":"https:\/\/lospoliticosveracruz.com\/index.php?rest_route=%2Fwp%2Fv2%2Fmedia&parent=115642"}],"wp:term":[{"taxonomy":"category","embeddable":true,"href":"https:\/\/lospoliticosveracruz.com\/index.php?rest_route=%2Fwp%2Fv2%2Fcategories&post=115642"},{"taxonomy":"post_tag","embeddable":true,"href":"https:\/\/lospoliticosveracruz.com\/index.php?rest_route=%2Fwp%2Fv2%2Ftags&post=115642"}],"curies":[{"name":"wp","href":"https:\/\/api.w.org\/{rel}","templated":true}]}}