{"id":115645,"date":"2023-12-13T21:43:22","date_gmt":"2023-12-14T03:43:22","guid":{"rendered":"https:\/\/lospoliticosveracruz.com.mx\/?p=115645"},"modified":"2023-12-13T21:43:32","modified_gmt":"2023-12-14T03:43:32","slug":"nahle-y-pepe","status":"publish","type":"post","link":"https:\/\/lospoliticosveracruz.com\/?p=115645","title":{"rendered":"NAHLE Y PEPE"},"content":{"rendered":"\n<p><strong>Jos\u00e9 Luis Ortega Vidal<br><\/strong><em>Claroscuros<\/em><br>(1)<br>Economista por el Instituto Polit\u00e9cnico Nacional, Maestro en Ciencias Administrativas, Doctor en Ciencias de la Administraci\u00f3n y Educaci\u00f3n, Jos\u00e9 Manuel del R\u00edo Virgen estuvo preso como parte de una maniobra pol\u00edtica cuyo objetivo fue la venganza contra el senador Ricardo Monreal \u00c1vila, su jefe en la Junta de Coordinaci\u00f3n Pol\u00edtica de la C\u00e1mara Alta del Congreso.<\/p>\n\n\n<div class=\"wp-block-image\">\n<figure class=\"alignleft size-full is-resized\"><a href=\"https:\/\/lospoliticosveracruz.com.mx\/wp-content\/uploads\/2023\/02\/Vinissimo.jpg\"><img decoding=\"async\" src=\"https:\/\/lospoliticosveracruz.com.mx\/wp-content\/uploads\/2023\/02\/Vinissimo.jpg\" alt=\"\" class=\"wp-image-102752\" style=\"width:289px;height:auto\"\/><\/a><\/figure>\n<\/div>\n\n\n<p><br>Ricardo Monreal elev\u00f3 al plano nacional una denuncia por la modificaci\u00f3n que increment\u00f3 en la entidad veracruzana la penalidad por el delito de Ultraje a la Autoridad, lo que condujo al encarcelamiento de cientos de inocentes -entre ellos cuatro j\u00f3venes xalape\u00f1os a los cuales el pol\u00edtico zacatecano defendi\u00f3 personalmente-.<br>El trasfondo de la maniobra de ultraje a la autoridad busc\u00f3 atacar a enemigos pol\u00edticos del grupo en el poder en Veracruz; concretamente a aspirantes a candidaturas opositoras durante los comicios federales y estatales del 2021.<br>El gobernador Cuitl\u00e1huac Garc\u00eda Jim\u00e9nez lo aval\u00f3, el entonces secretario de Gobierno Erick Patrocinio Cisneros lo oper\u00f3 y la fiscal Ver\u00f3nica Giadans Hern\u00e1ndez -controlada desde la SG- lo aplic\u00f3.<br>El poder judicial simplemente firm\u00f3 \u00f3rdenes de aprehensi\u00f3n y dict\u00f3 acciones de prisi\u00f3n preventiva exageradas como quien vende palomitas en el parque cualquier tarde de domingo.<br>Los elementos de elecci\u00f3n de Estado elevados a niveles atroces en el rompimiento del estado de Derecho, quedaron registrados como nunca en los \u00faltimos sexenios de la pol\u00edtica veracruzana, por lo menos desde la d\u00e9cada de los noventa.<\/p>\n\n\n\n<p>(2)<br>A Jos\u00e9 Manuel del R\u00edo Virgen lo acusaron de la autor\u00eda intelectual de un asesinato: el de Juan Tovar, candidato de Movimiento Ciudadano a la presidencia municipal de Cazones de Herrera, en la zona norte.<br>Estuvo m\u00e1s de medio a\u00f1o preso hasta que un juez federal orden\u00f3 su liberaci\u00f3n ante la falta de pruebas, esto es la comprobaci\u00f3n de su inocencia.<br>Esta condici\u00f3n de acusaciones y encarcelamientos sin sustento se convirtieron en algo com\u00fan durante la etapa de terror del ultraje a la autoridad, finalmente echado abajo por togados federales.<\/p>\n\n\n\n<p>(3)<br>Mucho se ha escrito y falta por escribirse sobre esa etapa del primer gobierno de izquierda en Veracruz.<br>El de Jos\u00e9 Manuel Del R\u00edo Virgen es un caso singular por su prestigio, pues adem\u00e1s de ser pol\u00edtico se trata de un acad\u00e9mico, autor de varios libros y receptor de la medalla L\u00e1zaro C\u00e1rdenas que otorga su Alma M\u00e1ter -el IPN- por excelencia en estudio.<\/p>\n\n\n\n<p>(4)<br>El pasado 9 de octubre, Diario de Xalapa public\u00f3 una entrevista de la periodista Itzel Molina con Jos\u00e9 Manuel Del R\u00edo Virgen, impulsor del Proyecto Inocencia.<br>La nota se titul\u00f3:<br>M\u00e1s de 3 mil personas recluidas en Veracruz son inocentes: Jos\u00e9 Manuel del R\u00edo Virgen<br>Ah\u00ed se lee:<br>\u201cAl realizar una revisi\u00f3n de los datos relacionados con el sistema penitenciario se identific\u00f3 que en los penales de Veracruz hay 7 mil 600 personas privadas de la libertad, de \u00e9stas alrededor de 5 mil 800 cuentan con prisi\u00f3n preventiva oficiosa y, de esta cantidad, se calcula que 3 mil 500 son inocentes.\u201d<br>A\u00f1ade:<br>\u201cSi se revisan los expedientes con detenimiento se perciben tres cosas, la primera es que cuando exist\u00eda el delito de ultrajes a la autoridad se meti\u00f3 a la persona a la c\u00e1rcel por este delito, uno o dos meses despu\u00e9s se var\u00eda el delito y se aplica que le encontraron armas, ese modo de acusaci\u00f3n se daba con ultrajes, pero ahora que se llama atentado contra la administraci\u00f3n de justicia sigue siendo lo mismo, se les encuentra droga, siguen diciendo que dispar\u00f3 o siguen cargando el muerto o desaparecido que les conviene o el delito que deban justificar\u201d.<br>Extraordinario trabajo period\u00edstico, la nota de Itzel Molina puede consultarse en:<br>Jos\u00e9 Manuel del R\u00edo Virgen explica c\u00f3mo funciona el Proyecto Inocencia &#8211; Diario de Xalapa | Noticias Locales, Policiacas, sobre M\u00e9xico, Veracruz, y el Mundo<\/p>\n\n\n\n<p>(5)<br>Cuando Jos\u00e9 Manuel del R\u00edo Virgen ofreci\u00f3 la entrevista a Diario de Xalapa, a\u00fan era Secretario T\u00e9cnico de la JUCOPO en el Senado.<br>Hoy, contin\u00faa con su Proyecto Inocencia, pero es mencionado, adem\u00e1s, como potencial candidato del Movimiento Ciudadano a la gubernatura de Veracruz.<br>Nativo de C\u00f3rdoba, dos veces diputado federal y ex alcalde de Tecolutla, en el centro\/norte veracruzano, Del R\u00edo Virgen -como cualquier aspirante al abanderamiento del Movimiento Ciudadano- luce afectado por la crisis pol\u00edtica en Nuevo Le\u00f3n que derrib\u00f3 la candidatura de Samuel Garc\u00eda Sep\u00falveda a la presidencia de la Rep\u00fablica.<br>Dante Delgado plane\u00f3, con Samuel y Jos\u00e9 Manuel, convertir a su partido naranja en la tercera fuerza pol\u00edtica del pa\u00eds para rebasar con el tiempo al Partido Acci\u00f3n Nacional del segundo sitio que ocupa.<br>No ganar la presidencia y no ganar la gubernatura veracruzana era lo de menos: el plan consist\u00eda en obtener suficientes senadur\u00edas y diputaciones federales, as\u00ed como locales, para asumir una posici\u00f3n de fuerza negociadora con las figuras triunfantes.<br>Jos\u00e9 Manuel del R\u00edo Virgen es due\u00f1o de un prestigio pol\u00edtico y acad\u00e9mico que Samuel Garc\u00eda no posee.<br>Su condici\u00f3n de v\u00edctima de una persecuci\u00f3n pol\u00edtica que lo llev\u00f3 ilegalmente a la c\u00e1rcel, lo convirti\u00f3 en figura atractiva para los fines dantistas.<br>Resulta evidente el efecto negativo del esc\u00e1ndalo en Nuevo Le\u00f3n para el MC veracruzano.<br>Lo que contin\u00faa vigente y fuerte, es el Proyecto Inocencia de Jos\u00e9 Manuel del R\u00edo Virgen.<br>Al mismo tiempo esa tem\u00e1tica real, cruel, actual, fundamentada por un hombre que conoce el fondo y la forma del poder, pero tambi\u00e9n el m\u00e9todo de la ciencia, deviene oportunidad y obligaci\u00f3n para los dos candidatos que se disputar\u00e1n el gobierno de Veracruz y las dos fuerzas partidistas que luchan al mismo tiempo por el control del Poder Legislativo.<br>Roc\u00edo Nahle Garc\u00eda tiene en la historia del ultraje a la autoridad una debilidad, al haber sido impulsado como herramienta de represi\u00f3n en manos de un gobierno morenista.<br>Nahle tendr\u00e1 que abordar esta tem\u00e1tica durante su campa\u00f1a pues si opta por dejar hacer y dejar pasar ese asunto bajo la estrategia de buscar la justicia una vez en la gubernatura -de llegar a ella- estar\u00eda perdiendo elementos de legitimidad no s\u00f3lo discursiva, sino de coherencia respecto a la sociedad veracruzana que dice amar.<br>Jos\u00e9 Yunes Zorrilla tiene, en la agenda defendida por Jos\u00e9 Manuel del R\u00edo Virgen, la oportunidad de ratificar su sino: el de un hombre distinto al fango por donde ha pasado, al militar en un partido desprestigiado y desvencijado: el PRI.<br>Al PRI le debemos la guerra sucia, ante la cual el ultraje a la autoridad se ruboriza.<br>Pepe Yunes dice, y dice bien, que \u00e9l es diferente.<br>Ahora, tiene la oportunidad de demostrarlo.<br>No se trata s\u00f3lo de ir hacer votos del \u00e1rbol ca\u00eddo\u2026<br>Tampoco se trata de hacer discursos por hacer discursos\u2026<br>La grave circunstancia hist\u00f3rica de Veracruz requiere compromiso \u00e9tico, coherencia pol\u00edtica y actos concretos.<br>La cifra espantosa de 3 mil 500 inocentes en las c\u00e1rceles veracruzanos demanda, ipso facto, atacar de fondo esta verg\u00fcenza.<\/p>\n","protected":false},"excerpt":{"rendered":"<p>Jos\u00e9 Luis Ortega VidalClaroscuros(1)Economista por el Instituto Polit\u00e9cnico Nacional, Maestro en Ciencias Administrativas, Doctor en Ciencias de la Administraci\u00f3n y Educaci\u00f3n, Jos\u00e9 Manuel del R\u00edo Virgen estuvo preso como parte de una maniobra pol\u00edtica cuyo objetivo fue la venganza contra el senador Ricardo Monreal \u00c1vila, su jefe en la Junta de Coordinaci\u00f3n Pol\u00edtica de la [&hellip;]<\/p>\n","protected":false},"author":2,"featured_media":0,"comment_status":"closed","ping_status":"closed","sticky":false,"template":"","format":"standard","meta":{"tdm_status":"","tdm_grid_status":"","footnotes":""},"categories":[70],"tags":[2769,7909,2944,195],"class_list":{"0":"post-115645","1":"post","2":"type-post","3":"status-publish","4":"format-standard","6":"category-de-opinion","7":"tag-jose-luis-ortega-vidal","8":"tag-jose-manuel-del-rio-virgen","9":"tag-ricardo-monreal-avila","10":"tag-veracruz"},"yoast_head":"<!-- This site is optimized with the Yoast SEO plugin v27.4 - https:\/\/yoast.com\/product\/yoast-seo-wordpress\/ -->\n<title>NAHLE Y PEPE - Los pol\u00edticos Veracruz<\/title>\n<meta name=\"robots\" content=\"index, follow, max-snippet:-1, max-image-preview:large, max-video-preview:-1\" \/>\n<link rel=\"canonical\" href=\"https:\/\/lospoliticosveracruz.com\/?p=115645\" \/>\n<meta property=\"og:locale\" content=\"es_ES\" \/>\n<meta property=\"og:type\" content=\"article\" \/>\n<meta property=\"og:title\" content=\"NAHLE Y PEPE - Los pol\u00edticos Veracruz\" \/>\n<meta property=\"og:description\" content=\"Jos\u00e9 Luis Ortega VidalClaroscuros(1)Economista por el Instituto Polit\u00e9cnico Nacional, Maestro en Ciencias Administrativas, Doctor en Ciencias de la Administraci\u00f3n y Educaci\u00f3n, Jos\u00e9 Manuel del R\u00edo Virgen estuvo preso como parte de una maniobra pol\u00edtica cuyo objetivo fue la venganza contra el senador Ricardo Monreal \u00c1vila, su jefe en la Junta de Coordinaci\u00f3n Pol\u00edtica de la [&hellip;]\" \/>\n<meta property=\"og:url\" content=\"https:\/\/lospoliticosveracruz.com\/?p=115645\" \/>\n<meta property=\"og:site_name\" content=\"Los pol\u00edticos Veracruz\" \/>\n<meta property=\"article:publisher\" content=\"https:\/\/www.facebook.com\/people\/Notimemes-de-los-Polticos\/61565672886568\/\" \/>\n<meta property=\"article:published_time\" content=\"2023-12-14T03:43:22+00:00\" \/>\n<meta property=\"article:modified_time\" content=\"2023-12-14T03:43:32+00:00\" \/>\n<meta property=\"og:image\" content=\"https:\/\/lospoliticosveracruz.com.mx\/wp-content\/uploads\/2023\/02\/Vinissimo.jpg\" \/>\n<meta name=\"author\" content=\"Lo viste en Los Pol\u00edticos\" \/>\n<meta name=\"twitter:card\" content=\"summary_large_image\" \/>\n<meta name=\"twitter:creator\" content=\"@LosPoliticosVer\" \/>\n<meta name=\"twitter:site\" content=\"@LosPoliticosVer\" \/>\n<meta name=\"twitter:label1\" content=\"Escrito por\" \/>\n\t<meta name=\"twitter:data1\" content=\"Lo viste en Los Pol\u00edticos\" \/>\n\t<meta name=\"twitter:label2\" content=\"Tiempo de lectura\" \/>\n\t<meta name=\"twitter:data2\" content=\"6 minutos\" \/>\n<script type=\"application\/ld+json\" class=\"yoast-schema-graph\">{\"@context\":\"https:\\\/\\\/schema.org\",\"@graph\":[{\"@type\":\"Article\",\"@id\":\"https:\\\/\\\/lospoliticosveracruz.com\\\/?p=115645#article\",\"isPartOf\":{\"@id\":\"https:\\\/\\\/lospoliticosveracruz.com\\\/?p=115645\"},\"author\":{\"name\":\"Lo viste en Los Pol\u00edticos\",\"@id\":\"https:\\\/\\\/lospoliticosveracruz.com\\\/#\\\/schema\\\/person\\\/b8702bb0e538456e6efd07080bf2a4a2\"},\"headline\":\"NAHLE Y PEPE\",\"datePublished\":\"2023-12-14T03:43:22+00:00\",\"dateModified\":\"2023-12-14T03:43:32+00:00\",\"mainEntityOfPage\":{\"@id\":\"https:\\\/\\\/lospoliticosveracruz.com\\\/?p=115645\"},\"wordCount\":1233,\"publisher\":{\"@id\":\"https:\\\/\\\/lospoliticosveracruz.com\\\/#organization\"},\"image\":{\"@id\":\"https:\\\/\\\/lospoliticosveracruz.com\\\/?p=115645#primaryimage\"},\"thumbnailUrl\":\"https:\\\/\\\/lospoliticosveracruz.com.mx\\\/wp-content\\\/uploads\\\/2023\\\/02\\\/Vinissimo.jpg\",\"keywords\":[\"Jos\u00e9 Luis Ortega Vidal\",\"Jos\u00e9 Manuel del R\u00edo Virgen\",\"Ricardo Monreal \u00c1vila\",\"Veracruz\"],\"articleSection\":[\"De Opini\u00f3n\"],\"inLanguage\":\"es\"},{\"@type\":\"WebPage\",\"@id\":\"https:\\\/\\\/lospoliticosveracruz.com\\\/?p=115645\",\"url\":\"https:\\\/\\\/lospoliticosveracruz.com\\\/?p=115645\",\"name\":\"NAHLE Y PEPE - Los pol\u00edticos Veracruz\",\"isPartOf\":{\"@id\":\"https:\\\/\\\/lospoliticosveracruz.com\\\/#website\"},\"primaryImageOfPage\":{\"@id\":\"https:\\\/\\\/lospoliticosveracruz.com\\\/?p=115645#primaryimage\"},\"image\":{\"@id\":\"https:\\\/\\\/lospoliticosveracruz.com\\\/?p=115645#primaryimage\"},\"thumbnailUrl\":\"https:\\\/\\\/lospoliticosveracruz.com.mx\\\/wp-content\\\/uploads\\\/2023\\\/02\\\/Vinissimo.jpg\",\"datePublished\":\"2023-12-14T03:43:22+00:00\",\"dateModified\":\"2023-12-14T03:43:32+00:00\",\"breadcrumb\":{\"@id\":\"https:\\\/\\\/lospoliticosveracruz.com\\\/?p=115645#breadcrumb\"},\"inLanguage\":\"es\",\"potentialAction\":[{\"@type\":\"ReadAction\",\"target\":[\"https:\\\/\\\/lospoliticosveracruz.com\\\/?p=115645\"]}]},{\"@type\":\"ImageObject\",\"inLanguage\":\"es\",\"@id\":\"https:\\\/\\\/lospoliticosveracruz.com\\\/?p=115645#primaryimage\",\"url\":\"https:\\\/\\\/lospoliticosveracruz.com.mx\\\/wp-content\\\/uploads\\\/2023\\\/02\\\/Vinissimo.jpg\",\"contentUrl\":\"https:\\\/\\\/lospoliticosveracruz.com.mx\\\/wp-content\\\/uploads\\\/2023\\\/02\\\/Vinissimo.jpg\"},{\"@type\":\"BreadcrumbList\",\"@id\":\"https:\\\/\\\/lospoliticosveracruz.com\\\/?p=115645#breadcrumb\",\"itemListElement\":[{\"@type\":\"ListItem\",\"position\":1,\"name\":\"Portada\",\"item\":\"https:\\\/\\\/lospoliticosveracruz.com\\\/\"},{\"@type\":\"ListItem\",\"position\":2,\"name\":\"NAHLE Y PEPE\"}]},{\"@type\":\"WebSite\",\"@id\":\"https:\\\/\\\/lospoliticosveracruz.com\\\/#website\",\"url\":\"https:\\\/\\\/lospoliticosveracruz.com\\\/\",\"name\":\"Los pol\u00edticos Veracruz\",\"description\":\"\",\"publisher\":{\"@id\":\"https:\\\/\\\/lospoliticosveracruz.com\\\/#organization\"},\"potentialAction\":[{\"@type\":\"SearchAction\",\"target\":{\"@type\":\"EntryPoint\",\"urlTemplate\":\"https:\\\/\\\/lospoliticosveracruz.com\\\/?s={search_term_string}\"},\"query-input\":{\"@type\":\"PropertyValueSpecification\",\"valueRequired\":true,\"valueName\":\"search_term_string\"}}],\"inLanguage\":\"es\"},{\"@type\":\"Organization\",\"@id\":\"https:\\\/\\\/lospoliticosveracruz.com\\\/#organization\",\"name\":\"Los pol\u00edticos Veracruz\",\"url\":\"https:\\\/\\\/lospoliticosveracruz.com\\\/\",\"logo\":{\"@type\":\"ImageObject\",\"inLanguage\":\"es\",\"@id\":\"https:\\\/\\\/lospoliticosveracruz.com\\\/#\\\/schema\\\/logo\\\/image\\\/\",\"url\":\"https:\\\/\\\/lospoliticosveracruz.com\\\/wp-content\\\/uploads\\\/2025\\\/12\\\/Logo-Nuevo-LOS-POLITICOS-1.jpg\",\"contentUrl\":\"https:\\\/\\\/lospoliticosveracruz.com\\\/wp-content\\\/uploads\\\/2025\\\/12\\\/Logo-Nuevo-LOS-POLITICOS-1.jpg\",\"width\":260,\"height\":70,\"caption\":\"Los pol\u00edticos Veracruz\"},\"image\":{\"@id\":\"https:\\\/\\\/lospoliticosveracruz.com\\\/#\\\/schema\\\/logo\\\/image\\\/\"},\"sameAs\":[\"https:\\\/\\\/www.facebook.com\\\/people\\\/Notimemes-de-los-Polticos\\\/61565672886568\\\/\",\"https:\\\/\\\/x.com\\\/LosPoliticosVer\"]},{\"@type\":\"Person\",\"@id\":\"https:\\\/\\\/lospoliticosveracruz.com\\\/#\\\/schema\\\/person\\\/b8702bb0e538456e6efd07080bf2a4a2\",\"name\":\"Lo viste en Los Pol\u00edticos\",\"image\":{\"@type\":\"ImageObject\",\"inLanguage\":\"es\",\"@id\":\"https:\\\/\\\/secure.gravatar.com\\\/avatar\\\/3a8de04a2656d44082be478bd6c086daa447c4651605818287b9532d3d0bd435?s=96&d=mm&r=g\",\"url\":\"https:\\\/\\\/secure.gravatar.com\\\/avatar\\\/3a8de04a2656d44082be478bd6c086daa447c4651605818287b9532d3d0bd435?s=96&d=mm&r=g\",\"contentUrl\":\"https:\\\/\\\/secure.gravatar.com\\\/avatar\\\/3a8de04a2656d44082be478bd6c086daa447c4651605818287b9532d3d0bd435?s=96&d=mm&r=g\",\"caption\":\"Lo viste en Los Pol\u00edticos\"},\"url\":\"https:\\\/\\\/lospoliticosveracruz.com\\\/?author=2\"}]}<\/script>\n<!-- \/ Yoast SEO plugin. -->","yoast_head_json":{"title":"NAHLE Y PEPE - Los pol\u00edticos Veracruz","robots":{"index":"index","follow":"follow","max-snippet":"max-snippet:-1","max-image-preview":"max-image-preview:large","max-video-preview":"max-video-preview:-1"},"canonical":"https:\/\/lospoliticosveracruz.com\/?p=115645","og_locale":"es_ES","og_type":"article","og_title":"NAHLE Y PEPE - Los pol\u00edticos Veracruz","og_description":"Jos\u00e9 Luis Ortega VidalClaroscuros(1)Economista por el Instituto Polit\u00e9cnico Nacional, Maestro en Ciencias Administrativas, Doctor en Ciencias de la Administraci\u00f3n y Educaci\u00f3n, Jos\u00e9 Manuel del R\u00edo Virgen estuvo preso como parte de una maniobra pol\u00edtica cuyo objetivo fue la venganza contra el senador Ricardo Monreal \u00c1vila, su jefe en la Junta de Coordinaci\u00f3n Pol\u00edtica de la [&hellip;]","og_url":"https:\/\/lospoliticosveracruz.com\/?p=115645","og_site_name":"Los pol\u00edticos Veracruz","article_publisher":"https:\/\/www.facebook.com\/people\/Notimemes-de-los-Polticos\/61565672886568\/","article_published_time":"2023-12-14T03:43:22+00:00","article_modified_time":"2023-12-14T03:43:32+00:00","og_image":[{"url":"https:\/\/lospoliticosveracruz.com.mx\/wp-content\/uploads\/2023\/02\/Vinissimo.jpg","type":"","width":"","height":""}],"author":"Lo viste en Los Pol\u00edticos","twitter_card":"summary_large_image","twitter_creator":"@LosPoliticosVer","twitter_site":"@LosPoliticosVer","twitter_misc":{"Escrito por":"Lo viste en Los Pol\u00edticos","Tiempo de lectura":"6 minutos"},"schema":{"@context":"https:\/\/schema.org","@graph":[{"@type":"Article","@id":"https:\/\/lospoliticosveracruz.com\/?p=115645#article","isPartOf":{"@id":"https:\/\/lospoliticosveracruz.com\/?p=115645"},"author":{"name":"Lo viste en Los Pol\u00edticos","@id":"https:\/\/lospoliticosveracruz.com\/#\/schema\/person\/b8702bb0e538456e6efd07080bf2a4a2"},"headline":"NAHLE Y PEPE","datePublished":"2023-12-14T03:43:22+00:00","dateModified":"2023-12-14T03:43:32+00:00","mainEntityOfPage":{"@id":"https:\/\/lospoliticosveracruz.com\/?p=115645"},"wordCount":1233,"publisher":{"@id":"https:\/\/lospoliticosveracruz.com\/#organization"},"image":{"@id":"https:\/\/lospoliticosveracruz.com\/?p=115645#primaryimage"},"thumbnailUrl":"https:\/\/lospoliticosveracruz.com.mx\/wp-content\/uploads\/2023\/02\/Vinissimo.jpg","keywords":["Jos\u00e9 Luis Ortega Vidal","Jos\u00e9 Manuel del R\u00edo Virgen","Ricardo Monreal \u00c1vila","Veracruz"],"articleSection":["De Opini\u00f3n"],"inLanguage":"es"},{"@type":"WebPage","@id":"https:\/\/lospoliticosveracruz.com\/?p=115645","url":"https:\/\/lospoliticosveracruz.com\/?p=115645","name":"NAHLE Y PEPE - Los pol\u00edticos Veracruz","isPartOf":{"@id":"https:\/\/lospoliticosveracruz.com\/#website"},"primaryImageOfPage":{"@id":"https:\/\/lospoliticosveracruz.com\/?p=115645#primaryimage"},"image":{"@id":"https:\/\/lospoliticosveracruz.com\/?p=115645#primaryimage"},"thumbnailUrl":"https:\/\/lospoliticosveracruz.com.mx\/wp-content\/uploads\/2023\/02\/Vinissimo.jpg","datePublished":"2023-12-14T03:43:22+00:00","dateModified":"2023-12-14T03:43:32+00:00","breadcrumb":{"@id":"https:\/\/lospoliticosveracruz.com\/?p=115645#breadcrumb"},"inLanguage":"es","potentialAction":[{"@type":"ReadAction","target":["https:\/\/lospoliticosveracruz.com\/?p=115645"]}]},{"@type":"ImageObject","inLanguage":"es","@id":"https:\/\/lospoliticosveracruz.com\/?p=115645#primaryimage","url":"https:\/\/lospoliticosveracruz.com.mx\/wp-content\/uploads\/2023\/02\/Vinissimo.jpg","contentUrl":"https:\/\/lospoliticosveracruz.com.mx\/wp-content\/uploads\/2023\/02\/Vinissimo.jpg"},{"@type":"BreadcrumbList","@id":"https:\/\/lospoliticosveracruz.com\/?p=115645#breadcrumb","itemListElement":[{"@type":"ListItem","position":1,"name":"Portada","item":"https:\/\/lospoliticosveracruz.com\/"},{"@type":"ListItem","position":2,"name":"NAHLE Y PEPE"}]},{"@type":"WebSite","@id":"https:\/\/lospoliticosveracruz.com\/#website","url":"https:\/\/lospoliticosveracruz.com\/","name":"Los pol\u00edticos Veracruz","description":"","publisher":{"@id":"https:\/\/lospoliticosveracruz.com\/#organization"},"potentialAction":[{"@type":"SearchAction","target":{"@type":"EntryPoint","urlTemplate":"https:\/\/lospoliticosveracruz.com\/?s={search_term_string}"},"query-input":{"@type":"PropertyValueSpecification","valueRequired":true,"valueName":"search_term_string"}}],"inLanguage":"es"},{"@type":"Organization","@id":"https:\/\/lospoliticosveracruz.com\/#organization","name":"Los pol\u00edticos Veracruz","url":"https:\/\/lospoliticosveracruz.com\/","logo":{"@type":"ImageObject","inLanguage":"es","@id":"https:\/\/lospoliticosveracruz.com\/#\/schema\/logo\/image\/","url":"https:\/\/lospoliticosveracruz.com\/wp-content\/uploads\/2025\/12\/Logo-Nuevo-LOS-POLITICOS-1.jpg","contentUrl":"https:\/\/lospoliticosveracruz.com\/wp-content\/uploads\/2025\/12\/Logo-Nuevo-LOS-POLITICOS-1.jpg","width":260,"height":70,"caption":"Los pol\u00edticos Veracruz"},"image":{"@id":"https:\/\/lospoliticosveracruz.com\/#\/schema\/logo\/image\/"},"sameAs":["https:\/\/www.facebook.com\/people\/Notimemes-de-los-Polticos\/61565672886568\/","https:\/\/x.com\/LosPoliticosVer"]},{"@type":"Person","@id":"https:\/\/lospoliticosveracruz.com\/#\/schema\/person\/b8702bb0e538456e6efd07080bf2a4a2","name":"Lo viste en Los Pol\u00edticos","image":{"@type":"ImageObject","inLanguage":"es","@id":"https:\/\/secure.gravatar.com\/avatar\/3a8de04a2656d44082be478bd6c086daa447c4651605818287b9532d3d0bd435?s=96&d=mm&r=g","url":"https:\/\/secure.gravatar.com\/avatar\/3a8de04a2656d44082be478bd6c086daa447c4651605818287b9532d3d0bd435?s=96&d=mm&r=g","contentUrl":"https:\/\/secure.gravatar.com\/avatar\/3a8de04a2656d44082be478bd6c086daa447c4651605818287b9532d3d0bd435?s=96&d=mm&r=g","caption":"Lo viste en Los Pol\u00edticos"},"url":"https:\/\/lospoliticosveracruz.com\/?author=2"}]}},"_links":{"self":[{"href":"https:\/\/lospoliticosveracruz.com\/index.php?rest_route=\/wp\/v2\/posts\/115645","targetHints":{"allow":["GET"]}}],"collection":[{"href":"https:\/\/lospoliticosveracruz.com\/index.php?rest_route=\/wp\/v2\/posts"}],"about":[{"href":"https:\/\/lospoliticosveracruz.com\/index.php?rest_route=\/wp\/v2\/types\/post"}],"author":[{"embeddable":true,"href":"https:\/\/lospoliticosveracruz.com\/index.php?rest_route=\/wp\/v2\/users\/2"}],"replies":[{"embeddable":true,"href":"https:\/\/lospoliticosveracruz.com\/index.php?rest_route=%2Fwp%2Fv2%2Fcomments&post=115645"}],"version-history":[{"count":1,"href":"https:\/\/lospoliticosveracruz.com\/index.php?rest_route=\/wp\/v2\/posts\/115645\/revisions"}],"predecessor-version":[{"id":115647,"href":"https:\/\/lospoliticosveracruz.com\/index.php?rest_route=\/wp\/v2\/posts\/115645\/revisions\/115647"}],"wp:attachment":[{"href":"https:\/\/lospoliticosveracruz.com\/index.php?rest_route=%2Fwp%2Fv2%2Fmedia&parent=115645"}],"wp:term":[{"taxonomy":"category","embeddable":true,"href":"https:\/\/lospoliticosveracruz.com\/index.php?rest_route=%2Fwp%2Fv2%2Fcategories&post=115645"},{"taxonomy":"post_tag","embeddable":true,"href":"https:\/\/lospoliticosveracruz.com\/index.php?rest_route=%2Fwp%2Fv2%2Ftags&post=115645"}],"curies":[{"name":"wp","href":"https:\/\/api.w.org\/{rel}","templated":true}]}}