{"id":115789,"date":"2023-12-17T20:26:45","date_gmt":"2023-12-18T02:26:45","guid":{"rendered":"https:\/\/lospoliticosveracruz.com.mx\/?p=115789"},"modified":"2023-12-17T20:26:55","modified_gmt":"2023-12-18T02:26:55","slug":"diputaciones-enfrascadas","status":"publish","type":"post","link":"https:\/\/lospoliticosveracruz.com\/?p=115789","title":{"rendered":"DIPUTACIONES ENFRASCADAS"},"content":{"rendered":"\n<p><strong>Enrique Yasser Pompeyo<\/strong><\/p>\n\n\n\n<p><em>Mesa de Redacci\u00f3n<\/em><\/p>\n\n\n\n<p>Rumbo al proceso electoral de 2024 en el estado de Veracruz, la definici\u00f3n de las candidaturas a las diputaciones locales a\u00fan se encuentran pendientes entre el PAN, PRI y PRD.<\/p>\n\n\n\n<p>Los tres partidos opositores que conformar\u00edan el Frente Amplio por M\u00e9xico en la entidad tienen fuertes intereses en varios distritos, lo que ha alargado los acuerdos y los posibles consensos.<\/p>\n\n\n\n<p>De manera que los tres institutos pol\u00edticos se encuentran \u201cenfrascados\u201d, pero de acuerdo con los l\u00edderes prevalece el di\u00e1logo.<\/p>\n\n\n\n<p>En el caso del Partido de la Revoluci\u00f3n Democr\u00e1tica (PRD), busca perfilar a candidatos en los distritos de Papantla, Poza Rica, Zongolica, R\u00edo Blanco, Perote y San Andr\u00e9s Tuxtla.<\/p>\n\n\n\n<p>Es m\u00e1s, el dirigente estatal del sol azteca, Sergio Cadena Mart\u00ednez buscar\u00eda ser postulado por el distrito de San Andr\u00e9s Tuxtla, aunque tambi\u00e9n tratar\u00eda de asegurar una curul por la v\u00eda plurinominal en la posici\u00f3n n\u00famero uno.<\/p>\n\n\n\n<p>Como ya se dio a conocer, en el caso de las diputaciones federales, el PRD postular\u00e1 a candidatos en los distritos de Poza Rica, Papantla, Zongolica, San Andr\u00e9s Tuxtla y Minatitl\u00e1n.<\/p>\n\n\n\n<p>De lo que se trata, han dicho los l\u00edderes partidistas, es de construir una alianza fuerte y poderosa con la que pretenden quitarle espacios al partido en el poder.<\/p>\n\n\n\n<p>Hay un dato relevante. Para la posible elecci\u00f3n de los abanderados a los 30 distritos locales se podr\u00eda aplicar el m\u00e9todo de encuesta, de manera que se elija a quienes garanticen el triunfo en las urnas.<\/p>\n\n\n\n<p>Lo peor que puede suceder en esa alianza opositora, es que haya imposiciones, amiguismo y compadrazgo, lo que lleve a postular a personajes que no se encuentren en el \u00e1nimo de la poblaci\u00f3n, con antecedentes negativos, con el riesgo de que muerdan el polvo como en las elecciones de 2021.<\/p>\n\n\n\n<p>enriquepompeyo@hotmail.com<\/p>\n","protected":false},"excerpt":{"rendered":"<p>Enrique Yasser Pompeyo Mesa de Redacci\u00f3n Rumbo al proceso electoral de 2024 en el estado de Veracruz, la definici\u00f3n de las candidaturas a las diputaciones locales a\u00fan se encuentran pendientes entre el PAN, PRI y PRD. Los tres partidos opositores que conformar\u00edan el Frente Amplio por M\u00e9xico en la entidad tienen fuertes intereses en varios [&hellip;]<\/p>\n","protected":false},"author":2,"featured_media":0,"comment_status":"closed","ping_status":"closed","sticky":false,"template":"","format":"standard","meta":{"tdm_status":"","tdm_grid_status":"","footnotes":""},"categories":[70],"tags":[39398,1026,266,107,251,7887,195],"class_list":{"0":"post-115789","1":"post","2":"type-post","3":"status-publish","4":"format-standard","6":"category-de-opinion","7":"tag-frente-ampliio-por-mexico","8":"tag-morena","9":"tag-pan","10":"tag-prd","11":"tag-pri","12":"tag-sergio-cadena-martinez","13":"tag-veracruz"},"yoast_head":"<!-- This site is optimized with the Yoast SEO plugin v27.4 - https:\/\/yoast.com\/product\/yoast-seo-wordpress\/ -->\n<title>DIPUTACIONES ENFRASCADAS - Los pol\u00edticos Veracruz<\/title>\n<meta name=\"robots\" content=\"index, follow, max-snippet:-1, max-image-preview:large, max-video-preview:-1\" \/>\n<link rel=\"canonical\" href=\"https:\/\/lospoliticosveracruz.com\/?p=115789\" \/>\n<meta property=\"og:locale\" content=\"es_ES\" \/>\n<meta property=\"og:type\" content=\"article\" \/>\n<meta property=\"og:title\" content=\"DIPUTACIONES ENFRASCADAS - Los pol\u00edticos Veracruz\" \/>\n<meta property=\"og:description\" content=\"Enrique Yasser Pompeyo Mesa de Redacci\u00f3n Rumbo al proceso electoral de 2024 en el estado de Veracruz, la definici\u00f3n de las candidaturas a las diputaciones locales a\u00fan se encuentran pendientes entre el PAN, PRI y PRD. Los tres partidos opositores que conformar\u00edan el Frente Amplio por M\u00e9xico en la entidad tienen fuertes intereses en varios [&hellip;]\" \/>\n<meta property=\"og:url\" content=\"https:\/\/lospoliticosveracruz.com\/?p=115789\" \/>\n<meta property=\"og:site_name\" content=\"Los pol\u00edticos Veracruz\" \/>\n<meta property=\"article:publisher\" content=\"https:\/\/www.facebook.com\/people\/Notimemes-de-los-Polticos\/61565672886568\/\" \/>\n<meta property=\"article:published_time\" content=\"2023-12-18T02:26:45+00:00\" \/>\n<meta property=\"article:modified_time\" content=\"2023-12-18T02:26:55+00:00\" \/>\n<meta property=\"og:image\" content=\"https:\/\/lospoliticosveracruz.com\/wp-content\/uploads\/2016\/07\/Logo-Dor.jpg\" \/>\n\t<meta property=\"og:image:width\" content=\"200\" \/>\n\t<meta property=\"og:image:height\" content=\"200\" \/>\n\t<meta property=\"og:image:type\" content=\"image\/jpeg\" \/>\n<meta name=\"author\" content=\"Lo viste en Los Pol\u00edticos\" \/>\n<meta name=\"twitter:card\" content=\"summary_large_image\" \/>\n<meta name=\"twitter:creator\" content=\"@LosPoliticosVer\" \/>\n<meta name=\"twitter:site\" content=\"@LosPoliticosVer\" \/>\n<meta name=\"twitter:label1\" content=\"Escrito por\" \/>\n\t<meta name=\"twitter:data1\" content=\"Lo viste en Los Pol\u00edticos\" \/>\n\t<meta name=\"twitter:label2\" content=\"Tiempo de lectura\" \/>\n\t<meta name=\"twitter:data2\" content=\"2 minutos\" \/>\n<script type=\"application\/ld+json\" class=\"yoast-schema-graph\">{\"@context\":\"https:\\\/\\\/schema.org\",\"@graph\":[{\"@type\":\"Article\",\"@id\":\"https:\\\/\\\/lospoliticosveracruz.com\\\/?p=115789#article\",\"isPartOf\":{\"@id\":\"https:\\\/\\\/lospoliticosveracruz.com\\\/?p=115789\"},\"author\":{\"name\":\"Lo viste en Los Pol\u00edticos\",\"@id\":\"https:\\\/\\\/lospoliticosveracruz.com\\\/#\\\/schema\\\/person\\\/b8702bb0e538456e6efd07080bf2a4a2\"},\"headline\":\"DIPUTACIONES ENFRASCADAS\",\"datePublished\":\"2023-12-18T02:26:45+00:00\",\"dateModified\":\"2023-12-18T02:26:55+00:00\",\"mainEntityOfPage\":{\"@id\":\"https:\\\/\\\/lospoliticosveracruz.com\\\/?p=115789\"},\"wordCount\":327,\"publisher\":{\"@id\":\"https:\\\/\\\/lospoliticosveracruz.com\\\/#organization\"},\"keywords\":[\"Frente Ampliio por M\u00e9xico\",\"Morena\",\"PAN\",\"PRD\",\"PRI\",\"Sergio Cadena Mart\u00ednez\",\"Veracruz\"],\"articleSection\":[\"De Opini\u00f3n\"],\"inLanguage\":\"es\"},{\"@type\":\"WebPage\",\"@id\":\"https:\\\/\\\/lospoliticosveracruz.com\\\/?p=115789\",\"url\":\"https:\\\/\\\/lospoliticosveracruz.com\\\/?p=115789\",\"name\":\"DIPUTACIONES ENFRASCADAS - Los pol\u00edticos Veracruz\",\"isPartOf\":{\"@id\":\"https:\\\/\\\/lospoliticosveracruz.com\\\/#website\"},\"datePublished\":\"2023-12-18T02:26:45+00:00\",\"dateModified\":\"2023-12-18T02:26:55+00:00\",\"breadcrumb\":{\"@id\":\"https:\\\/\\\/lospoliticosveracruz.com\\\/?p=115789#breadcrumb\"},\"inLanguage\":\"es\",\"potentialAction\":[{\"@type\":\"ReadAction\",\"target\":[\"https:\\\/\\\/lospoliticosveracruz.com\\\/?p=115789\"]}]},{\"@type\":\"BreadcrumbList\",\"@id\":\"https:\\\/\\\/lospoliticosveracruz.com\\\/?p=115789#breadcrumb\",\"itemListElement\":[{\"@type\":\"ListItem\",\"position\":1,\"name\":\"Portada\",\"item\":\"https:\\\/\\\/lospoliticosveracruz.com\\\/\"},{\"@type\":\"ListItem\",\"position\":2,\"name\":\"DIPUTACIONES ENFRASCADAS\"}]},{\"@type\":\"WebSite\",\"@id\":\"https:\\\/\\\/lospoliticosveracruz.com\\\/#website\",\"url\":\"https:\\\/\\\/lospoliticosveracruz.com\\\/\",\"name\":\"Los pol\u00edticos Veracruz\",\"description\":\"\",\"publisher\":{\"@id\":\"https:\\\/\\\/lospoliticosveracruz.com\\\/#organization\"},\"potentialAction\":[{\"@type\":\"SearchAction\",\"target\":{\"@type\":\"EntryPoint\",\"urlTemplate\":\"https:\\\/\\\/lospoliticosveracruz.com\\\/?s={search_term_string}\"},\"query-input\":{\"@type\":\"PropertyValueSpecification\",\"valueRequired\":true,\"valueName\":\"search_term_string\"}}],\"inLanguage\":\"es\"},{\"@type\":\"Organization\",\"@id\":\"https:\\\/\\\/lospoliticosveracruz.com\\\/#organization\",\"name\":\"Los pol\u00edticos Veracruz\",\"url\":\"https:\\\/\\\/lospoliticosveracruz.com\\\/\",\"logo\":{\"@type\":\"ImageObject\",\"inLanguage\":\"es\",\"@id\":\"https:\\\/\\\/lospoliticosveracruz.com\\\/#\\\/schema\\\/logo\\\/image\\\/\",\"url\":\"https:\\\/\\\/lospoliticosveracruz.com\\\/wp-content\\\/uploads\\\/2025\\\/12\\\/Logo-Nuevo-LOS-POLITICOS-1.jpg\",\"contentUrl\":\"https:\\\/\\\/lospoliticosveracruz.com\\\/wp-content\\\/uploads\\\/2025\\\/12\\\/Logo-Nuevo-LOS-POLITICOS-1.jpg\",\"width\":260,\"height\":70,\"caption\":\"Los pol\u00edticos Veracruz\"},\"image\":{\"@id\":\"https:\\\/\\\/lospoliticosveracruz.com\\\/#\\\/schema\\\/logo\\\/image\\\/\"},\"sameAs\":[\"https:\\\/\\\/www.facebook.com\\\/people\\\/Notimemes-de-los-Polticos\\\/61565672886568\\\/\",\"https:\\\/\\\/x.com\\\/LosPoliticosVer\"]},{\"@type\":\"Person\",\"@id\":\"https:\\\/\\\/lospoliticosveracruz.com\\\/#\\\/schema\\\/person\\\/b8702bb0e538456e6efd07080bf2a4a2\",\"name\":\"Lo viste en Los Pol\u00edticos\",\"image\":{\"@type\":\"ImageObject\",\"inLanguage\":\"es\",\"@id\":\"https:\\\/\\\/secure.gravatar.com\\\/avatar\\\/3a8de04a2656d44082be478bd6c086daa447c4651605818287b9532d3d0bd435?s=96&d=mm&r=g\",\"url\":\"https:\\\/\\\/secure.gravatar.com\\\/avatar\\\/3a8de04a2656d44082be478bd6c086daa447c4651605818287b9532d3d0bd435?s=96&d=mm&r=g\",\"contentUrl\":\"https:\\\/\\\/secure.gravatar.com\\\/avatar\\\/3a8de04a2656d44082be478bd6c086daa447c4651605818287b9532d3d0bd435?s=96&d=mm&r=g\",\"caption\":\"Lo viste en Los Pol\u00edticos\"},\"url\":\"https:\\\/\\\/lospoliticosveracruz.com\\\/?author=2\"}]}<\/script>\n<!-- \/ Yoast SEO plugin. -->","yoast_head_json":{"title":"DIPUTACIONES ENFRASCADAS - Los pol\u00edticos Veracruz","robots":{"index":"index","follow":"follow","max-snippet":"max-snippet:-1","max-image-preview":"max-image-preview:large","max-video-preview":"max-video-preview:-1"},"canonical":"https:\/\/lospoliticosveracruz.com\/?p=115789","og_locale":"es_ES","og_type":"article","og_title":"DIPUTACIONES ENFRASCADAS - Los pol\u00edticos Veracruz","og_description":"Enrique Yasser Pompeyo Mesa de Redacci\u00f3n Rumbo al proceso electoral de 2024 en el estado de Veracruz, la definici\u00f3n de las candidaturas a las diputaciones locales a\u00fan se encuentran pendientes entre el PAN, PRI y PRD. Los tres partidos opositores que conformar\u00edan el Frente Amplio por M\u00e9xico en la entidad tienen fuertes intereses en varios [&hellip;]","og_url":"https:\/\/lospoliticosveracruz.com\/?p=115789","og_site_name":"Los pol\u00edticos Veracruz","article_publisher":"https:\/\/www.facebook.com\/people\/Notimemes-de-los-Polticos\/61565672886568\/","article_published_time":"2023-12-18T02:26:45+00:00","article_modified_time":"2023-12-18T02:26:55+00:00","og_image":[{"width":200,"height":200,"url":"https:\/\/lospoliticosveracruz.com\/wp-content\/uploads\/2016\/07\/Logo-Dor.jpg","type":"image\/jpeg"}],"author":"Lo viste en Los Pol\u00edticos","twitter_card":"summary_large_image","twitter_creator":"@LosPoliticosVer","twitter_site":"@LosPoliticosVer","twitter_misc":{"Escrito por":"Lo viste en Los Pol\u00edticos","Tiempo de lectura":"2 minutos"},"schema":{"@context":"https:\/\/schema.org","@graph":[{"@type":"Article","@id":"https:\/\/lospoliticosveracruz.com\/?p=115789#article","isPartOf":{"@id":"https:\/\/lospoliticosveracruz.com\/?p=115789"},"author":{"name":"Lo viste en Los Pol\u00edticos","@id":"https:\/\/lospoliticosveracruz.com\/#\/schema\/person\/b8702bb0e538456e6efd07080bf2a4a2"},"headline":"DIPUTACIONES ENFRASCADAS","datePublished":"2023-12-18T02:26:45+00:00","dateModified":"2023-12-18T02:26:55+00:00","mainEntityOfPage":{"@id":"https:\/\/lospoliticosveracruz.com\/?p=115789"},"wordCount":327,"publisher":{"@id":"https:\/\/lospoliticosveracruz.com\/#organization"},"keywords":["Frente Ampliio por M\u00e9xico","Morena","PAN","PRD","PRI","Sergio Cadena Mart\u00ednez","Veracruz"],"articleSection":["De Opini\u00f3n"],"inLanguage":"es"},{"@type":"WebPage","@id":"https:\/\/lospoliticosveracruz.com\/?p=115789","url":"https:\/\/lospoliticosveracruz.com\/?p=115789","name":"DIPUTACIONES ENFRASCADAS - Los pol\u00edticos Veracruz","isPartOf":{"@id":"https:\/\/lospoliticosveracruz.com\/#website"},"datePublished":"2023-12-18T02:26:45+00:00","dateModified":"2023-12-18T02:26:55+00:00","breadcrumb":{"@id":"https:\/\/lospoliticosveracruz.com\/?p=115789#breadcrumb"},"inLanguage":"es","potentialAction":[{"@type":"ReadAction","target":["https:\/\/lospoliticosveracruz.com\/?p=115789"]}]},{"@type":"BreadcrumbList","@id":"https:\/\/lospoliticosveracruz.com\/?p=115789#breadcrumb","itemListElement":[{"@type":"ListItem","position":1,"name":"Portada","item":"https:\/\/lospoliticosveracruz.com\/"},{"@type":"ListItem","position":2,"name":"DIPUTACIONES ENFRASCADAS"}]},{"@type":"WebSite","@id":"https:\/\/lospoliticosveracruz.com\/#website","url":"https:\/\/lospoliticosveracruz.com\/","name":"Los pol\u00edticos Veracruz","description":"","publisher":{"@id":"https:\/\/lospoliticosveracruz.com\/#organization"},"potentialAction":[{"@type":"SearchAction","target":{"@type":"EntryPoint","urlTemplate":"https:\/\/lospoliticosveracruz.com\/?s={search_term_string}"},"query-input":{"@type":"PropertyValueSpecification","valueRequired":true,"valueName":"search_term_string"}}],"inLanguage":"es"},{"@type":"Organization","@id":"https:\/\/lospoliticosveracruz.com\/#organization","name":"Los pol\u00edticos Veracruz","url":"https:\/\/lospoliticosveracruz.com\/","logo":{"@type":"ImageObject","inLanguage":"es","@id":"https:\/\/lospoliticosveracruz.com\/#\/schema\/logo\/image\/","url":"https:\/\/lospoliticosveracruz.com\/wp-content\/uploads\/2025\/12\/Logo-Nuevo-LOS-POLITICOS-1.jpg","contentUrl":"https:\/\/lospoliticosveracruz.com\/wp-content\/uploads\/2025\/12\/Logo-Nuevo-LOS-POLITICOS-1.jpg","width":260,"height":70,"caption":"Los pol\u00edticos Veracruz"},"image":{"@id":"https:\/\/lospoliticosveracruz.com\/#\/schema\/logo\/image\/"},"sameAs":["https:\/\/www.facebook.com\/people\/Notimemes-de-los-Polticos\/61565672886568\/","https:\/\/x.com\/LosPoliticosVer"]},{"@type":"Person","@id":"https:\/\/lospoliticosveracruz.com\/#\/schema\/person\/b8702bb0e538456e6efd07080bf2a4a2","name":"Lo viste en Los Pol\u00edticos","image":{"@type":"ImageObject","inLanguage":"es","@id":"https:\/\/secure.gravatar.com\/avatar\/3a8de04a2656d44082be478bd6c086daa447c4651605818287b9532d3d0bd435?s=96&d=mm&r=g","url":"https:\/\/secure.gravatar.com\/avatar\/3a8de04a2656d44082be478bd6c086daa447c4651605818287b9532d3d0bd435?s=96&d=mm&r=g","contentUrl":"https:\/\/secure.gravatar.com\/avatar\/3a8de04a2656d44082be478bd6c086daa447c4651605818287b9532d3d0bd435?s=96&d=mm&r=g","caption":"Lo viste en Los Pol\u00edticos"},"url":"https:\/\/lospoliticosveracruz.com\/?author=2"}]}},"_links":{"self":[{"href":"https:\/\/lospoliticosveracruz.com\/index.php?rest_route=\/wp\/v2\/posts\/115789","targetHints":{"allow":["GET"]}}],"collection":[{"href":"https:\/\/lospoliticosveracruz.com\/index.php?rest_route=\/wp\/v2\/posts"}],"about":[{"href":"https:\/\/lospoliticosveracruz.com\/index.php?rest_route=\/wp\/v2\/types\/post"}],"author":[{"embeddable":true,"href":"https:\/\/lospoliticosveracruz.com\/index.php?rest_route=\/wp\/v2\/users\/2"}],"replies":[{"embeddable":true,"href":"https:\/\/lospoliticosveracruz.com\/index.php?rest_route=%2Fwp%2Fv2%2Fcomments&post=115789"}],"version-history":[{"count":1,"href":"https:\/\/lospoliticosveracruz.com\/index.php?rest_route=\/wp\/v2\/posts\/115789\/revisions"}],"predecessor-version":[{"id":115790,"href":"https:\/\/lospoliticosveracruz.com\/index.php?rest_route=\/wp\/v2\/posts\/115789\/revisions\/115790"}],"wp:attachment":[{"href":"https:\/\/lospoliticosveracruz.com\/index.php?rest_route=%2Fwp%2Fv2%2Fmedia&parent=115789"}],"wp:term":[{"taxonomy":"category","embeddable":true,"href":"https:\/\/lospoliticosveracruz.com\/index.php?rest_route=%2Fwp%2Fv2%2Fcategories&post=115789"},{"taxonomy":"post_tag","embeddable":true,"href":"https:\/\/lospoliticosveracruz.com\/index.php?rest_route=%2Fwp%2Fv2%2Ftags&post=115789"}],"curies":[{"name":"wp","href":"https:\/\/api.w.org\/{rel}","templated":true}]}}