{"id":115794,"date":"2023-12-18T06:28:32","date_gmt":"2023-12-18T12:28:32","guid":{"rendered":"https:\/\/lospoliticosveracruz.com.mx\/?p=115794"},"modified":"2023-12-18T06:28:58","modified_gmt":"2023-12-18T12:28:58","slug":"xochitl-y-los-mensajes-en-veracruz","status":"publish","type":"post","link":"https:\/\/lospoliticosveracruz.com\/?p=115794","title":{"rendered":"X\u00d3CHITL Y LOS MENSAJES EN VERACRUZ"},"content":{"rendered":"\n<p><strong>Ricardo Chua<\/strong><\/p>\n\n\n\n<p><em>Sale y Vale <\/em><\/p>\n\n\n\n<p>EXCLUSIVA.. \u00bfPVEM IR\u00c1 S\u00d3LO EN VERACRUZ?.. Hasta el d\u00eda de hoy puedo confirmar la informaci\u00f3n de que hay UNA GRAN POSIBILIDAD REAL de que el PVEM en Veracruz.. Vaya s\u00f3lo para la elecci\u00f3n estatal del 2024 en la entidad\u2026 Es decir, que NO SE CONCRETE la alianza con MORENA y PT para los procesos electorales a gobernador y diputados locales del pr\u00f3ximo a\u00f1o.. EL MOTIVO es muy sencillo: MORENA NO LES QUIERE DAR NADA A LOS \u00abVERDES\u00bb\u2026 Punto final..<\/p>\n\n\n\n<p>El hecho de que MORENA quiera \u00bb comerse el pastel\u00bb solo en los 30 distritos en Veracruz a diputados locales.. Y poner hasta los suplentes.. Es lo que mantiene en \u00abvilo\u00bb esta coalici\u00f3n.. Se la \u00abjugar\u00e1n\u00bb con Claudia Sheinbaum en la Presidencial.. Pero NO IR\u00cdAN con Roc\u00edo Nahle a la gubernatura del Estado.. Y tan canijo est\u00e1 el tema, que Manuel Velasco Coello, ya le dijo a Marcelo Ruiz, dirigente estatal del PVEM, que tiene TERMINANTEMENTE PROHIBIDO ir a una reuni\u00f3n o mitin de MORENA hasta que estos no cedan a compartir el \u00abpoder\u00bb..<\/p>\n\n\n\n<p>Adem\u00e1s de que ya dio indicaciones a varios dirigentes distritales en Veracruz.. Incluidos Edgar Herrera y Alberto Silva.. Para que preparen el camino porque de ser as\u00ed.. El candidato a gobernador ser\u00eda Javier Herrera Borunda.. Porque si los Morenos no cambian la postura, el PVEM pudiera \u00abromper\u00bb la alianza estatal.. Y el \u00abVerde\u00bb postular\u00eda aspirante a gobernador e ir s\u00f3lo en los distritos locales.. Esto pese a la \u00abbuena relaci\u00f3n\u00bb que tiene Velasco y Herrera Borunda con Nahle Garc\u00eda.. Pero el poder es el poder..<\/p>\n\n\n\n<p>El tema ah\u00ed es que no les quieren dar nada.. Y este caso no es sobre la buena relaci\u00f3n de Roc\u00edo con Manuel o Javier.. ES LA NEGOCIACI\u00d3N.. Donde el partido m\u00e1s grande quiere \u00abjoder\u00bb a los m\u00e1s chicos.. Pero los \u00abVerdes\u00bb est\u00e1n calculando que con Javier Herrera de candidato.. Le puede \u00abarrebatar\u00bb 300 mil votos a MORENA-PT.. Y tambi\u00e9n afectar en algo la campa\u00f1a de Pepe Yunes.. Son especulaciones \u00abverdes\u00bb.. Pero cada elecci\u00f3n siempre es diferentes y tiene sus caracter\u00edsticas propias.. Por lo pronto, hay tiro MORENA VS PVEM.. \u00bfCONSUMATUM EST?<\/p>\n\n\n\n<p>XOCHILT Y LOS MENSAJES EN VERACRUZ.. Este fin de semana estuvo de gira por Veracruz, la candidata Presidencial de la oposici\u00f3n, Xochilth Galvez, el s\u00e1bado en Perote con priistas y ayer con panistas en la conurbaci\u00f3n con Boca del R\u00edo.. Y los mensajes de su visita fueron claros: El PRI \u00abjarocho\u00bb est\u00e1 \u00abjugando\u00bb con todo con ella y Pepe Yunes, como candidato a gobernador y los Yunes \u00abAzules\u00bb y PAN ya le levantaron la mano a Pepe y se confirma que Miguel \u00c1ngel Yunes M\u00e1rquez ser\u00e1 el candidato panista a Senador por Veracruz..<\/p>\n\n\n\n<p>Adem\u00e1s establecieron la \u00abl\u00ednea\u00bb discursiva de Pepe Yunes durante toda la campa\u00f1a a gobernador.. Y esta ser\u00e1 atacar al \u00abtal\u00f3n de Aquil\u00e9s\u00bb de MORENA, que NO ES Roc\u00edo Nahle sino el gobierno del Estado y Cuitl\u00e1huac Garc\u00eda.. Y el que lo vino a dejar en claro fue el propio l\u00edder nacional del PRI, Alejandro Moreno C\u00e1rdenas.. Van a \u00abtundir\u00bb a Cuitl\u00e1huac con todo, ocupando la inconformidad social de su administraci\u00f3n a favor del PRI, PAN y PRD.. Se dieron cuenta que atacando a MORENA no da\u00f1an a Nahle.. Con Cuitl\u00e1huac si..<\/p>\n\n\n\n<p>Ya Pepe anda con todos los priistas y con Xochilt lo dej\u00f3 claro.. H\u00e9ctor Yunes y Marl\u00f3n Ram\u00edrez (Que antes eran adversarios).. Los Harrys, los enviados de Eric y Los V\u00e1zquez.. Pero sobre todo Moreno C\u00e1rdenas YA CERR\u00d3 con Pepe Yunes.. En el olvido quedaron las diferencias del 2021 y 2022 cuando Pepe desobedece a Alito y este lo \u00abcongela\u00bb en la c\u00e1mara de diputados federales.. La divisi\u00f3n del PRI ya no se ve en la campa\u00f1a de Pepe.. El comit\u00e9 estatal priista es otra cosa.. El partido ya lo manejan los \u00abpepistas\u00bb.. No el Adolfo \u00abEl Fofo\u00bb Ram\u00edrez..<\/p>\n\n\n\n<p>De esa manera, Pepe cerr\u00f3 con los priistas que se la van a \u00abjugar\u00bb con \u00e9l.. Ya los dem\u00e1s tomar\u00e1n sus propias decisiones y se ver\u00e1 en pr\u00f3ximas fechas.. Quien se queda o qui\u00e9n m\u00e1s se va.. En cuanto al PAN.. Los Yunes \u00abazules\u00bb, el grupo panista m\u00e1s fuerte en Veracruz, le hizo su evento a Xochilt y Pepe.. Con ella cerraron hace semanas.. Con Pepe lo hicieron patente ayer cuando Miguel Yunes M\u00e1rquez le \u00ablevant\u00f3\u00bb la mano.. Y al cerrar ese grupo con \u00e9l.. El 90 por ciento del PAN en Veracruz ya la \u00abjuega\u00bb con Pepe Yunes..<\/p>\n\n\n\n<p>As\u00ed que en el \u00abcoraz\u00f3n azul\u00bb (Boca del Rio) junto con toda la c\u00fapula del PAN.. Los panistas \u00bb cerraron\u00bb con el perote\u00f1o.. Dejando m\u00e1s que claro que Miguel Yunes junior ser\u00e1 el candidato al Senado por el PAN (Se dice que Fernando Yunes ser\u00eda el suplente de su hermano, es decir, ir\u00e1n bien \u00abamarrados\u00bb en esa posici\u00f3n), digan lo que digan sus adversarios al interior o afuera del partido en el PAN, los Yunes \u00abazules\u00bb son los enemigos a vencer de MORENA y Nahle en Veracruz.. Y son los mejores aliados de Pepe en Veracruz..<\/p>\n\n\n\n<p>PD.. El \u00abnegrito en el arroz\u00bb fue la inasistencia del coordinador de los Senadores del PAN, Julen Rementer\u00eda del Puerto.. Por qu\u00e9 no fue, sus razones tendr\u00e1.. Pero \u00e9l y Xochilt son senadores.. Adem\u00e1s Julen tiene una plurinominal en su \u00abbolsa\u00bb, ser\u00e1 diputado federal.. As\u00ed que \u00abdescobijado\u00bb no est\u00e1\u2026 Que si la molestia fue que Miguel le \u00ablevant\u00f3\u00bb la mano a Pepe.. Qu\u00e9 esperaban.. Era lo que Pepe necesitaba para \u00abcerrar\u00bb la alianza.. Despu\u00e9s por eso hay especulaciones.. Por lo pronto, Xochilt y Pepe ya cerraron sus candidaturas con el PAN-PRI-PRD en Veracruz.. Aqu\u00ed s\u00ed.. CONSUMATUM EST..<\/p>\n","protected":false},"excerpt":{"rendered":"<p>Ricardo Chua Sale y Vale EXCLUSIVA.. \u00bfPVEM IR\u00c1 S\u00d3LO EN VERACRUZ?.. Hasta el d\u00eda de hoy puedo confirmar la informaci\u00f3n de que hay UNA GRAN POSIBILIDAD REAL de que el PVEM en Veracruz.. Vaya s\u00f3lo para la elecci\u00f3n estatal del 2024 en la entidad\u2026 Es decir, que NO SE CONCRETE la alianza con MORENA y [&hellip;]<\/p>\n","protected":false},"author":2,"featured_media":0,"comment_status":"closed","ping_status":"closed","sticky":false,"template":"","format":"standard","meta":{"tdm_status":"","tdm_grid_status":"","footnotes":""},"categories":[70],"tags":[1563,1124,964,1026,570,251,3578,195,96,17531],"class_list":{"0":"post-115794","1":"post","2":"type-post","3":"status-publish","4":"format-standard","6":"category-de-opinion","7":"tag-cuitlahuac-garcia-jimenez","8":"tag-javier-herrera-borunda","9":"tag-manuel-velasco-coello","10":"tag-morena","11":"tag-pepe-yunes","12":"tag-pri","13":"tag-rocio-nahle","14":"tag-veracruz","15":"tag-xalapa","16":"tag-xochitl-galvez"},"yoast_head":"<!-- This site is optimized with the Yoast SEO plugin v27.4 - https:\/\/yoast.com\/product\/yoast-seo-wordpress\/ -->\n<title>X\u00d3CHITL Y LOS MENSAJES EN VERACRUZ - Los pol\u00edticos Veracruz<\/title>\n<meta name=\"robots\" content=\"index, follow, max-snippet:-1, max-image-preview:large, max-video-preview:-1\" \/>\n<link rel=\"canonical\" href=\"https:\/\/lospoliticosveracruz.com\/?p=115794\" \/>\n<meta property=\"og:locale\" content=\"es_ES\" \/>\n<meta property=\"og:type\" content=\"article\" \/>\n<meta property=\"og:title\" content=\"X\u00d3CHITL Y LOS MENSAJES EN VERACRUZ - Los pol\u00edticos Veracruz\" \/>\n<meta property=\"og:description\" content=\"Ricardo Chua Sale y Vale EXCLUSIVA.. \u00bfPVEM IR\u00c1 S\u00d3LO EN VERACRUZ?.. Hasta el d\u00eda de hoy puedo confirmar la informaci\u00f3n de que hay UNA GRAN POSIBILIDAD REAL de que el PVEM en Veracruz.. Vaya s\u00f3lo para la elecci\u00f3n estatal del 2024 en la entidad\u2026 Es decir, que NO SE CONCRETE la alianza con MORENA y [&hellip;]\" \/>\n<meta property=\"og:url\" content=\"https:\/\/lospoliticosveracruz.com\/?p=115794\" \/>\n<meta property=\"og:site_name\" content=\"Los pol\u00edticos Veracruz\" \/>\n<meta property=\"article:publisher\" content=\"https:\/\/www.facebook.com\/people\/Notimemes-de-los-Polticos\/61565672886568\/\" \/>\n<meta property=\"article:published_time\" content=\"2023-12-18T12:28:32+00:00\" \/>\n<meta property=\"article:modified_time\" content=\"2023-12-18T12:28:58+00:00\" \/>\n<meta property=\"og:image\" content=\"https:\/\/lospoliticosveracruz.com\/wp-content\/uploads\/2016\/07\/Logo-Dor.jpg\" \/>\n\t<meta property=\"og:image:width\" content=\"200\" \/>\n\t<meta property=\"og:image:height\" content=\"200\" \/>\n\t<meta property=\"og:image:type\" content=\"image\/jpeg\" \/>\n<meta name=\"author\" content=\"Lo viste en Los Pol\u00edticos\" \/>\n<meta name=\"twitter:card\" content=\"summary_large_image\" \/>\n<meta name=\"twitter:creator\" content=\"@LosPoliticosVer\" \/>\n<meta name=\"twitter:site\" content=\"@LosPoliticosVer\" \/>\n<meta name=\"twitter:label1\" content=\"Escrito por\" \/>\n\t<meta name=\"twitter:data1\" content=\"Lo viste en Los Pol\u00edticos\" \/>\n\t<meta name=\"twitter:label2\" content=\"Tiempo de lectura\" \/>\n\t<meta name=\"twitter:data2\" content=\"5 minutos\" \/>\n<script type=\"application\/ld+json\" class=\"yoast-schema-graph\">{\"@context\":\"https:\\\/\\\/schema.org\",\"@graph\":[{\"@type\":\"Article\",\"@id\":\"https:\\\/\\\/lospoliticosveracruz.com\\\/?p=115794#article\",\"isPartOf\":{\"@id\":\"https:\\\/\\\/lospoliticosveracruz.com\\\/?p=115794\"},\"author\":{\"name\":\"Lo viste en Los Pol\u00edticos\",\"@id\":\"https:\\\/\\\/lospoliticosveracruz.com\\\/#\\\/schema\\\/person\\\/b8702bb0e538456e6efd07080bf2a4a2\"},\"headline\":\"X\u00d3CHITL Y LOS MENSAJES EN VERACRUZ\",\"datePublished\":\"2023-12-18T12:28:32+00:00\",\"dateModified\":\"2023-12-18T12:28:58+00:00\",\"mainEntityOfPage\":{\"@id\":\"https:\\\/\\\/lospoliticosveracruz.com\\\/?p=115794\"},\"wordCount\":1002,\"publisher\":{\"@id\":\"https:\\\/\\\/lospoliticosveracruz.com\\\/#organization\"},\"keywords\":[\"Cuitl\u00e1huac Garc\u00eda Jim\u00e9nez\",\"Javier Herrera Borunda\",\"Manuel Velasco Coello\",\"Morena\",\"Pepe Yunes\",\"PRI\",\"Roc\u00edo Nahle\",\"Veracruz\",\"Xalapa\",\"X\u00f3chitl G\u00e1lvez\"],\"articleSection\":[\"De Opini\u00f3n\"],\"inLanguage\":\"es\"},{\"@type\":\"WebPage\",\"@id\":\"https:\\\/\\\/lospoliticosveracruz.com\\\/?p=115794\",\"url\":\"https:\\\/\\\/lospoliticosveracruz.com\\\/?p=115794\",\"name\":\"X\u00d3CHITL Y LOS MENSAJES EN VERACRUZ - Los pol\u00edticos Veracruz\",\"isPartOf\":{\"@id\":\"https:\\\/\\\/lospoliticosveracruz.com\\\/#website\"},\"datePublished\":\"2023-12-18T12:28:32+00:00\",\"dateModified\":\"2023-12-18T12:28:58+00:00\",\"breadcrumb\":{\"@id\":\"https:\\\/\\\/lospoliticosveracruz.com\\\/?p=115794#breadcrumb\"},\"inLanguage\":\"es\",\"potentialAction\":[{\"@type\":\"ReadAction\",\"target\":[\"https:\\\/\\\/lospoliticosveracruz.com\\\/?p=115794\"]}]},{\"@type\":\"BreadcrumbList\",\"@id\":\"https:\\\/\\\/lospoliticosveracruz.com\\\/?p=115794#breadcrumb\",\"itemListElement\":[{\"@type\":\"ListItem\",\"position\":1,\"name\":\"Portada\",\"item\":\"https:\\\/\\\/lospoliticosveracruz.com\\\/\"},{\"@type\":\"ListItem\",\"position\":2,\"name\":\"X\u00d3CHITL Y LOS MENSAJES EN VERACRUZ\"}]},{\"@type\":\"WebSite\",\"@id\":\"https:\\\/\\\/lospoliticosveracruz.com\\\/#website\",\"url\":\"https:\\\/\\\/lospoliticosveracruz.com\\\/\",\"name\":\"Los pol\u00edticos Veracruz\",\"description\":\"\",\"publisher\":{\"@id\":\"https:\\\/\\\/lospoliticosveracruz.com\\\/#organization\"},\"potentialAction\":[{\"@type\":\"SearchAction\",\"target\":{\"@type\":\"EntryPoint\",\"urlTemplate\":\"https:\\\/\\\/lospoliticosveracruz.com\\\/?s={search_term_string}\"},\"query-input\":{\"@type\":\"PropertyValueSpecification\",\"valueRequired\":true,\"valueName\":\"search_term_string\"}}],\"inLanguage\":\"es\"},{\"@type\":\"Organization\",\"@id\":\"https:\\\/\\\/lospoliticosveracruz.com\\\/#organization\",\"name\":\"Los pol\u00edticos Veracruz\",\"url\":\"https:\\\/\\\/lospoliticosveracruz.com\\\/\",\"logo\":{\"@type\":\"ImageObject\",\"inLanguage\":\"es\",\"@id\":\"https:\\\/\\\/lospoliticosveracruz.com\\\/#\\\/schema\\\/logo\\\/image\\\/\",\"url\":\"https:\\\/\\\/lospoliticosveracruz.com\\\/wp-content\\\/uploads\\\/2025\\\/12\\\/Logo-Nuevo-LOS-POLITICOS-1.jpg\",\"contentUrl\":\"https:\\\/\\\/lospoliticosveracruz.com\\\/wp-content\\\/uploads\\\/2025\\\/12\\\/Logo-Nuevo-LOS-POLITICOS-1.jpg\",\"width\":260,\"height\":70,\"caption\":\"Los pol\u00edticos Veracruz\"},\"image\":{\"@id\":\"https:\\\/\\\/lospoliticosveracruz.com\\\/#\\\/schema\\\/logo\\\/image\\\/\"},\"sameAs\":[\"https:\\\/\\\/www.facebook.com\\\/people\\\/Notimemes-de-los-Polticos\\\/61565672886568\\\/\",\"https:\\\/\\\/x.com\\\/LosPoliticosVer\"]},{\"@type\":\"Person\",\"@id\":\"https:\\\/\\\/lospoliticosveracruz.com\\\/#\\\/schema\\\/person\\\/b8702bb0e538456e6efd07080bf2a4a2\",\"name\":\"Lo viste en Los Pol\u00edticos\",\"image\":{\"@type\":\"ImageObject\",\"inLanguage\":\"es\",\"@id\":\"https:\\\/\\\/secure.gravatar.com\\\/avatar\\\/3a8de04a2656d44082be478bd6c086daa447c4651605818287b9532d3d0bd435?s=96&d=mm&r=g\",\"url\":\"https:\\\/\\\/secure.gravatar.com\\\/avatar\\\/3a8de04a2656d44082be478bd6c086daa447c4651605818287b9532d3d0bd435?s=96&d=mm&r=g\",\"contentUrl\":\"https:\\\/\\\/secure.gravatar.com\\\/avatar\\\/3a8de04a2656d44082be478bd6c086daa447c4651605818287b9532d3d0bd435?s=96&d=mm&r=g\",\"caption\":\"Lo viste en Los Pol\u00edticos\"},\"url\":\"https:\\\/\\\/lospoliticosveracruz.com\\\/?author=2\"}]}<\/script>\n<!-- \/ Yoast SEO plugin. -->","yoast_head_json":{"title":"X\u00d3CHITL Y LOS MENSAJES EN VERACRUZ - Los pol\u00edticos Veracruz","robots":{"index":"index","follow":"follow","max-snippet":"max-snippet:-1","max-image-preview":"max-image-preview:large","max-video-preview":"max-video-preview:-1"},"canonical":"https:\/\/lospoliticosveracruz.com\/?p=115794","og_locale":"es_ES","og_type":"article","og_title":"X\u00d3CHITL Y LOS MENSAJES EN VERACRUZ - Los pol\u00edticos Veracruz","og_description":"Ricardo Chua Sale y Vale EXCLUSIVA.. \u00bfPVEM IR\u00c1 S\u00d3LO EN VERACRUZ?.. Hasta el d\u00eda de hoy puedo confirmar la informaci\u00f3n de que hay UNA GRAN POSIBILIDAD REAL de que el PVEM en Veracruz.. Vaya s\u00f3lo para la elecci\u00f3n estatal del 2024 en la entidad\u2026 Es decir, que NO SE CONCRETE la alianza con MORENA y [&hellip;]","og_url":"https:\/\/lospoliticosveracruz.com\/?p=115794","og_site_name":"Los pol\u00edticos Veracruz","article_publisher":"https:\/\/www.facebook.com\/people\/Notimemes-de-los-Polticos\/61565672886568\/","article_published_time":"2023-12-18T12:28:32+00:00","article_modified_time":"2023-12-18T12:28:58+00:00","og_image":[{"width":200,"height":200,"url":"https:\/\/lospoliticosveracruz.com\/wp-content\/uploads\/2016\/07\/Logo-Dor.jpg","type":"image\/jpeg"}],"author":"Lo viste en Los Pol\u00edticos","twitter_card":"summary_large_image","twitter_creator":"@LosPoliticosVer","twitter_site":"@LosPoliticosVer","twitter_misc":{"Escrito por":"Lo viste en Los Pol\u00edticos","Tiempo de lectura":"5 minutos"},"schema":{"@context":"https:\/\/schema.org","@graph":[{"@type":"Article","@id":"https:\/\/lospoliticosveracruz.com\/?p=115794#article","isPartOf":{"@id":"https:\/\/lospoliticosveracruz.com\/?p=115794"},"author":{"name":"Lo viste en Los Pol\u00edticos","@id":"https:\/\/lospoliticosveracruz.com\/#\/schema\/person\/b8702bb0e538456e6efd07080bf2a4a2"},"headline":"X\u00d3CHITL Y LOS MENSAJES EN VERACRUZ","datePublished":"2023-12-18T12:28:32+00:00","dateModified":"2023-12-18T12:28:58+00:00","mainEntityOfPage":{"@id":"https:\/\/lospoliticosveracruz.com\/?p=115794"},"wordCount":1002,"publisher":{"@id":"https:\/\/lospoliticosveracruz.com\/#organization"},"keywords":["Cuitl\u00e1huac Garc\u00eda Jim\u00e9nez","Javier Herrera Borunda","Manuel Velasco Coello","Morena","Pepe Yunes","PRI","Roc\u00edo Nahle","Veracruz","Xalapa","X\u00f3chitl G\u00e1lvez"],"articleSection":["De Opini\u00f3n"],"inLanguage":"es"},{"@type":"WebPage","@id":"https:\/\/lospoliticosveracruz.com\/?p=115794","url":"https:\/\/lospoliticosveracruz.com\/?p=115794","name":"X\u00d3CHITL Y LOS MENSAJES EN VERACRUZ - Los pol\u00edticos Veracruz","isPartOf":{"@id":"https:\/\/lospoliticosveracruz.com\/#website"},"datePublished":"2023-12-18T12:28:32+00:00","dateModified":"2023-12-18T12:28:58+00:00","breadcrumb":{"@id":"https:\/\/lospoliticosveracruz.com\/?p=115794#breadcrumb"},"inLanguage":"es","potentialAction":[{"@type":"ReadAction","target":["https:\/\/lospoliticosveracruz.com\/?p=115794"]}]},{"@type":"BreadcrumbList","@id":"https:\/\/lospoliticosveracruz.com\/?p=115794#breadcrumb","itemListElement":[{"@type":"ListItem","position":1,"name":"Portada","item":"https:\/\/lospoliticosveracruz.com\/"},{"@type":"ListItem","position":2,"name":"X\u00d3CHITL Y LOS MENSAJES EN VERACRUZ"}]},{"@type":"WebSite","@id":"https:\/\/lospoliticosveracruz.com\/#website","url":"https:\/\/lospoliticosveracruz.com\/","name":"Los pol\u00edticos Veracruz","description":"","publisher":{"@id":"https:\/\/lospoliticosveracruz.com\/#organization"},"potentialAction":[{"@type":"SearchAction","target":{"@type":"EntryPoint","urlTemplate":"https:\/\/lospoliticosveracruz.com\/?s={search_term_string}"},"query-input":{"@type":"PropertyValueSpecification","valueRequired":true,"valueName":"search_term_string"}}],"inLanguage":"es"},{"@type":"Organization","@id":"https:\/\/lospoliticosveracruz.com\/#organization","name":"Los pol\u00edticos Veracruz","url":"https:\/\/lospoliticosveracruz.com\/","logo":{"@type":"ImageObject","inLanguage":"es","@id":"https:\/\/lospoliticosveracruz.com\/#\/schema\/logo\/image\/","url":"https:\/\/lospoliticosveracruz.com\/wp-content\/uploads\/2025\/12\/Logo-Nuevo-LOS-POLITICOS-1.jpg","contentUrl":"https:\/\/lospoliticosveracruz.com\/wp-content\/uploads\/2025\/12\/Logo-Nuevo-LOS-POLITICOS-1.jpg","width":260,"height":70,"caption":"Los pol\u00edticos Veracruz"},"image":{"@id":"https:\/\/lospoliticosveracruz.com\/#\/schema\/logo\/image\/"},"sameAs":["https:\/\/www.facebook.com\/people\/Notimemes-de-los-Polticos\/61565672886568\/","https:\/\/x.com\/LosPoliticosVer"]},{"@type":"Person","@id":"https:\/\/lospoliticosveracruz.com\/#\/schema\/person\/b8702bb0e538456e6efd07080bf2a4a2","name":"Lo viste en Los Pol\u00edticos","image":{"@type":"ImageObject","inLanguage":"es","@id":"https:\/\/secure.gravatar.com\/avatar\/3a8de04a2656d44082be478bd6c086daa447c4651605818287b9532d3d0bd435?s=96&d=mm&r=g","url":"https:\/\/secure.gravatar.com\/avatar\/3a8de04a2656d44082be478bd6c086daa447c4651605818287b9532d3d0bd435?s=96&d=mm&r=g","contentUrl":"https:\/\/secure.gravatar.com\/avatar\/3a8de04a2656d44082be478bd6c086daa447c4651605818287b9532d3d0bd435?s=96&d=mm&r=g","caption":"Lo viste en Los Pol\u00edticos"},"url":"https:\/\/lospoliticosveracruz.com\/?author=2"}]}},"_links":{"self":[{"href":"https:\/\/lospoliticosveracruz.com\/index.php?rest_route=\/wp\/v2\/posts\/115794","targetHints":{"allow":["GET"]}}],"collection":[{"href":"https:\/\/lospoliticosveracruz.com\/index.php?rest_route=\/wp\/v2\/posts"}],"about":[{"href":"https:\/\/lospoliticosveracruz.com\/index.php?rest_route=\/wp\/v2\/types\/post"}],"author":[{"embeddable":true,"href":"https:\/\/lospoliticosveracruz.com\/index.php?rest_route=\/wp\/v2\/users\/2"}],"replies":[{"embeddable":true,"href":"https:\/\/lospoliticosveracruz.com\/index.php?rest_route=%2Fwp%2Fv2%2Fcomments&post=115794"}],"version-history":[{"count":1,"href":"https:\/\/lospoliticosveracruz.com\/index.php?rest_route=\/wp\/v2\/posts\/115794\/revisions"}],"predecessor-version":[{"id":115796,"href":"https:\/\/lospoliticosveracruz.com\/index.php?rest_route=\/wp\/v2\/posts\/115794\/revisions\/115796"}],"wp:attachment":[{"href":"https:\/\/lospoliticosveracruz.com\/index.php?rest_route=%2Fwp%2Fv2%2Fmedia&parent=115794"}],"wp:term":[{"taxonomy":"category","embeddable":true,"href":"https:\/\/lospoliticosveracruz.com\/index.php?rest_route=%2Fwp%2Fv2%2Fcategories&post=115794"},{"taxonomy":"post_tag","embeddable":true,"href":"https:\/\/lospoliticosveracruz.com\/index.php?rest_route=%2Fwp%2Fv2%2Ftags&post=115794"}],"curies":[{"name":"wp","href":"https:\/\/api.w.org\/{rel}","templated":true}]}}