{"id":115831,"date":"2023-12-18T19:26:10","date_gmt":"2023-12-19T01:26:10","guid":{"rendered":"https:\/\/lospoliticosveracruz.com.mx\/?p=115831"},"modified":"2023-12-18T19:26:24","modified_gmt":"2023-12-19T01:26:24","slug":"enero-2024-compareceran-organismos-autonomos","status":"publish","type":"post","link":"https:\/\/lospoliticosveracruz.com\/?p=115831","title":{"rendered":"ENERO 2024, COMPARECER\u00c1N ORGANISMOS AUT\u00d3NOMOS"},"content":{"rendered":"\n<p><\/p>\n\n\n\n<p><strong>Jos\u00e9 Luis Enr\u00edquez Ambell<\/strong><\/p>\n\n\n\n<p><em>Caf\u00e9 de Ma\u00f1ana<\/em><\/p>\n\n\n\n<p>Todos los titulares de organismos aut\u00f3nomos de Veracruz habr\u00e1n de acudir ante la Comisi\u00f3n Legislativa Permanente que les corresponde e informar el estado que guarda el ente que representan, pues es una responsabilidad que lo mandata la norma y el pleno del Poder Legislativo.<\/p>\n\n\n\n<p>La titular de la&nbsp;(FGE) Fiscal\u00eda General del Estado, Ver\u00f3nica Hern\u00e1ndez Giad\u00e1ns; la Auditora General del ORFIS, Delia Gonz\u00e1lez Cobos; y tambi\u00e9n Comisionado Presidente del (IVAI) Instituto Veracruzano de Acceso a la Informaci\u00f3n y Protecci\u00f3n de Datos Personales, David Agust\u00edn Jim\u00e9nez, y adem\u00e1s el Secretario Ejecutivo de la Comisi\u00f3n Estatal para la Atenci\u00f3n y Protecci\u00f3n de los Periodistas (CEAPP), Israel Hern\u00e1ndez, junto con Silverio Quevedo, y la Comisi\u00f3n Estatal de Derechos Humanos (CEDH), y titular Namiko Matzumoto, igual habr\u00e1 de hacerlo.<\/p>\n\n\n\n<p>Para esta ocasi\u00f3n algunos de los titulares de estos organismos aut\u00f3nomos se presentar\u00e1n ya bajo el control y evaluaci\u00f3n interna de los Contralores, que hace meses fueron evaluados y nombrados por el H. Congreso, y quienes tienen similar posici\u00f3n; o sea, no son sus empleados en t\u00e9rminos de estructura dado que los design\u00f3 el Pleno del Poder Legislativo.<\/p>\n\n\n\n<p>En este momento casi todos los organismos aut\u00f3nomos enfrentan circunstancias de consolidaci\u00f3n como contrapeso al Poder del Ejecutivo para \u00abno subordin\u00e1rsele, pero si coordinarse\u00bb y lo que no es tarea menor, pues desde la ciencia pol\u00edtica se recomienda tratar de armonizar la relaci\u00f3n entre las partes y en Veracruz me parece una acci\u00f3n que paulatinamente con voluntad, esfuerzo y tiempo se han ido superando muchos de los claroscuros de la transici\u00f3n a partir del 2018.<\/p>\n\n\n\n<p>Debe reconocerse que en poco tiempo los organismos aut\u00f3nomos en nuestra entidad han venido avanzando, consolidando y hasta en algunos casos el perfeccionamiento al grado de sostener una relaci\u00f3n relevante sin caer en el sometimiento y que la poblaci\u00f3n lo perciba en busca de mejorar resultados en t\u00e9rminos de transparencia y rendici\u00f3n de cuentas.<\/p>\n\n\n\n<p>Hay que decir tambi\u00e9n que el papel de los \u00f3rganos aut\u00f3nomos lleva a suponer una plena imparcialidad en torno a las decisiones del Gobierno de Veracruz, y mucho m\u00e1s en \u00e1reas sensibles como son la FGE, ORFIS, IVAI, CEDH y CEAPP sin descontar a los dem\u00e1s entes.&nbsp;<\/p>\n\n\n\n<p>Ya entregados los informes por cada organismo, ahora veremos como les pinta enero desde la recta final del 2023 en materia de presupuesto y desde ah\u00ed visualizar el horizonte frente a la transici\u00f3n sexenal.<\/p>\n\n\n\n<p><strong>DE SOBREMESA<\/strong><\/p>\n\n\n\n<p>No se hagan bolas en Morena, la opci\u00f3n que tienen para el Senado de la Rep\u00fablica es M\u00f3nica Robles, para complementar la f\u00f3rmula que la legalidad exige.<\/p>\n\n\n\n<p>Desde siempre ha mostrado sensibilidad y una gran emoci\u00f3n social, desde las instituciones p\u00fablicas oficiales y privadas.<\/p>\n\n\n\n<p>La s\u00f3lida formaci\u00f3n, el aprendizaje por estar y permanecer cerca de poblaci\u00f3n vulnerable le ha venido dando el m\u00fasculo ciudadano al visualizar para ayudar y atender a quienes menos tienen.<\/p>\n\n\n\n<p>Dicen en mi pueblo: \u201cpa qu\u00e9 tanto brinco si el piso est\u00e1 parejo\u201d.&nbsp;<\/p>\n\n\n\n<p><strong>UN CAF\u00c9 CON DOBLE CARGA<\/strong><\/p>\n\n\n\n<p>Por cierto, alguien en la Secretar\u00eda de Seguridad P\u00fablica como \u00e1reas municipales deben poner en orden a sus servidores p\u00fablicos -sobre todo operativos- en materia de tr\u00e1nsito y vialidad, quienes en estos d\u00edas por alguna raz\u00f3n andan a la caza de automovilistas -sin justificar que si cometen alguna infracci\u00f3n- pero los modos y las formas de comportamiento en su conducta es poco \u00abracional\u00bb y ojal\u00e1 no pase a mayores estos incidentes.<\/p>\n\n\n\n<p>\u00a1 ES CUANTO !<\/p>\n\n\n\n<p>Jos\u00e9 Luis Enr\u00edquez Ambell&nbsp;<\/p>\n\n\n\n<p>enamjl62@gmail.com; enriquezambell@gmail.com<\/p>\n\n\n\n<p>Secretario General de la Federaci\u00f3n Aut\u00e9ntica de Trabajadores del Estado de Veracruz (FATEV &#8211; JLEG) Registro Federal del Trabajo # 5844 y Director General de la Consultor\u00eda y Asesor\u00eda Integral AECAI Torre Animas en Xalapa, Ver.<\/p>\n","protected":false},"excerpt":{"rendered":"<p>Jos\u00e9 Luis Enr\u00edquez Ambell Caf\u00e9 de Ma\u00f1ana Todos los titulares de organismos aut\u00f3nomos de Veracruz habr\u00e1n de acudir ante la Comisi\u00f3n Legislativa Permanente que les corresponde e informar el estado que guarda el ente que representan, pues es una responsabilidad que lo mandata la norma y el pleno del Poder Legislativo. La titular de la&nbsp;(FGE) [&hellip;]<\/p>\n","protected":false},"author":2,"featured_media":0,"comment_status":"closed","ping_status":"closed","sticky":false,"template":"","format":"standard","meta":{"tdm_status":"","tdm_grid_status":"","footnotes":""},"categories":[70],"tags":[],"class_list":{"0":"post-115831","1":"post","2":"type-post","3":"status-publish","4":"format-standard","6":"category-de-opinion"},"yoast_head":"<!-- This site is optimized with the Yoast SEO plugin v27.4 - https:\/\/yoast.com\/product\/yoast-seo-wordpress\/ -->\n<title>ENERO 2024, COMPARECER\u00c1N ORGANISMOS AUT\u00d3NOMOS - Los pol\u00edticos Veracruz<\/title>\n<meta name=\"robots\" content=\"index, follow, max-snippet:-1, max-image-preview:large, max-video-preview:-1\" \/>\n<link rel=\"canonical\" href=\"https:\/\/lospoliticosveracruz.com\/?p=115831\" \/>\n<meta property=\"og:locale\" content=\"es_ES\" \/>\n<meta property=\"og:type\" content=\"article\" \/>\n<meta property=\"og:title\" content=\"ENERO 2024, COMPARECER\u00c1N ORGANISMOS AUT\u00d3NOMOS - Los pol\u00edticos Veracruz\" \/>\n<meta property=\"og:description\" content=\"Jos\u00e9 Luis Enr\u00edquez Ambell Caf\u00e9 de Ma\u00f1ana Todos los titulares de organismos aut\u00f3nomos de Veracruz habr\u00e1n de acudir ante la Comisi\u00f3n Legislativa Permanente que les corresponde e informar el estado que guarda el ente que representan, pues es una responsabilidad que lo mandata la norma y el pleno del Poder Legislativo. La titular de la&nbsp;(FGE) [&hellip;]\" \/>\n<meta property=\"og:url\" content=\"https:\/\/lospoliticosveracruz.com\/?p=115831\" \/>\n<meta property=\"og:site_name\" content=\"Los pol\u00edticos Veracruz\" \/>\n<meta property=\"article:publisher\" content=\"https:\/\/www.facebook.com\/people\/Notimemes-de-los-Polticos\/61565672886568\/\" \/>\n<meta property=\"article:published_time\" content=\"2023-12-19T01:26:10+00:00\" \/>\n<meta property=\"article:modified_time\" content=\"2023-12-19T01:26:24+00:00\" \/>\n<meta property=\"og:image\" content=\"https:\/\/lospoliticosveracruz.com\/wp-content\/uploads\/2016\/07\/Logo-Dor.jpg\" \/>\n\t<meta property=\"og:image:width\" content=\"200\" \/>\n\t<meta property=\"og:image:height\" content=\"200\" \/>\n\t<meta property=\"og:image:type\" content=\"image\/jpeg\" \/>\n<meta name=\"author\" content=\"Lo viste en Los Pol\u00edticos\" \/>\n<meta name=\"twitter:card\" content=\"summary_large_image\" \/>\n<meta name=\"twitter:creator\" content=\"@LosPoliticosVer\" \/>\n<meta name=\"twitter:site\" content=\"@LosPoliticosVer\" \/>\n<meta name=\"twitter:label1\" content=\"Escrito por\" \/>\n\t<meta name=\"twitter:data1\" content=\"Lo viste en Los Pol\u00edticos\" \/>\n\t<meta name=\"twitter:label2\" content=\"Tiempo de lectura\" \/>\n\t<meta name=\"twitter:data2\" content=\"3 minutos\" \/>\n<script type=\"application\/ld+json\" class=\"yoast-schema-graph\">{\"@context\":\"https:\\\/\\\/schema.org\",\"@graph\":[{\"@type\":\"Article\",\"@id\":\"https:\\\/\\\/lospoliticosveracruz.com\\\/?p=115831#article\",\"isPartOf\":{\"@id\":\"https:\\\/\\\/lospoliticosveracruz.com\\\/?p=115831\"},\"author\":{\"name\":\"Lo viste en Los Pol\u00edticos\",\"@id\":\"https:\\\/\\\/lospoliticosveracruz.com\\\/#\\\/schema\\\/person\\\/b8702bb0e538456e6efd07080bf2a4a2\"},\"headline\":\"ENERO 2024, COMPARECER\u00c1N ORGANISMOS AUT\u00d3NOMOS\",\"datePublished\":\"2023-12-19T01:26:10+00:00\",\"dateModified\":\"2023-12-19T01:26:24+00:00\",\"mainEntityOfPage\":{\"@id\":\"https:\\\/\\\/lospoliticosveracruz.com\\\/?p=115831\"},\"wordCount\":685,\"publisher\":{\"@id\":\"https:\\\/\\\/lospoliticosveracruz.com\\\/#organization\"},\"articleSection\":[\"De Opini\u00f3n\"],\"inLanguage\":\"es\"},{\"@type\":\"WebPage\",\"@id\":\"https:\\\/\\\/lospoliticosveracruz.com\\\/?p=115831\",\"url\":\"https:\\\/\\\/lospoliticosveracruz.com\\\/?p=115831\",\"name\":\"ENERO 2024, COMPARECER\u00c1N ORGANISMOS AUT\u00d3NOMOS - Los pol\u00edticos Veracruz\",\"isPartOf\":{\"@id\":\"https:\\\/\\\/lospoliticosveracruz.com\\\/#website\"},\"datePublished\":\"2023-12-19T01:26:10+00:00\",\"dateModified\":\"2023-12-19T01:26:24+00:00\",\"breadcrumb\":{\"@id\":\"https:\\\/\\\/lospoliticosveracruz.com\\\/?p=115831#breadcrumb\"},\"inLanguage\":\"es\",\"potentialAction\":[{\"@type\":\"ReadAction\",\"target\":[\"https:\\\/\\\/lospoliticosveracruz.com\\\/?p=115831\"]}]},{\"@type\":\"BreadcrumbList\",\"@id\":\"https:\\\/\\\/lospoliticosveracruz.com\\\/?p=115831#breadcrumb\",\"itemListElement\":[{\"@type\":\"ListItem\",\"position\":1,\"name\":\"Portada\",\"item\":\"https:\\\/\\\/lospoliticosveracruz.com\\\/\"},{\"@type\":\"ListItem\",\"position\":2,\"name\":\"ENERO 2024, COMPARECER\u00c1N ORGANISMOS AUT\u00d3NOMOS\"}]},{\"@type\":\"WebSite\",\"@id\":\"https:\\\/\\\/lospoliticosveracruz.com\\\/#website\",\"url\":\"https:\\\/\\\/lospoliticosveracruz.com\\\/\",\"name\":\"Los pol\u00edticos Veracruz\",\"description\":\"\",\"publisher\":{\"@id\":\"https:\\\/\\\/lospoliticosveracruz.com\\\/#organization\"},\"potentialAction\":[{\"@type\":\"SearchAction\",\"target\":{\"@type\":\"EntryPoint\",\"urlTemplate\":\"https:\\\/\\\/lospoliticosveracruz.com\\\/?s={search_term_string}\"},\"query-input\":{\"@type\":\"PropertyValueSpecification\",\"valueRequired\":true,\"valueName\":\"search_term_string\"}}],\"inLanguage\":\"es\"},{\"@type\":\"Organization\",\"@id\":\"https:\\\/\\\/lospoliticosveracruz.com\\\/#organization\",\"name\":\"Los pol\u00edticos Veracruz\",\"url\":\"https:\\\/\\\/lospoliticosveracruz.com\\\/\",\"logo\":{\"@type\":\"ImageObject\",\"inLanguage\":\"es\",\"@id\":\"https:\\\/\\\/lospoliticosveracruz.com\\\/#\\\/schema\\\/logo\\\/image\\\/\",\"url\":\"https:\\\/\\\/lospoliticosveracruz.com\\\/wp-content\\\/uploads\\\/2025\\\/12\\\/Logo-Nuevo-LOS-POLITICOS-1.jpg\",\"contentUrl\":\"https:\\\/\\\/lospoliticosveracruz.com\\\/wp-content\\\/uploads\\\/2025\\\/12\\\/Logo-Nuevo-LOS-POLITICOS-1.jpg\",\"width\":260,\"height\":70,\"caption\":\"Los pol\u00edticos Veracruz\"},\"image\":{\"@id\":\"https:\\\/\\\/lospoliticosveracruz.com\\\/#\\\/schema\\\/logo\\\/image\\\/\"},\"sameAs\":[\"https:\\\/\\\/www.facebook.com\\\/people\\\/Notimemes-de-los-Polticos\\\/61565672886568\\\/\",\"https:\\\/\\\/x.com\\\/LosPoliticosVer\"]},{\"@type\":\"Person\",\"@id\":\"https:\\\/\\\/lospoliticosveracruz.com\\\/#\\\/schema\\\/person\\\/b8702bb0e538456e6efd07080bf2a4a2\",\"name\":\"Lo viste en Los Pol\u00edticos\",\"image\":{\"@type\":\"ImageObject\",\"inLanguage\":\"es\",\"@id\":\"https:\\\/\\\/secure.gravatar.com\\\/avatar\\\/3a8de04a2656d44082be478bd6c086daa447c4651605818287b9532d3d0bd435?s=96&d=mm&r=g\",\"url\":\"https:\\\/\\\/secure.gravatar.com\\\/avatar\\\/3a8de04a2656d44082be478bd6c086daa447c4651605818287b9532d3d0bd435?s=96&d=mm&r=g\",\"contentUrl\":\"https:\\\/\\\/secure.gravatar.com\\\/avatar\\\/3a8de04a2656d44082be478bd6c086daa447c4651605818287b9532d3d0bd435?s=96&d=mm&r=g\",\"caption\":\"Lo viste en Los Pol\u00edticos\"},\"url\":\"https:\\\/\\\/lospoliticosveracruz.com\\\/?author=2\"}]}<\/script>\n<!-- \/ Yoast SEO plugin. -->","yoast_head_json":{"title":"ENERO 2024, COMPARECER\u00c1N ORGANISMOS AUT\u00d3NOMOS - Los pol\u00edticos Veracruz","robots":{"index":"index","follow":"follow","max-snippet":"max-snippet:-1","max-image-preview":"max-image-preview:large","max-video-preview":"max-video-preview:-1"},"canonical":"https:\/\/lospoliticosveracruz.com\/?p=115831","og_locale":"es_ES","og_type":"article","og_title":"ENERO 2024, COMPARECER\u00c1N ORGANISMOS AUT\u00d3NOMOS - Los pol\u00edticos Veracruz","og_description":"Jos\u00e9 Luis Enr\u00edquez Ambell Caf\u00e9 de Ma\u00f1ana Todos los titulares de organismos aut\u00f3nomos de Veracruz habr\u00e1n de acudir ante la Comisi\u00f3n Legislativa Permanente que les corresponde e informar el estado que guarda el ente que representan, pues es una responsabilidad que lo mandata la norma y el pleno del Poder Legislativo. La titular de la&nbsp;(FGE) [&hellip;]","og_url":"https:\/\/lospoliticosveracruz.com\/?p=115831","og_site_name":"Los pol\u00edticos Veracruz","article_publisher":"https:\/\/www.facebook.com\/people\/Notimemes-de-los-Polticos\/61565672886568\/","article_published_time":"2023-12-19T01:26:10+00:00","article_modified_time":"2023-12-19T01:26:24+00:00","og_image":[{"width":200,"height":200,"url":"https:\/\/lospoliticosveracruz.com\/wp-content\/uploads\/2016\/07\/Logo-Dor.jpg","type":"image\/jpeg"}],"author":"Lo viste en Los Pol\u00edticos","twitter_card":"summary_large_image","twitter_creator":"@LosPoliticosVer","twitter_site":"@LosPoliticosVer","twitter_misc":{"Escrito por":"Lo viste en Los Pol\u00edticos","Tiempo de lectura":"3 minutos"},"schema":{"@context":"https:\/\/schema.org","@graph":[{"@type":"Article","@id":"https:\/\/lospoliticosveracruz.com\/?p=115831#article","isPartOf":{"@id":"https:\/\/lospoliticosveracruz.com\/?p=115831"},"author":{"name":"Lo viste en Los Pol\u00edticos","@id":"https:\/\/lospoliticosveracruz.com\/#\/schema\/person\/b8702bb0e538456e6efd07080bf2a4a2"},"headline":"ENERO 2024, COMPARECER\u00c1N ORGANISMOS AUT\u00d3NOMOS","datePublished":"2023-12-19T01:26:10+00:00","dateModified":"2023-12-19T01:26:24+00:00","mainEntityOfPage":{"@id":"https:\/\/lospoliticosveracruz.com\/?p=115831"},"wordCount":685,"publisher":{"@id":"https:\/\/lospoliticosveracruz.com\/#organization"},"articleSection":["De Opini\u00f3n"],"inLanguage":"es"},{"@type":"WebPage","@id":"https:\/\/lospoliticosveracruz.com\/?p=115831","url":"https:\/\/lospoliticosveracruz.com\/?p=115831","name":"ENERO 2024, COMPARECER\u00c1N ORGANISMOS AUT\u00d3NOMOS - Los pol\u00edticos Veracruz","isPartOf":{"@id":"https:\/\/lospoliticosveracruz.com\/#website"},"datePublished":"2023-12-19T01:26:10+00:00","dateModified":"2023-12-19T01:26:24+00:00","breadcrumb":{"@id":"https:\/\/lospoliticosveracruz.com\/?p=115831#breadcrumb"},"inLanguage":"es","potentialAction":[{"@type":"ReadAction","target":["https:\/\/lospoliticosveracruz.com\/?p=115831"]}]},{"@type":"BreadcrumbList","@id":"https:\/\/lospoliticosveracruz.com\/?p=115831#breadcrumb","itemListElement":[{"@type":"ListItem","position":1,"name":"Portada","item":"https:\/\/lospoliticosveracruz.com\/"},{"@type":"ListItem","position":2,"name":"ENERO 2024, COMPARECER\u00c1N ORGANISMOS AUT\u00d3NOMOS"}]},{"@type":"WebSite","@id":"https:\/\/lospoliticosveracruz.com\/#website","url":"https:\/\/lospoliticosveracruz.com\/","name":"Los pol\u00edticos Veracruz","description":"","publisher":{"@id":"https:\/\/lospoliticosveracruz.com\/#organization"},"potentialAction":[{"@type":"SearchAction","target":{"@type":"EntryPoint","urlTemplate":"https:\/\/lospoliticosveracruz.com\/?s={search_term_string}"},"query-input":{"@type":"PropertyValueSpecification","valueRequired":true,"valueName":"search_term_string"}}],"inLanguage":"es"},{"@type":"Organization","@id":"https:\/\/lospoliticosveracruz.com\/#organization","name":"Los pol\u00edticos Veracruz","url":"https:\/\/lospoliticosveracruz.com\/","logo":{"@type":"ImageObject","inLanguage":"es","@id":"https:\/\/lospoliticosveracruz.com\/#\/schema\/logo\/image\/","url":"https:\/\/lospoliticosveracruz.com\/wp-content\/uploads\/2025\/12\/Logo-Nuevo-LOS-POLITICOS-1.jpg","contentUrl":"https:\/\/lospoliticosveracruz.com\/wp-content\/uploads\/2025\/12\/Logo-Nuevo-LOS-POLITICOS-1.jpg","width":260,"height":70,"caption":"Los pol\u00edticos Veracruz"},"image":{"@id":"https:\/\/lospoliticosveracruz.com\/#\/schema\/logo\/image\/"},"sameAs":["https:\/\/www.facebook.com\/people\/Notimemes-de-los-Polticos\/61565672886568\/","https:\/\/x.com\/LosPoliticosVer"]},{"@type":"Person","@id":"https:\/\/lospoliticosveracruz.com\/#\/schema\/person\/b8702bb0e538456e6efd07080bf2a4a2","name":"Lo viste en Los Pol\u00edticos","image":{"@type":"ImageObject","inLanguage":"es","@id":"https:\/\/secure.gravatar.com\/avatar\/3a8de04a2656d44082be478bd6c086daa447c4651605818287b9532d3d0bd435?s=96&d=mm&r=g","url":"https:\/\/secure.gravatar.com\/avatar\/3a8de04a2656d44082be478bd6c086daa447c4651605818287b9532d3d0bd435?s=96&d=mm&r=g","contentUrl":"https:\/\/secure.gravatar.com\/avatar\/3a8de04a2656d44082be478bd6c086daa447c4651605818287b9532d3d0bd435?s=96&d=mm&r=g","caption":"Lo viste en Los Pol\u00edticos"},"url":"https:\/\/lospoliticosveracruz.com\/?author=2"}]}},"_links":{"self":[{"href":"https:\/\/lospoliticosveracruz.com\/index.php?rest_route=\/wp\/v2\/posts\/115831","targetHints":{"allow":["GET"]}}],"collection":[{"href":"https:\/\/lospoliticosveracruz.com\/index.php?rest_route=\/wp\/v2\/posts"}],"about":[{"href":"https:\/\/lospoliticosveracruz.com\/index.php?rest_route=\/wp\/v2\/types\/post"}],"author":[{"embeddable":true,"href":"https:\/\/lospoliticosveracruz.com\/index.php?rest_route=\/wp\/v2\/users\/2"}],"replies":[{"embeddable":true,"href":"https:\/\/lospoliticosveracruz.com\/index.php?rest_route=%2Fwp%2Fv2%2Fcomments&post=115831"}],"version-history":[{"count":1,"href":"https:\/\/lospoliticosveracruz.com\/index.php?rest_route=\/wp\/v2\/posts\/115831\/revisions"}],"predecessor-version":[{"id":115832,"href":"https:\/\/lospoliticosveracruz.com\/index.php?rest_route=\/wp\/v2\/posts\/115831\/revisions\/115832"}],"wp:attachment":[{"href":"https:\/\/lospoliticosveracruz.com\/index.php?rest_route=%2Fwp%2Fv2%2Fmedia&parent=115831"}],"wp:term":[{"taxonomy":"category","embeddable":true,"href":"https:\/\/lospoliticosveracruz.com\/index.php?rest_route=%2Fwp%2Fv2%2Fcategories&post=115831"},{"taxonomy":"post_tag","embeddable":true,"href":"https:\/\/lospoliticosveracruz.com\/index.php?rest_route=%2Fwp%2Fv2%2Ftags&post=115831"}],"curies":[{"name":"wp","href":"https:\/\/api.w.org\/{rel}","templated":true}]}}