{"id":115836,"date":"2023-12-19T05:39:05","date_gmt":"2023-12-19T11:39:05","guid":{"rendered":"https:\/\/lospoliticosveracruz.com.mx\/?p=115836"},"modified":"2023-12-19T07:34:04","modified_gmt":"2023-12-19T13:34:04","slug":"conflicto-verde-y-rosa","status":"publish","type":"post","link":"https:\/\/lospoliticosveracruz.com\/?p=115836","title":{"rendered":"CONFLICTO VERDE Y ROSA"},"content":{"rendered":"\n<p><strong>Ricardo Chua<\/strong><\/p>\n\n\n\n<p><em>Sale y Vale<\/em><\/p>\n\n\n\n<p>CUITL\u00c1HUAC, EL DA\u00d1O A NAHLE Y EL \u00abT\u00da NO VALES NADA\u00bb.. Despu\u00e9s de que en este espacio se public\u00f3, que hay un posible \u00abrompimiento\u00bb del PVEM de la coalici\u00f3n MORENA-PT en Veracruz para ir en busca de la gubernatura y los 30 distritos electorales locales.. Hubo una llamada telef\u00f3nica de \u00abGarganta Profunda\u00bb y dijo: \u00abDiste en el punto, es el problema que tiene la se\u00f1ora (Roc\u00edo Nahle) est\u00e1 cooptada por la gente de Cuitl\u00e1huac (Garc\u00eda) y como est\u00e1 -cercada-, no la dejan sentarse a acordar. As\u00ed puede perder porque no pacta con nadie\u00bb..<\/p>\n\n\n<div class=\"wp-block-image\">\n<figure class=\"alignleft size-full is-resized\"><a href=\"https:\/\/lospoliticosveracruz.com.mx\/wp-content\/uploads\/2023\/02\/Vinissimo.jpg\"><img decoding=\"async\" src=\"https:\/\/lospoliticosveracruz.com.mx\/wp-content\/uploads\/2023\/02\/Vinissimo.jpg\" alt=\"\" class=\"wp-image-102752\" style=\"width:149px;height:auto\"\/><\/a><\/figure>\n<\/div>\n\n\n<p>Sostuvo: \u00abLos de Cuitl\u00e1huac quieren todo para ellos, se quieren quedar con todas las postulaciones, el -Verde- ya -brinc\u00f3- y Marcelo (Ruiz) no sabe que hacer, lo tienen agarrado en MORENA, pero ahora se -friega- porque (Manuel) Velasco le dijo que se prepare porque si MORENA no les da nada y Cuitl\u00e1huac sigue con eso de que -T\u00fa no vales nada-, van a postular a Javier (Herrera) y pueden quitarle muchos votos a Roc\u00edo, no a Pepe (Yunes) y con los Yunes -Azules- operando se le complica m\u00e1s a Nahle y eso lo que ella no ve\u00bb..<\/p>\n\n\n\n<p>Insisti\u00f3 \u00abGarganta Profunda\u00bb con m\u00e1s datos: \u00abAdem\u00e1s sab\u00edas que lo mismo puede pasar no s\u00f3lo con PVEM sino con Fuerza Por M\u00e9xico en Veracruz, al -Tato- (Eduardo) Vega, se la -cantaron- desde CDMX que si de aqu\u00ed al mi\u00e9rcoles 20 de diciembre no cierran en Veracruz con MORENA, no le dan los espacios requeridos para FxM, entonces, no van apoyar a Roc\u00edo Nahle, van a tener que ir solos, te imaginas que puede pasar si PVEM y FxM van en coalici\u00f3n y apoyan a Javier Herrera, le van a quitar 300 mil votos a MORENA\u00bb..<\/p>\n\n\n\n<p>Pregunte a \u00abGarganta Profunda\u00bb: \u00bfQu\u00e9 crees qu\u00e9 pase?, me respondi\u00f3: \u00abMira Fidel (Herrera) en 2004, me dijo, -me preocupa la conurbaci\u00f3n de Veracruz-Boca del R\u00edo, si la pierdo por estar -cachando moscas- en Alamo, Isla, Ciudad Mendoza, me puede ir mal, la tendr\u00eda que ganar Dante (Delgado) para que (Gerardo) Buganza no me gane la gubernatura- y que fu\u00e9 lo que pas\u00f3, la gan\u00f3 Dante, as\u00ed que si los Yunes -azules- ya cerraron con Pepe, MORENA no tiene como ganar ning\u00fan los 3 distritos y ah\u00ed Nahle no tiene como compensar\u00bb\u2026<\/p>\n\n\n\n<p>Agreg\u00f3 \u00abGarganta Profunda\u00bb a\u00fan m\u00e1s: \u00abSi a eso le sumas que el Javier, El Cisne (Alberto Silva), Tato, Chucho V\u00e1zquez, Antonino Lagunes y toda esa banda empiece a operar para -Javi- ah\u00ed se las ver\u00e1n duras. Nahle no tiene ya Coatzacoalcos, MInatitlan, Poza Rica, Xalapa, C\u00f3rdoba al 100 por ciento, los alcaldes han hecho perder a MORENA y si a eso le sumas lo de Cuitl\u00e1huac, pues, est\u00e1 canijo.. Y con ese escenario y el trato poco flexible de MORENA hac\u00eda sus aliados, la van a traicionar y se van a ir con Pepe y con Javier\u00bb..<\/p>\n\n\n\n<p>Termin\u00f3 de comentar: \u00abYa de entrada s\u00e9 que el -Tato- va s\u00f3lo en las diputaciones locales, eso es porque no quieren entrar con MORENA local, porque no les quieren dar nada y todo por la gente de Cuitl\u00e1huac, en CDMX tienen trato con Claudia Shienbaum, all\u00e1 si hay apertura y operan con Citlalli (Hern\u00e1ndez) que es la encargada de las coaliciones nacionales. Si se les va Javier y PVEM, te puedo asegurar que Alejandro Moreno y Marko Cort\u00e9s convencen a Manuel que apoyen a Pepe en Veracruz y ah\u00ed ya vali\u00f3\u00bb.. Colg\u00f3 y dej\u00f3 bastante para la reflexi\u00f3n..<\/p>\n\n\n\n<p>REFLEXI\u00d3N.. SI MORENA se \u00abcome solo el pastel\u00bb en Veracruz.. Van a suceder dos cosas.. La primera es que ponen en riesgo el triunfo de Roc\u00edo Nahle, aunque digan y piensen lo contrario, los van a traicionar como sucedi\u00f3 con el PAN y el PRI en 2018 a la gubernatura\u2026 La segunda es que si llega a ganar Nahle, ser\u00e1 por porcentaje m\u00ednimo y no tendr\u00e1 gobernabilidad porque tendr\u00e1 el Congreso Local muy dividido y quiz\u00e1s la oposici\u00f3n tenga mayor\u00eda simple.. Y ah\u00ed acaba todo.. AS\u00cd QUE SE ABREN O SE ABREN.. AMEN<\/p>\n\n\n\n<p>FUNDACIONES CONTRA LABIO LEPORINO.. Una buena labor realizan un grupo de fundaciones altruistas de Veracruz anuncian la campa\u00f1a \u00abCompartamos Sonrisas\u00bb que a trav\u00e9s de apoyos dan ayuda solidaria a ni\u00f1os de Medell\u00edn de Bravo al brindarles atenci\u00f3n m\u00e9dica especializada para dar tratamientos m\u00e9dicos y quir\u00fargicos, que tienen labio leporino y paladar hendido.. Y esas asociaciones son: \u00abMedell\u00edn en Movimiento AC\u00bb, el Hospital \u00abCovadonga\u00bb de Boca del R\u00edo, la Fundaci\u00f3n S\u00e1nchez Ancira y la Cl\u00ednica de Labio y Paladar CLAYPA..<\/p>\n\n\n\n<p>El asunto es mejorar la calidad de vida de los ni\u00f1os, brind\u00e1ndoles acceso a servicios m\u00e9dicos de alta calidad de manera gratuita, las operaciones se llevar\u00e1n a cabo del 21 al 26 de enero del 2024.. Guillermo Herrada Jim\u00e9nez, que se convirti\u00f3 en un l\u00edder social, sin ostentar cargo p\u00fablico.. Anuncia la entrega de los apoyos en colaboraci\u00f3n demuestra de estas instituciones de salud.. Y que el programa \u00abCompartamos Sonrisas\u00bb es un claro ejemplo del impacto positivo que puede lograrse cuando la sociedad, instituciones m\u00e9dicas y organizaciones sin fines de lucro trabajan juntas en pro de una causa com\u00fan.. BIEN<\/p>\n","protected":false},"excerpt":{"rendered":"<p>Ricardo Chua Sale y Vale CUITL\u00c1HUAC, EL DA\u00d1O A NAHLE Y EL \u00abT\u00da NO VALES NADA\u00bb.. Despu\u00e9s de que en este espacio se public\u00f3, que hay un posible \u00abrompimiento\u00bb del PVEM de la coalici\u00f3n MORENA-PT en Veracruz para ir en busca de la gubernatura y los 30 distritos electorales locales.. Hubo una llamada telef\u00f3nica de [&hellip;]<\/p>\n","protected":false},"author":2,"featured_media":0,"comment_status":"closed","ping_status":"closed","sticky":false,"template":"","format":"standard","meta":{"tdm_status":"","tdm_grid_status":"","footnotes":""},"categories":[70],"tags":[1563,27052,3471,1026,3578,249,195],"class_list":{"0":"post-115836","1":"post","2":"type-post","3":"status-publish","4":"format-standard","6":"category-de-opinion","7":"tag-cuitlahuac-garcia-jimenez","8":"tag-fxm","9":"tag-javier-herrera","10":"tag-morena","11":"tag-rocio-nahle","12":"tag-tato-vega-yunes","13":"tag-veracruz"},"yoast_head":"<!-- This site is optimized with the Yoast SEO plugin v27.4 - https:\/\/yoast.com\/product\/yoast-seo-wordpress\/ -->\n<title>CONFLICTO VERDE Y ROSA - Los pol\u00edticos Veracruz<\/title>\n<meta name=\"robots\" content=\"index, follow, max-snippet:-1, max-image-preview:large, max-video-preview:-1\" \/>\n<link rel=\"canonical\" href=\"https:\/\/lospoliticosveracruz.com\/?p=115836\" \/>\n<meta property=\"og:locale\" content=\"es_ES\" \/>\n<meta property=\"og:type\" content=\"article\" \/>\n<meta property=\"og:title\" content=\"CONFLICTO VERDE Y ROSA - Los pol\u00edticos Veracruz\" \/>\n<meta property=\"og:description\" content=\"Ricardo Chua Sale y Vale CUITL\u00c1HUAC, EL DA\u00d1O A NAHLE Y EL \u00abT\u00da NO VALES NADA\u00bb.. Despu\u00e9s de que en este espacio se public\u00f3, que hay un posible \u00abrompimiento\u00bb del PVEM de la coalici\u00f3n MORENA-PT en Veracruz para ir en busca de la gubernatura y los 30 distritos electorales locales.. Hubo una llamada telef\u00f3nica de [&hellip;]\" \/>\n<meta property=\"og:url\" content=\"https:\/\/lospoliticosveracruz.com\/?p=115836\" \/>\n<meta property=\"og:site_name\" content=\"Los pol\u00edticos Veracruz\" \/>\n<meta property=\"article:publisher\" content=\"https:\/\/www.facebook.com\/people\/Notimemes-de-los-Polticos\/61565672886568\/\" \/>\n<meta property=\"article:published_time\" content=\"2023-12-19T11:39:05+00:00\" \/>\n<meta property=\"article:modified_time\" content=\"2023-12-19T13:34:04+00:00\" \/>\n<meta property=\"og:image\" content=\"https:\/\/lospoliticosveracruz.com.mx\/wp-content\/uploads\/2023\/02\/Vinissimo.jpg\" \/>\n<meta name=\"author\" content=\"Lo viste en Los Pol\u00edticos\" \/>\n<meta name=\"twitter:card\" content=\"summary_large_image\" \/>\n<meta name=\"twitter:creator\" content=\"@LosPoliticosVer\" \/>\n<meta name=\"twitter:site\" content=\"@LosPoliticosVer\" \/>\n<meta name=\"twitter:label1\" content=\"Escrito por\" \/>\n\t<meta name=\"twitter:data1\" content=\"Lo viste en Los Pol\u00edticos\" \/>\n\t<meta name=\"twitter:label2\" content=\"Tiempo de lectura\" \/>\n\t<meta name=\"twitter:data2\" content=\"5 minutos\" \/>\n<script type=\"application\/ld+json\" class=\"yoast-schema-graph\">{\"@context\":\"https:\\\/\\\/schema.org\",\"@graph\":[{\"@type\":\"Article\",\"@id\":\"https:\\\/\\\/lospoliticosveracruz.com\\\/?p=115836#article\",\"isPartOf\":{\"@id\":\"https:\\\/\\\/lospoliticosveracruz.com\\\/?p=115836\"},\"author\":{\"name\":\"Lo viste en Los Pol\u00edticos\",\"@id\":\"https:\\\/\\\/lospoliticosveracruz.com\\\/#\\\/schema\\\/person\\\/b8702bb0e538456e6efd07080bf2a4a2\"},\"headline\":\"CONFLICTO VERDE Y ROSA\",\"datePublished\":\"2023-12-19T11:39:05+00:00\",\"dateModified\":\"2023-12-19T13:34:04+00:00\",\"mainEntityOfPage\":{\"@id\":\"https:\\\/\\\/lospoliticosveracruz.com\\\/?p=115836\"},\"wordCount\":909,\"publisher\":{\"@id\":\"https:\\\/\\\/lospoliticosveracruz.com\\\/#organization\"},\"image\":{\"@id\":\"https:\\\/\\\/lospoliticosveracruz.com\\\/?p=115836#primaryimage\"},\"thumbnailUrl\":\"https:\\\/\\\/lospoliticosveracruz.com.mx\\\/wp-content\\\/uploads\\\/2023\\\/02\\\/Vinissimo.jpg\",\"keywords\":[\"Cuitl\u00e1huac Garc\u00eda Jim\u00e9nez\",\"FXM\",\"Javier Herrera\",\"Morena\",\"Roc\u00edo Nahle\",\"Tato Vega Yunes\",\"Veracruz\"],\"articleSection\":[\"De Opini\u00f3n\"],\"inLanguage\":\"es\"},{\"@type\":\"WebPage\",\"@id\":\"https:\\\/\\\/lospoliticosveracruz.com\\\/?p=115836\",\"url\":\"https:\\\/\\\/lospoliticosveracruz.com\\\/?p=115836\",\"name\":\"CONFLICTO VERDE Y ROSA - Los pol\u00edticos Veracruz\",\"isPartOf\":{\"@id\":\"https:\\\/\\\/lospoliticosveracruz.com\\\/#website\"},\"primaryImageOfPage\":{\"@id\":\"https:\\\/\\\/lospoliticosveracruz.com\\\/?p=115836#primaryimage\"},\"image\":{\"@id\":\"https:\\\/\\\/lospoliticosveracruz.com\\\/?p=115836#primaryimage\"},\"thumbnailUrl\":\"https:\\\/\\\/lospoliticosveracruz.com.mx\\\/wp-content\\\/uploads\\\/2023\\\/02\\\/Vinissimo.jpg\",\"datePublished\":\"2023-12-19T11:39:05+00:00\",\"dateModified\":\"2023-12-19T13:34:04+00:00\",\"breadcrumb\":{\"@id\":\"https:\\\/\\\/lospoliticosveracruz.com\\\/?p=115836#breadcrumb\"},\"inLanguage\":\"es\",\"potentialAction\":[{\"@type\":\"ReadAction\",\"target\":[\"https:\\\/\\\/lospoliticosveracruz.com\\\/?p=115836\"]}]},{\"@type\":\"ImageObject\",\"inLanguage\":\"es\",\"@id\":\"https:\\\/\\\/lospoliticosveracruz.com\\\/?p=115836#primaryimage\",\"url\":\"https:\\\/\\\/lospoliticosveracruz.com.mx\\\/wp-content\\\/uploads\\\/2023\\\/02\\\/Vinissimo.jpg\",\"contentUrl\":\"https:\\\/\\\/lospoliticosveracruz.com.mx\\\/wp-content\\\/uploads\\\/2023\\\/02\\\/Vinissimo.jpg\"},{\"@type\":\"BreadcrumbList\",\"@id\":\"https:\\\/\\\/lospoliticosveracruz.com\\\/?p=115836#breadcrumb\",\"itemListElement\":[{\"@type\":\"ListItem\",\"position\":1,\"name\":\"Portada\",\"item\":\"https:\\\/\\\/lospoliticosveracruz.com\\\/\"},{\"@type\":\"ListItem\",\"position\":2,\"name\":\"CONFLICTO VERDE Y ROSA\"}]},{\"@type\":\"WebSite\",\"@id\":\"https:\\\/\\\/lospoliticosveracruz.com\\\/#website\",\"url\":\"https:\\\/\\\/lospoliticosveracruz.com\\\/\",\"name\":\"Los pol\u00edticos Veracruz\",\"description\":\"\",\"publisher\":{\"@id\":\"https:\\\/\\\/lospoliticosveracruz.com\\\/#organization\"},\"potentialAction\":[{\"@type\":\"SearchAction\",\"target\":{\"@type\":\"EntryPoint\",\"urlTemplate\":\"https:\\\/\\\/lospoliticosveracruz.com\\\/?s={search_term_string}\"},\"query-input\":{\"@type\":\"PropertyValueSpecification\",\"valueRequired\":true,\"valueName\":\"search_term_string\"}}],\"inLanguage\":\"es\"},{\"@type\":\"Organization\",\"@id\":\"https:\\\/\\\/lospoliticosveracruz.com\\\/#organization\",\"name\":\"Los pol\u00edticos Veracruz\",\"url\":\"https:\\\/\\\/lospoliticosveracruz.com\\\/\",\"logo\":{\"@type\":\"ImageObject\",\"inLanguage\":\"es\",\"@id\":\"https:\\\/\\\/lospoliticosveracruz.com\\\/#\\\/schema\\\/logo\\\/image\\\/\",\"url\":\"https:\\\/\\\/lospoliticosveracruz.com\\\/wp-content\\\/uploads\\\/2025\\\/12\\\/Logo-Nuevo-LOS-POLITICOS-1.jpg\",\"contentUrl\":\"https:\\\/\\\/lospoliticosveracruz.com\\\/wp-content\\\/uploads\\\/2025\\\/12\\\/Logo-Nuevo-LOS-POLITICOS-1.jpg\",\"width\":260,\"height\":70,\"caption\":\"Los pol\u00edticos Veracruz\"},\"image\":{\"@id\":\"https:\\\/\\\/lospoliticosveracruz.com\\\/#\\\/schema\\\/logo\\\/image\\\/\"},\"sameAs\":[\"https:\\\/\\\/www.facebook.com\\\/people\\\/Notimemes-de-los-Polticos\\\/61565672886568\\\/\",\"https:\\\/\\\/x.com\\\/LosPoliticosVer\"]},{\"@type\":\"Person\",\"@id\":\"https:\\\/\\\/lospoliticosveracruz.com\\\/#\\\/schema\\\/person\\\/b8702bb0e538456e6efd07080bf2a4a2\",\"name\":\"Lo viste en Los Pol\u00edticos\",\"image\":{\"@type\":\"ImageObject\",\"inLanguage\":\"es\",\"@id\":\"https:\\\/\\\/secure.gravatar.com\\\/avatar\\\/3a8de04a2656d44082be478bd6c086daa447c4651605818287b9532d3d0bd435?s=96&d=mm&r=g\",\"url\":\"https:\\\/\\\/secure.gravatar.com\\\/avatar\\\/3a8de04a2656d44082be478bd6c086daa447c4651605818287b9532d3d0bd435?s=96&d=mm&r=g\",\"contentUrl\":\"https:\\\/\\\/secure.gravatar.com\\\/avatar\\\/3a8de04a2656d44082be478bd6c086daa447c4651605818287b9532d3d0bd435?s=96&d=mm&r=g\",\"caption\":\"Lo viste en Los Pol\u00edticos\"},\"url\":\"https:\\\/\\\/lospoliticosveracruz.com\\\/?author=2\"}]}<\/script>\n<!-- \/ Yoast SEO plugin. -->","yoast_head_json":{"title":"CONFLICTO VERDE Y ROSA - Los pol\u00edticos Veracruz","robots":{"index":"index","follow":"follow","max-snippet":"max-snippet:-1","max-image-preview":"max-image-preview:large","max-video-preview":"max-video-preview:-1"},"canonical":"https:\/\/lospoliticosveracruz.com\/?p=115836","og_locale":"es_ES","og_type":"article","og_title":"CONFLICTO VERDE Y ROSA - Los pol\u00edticos Veracruz","og_description":"Ricardo Chua Sale y Vale CUITL\u00c1HUAC, EL DA\u00d1O A NAHLE Y EL \u00abT\u00da NO VALES NADA\u00bb.. Despu\u00e9s de que en este espacio se public\u00f3, que hay un posible \u00abrompimiento\u00bb del PVEM de la coalici\u00f3n MORENA-PT en Veracruz para ir en busca de la gubernatura y los 30 distritos electorales locales.. Hubo una llamada telef\u00f3nica de [&hellip;]","og_url":"https:\/\/lospoliticosveracruz.com\/?p=115836","og_site_name":"Los pol\u00edticos Veracruz","article_publisher":"https:\/\/www.facebook.com\/people\/Notimemes-de-los-Polticos\/61565672886568\/","article_published_time":"2023-12-19T11:39:05+00:00","article_modified_time":"2023-12-19T13:34:04+00:00","og_image":[{"url":"https:\/\/lospoliticosveracruz.com.mx\/wp-content\/uploads\/2023\/02\/Vinissimo.jpg","type":"","width":"","height":""}],"author":"Lo viste en Los Pol\u00edticos","twitter_card":"summary_large_image","twitter_creator":"@LosPoliticosVer","twitter_site":"@LosPoliticosVer","twitter_misc":{"Escrito por":"Lo viste en Los Pol\u00edticos","Tiempo de lectura":"5 minutos"},"schema":{"@context":"https:\/\/schema.org","@graph":[{"@type":"Article","@id":"https:\/\/lospoliticosveracruz.com\/?p=115836#article","isPartOf":{"@id":"https:\/\/lospoliticosveracruz.com\/?p=115836"},"author":{"name":"Lo viste en Los Pol\u00edticos","@id":"https:\/\/lospoliticosveracruz.com\/#\/schema\/person\/b8702bb0e538456e6efd07080bf2a4a2"},"headline":"CONFLICTO VERDE Y ROSA","datePublished":"2023-12-19T11:39:05+00:00","dateModified":"2023-12-19T13:34:04+00:00","mainEntityOfPage":{"@id":"https:\/\/lospoliticosveracruz.com\/?p=115836"},"wordCount":909,"publisher":{"@id":"https:\/\/lospoliticosveracruz.com\/#organization"},"image":{"@id":"https:\/\/lospoliticosveracruz.com\/?p=115836#primaryimage"},"thumbnailUrl":"https:\/\/lospoliticosveracruz.com.mx\/wp-content\/uploads\/2023\/02\/Vinissimo.jpg","keywords":["Cuitl\u00e1huac Garc\u00eda Jim\u00e9nez","FXM","Javier Herrera","Morena","Roc\u00edo Nahle","Tato Vega Yunes","Veracruz"],"articleSection":["De Opini\u00f3n"],"inLanguage":"es"},{"@type":"WebPage","@id":"https:\/\/lospoliticosveracruz.com\/?p=115836","url":"https:\/\/lospoliticosveracruz.com\/?p=115836","name":"CONFLICTO VERDE Y ROSA - Los pol\u00edticos Veracruz","isPartOf":{"@id":"https:\/\/lospoliticosveracruz.com\/#website"},"primaryImageOfPage":{"@id":"https:\/\/lospoliticosveracruz.com\/?p=115836#primaryimage"},"image":{"@id":"https:\/\/lospoliticosveracruz.com\/?p=115836#primaryimage"},"thumbnailUrl":"https:\/\/lospoliticosveracruz.com.mx\/wp-content\/uploads\/2023\/02\/Vinissimo.jpg","datePublished":"2023-12-19T11:39:05+00:00","dateModified":"2023-12-19T13:34:04+00:00","breadcrumb":{"@id":"https:\/\/lospoliticosveracruz.com\/?p=115836#breadcrumb"},"inLanguage":"es","potentialAction":[{"@type":"ReadAction","target":["https:\/\/lospoliticosveracruz.com\/?p=115836"]}]},{"@type":"ImageObject","inLanguage":"es","@id":"https:\/\/lospoliticosveracruz.com\/?p=115836#primaryimage","url":"https:\/\/lospoliticosveracruz.com.mx\/wp-content\/uploads\/2023\/02\/Vinissimo.jpg","contentUrl":"https:\/\/lospoliticosveracruz.com.mx\/wp-content\/uploads\/2023\/02\/Vinissimo.jpg"},{"@type":"BreadcrumbList","@id":"https:\/\/lospoliticosveracruz.com\/?p=115836#breadcrumb","itemListElement":[{"@type":"ListItem","position":1,"name":"Portada","item":"https:\/\/lospoliticosveracruz.com\/"},{"@type":"ListItem","position":2,"name":"CONFLICTO VERDE Y ROSA"}]},{"@type":"WebSite","@id":"https:\/\/lospoliticosveracruz.com\/#website","url":"https:\/\/lospoliticosveracruz.com\/","name":"Los pol\u00edticos Veracruz","description":"","publisher":{"@id":"https:\/\/lospoliticosveracruz.com\/#organization"},"potentialAction":[{"@type":"SearchAction","target":{"@type":"EntryPoint","urlTemplate":"https:\/\/lospoliticosveracruz.com\/?s={search_term_string}"},"query-input":{"@type":"PropertyValueSpecification","valueRequired":true,"valueName":"search_term_string"}}],"inLanguage":"es"},{"@type":"Organization","@id":"https:\/\/lospoliticosveracruz.com\/#organization","name":"Los pol\u00edticos Veracruz","url":"https:\/\/lospoliticosveracruz.com\/","logo":{"@type":"ImageObject","inLanguage":"es","@id":"https:\/\/lospoliticosveracruz.com\/#\/schema\/logo\/image\/","url":"https:\/\/lospoliticosveracruz.com\/wp-content\/uploads\/2025\/12\/Logo-Nuevo-LOS-POLITICOS-1.jpg","contentUrl":"https:\/\/lospoliticosveracruz.com\/wp-content\/uploads\/2025\/12\/Logo-Nuevo-LOS-POLITICOS-1.jpg","width":260,"height":70,"caption":"Los pol\u00edticos Veracruz"},"image":{"@id":"https:\/\/lospoliticosveracruz.com\/#\/schema\/logo\/image\/"},"sameAs":["https:\/\/www.facebook.com\/people\/Notimemes-de-los-Polticos\/61565672886568\/","https:\/\/x.com\/LosPoliticosVer"]},{"@type":"Person","@id":"https:\/\/lospoliticosveracruz.com\/#\/schema\/person\/b8702bb0e538456e6efd07080bf2a4a2","name":"Lo viste en Los Pol\u00edticos","image":{"@type":"ImageObject","inLanguage":"es","@id":"https:\/\/secure.gravatar.com\/avatar\/3a8de04a2656d44082be478bd6c086daa447c4651605818287b9532d3d0bd435?s=96&d=mm&r=g","url":"https:\/\/secure.gravatar.com\/avatar\/3a8de04a2656d44082be478bd6c086daa447c4651605818287b9532d3d0bd435?s=96&d=mm&r=g","contentUrl":"https:\/\/secure.gravatar.com\/avatar\/3a8de04a2656d44082be478bd6c086daa447c4651605818287b9532d3d0bd435?s=96&d=mm&r=g","caption":"Lo viste en Los Pol\u00edticos"},"url":"https:\/\/lospoliticosveracruz.com\/?author=2"}]}},"_links":{"self":[{"href":"https:\/\/lospoliticosveracruz.com\/index.php?rest_route=\/wp\/v2\/posts\/115836","targetHints":{"allow":["GET"]}}],"collection":[{"href":"https:\/\/lospoliticosveracruz.com\/index.php?rest_route=\/wp\/v2\/posts"}],"about":[{"href":"https:\/\/lospoliticosveracruz.com\/index.php?rest_route=\/wp\/v2\/types\/post"}],"author":[{"embeddable":true,"href":"https:\/\/lospoliticosveracruz.com\/index.php?rest_route=\/wp\/v2\/users\/2"}],"replies":[{"embeddable":true,"href":"https:\/\/lospoliticosveracruz.com\/index.php?rest_route=%2Fwp%2Fv2%2Fcomments&post=115836"}],"version-history":[{"count":2,"href":"https:\/\/lospoliticosveracruz.com\/index.php?rest_route=\/wp\/v2\/posts\/115836\/revisions"}],"predecessor-version":[{"id":115843,"href":"https:\/\/lospoliticosveracruz.com\/index.php?rest_route=\/wp\/v2\/posts\/115836\/revisions\/115843"}],"wp:attachment":[{"href":"https:\/\/lospoliticosveracruz.com\/index.php?rest_route=%2Fwp%2Fv2%2Fmedia&parent=115836"}],"wp:term":[{"taxonomy":"category","embeddable":true,"href":"https:\/\/lospoliticosveracruz.com\/index.php?rest_route=%2Fwp%2Fv2%2Fcategories&post=115836"},{"taxonomy":"post_tag","embeddable":true,"href":"https:\/\/lospoliticosveracruz.com\/index.php?rest_route=%2Fwp%2Fv2%2Ftags&post=115836"}],"curies":[{"name":"wp","href":"https:\/\/api.w.org\/{rel}","templated":true}]}}