{"id":115841,"date":"2023-12-19T07:12:06","date_gmt":"2023-12-19T13:12:06","guid":{"rendered":"https:\/\/lospoliticosveracruz.com.mx\/?p=115841"},"modified":"2023-12-19T07:39:35","modified_gmt":"2023-12-19T13:39:35","slug":"la-opcion-de-tercios","status":"publish","type":"post","link":"https:\/\/lospoliticosveracruz.com\/?p=115841","title":{"rendered":"LA OPCI\u00d3N DE TERCIOS"},"content":{"rendered":"\n<p><\/p>\n\n\n\n<p><strong>Omar Z\u00fa\u00f1iga<\/strong><\/p>\n\n\n\n<p><em>De Primera Mano<\/em><\/p>\n\n\n\n<p>Luego de la publicaci\u00f3n de la columna sobre el&nbsp;samuelazo, recib\u00ed la llamada de un buen amigo, confi\u00e1ndome que compart\u00eda la visi\u00f3n de lo reflexionado; que s\u00f3lo una elecci\u00f3n terciada era la opci\u00f3n para&nbsp;equilibrar&nbsp;fuerzas en 2024 y lograr una eventual victoria de la oposici\u00f3n.<\/p>\n\n\n<div class=\"wp-block-image\">\n<figure class=\"alignleft size-medium is-resized\"><a href=\"https:\/\/lospoliticosveracruz.com.mx\/wp-content\/uploads\/2021\/10\/WhatsApp-Image-2021-10-02-at-15.20.25.jpeg\"><img loading=\"lazy\" decoding=\"async\" width=\"212\" height=\"300\" src=\"https:\/\/lospoliticosveracruz.com.mx\/wp-content\/uploads\/2021\/10\/WhatsApp-Image-2021-10-02-at-15.20.25-212x300.jpeg\" alt=\"\" class=\"wp-image-80177\" style=\"width:181px;height:auto\" srcset=\"https:\/\/lospoliticosveracruz.com\/wp-content\/uploads\/2021\/10\/WhatsApp-Image-2021-10-02-at-15.20.25-212x300.jpeg 212w, https:\/\/lospoliticosveracruz.com\/wp-content\/uploads\/2021\/10\/WhatsApp-Image-2021-10-02-at-15.20.25-724x1024.jpeg 724w, https:\/\/lospoliticosveracruz.com\/wp-content\/uploads\/2021\/10\/WhatsApp-Image-2021-10-02-at-15.20.25-768x1086.jpeg 768w, https:\/\/lospoliticosveracruz.com\/wp-content\/uploads\/2021\/10\/WhatsApp-Image-2021-10-02-at-15.20.25.jpeg 905w\" sizes=\"auto, (max-width: 212px) 100vw, 212px\" \/><\/a><\/figure>\n<\/div>\n\n\n<p>En esa entrega, se ve\u00eda la opci\u00f3n de\u00a0<strong>Jorge \u00c1lvarez\u00a0Maynez<\/strong> como la opci\u00f3n de Movimiento Ciudadano para relevar a Samuel en la candidatura presidencial, ante la negativa de\u00a0<strong>Luis Donaldo Colosio Riojas<\/strong>\u00a0que hab\u00eda declinado y la imposibilidad de que\u00a0<strong>Mariana Rodr\u00edguez Cant\u00fa<\/strong>\u00a0pudiera sustituirlo, pues no tiene la edad m\u00ednima marcada por\u00a0laConstituci\u00f3n para aspirar a la m\u00e1xima magistratura del pa\u00eds, por lo que opt\u00f3 por buscar la alcald\u00eda de Monterrey.<\/p>\n\n\n\n<p>Platicamos largo y tendido y me confi\u00f3 que en sus&nbsp;viajes&nbsp;a&nbsp;Monterrey, hab\u00eda captado una versi\u00f3n que se ha venido dando con mayor fuerza y en lo que coincidimos: Luis Donaldo, otra vez.<\/p>\n\n\n\n<p>La candidatura de&nbsp;<strong>Luis Donaldo Colosio Riojas<\/strong>&nbsp;captar\u00eda&nbsp;nuevamente ese segmento poblacional que hist\u00f3ricamente no sale a votar, ese 30 por ciento de la Lista Nominal que traen en la bolsa Samuel y Mariana, que pondr\u00edan a disposici\u00f3n de Luis Donaldo, trabajando en equipo en un proyecto a largo plazo, pues reitero que nos guste o no el estilo de&nbsp;<strong>Samuel Garc\u00eda<\/strong>&nbsp;y&nbsp;<strong>Mariana Rodr\u00edguez<\/strong>, la realidad es que han&nbsp;permeado&nbsp;(en presente) en la poblaci\u00f3n que fluct\u00faa entre los 18 y los 29 a\u00f1os de edad, incluso meti\u00e9ndolos a discusiones que antes del&nbsp;<em>samuelazo<\/em>&nbsp;ni siquiera sab\u00edan de su existencia.<\/p>\n\n\n\n<p>Dir\u00edan los que saben que la congruencia de Luis Donaldo es parecida a la de su padre y si ya dijo que no, es que no, bajo el argumento que no a\u00fan no es su tiempo, porque le falta preparaci\u00f3n en la administraci\u00f3n p\u00fablica, que antes debe ir al Senado, y varios etc\u00e9teras que ha esgrimido.<\/p>\n\n\n\n<p>Sin embargo, como la pol\u00edtica no es va siendo, y la pol\u00edtica es una ciencia de conciencia, constancia y circunstancia, y esta \u00faltima pesa m\u00e1s que las otras dos, muchas voces al interior de Movimiento Ciudadano&nbsp;arguyen&nbsp;que precisamente su tiempo es este, que debe ir, porque las circunstancias as\u00ed se ha presentado, por que bajaron a Samuel, porque&nbsp;Laynez&nbsp;no levanta, porque el tiempo de Dante ya pas\u00f3 y porque s\u00f3lo con la candidatura de Colosio se puede aglutinar el empuje de Samuel y Mariana con los j\u00f3venes, con ese 30 por ciento que todos buscan y que&nbsp;lostienen.<\/p>\n\n\n\n<p>Porque se suma la experiencia de un viejo&nbsp;lobo&nbsp;de al&nbsp;pol\u00edtica&nbsp;como es Dante Delgado.<\/p>\n\n\n\n<p>Porque&nbsp;se puede sumar a su equipo de campa\u00f1a gente como&nbsp;<strong>Ignacio Morales Lechuga<\/strong>&nbsp;en el \u00e1rea&nbsp;jur\u00eddica,&nbsp;de justicia y procuraci\u00f3n;&nbsp;<strong>Agust\u00edn&nbsp;<\/strong><strong>Bas\u00e1\u00f1ez<\/strong>&nbsp;en Desarrollo Regional;&nbsp;<strong>Francisco Labastida<\/strong>&nbsp;en el \u00e1rea de desarrollo al agro;&nbsp;<strong>Mar\u00eda Teresa&nbsp;<\/strong><strong>Uriarte<\/strong>&nbsp;en Educaci\u00f3n, por ejemplo.<\/p>\n\n\n\n<p>Un verdadero&nbsp;<em>dream<\/em><em>&nbsp;team<\/em>&nbsp;que est\u00e9 detr\u00e1s de \u00e9l,&nbsp;<em>coacheandolo<\/em>. Nadie estamos obligados a saber todo, pero hay que tener la humildad&nbsp;suficiente&nbsp;de aceptarlo y rodearse de expertos.<\/p>\n\n\n\n<p>Imag\u00ednese por parte el&nbsp;<em>drink team<\/em>, con&nbsp;<strong>Max Cort\u00e1zar<\/strong>instrumentando estrategias de comunicaci\u00f3n del siglo pasado o&nbsp;<strong>Rub\u00e9n Moreira<\/strong>,&nbsp;<strong>Amlito<\/strong><strong>&nbsp;Moreno<\/strong>,&nbsp;<strong>Carolina&nbsp;<\/strong><strong>Viggiano<\/strong>&nbsp;o peor&nbsp;a\u00fan, con&nbsp;<strong>Javier Corral<\/strong>&nbsp;que se cans\u00f3 de escupir para arriba, el gran&nbsp;<strong>Alejandro Murat<\/strong>&nbsp;o&nbsp;<strong>Jorge Carlos Ram\u00edrez Mar\u00edn<\/strong>.<\/p>\n\n\n\n<p>Entonces, quiz\u00e1 sea este su tiempo y no haya un ma\u00f1ana donde al bien preparado y m\u00e1s maduro Luis Donaldo se le&nbsp;presente&nbsp;una oportunidad&nbsp;como la que tiene enfrente.<\/p>\n\n\n\n<p>*****<\/p>\n\n\n\n<p>A pesar de que el PAN de&nbsp;<strong>Federico Salom<\/strong><strong>\u00f3n<\/strong>&nbsp;se empe\u00f1aba en deshojar la margarita con el asunto de la alianza 2024&nbsp;en Veracruz, el fin de semana pasado,&nbsp;<strong>X\u00f3chitl G<\/strong><strong>\u00e1lvez<\/strong>, virtual candidata presidencial del FAM a la Presidencia de la Rep\u00fablica, vino a decirles que se dejen de cosas y que la alianza en Veracruz, va porque va y el candidato a gobernador ser\u00e1&nbsp;<strong>Pepe Yunes<\/strong>.<\/p>\n\n\n\n<p>Con impresentables que han aparecido junto a Pepe, como&nbsp;<strong>Harry Grappa<\/strong>, y con la necesidad de presentar una candidatura&nbsp;disruptiva, que verdaderamente&nbsp;permee&nbsp;en el electorado, no suena para nada descabellado traer una coordinaci\u00f3n de campa\u00f1a respetada y&nbsp;respetable&nbsp;por las tres fuerzas del Frente, como&nbsp;<strong>Beatriz Paredes Rangel<\/strong>, figura pol\u00edtica nacional, que se la sabe como pocas personas en el pa\u00eds&nbsp;y que sin lugar a dudas ser\u00eda un activo extraordinario para la candidatura de Pepe.<\/p>\n\n\n\n<p>\u00a1Qu\u00e9 barbaridad!<\/p>\n\n\n\n<p>deprimera.mano2020@gmail.com<\/p>\n","protected":false},"excerpt":{"rendered":"<p>Omar Z\u00fa\u00f1iga De Primera Mano Luego de la publicaci\u00f3n de la columna sobre el&nbsp;samuelazo, recib\u00ed la llamada de un buen amigo, confi\u00e1ndome que compart\u00eda la visi\u00f3n de lo reflexionado; que s\u00f3lo una elecci\u00f3n terciada era la opci\u00f3n para&nbsp;equilibrar&nbsp;fuerzas en 2024 y lograr una eventual victoria de la oposici\u00f3n. En esa entrega, se ve\u00eda la opci\u00f3n [&hellip;]<\/p>\n","protected":false},"author":2,"featured_media":0,"comment_status":"closed","ping_status":"closed","sticky":false,"template":"","format":"standard","meta":{"tdm_status":"","tdm_grid_status":"","footnotes":""},"categories":[70],"tags":[19861,2327,16917],"class_list":{"0":"post-115841","1":"post","2":"type-post","3":"status-publish","4":"format-standard","6":"category-de-opinion","7":"tag-mariana-rodriguez-cantu","8":"tag-movimiento-ciudadano","9":"tag-samuel-garcia-sepulveda"},"yoast_head":"<!-- This site is optimized with the Yoast SEO plugin v27.4 - https:\/\/yoast.com\/product\/yoast-seo-wordpress\/ -->\n<title>LA OPCI\u00d3N DE TERCIOS - Los pol\u00edticos Veracruz<\/title>\n<meta name=\"robots\" content=\"index, follow, max-snippet:-1, max-image-preview:large, max-video-preview:-1\" \/>\n<link rel=\"canonical\" href=\"https:\/\/lospoliticosveracruz.com\/?p=115841\" \/>\n<meta property=\"og:locale\" content=\"es_ES\" \/>\n<meta property=\"og:type\" content=\"article\" \/>\n<meta property=\"og:title\" content=\"LA OPCI\u00d3N DE TERCIOS - Los pol\u00edticos Veracruz\" \/>\n<meta property=\"og:description\" content=\"Omar Z\u00fa\u00f1iga De Primera Mano Luego de la publicaci\u00f3n de la columna sobre el&nbsp;samuelazo, recib\u00ed la llamada de un buen amigo, confi\u00e1ndome que compart\u00eda la visi\u00f3n de lo reflexionado; que s\u00f3lo una elecci\u00f3n terciada era la opci\u00f3n para&nbsp;equilibrar&nbsp;fuerzas en 2024 y lograr una eventual victoria de la oposici\u00f3n. En esa entrega, se ve\u00eda la opci\u00f3n [&hellip;]\" \/>\n<meta property=\"og:url\" content=\"https:\/\/lospoliticosveracruz.com\/?p=115841\" \/>\n<meta property=\"og:site_name\" content=\"Los pol\u00edticos Veracruz\" \/>\n<meta property=\"article:publisher\" content=\"https:\/\/www.facebook.com\/people\/Notimemes-de-los-Polticos\/61565672886568\/\" \/>\n<meta property=\"article:published_time\" content=\"2023-12-19T13:12:06+00:00\" \/>\n<meta property=\"article:modified_time\" content=\"2023-12-19T13:39:35+00:00\" \/>\n<meta property=\"og:image\" content=\"https:\/\/lospoliticosveracruz.com.mx\/wp-content\/uploads\/2021\/10\/WhatsApp-Image-2021-10-02-at-15.20.25-212x300.jpeg\" \/>\n<meta name=\"author\" content=\"Lo viste en Los Pol\u00edticos\" \/>\n<meta name=\"twitter:card\" content=\"summary_large_image\" \/>\n<meta name=\"twitter:creator\" content=\"@LosPoliticosVer\" \/>\n<meta name=\"twitter:site\" content=\"@LosPoliticosVer\" \/>\n<meta name=\"twitter:label1\" content=\"Escrito por\" \/>\n\t<meta name=\"twitter:data1\" content=\"Lo viste en Los Pol\u00edticos\" \/>\n\t<meta name=\"twitter:label2\" content=\"Tiempo de lectura\" \/>\n\t<meta name=\"twitter:data2\" content=\"4 minutos\" \/>\n<script type=\"application\/ld+json\" class=\"yoast-schema-graph\">{\"@context\":\"https:\\\/\\\/schema.org\",\"@graph\":[{\"@type\":\"Article\",\"@id\":\"https:\\\/\\\/lospoliticosveracruz.com\\\/?p=115841#article\",\"isPartOf\":{\"@id\":\"https:\\\/\\\/lospoliticosveracruz.com\\\/?p=115841\"},\"author\":{\"name\":\"Lo viste en Los Pol\u00edticos\",\"@id\":\"https:\\\/\\\/lospoliticosveracruz.com\\\/#\\\/schema\\\/person\\\/b8702bb0e538456e6efd07080bf2a4a2\"},\"headline\":\"LA OPCI\u00d3N DE TERCIOS\",\"datePublished\":\"2023-12-19T13:12:06+00:00\",\"dateModified\":\"2023-12-19T13:39:35+00:00\",\"mainEntityOfPage\":{\"@id\":\"https:\\\/\\\/lospoliticosveracruz.com\\\/?p=115841\"},\"wordCount\":871,\"publisher\":{\"@id\":\"https:\\\/\\\/lospoliticosveracruz.com\\\/#organization\"},\"image\":{\"@id\":\"https:\\\/\\\/lospoliticosveracruz.com\\\/?p=115841#primaryimage\"},\"thumbnailUrl\":\"https:\\\/\\\/lospoliticosveracruz.com.mx\\\/wp-content\\\/uploads\\\/2021\\\/10\\\/WhatsApp-Image-2021-10-02-at-15.20.25-212x300.jpeg\",\"keywords\":[\"Mariana Rodr\u00edguez Cant\u00fa\",\"Movimiento Ciudadano\",\"Samuel Garc\u00eda Sep\u00falveda\"],\"articleSection\":[\"De Opini\u00f3n\"],\"inLanguage\":\"es\"},{\"@type\":\"WebPage\",\"@id\":\"https:\\\/\\\/lospoliticosveracruz.com\\\/?p=115841\",\"url\":\"https:\\\/\\\/lospoliticosveracruz.com\\\/?p=115841\",\"name\":\"LA OPCI\u00d3N DE TERCIOS - Los pol\u00edticos Veracruz\",\"isPartOf\":{\"@id\":\"https:\\\/\\\/lospoliticosveracruz.com\\\/#website\"},\"primaryImageOfPage\":{\"@id\":\"https:\\\/\\\/lospoliticosveracruz.com\\\/?p=115841#primaryimage\"},\"image\":{\"@id\":\"https:\\\/\\\/lospoliticosveracruz.com\\\/?p=115841#primaryimage\"},\"thumbnailUrl\":\"https:\\\/\\\/lospoliticosveracruz.com.mx\\\/wp-content\\\/uploads\\\/2021\\\/10\\\/WhatsApp-Image-2021-10-02-at-15.20.25-212x300.jpeg\",\"datePublished\":\"2023-12-19T13:12:06+00:00\",\"dateModified\":\"2023-12-19T13:39:35+00:00\",\"breadcrumb\":{\"@id\":\"https:\\\/\\\/lospoliticosveracruz.com\\\/?p=115841#breadcrumb\"},\"inLanguage\":\"es\",\"potentialAction\":[{\"@type\":\"ReadAction\",\"target\":[\"https:\\\/\\\/lospoliticosveracruz.com\\\/?p=115841\"]}]},{\"@type\":\"ImageObject\",\"inLanguage\":\"es\",\"@id\":\"https:\\\/\\\/lospoliticosveracruz.com\\\/?p=115841#primaryimage\",\"url\":\"https:\\\/\\\/lospoliticosveracruz.com.mx\\\/wp-content\\\/uploads\\\/2021\\\/10\\\/WhatsApp-Image-2021-10-02-at-15.20.25-212x300.jpeg\",\"contentUrl\":\"https:\\\/\\\/lospoliticosveracruz.com.mx\\\/wp-content\\\/uploads\\\/2021\\\/10\\\/WhatsApp-Image-2021-10-02-at-15.20.25-212x300.jpeg\"},{\"@type\":\"BreadcrumbList\",\"@id\":\"https:\\\/\\\/lospoliticosveracruz.com\\\/?p=115841#breadcrumb\",\"itemListElement\":[{\"@type\":\"ListItem\",\"position\":1,\"name\":\"Portada\",\"item\":\"https:\\\/\\\/lospoliticosveracruz.com\\\/\"},{\"@type\":\"ListItem\",\"position\":2,\"name\":\"LA OPCI\u00d3N DE TERCIOS\"}]},{\"@type\":\"WebSite\",\"@id\":\"https:\\\/\\\/lospoliticosveracruz.com\\\/#website\",\"url\":\"https:\\\/\\\/lospoliticosveracruz.com\\\/\",\"name\":\"Los pol\u00edticos Veracruz\",\"description\":\"\",\"publisher\":{\"@id\":\"https:\\\/\\\/lospoliticosveracruz.com\\\/#organization\"},\"potentialAction\":[{\"@type\":\"SearchAction\",\"target\":{\"@type\":\"EntryPoint\",\"urlTemplate\":\"https:\\\/\\\/lospoliticosveracruz.com\\\/?s={search_term_string}\"},\"query-input\":{\"@type\":\"PropertyValueSpecification\",\"valueRequired\":true,\"valueName\":\"search_term_string\"}}],\"inLanguage\":\"es\"},{\"@type\":\"Organization\",\"@id\":\"https:\\\/\\\/lospoliticosveracruz.com\\\/#organization\",\"name\":\"Los pol\u00edticos Veracruz\",\"url\":\"https:\\\/\\\/lospoliticosveracruz.com\\\/\",\"logo\":{\"@type\":\"ImageObject\",\"inLanguage\":\"es\",\"@id\":\"https:\\\/\\\/lospoliticosveracruz.com\\\/#\\\/schema\\\/logo\\\/image\\\/\",\"url\":\"https:\\\/\\\/lospoliticosveracruz.com\\\/wp-content\\\/uploads\\\/2025\\\/12\\\/Logo-Nuevo-LOS-POLITICOS-1.jpg\",\"contentUrl\":\"https:\\\/\\\/lospoliticosveracruz.com\\\/wp-content\\\/uploads\\\/2025\\\/12\\\/Logo-Nuevo-LOS-POLITICOS-1.jpg\",\"width\":260,\"height\":70,\"caption\":\"Los pol\u00edticos Veracruz\"},\"image\":{\"@id\":\"https:\\\/\\\/lospoliticosveracruz.com\\\/#\\\/schema\\\/logo\\\/image\\\/\"},\"sameAs\":[\"https:\\\/\\\/www.facebook.com\\\/people\\\/Notimemes-de-los-Polticos\\\/61565672886568\\\/\",\"https:\\\/\\\/x.com\\\/LosPoliticosVer\"]},{\"@type\":\"Person\",\"@id\":\"https:\\\/\\\/lospoliticosveracruz.com\\\/#\\\/schema\\\/person\\\/b8702bb0e538456e6efd07080bf2a4a2\",\"name\":\"Lo viste en Los Pol\u00edticos\",\"image\":{\"@type\":\"ImageObject\",\"inLanguage\":\"es\",\"@id\":\"https:\\\/\\\/secure.gravatar.com\\\/avatar\\\/3a8de04a2656d44082be478bd6c086daa447c4651605818287b9532d3d0bd435?s=96&d=mm&r=g\",\"url\":\"https:\\\/\\\/secure.gravatar.com\\\/avatar\\\/3a8de04a2656d44082be478bd6c086daa447c4651605818287b9532d3d0bd435?s=96&d=mm&r=g\",\"contentUrl\":\"https:\\\/\\\/secure.gravatar.com\\\/avatar\\\/3a8de04a2656d44082be478bd6c086daa447c4651605818287b9532d3d0bd435?s=96&d=mm&r=g\",\"caption\":\"Lo viste en Los Pol\u00edticos\"},\"url\":\"https:\\\/\\\/lospoliticosveracruz.com\\\/?author=2\"}]}<\/script>\n<!-- \/ Yoast SEO plugin. -->","yoast_head_json":{"title":"LA OPCI\u00d3N DE TERCIOS - Los pol\u00edticos Veracruz","robots":{"index":"index","follow":"follow","max-snippet":"max-snippet:-1","max-image-preview":"max-image-preview:large","max-video-preview":"max-video-preview:-1"},"canonical":"https:\/\/lospoliticosveracruz.com\/?p=115841","og_locale":"es_ES","og_type":"article","og_title":"LA OPCI\u00d3N DE TERCIOS - Los pol\u00edticos Veracruz","og_description":"Omar Z\u00fa\u00f1iga De Primera Mano Luego de la publicaci\u00f3n de la columna sobre el&nbsp;samuelazo, recib\u00ed la llamada de un buen amigo, confi\u00e1ndome que compart\u00eda la visi\u00f3n de lo reflexionado; que s\u00f3lo una elecci\u00f3n terciada era la opci\u00f3n para&nbsp;equilibrar&nbsp;fuerzas en 2024 y lograr una eventual victoria de la oposici\u00f3n. En esa entrega, se ve\u00eda la opci\u00f3n [&hellip;]","og_url":"https:\/\/lospoliticosveracruz.com\/?p=115841","og_site_name":"Los pol\u00edticos Veracruz","article_publisher":"https:\/\/www.facebook.com\/people\/Notimemes-de-los-Polticos\/61565672886568\/","article_published_time":"2023-12-19T13:12:06+00:00","article_modified_time":"2023-12-19T13:39:35+00:00","og_image":[{"url":"https:\/\/lospoliticosveracruz.com.mx\/wp-content\/uploads\/2021\/10\/WhatsApp-Image-2021-10-02-at-15.20.25-212x300.jpeg","type":"","width":"","height":""}],"author":"Lo viste en Los Pol\u00edticos","twitter_card":"summary_large_image","twitter_creator":"@LosPoliticosVer","twitter_site":"@LosPoliticosVer","twitter_misc":{"Escrito por":"Lo viste en Los Pol\u00edticos","Tiempo de lectura":"4 minutos"},"schema":{"@context":"https:\/\/schema.org","@graph":[{"@type":"Article","@id":"https:\/\/lospoliticosveracruz.com\/?p=115841#article","isPartOf":{"@id":"https:\/\/lospoliticosveracruz.com\/?p=115841"},"author":{"name":"Lo viste en Los Pol\u00edticos","@id":"https:\/\/lospoliticosveracruz.com\/#\/schema\/person\/b8702bb0e538456e6efd07080bf2a4a2"},"headline":"LA OPCI\u00d3N DE TERCIOS","datePublished":"2023-12-19T13:12:06+00:00","dateModified":"2023-12-19T13:39:35+00:00","mainEntityOfPage":{"@id":"https:\/\/lospoliticosveracruz.com\/?p=115841"},"wordCount":871,"publisher":{"@id":"https:\/\/lospoliticosveracruz.com\/#organization"},"image":{"@id":"https:\/\/lospoliticosveracruz.com\/?p=115841#primaryimage"},"thumbnailUrl":"https:\/\/lospoliticosveracruz.com.mx\/wp-content\/uploads\/2021\/10\/WhatsApp-Image-2021-10-02-at-15.20.25-212x300.jpeg","keywords":["Mariana Rodr\u00edguez Cant\u00fa","Movimiento Ciudadano","Samuel Garc\u00eda Sep\u00falveda"],"articleSection":["De Opini\u00f3n"],"inLanguage":"es"},{"@type":"WebPage","@id":"https:\/\/lospoliticosveracruz.com\/?p=115841","url":"https:\/\/lospoliticosveracruz.com\/?p=115841","name":"LA OPCI\u00d3N DE TERCIOS - Los pol\u00edticos Veracruz","isPartOf":{"@id":"https:\/\/lospoliticosveracruz.com\/#website"},"primaryImageOfPage":{"@id":"https:\/\/lospoliticosveracruz.com\/?p=115841#primaryimage"},"image":{"@id":"https:\/\/lospoliticosveracruz.com\/?p=115841#primaryimage"},"thumbnailUrl":"https:\/\/lospoliticosveracruz.com.mx\/wp-content\/uploads\/2021\/10\/WhatsApp-Image-2021-10-02-at-15.20.25-212x300.jpeg","datePublished":"2023-12-19T13:12:06+00:00","dateModified":"2023-12-19T13:39:35+00:00","breadcrumb":{"@id":"https:\/\/lospoliticosveracruz.com\/?p=115841#breadcrumb"},"inLanguage":"es","potentialAction":[{"@type":"ReadAction","target":["https:\/\/lospoliticosveracruz.com\/?p=115841"]}]},{"@type":"ImageObject","inLanguage":"es","@id":"https:\/\/lospoliticosveracruz.com\/?p=115841#primaryimage","url":"https:\/\/lospoliticosveracruz.com.mx\/wp-content\/uploads\/2021\/10\/WhatsApp-Image-2021-10-02-at-15.20.25-212x300.jpeg","contentUrl":"https:\/\/lospoliticosveracruz.com.mx\/wp-content\/uploads\/2021\/10\/WhatsApp-Image-2021-10-02-at-15.20.25-212x300.jpeg"},{"@type":"BreadcrumbList","@id":"https:\/\/lospoliticosveracruz.com\/?p=115841#breadcrumb","itemListElement":[{"@type":"ListItem","position":1,"name":"Portada","item":"https:\/\/lospoliticosveracruz.com\/"},{"@type":"ListItem","position":2,"name":"LA OPCI\u00d3N DE TERCIOS"}]},{"@type":"WebSite","@id":"https:\/\/lospoliticosveracruz.com\/#website","url":"https:\/\/lospoliticosveracruz.com\/","name":"Los pol\u00edticos Veracruz","description":"","publisher":{"@id":"https:\/\/lospoliticosveracruz.com\/#organization"},"potentialAction":[{"@type":"SearchAction","target":{"@type":"EntryPoint","urlTemplate":"https:\/\/lospoliticosveracruz.com\/?s={search_term_string}"},"query-input":{"@type":"PropertyValueSpecification","valueRequired":true,"valueName":"search_term_string"}}],"inLanguage":"es"},{"@type":"Organization","@id":"https:\/\/lospoliticosveracruz.com\/#organization","name":"Los pol\u00edticos Veracruz","url":"https:\/\/lospoliticosveracruz.com\/","logo":{"@type":"ImageObject","inLanguage":"es","@id":"https:\/\/lospoliticosveracruz.com\/#\/schema\/logo\/image\/","url":"https:\/\/lospoliticosveracruz.com\/wp-content\/uploads\/2025\/12\/Logo-Nuevo-LOS-POLITICOS-1.jpg","contentUrl":"https:\/\/lospoliticosveracruz.com\/wp-content\/uploads\/2025\/12\/Logo-Nuevo-LOS-POLITICOS-1.jpg","width":260,"height":70,"caption":"Los pol\u00edticos Veracruz"},"image":{"@id":"https:\/\/lospoliticosveracruz.com\/#\/schema\/logo\/image\/"},"sameAs":["https:\/\/www.facebook.com\/people\/Notimemes-de-los-Polticos\/61565672886568\/","https:\/\/x.com\/LosPoliticosVer"]},{"@type":"Person","@id":"https:\/\/lospoliticosveracruz.com\/#\/schema\/person\/b8702bb0e538456e6efd07080bf2a4a2","name":"Lo viste en Los Pol\u00edticos","image":{"@type":"ImageObject","inLanguage":"es","@id":"https:\/\/secure.gravatar.com\/avatar\/3a8de04a2656d44082be478bd6c086daa447c4651605818287b9532d3d0bd435?s=96&d=mm&r=g","url":"https:\/\/secure.gravatar.com\/avatar\/3a8de04a2656d44082be478bd6c086daa447c4651605818287b9532d3d0bd435?s=96&d=mm&r=g","contentUrl":"https:\/\/secure.gravatar.com\/avatar\/3a8de04a2656d44082be478bd6c086daa447c4651605818287b9532d3d0bd435?s=96&d=mm&r=g","caption":"Lo viste en Los Pol\u00edticos"},"url":"https:\/\/lospoliticosveracruz.com\/?author=2"}]}},"_links":{"self":[{"href":"https:\/\/lospoliticosveracruz.com\/index.php?rest_route=\/wp\/v2\/posts\/115841","targetHints":{"allow":["GET"]}}],"collection":[{"href":"https:\/\/lospoliticosveracruz.com\/index.php?rest_route=\/wp\/v2\/posts"}],"about":[{"href":"https:\/\/lospoliticosveracruz.com\/index.php?rest_route=\/wp\/v2\/types\/post"}],"author":[{"embeddable":true,"href":"https:\/\/lospoliticosveracruz.com\/index.php?rest_route=\/wp\/v2\/users\/2"}],"replies":[{"embeddable":true,"href":"https:\/\/lospoliticosveracruz.com\/index.php?rest_route=%2Fwp%2Fv2%2Fcomments&post=115841"}],"version-history":[{"count":3,"href":"https:\/\/lospoliticosveracruz.com\/index.php?rest_route=\/wp\/v2\/posts\/115841\/revisions"}],"predecessor-version":[{"id":115846,"href":"https:\/\/lospoliticosveracruz.com\/index.php?rest_route=\/wp\/v2\/posts\/115841\/revisions\/115846"}],"wp:attachment":[{"href":"https:\/\/lospoliticosveracruz.com\/index.php?rest_route=%2Fwp%2Fv2%2Fmedia&parent=115841"}],"wp:term":[{"taxonomy":"category","embeddable":true,"href":"https:\/\/lospoliticosveracruz.com\/index.php?rest_route=%2Fwp%2Fv2%2Fcategories&post=115841"},{"taxonomy":"post_tag","embeddable":true,"href":"https:\/\/lospoliticosveracruz.com\/index.php?rest_route=%2Fwp%2Fv2%2Ftags&post=115841"}],"curies":[{"name":"wp","href":"https:\/\/api.w.org\/{rel}","templated":true}]}}