{"id":115950,"date":"2023-12-21T09:16:26","date_gmt":"2023-12-21T15:16:26","guid":{"rendered":"https:\/\/lospoliticosveracruz.com.mx\/?p=115950"},"modified":"2023-12-21T09:16:38","modified_gmt":"2023-12-21T15:16:38","slug":"anilu-y-julen","status":"publish","type":"post","link":"https:\/\/lospoliticosveracruz.com\/?p=115950","title":{"rendered":"ANIL\u00da Y JULEN"},"content":{"rendered":"\n<p><\/p>\n\n\n\n<p><strong>Sergio Gonz\u00e1lez Levet<br><\/strong><em>Sin tacto<\/em><\/p>\n\n\n\n<ol class=\"wp-block-list\">\n<li>Julen Rementer\u00eda cit\u00f3 a los medios esta semana y en una actitud que lo honra, decidi\u00f3 hacer a un lado sus intereses personales, sus gustos y sus deseos m\u00e1s profundos. Con una acci\u00f3n llena de valent\u00eda, de congruencia y de amor por Veracruz, el senador panista y coordinador de sus iguales en la C\u00e1mara Alta anunci\u00f3 que se bajaba de su aspiraci\u00f3n de ser candidato del Frente Amplio por M\u00e9xico a la gubernatura del estado en la elecci\u00f3n del a\u00f1o pr\u00f3ximo. Julen entendi\u00f3 que lo mejor en este momento es apoyar al candidato que tiene las mejores posibilidades de competir y ganar ante la candidata de Morena, toda vez que el aparato p\u00fablico gubernamental est\u00e1 volcado en cuerpo y alma (lo que es decir: con empleados obligados a participar y con mucho dinero desviado del erario) en favor de la zacatecana Roc\u00edo Nahle Garc\u00eda. Y fue m\u00e1s el ex alcalde porte\u00f1o y ex diputado cuando anunci\u00f3 que se suma con todo su esfuerzo y su capacidad en favor de Pepe Yunes Zorrilla -un candidato extraordinario-, y que por eso est\u00e1 dispuesto a trabajar codo a codo con quienes en otros tiempos fueron sus adversarios pol\u00edticos de otros partidos (PAN y PRD). Pero todav\u00eda m\u00e1s: tambi\u00e9n confirm\u00f3 que ir\u00e1 por la unidad dentro de Acci\u00f3n Nacional, con el fin de que los grupos internos sumen sus fuerzas en favor del inminente Frente Amplio por Veracruz y de sus candidatos.\n<ol class=\"wp-block-list\" start=\"2\">\n<li>Anil\u00fa \u00cdngram Vallines convoc\u00f3 ayer a los medios de comunicaci\u00f3n estatales para informarles que, despu\u00e9s de 20 a\u00f1os, deja el PRI porque no est\u00e1 de acuerdo con la forma en que Alito Moreno est\u00e1 manejando el partido, y en particular por la forma desaseada y mentirosa con la que se comport\u00f3 en el cambio de dirigencia del Comit\u00e9 Directivo Estatal de Veracruz.<br>Anil\u00fa est\u00e1 enojada, mucho y con raz\u00f3n, por las imposiciones y los enga\u00f1os del dirigente nacional del PRI, que se dedic\u00f3 a tomarle el pelo a un grupo significativo de priistas prestigiados que creyeron que en su partido perviv\u00eda la democracia interna.<br>Y adem\u00e1s sin ning\u00fan motivo, porque no hubo nada m\u00e1s gratuito que los enga\u00f1os de Alito a los distinguidos cuadros que se agruparon en el Grupo Veracruz y que impulsaban la aspiraci\u00f3n de Fernando Kuri Kuri para que liderara en Veracruz al Revolucionario Institucional.<\/li>\n\n\n\n<li>Queda para la memoria el contraste entre la decisi\u00f3n tomada por el senador Julen Rementer\u00eda y la actitud mostrada por la diputada local Anil\u00fa \u00cdngram.<br>Julen se vio maduro, inteligente, contenido en favor de Veracruz.<br>Anil\u00fa se mostr\u00f3 -perd\u00f3name amiga m\u00eda de tantos a\u00f1os y tan querida- despechada, indignada, manejada por su emoci\u00f3n.<br>De acuerdo con las bajezas de Alito, pero \u00bfdeben pagar los veracruzanos tan alto precio como continuar con los gobiernos morenistas que tanto le han hecho da\u00f1o al estado? \u00bfDejar el PRI de Alito de esa manera no es al mismo pasarse a un grupo igualmente peor? \u00bfY el da\u00f1o que Cuitl\u00e1huac y su gente le han hecho a nuestra tierra? \u00bfY la amenaza de que una zacatecana sin escr\u00fapulos llegue a la silla principal de Veracruz?<br>\u00bfSon buenas compa\u00f1\u00edas los ahora ex priistas que se fueron a entregar a Claudia Sheinbaum, es decir a Andr\u00e9s Manuel L\u00f3pez Obrador?<\/li>\n<\/ol>\n<\/li>\n<\/ol>\n\n\n\n<p>sglevet@gmail.com<\/p>\n","protected":false},"excerpt":{"rendered":"<p>Sergio Gonz\u00e1lez LevetSin tacto sglevet@gmail.com<\/p>\n","protected":false},"author":2,"featured_media":0,"comment_status":"closed","ping_status":"closed","sticky":false,"template":"","format":"standard","meta":{"tdm_status":"","tdm_grid_status":"","footnotes":""},"categories":[70],"tags":[24359,38524,38541,1130,246,251,4386,195],"class_list":{"0":"post-115950","1":"post","2":"type-post","3":"status-publish","4":"format-standard","6":"category-de-opinion","7":"tag-alito-moreno","8":"tag-frente-amplio-por-mexico","9":"tag-frente-amplio-por-veracruz","10":"tag-julen-rementeria","11":"tag-pepe-yunes-zorrilla","12":"tag-pri","13":"tag-rocio-nahle-garcia","14":"tag-veracruz"},"yoast_head":"<!-- This site is optimized with the Yoast SEO plugin v27.4 - https:\/\/yoast.com\/product\/yoast-seo-wordpress\/ -->\n<title>ANIL\u00da Y JULEN - Los pol\u00edticos Veracruz<\/title>\n<meta name=\"robots\" content=\"index, follow, max-snippet:-1, max-image-preview:large, max-video-preview:-1\" \/>\n<link rel=\"canonical\" href=\"https:\/\/lospoliticosveracruz.com\/?p=115950\" \/>\n<meta property=\"og:locale\" content=\"es_ES\" \/>\n<meta property=\"og:type\" content=\"article\" \/>\n<meta property=\"og:title\" content=\"ANIL\u00da Y JULEN - Los pol\u00edticos Veracruz\" \/>\n<meta property=\"og:description\" content=\"Sergio Gonz\u00e1lez LevetSin tacto sglevet@gmail.com\" \/>\n<meta property=\"og:url\" content=\"https:\/\/lospoliticosveracruz.com\/?p=115950\" \/>\n<meta property=\"og:site_name\" content=\"Los pol\u00edticos Veracruz\" \/>\n<meta property=\"article:publisher\" content=\"https:\/\/www.facebook.com\/people\/Notimemes-de-los-Polticos\/61565672886568\/\" \/>\n<meta property=\"article:published_time\" content=\"2023-12-21T15:16:26+00:00\" \/>\n<meta property=\"article:modified_time\" content=\"2023-12-21T15:16:38+00:00\" \/>\n<meta property=\"og:image\" content=\"https:\/\/lospoliticosveracruz.com\/wp-content\/uploads\/2016\/07\/Logo-Dor.jpg\" \/>\n\t<meta property=\"og:image:width\" content=\"200\" \/>\n\t<meta property=\"og:image:height\" content=\"200\" \/>\n\t<meta property=\"og:image:type\" content=\"image\/jpeg\" \/>\n<meta name=\"author\" content=\"Lo viste en Los Pol\u00edticos\" \/>\n<meta name=\"twitter:card\" content=\"summary_large_image\" \/>\n<meta name=\"twitter:creator\" content=\"@LosPoliticosVer\" \/>\n<meta name=\"twitter:site\" content=\"@LosPoliticosVer\" \/>\n<meta name=\"twitter:label1\" content=\"Escrito por\" \/>\n\t<meta name=\"twitter:data1\" content=\"Lo viste en Los Pol\u00edticos\" \/>\n\t<meta name=\"twitter:label2\" content=\"Tiempo de lectura\" \/>\n\t<meta name=\"twitter:data2\" content=\"3 minutos\" \/>\n<script type=\"application\/ld+json\" class=\"yoast-schema-graph\">{\"@context\":\"https:\\\/\\\/schema.org\",\"@graph\":[{\"@type\":\"Article\",\"@id\":\"https:\\\/\\\/lospoliticosveracruz.com\\\/?p=115950#article\",\"isPartOf\":{\"@id\":\"https:\\\/\\\/lospoliticosveracruz.com\\\/?p=115950\"},\"author\":{\"name\":\"Lo viste en Los Pol\u00edticos\",\"@id\":\"https:\\\/\\\/lospoliticosveracruz.com\\\/#\\\/schema\\\/person\\\/b8702bb0e538456e6efd07080bf2a4a2\"},\"headline\":\"ANIL\u00da Y JULEN\",\"datePublished\":\"2023-12-21T15:16:26+00:00\",\"dateModified\":\"2023-12-21T15:16:38+00:00\",\"mainEntityOfPage\":{\"@id\":\"https:\\\/\\\/lospoliticosveracruz.com\\\/?p=115950\"},\"wordCount\":593,\"publisher\":{\"@id\":\"https:\\\/\\\/lospoliticosveracruz.com\\\/#organization\"},\"keywords\":[\"Alito Moreno\",\"Frente Amplio por M\u00e9xico\",\"Frente Amplio por Veracruz\",\"Julen Rementer\u00eda\",\"Pepe Yunes Zorrilla\",\"PRI\",\"Roc\u00edo Nahle Garc\u00eda\",\"Veracruz\"],\"articleSection\":[\"De Opini\u00f3n\"],\"inLanguage\":\"es\"},{\"@type\":\"WebPage\",\"@id\":\"https:\\\/\\\/lospoliticosveracruz.com\\\/?p=115950\",\"url\":\"https:\\\/\\\/lospoliticosveracruz.com\\\/?p=115950\",\"name\":\"ANIL\u00da Y JULEN - Los pol\u00edticos Veracruz\",\"isPartOf\":{\"@id\":\"https:\\\/\\\/lospoliticosveracruz.com\\\/#website\"},\"datePublished\":\"2023-12-21T15:16:26+00:00\",\"dateModified\":\"2023-12-21T15:16:38+00:00\",\"breadcrumb\":{\"@id\":\"https:\\\/\\\/lospoliticosveracruz.com\\\/?p=115950#breadcrumb\"},\"inLanguage\":\"es\",\"potentialAction\":[{\"@type\":\"ReadAction\",\"target\":[\"https:\\\/\\\/lospoliticosveracruz.com\\\/?p=115950\"]}]},{\"@type\":\"BreadcrumbList\",\"@id\":\"https:\\\/\\\/lospoliticosveracruz.com\\\/?p=115950#breadcrumb\",\"itemListElement\":[{\"@type\":\"ListItem\",\"position\":1,\"name\":\"Portada\",\"item\":\"https:\\\/\\\/lospoliticosveracruz.com\\\/\"},{\"@type\":\"ListItem\",\"position\":2,\"name\":\"ANIL\u00da Y JULEN\"}]},{\"@type\":\"WebSite\",\"@id\":\"https:\\\/\\\/lospoliticosveracruz.com\\\/#website\",\"url\":\"https:\\\/\\\/lospoliticosveracruz.com\\\/\",\"name\":\"Los pol\u00edticos Veracruz\",\"description\":\"\",\"publisher\":{\"@id\":\"https:\\\/\\\/lospoliticosveracruz.com\\\/#organization\"},\"potentialAction\":[{\"@type\":\"SearchAction\",\"target\":{\"@type\":\"EntryPoint\",\"urlTemplate\":\"https:\\\/\\\/lospoliticosveracruz.com\\\/?s={search_term_string}\"},\"query-input\":{\"@type\":\"PropertyValueSpecification\",\"valueRequired\":true,\"valueName\":\"search_term_string\"}}],\"inLanguage\":\"es\"},{\"@type\":\"Organization\",\"@id\":\"https:\\\/\\\/lospoliticosveracruz.com\\\/#organization\",\"name\":\"Los pol\u00edticos Veracruz\",\"url\":\"https:\\\/\\\/lospoliticosveracruz.com\\\/\",\"logo\":{\"@type\":\"ImageObject\",\"inLanguage\":\"es\",\"@id\":\"https:\\\/\\\/lospoliticosveracruz.com\\\/#\\\/schema\\\/logo\\\/image\\\/\",\"url\":\"https:\\\/\\\/lospoliticosveracruz.com\\\/wp-content\\\/uploads\\\/2025\\\/12\\\/Logo-Nuevo-LOS-POLITICOS-1.jpg\",\"contentUrl\":\"https:\\\/\\\/lospoliticosveracruz.com\\\/wp-content\\\/uploads\\\/2025\\\/12\\\/Logo-Nuevo-LOS-POLITICOS-1.jpg\",\"width\":260,\"height\":70,\"caption\":\"Los pol\u00edticos Veracruz\"},\"image\":{\"@id\":\"https:\\\/\\\/lospoliticosveracruz.com\\\/#\\\/schema\\\/logo\\\/image\\\/\"},\"sameAs\":[\"https:\\\/\\\/www.facebook.com\\\/people\\\/Notimemes-de-los-Polticos\\\/61565672886568\\\/\",\"https:\\\/\\\/x.com\\\/LosPoliticosVer\"]},{\"@type\":\"Person\",\"@id\":\"https:\\\/\\\/lospoliticosveracruz.com\\\/#\\\/schema\\\/person\\\/b8702bb0e538456e6efd07080bf2a4a2\",\"name\":\"Lo viste en Los Pol\u00edticos\",\"image\":{\"@type\":\"ImageObject\",\"inLanguage\":\"es\",\"@id\":\"https:\\\/\\\/secure.gravatar.com\\\/avatar\\\/3a8de04a2656d44082be478bd6c086daa447c4651605818287b9532d3d0bd435?s=96&d=mm&r=g\",\"url\":\"https:\\\/\\\/secure.gravatar.com\\\/avatar\\\/3a8de04a2656d44082be478bd6c086daa447c4651605818287b9532d3d0bd435?s=96&d=mm&r=g\",\"contentUrl\":\"https:\\\/\\\/secure.gravatar.com\\\/avatar\\\/3a8de04a2656d44082be478bd6c086daa447c4651605818287b9532d3d0bd435?s=96&d=mm&r=g\",\"caption\":\"Lo viste en Los Pol\u00edticos\"},\"url\":\"https:\\\/\\\/lospoliticosveracruz.com\\\/?author=2\"}]}<\/script>\n<!-- \/ Yoast SEO plugin. -->","yoast_head_json":{"title":"ANIL\u00da Y JULEN - Los pol\u00edticos Veracruz","robots":{"index":"index","follow":"follow","max-snippet":"max-snippet:-1","max-image-preview":"max-image-preview:large","max-video-preview":"max-video-preview:-1"},"canonical":"https:\/\/lospoliticosveracruz.com\/?p=115950","og_locale":"es_ES","og_type":"article","og_title":"ANIL\u00da Y JULEN - Los pol\u00edticos Veracruz","og_description":"Sergio Gonz\u00e1lez LevetSin tacto sglevet@gmail.com","og_url":"https:\/\/lospoliticosveracruz.com\/?p=115950","og_site_name":"Los pol\u00edticos Veracruz","article_publisher":"https:\/\/www.facebook.com\/people\/Notimemes-de-los-Polticos\/61565672886568\/","article_published_time":"2023-12-21T15:16:26+00:00","article_modified_time":"2023-12-21T15:16:38+00:00","og_image":[{"width":200,"height":200,"url":"https:\/\/lospoliticosveracruz.com\/wp-content\/uploads\/2016\/07\/Logo-Dor.jpg","type":"image\/jpeg"}],"author":"Lo viste en Los Pol\u00edticos","twitter_card":"summary_large_image","twitter_creator":"@LosPoliticosVer","twitter_site":"@LosPoliticosVer","twitter_misc":{"Escrito por":"Lo viste en Los Pol\u00edticos","Tiempo de lectura":"3 minutos"},"schema":{"@context":"https:\/\/schema.org","@graph":[{"@type":"Article","@id":"https:\/\/lospoliticosveracruz.com\/?p=115950#article","isPartOf":{"@id":"https:\/\/lospoliticosveracruz.com\/?p=115950"},"author":{"name":"Lo viste en Los Pol\u00edticos","@id":"https:\/\/lospoliticosveracruz.com\/#\/schema\/person\/b8702bb0e538456e6efd07080bf2a4a2"},"headline":"ANIL\u00da Y JULEN","datePublished":"2023-12-21T15:16:26+00:00","dateModified":"2023-12-21T15:16:38+00:00","mainEntityOfPage":{"@id":"https:\/\/lospoliticosveracruz.com\/?p=115950"},"wordCount":593,"publisher":{"@id":"https:\/\/lospoliticosveracruz.com\/#organization"},"keywords":["Alito Moreno","Frente Amplio por M\u00e9xico","Frente Amplio por Veracruz","Julen Rementer\u00eda","Pepe Yunes Zorrilla","PRI","Roc\u00edo Nahle Garc\u00eda","Veracruz"],"articleSection":["De Opini\u00f3n"],"inLanguage":"es"},{"@type":"WebPage","@id":"https:\/\/lospoliticosveracruz.com\/?p=115950","url":"https:\/\/lospoliticosveracruz.com\/?p=115950","name":"ANIL\u00da Y JULEN - Los pol\u00edticos Veracruz","isPartOf":{"@id":"https:\/\/lospoliticosveracruz.com\/#website"},"datePublished":"2023-12-21T15:16:26+00:00","dateModified":"2023-12-21T15:16:38+00:00","breadcrumb":{"@id":"https:\/\/lospoliticosveracruz.com\/?p=115950#breadcrumb"},"inLanguage":"es","potentialAction":[{"@type":"ReadAction","target":["https:\/\/lospoliticosveracruz.com\/?p=115950"]}]},{"@type":"BreadcrumbList","@id":"https:\/\/lospoliticosveracruz.com\/?p=115950#breadcrumb","itemListElement":[{"@type":"ListItem","position":1,"name":"Portada","item":"https:\/\/lospoliticosveracruz.com\/"},{"@type":"ListItem","position":2,"name":"ANIL\u00da Y JULEN"}]},{"@type":"WebSite","@id":"https:\/\/lospoliticosveracruz.com\/#website","url":"https:\/\/lospoliticosveracruz.com\/","name":"Los pol\u00edticos Veracruz","description":"","publisher":{"@id":"https:\/\/lospoliticosveracruz.com\/#organization"},"potentialAction":[{"@type":"SearchAction","target":{"@type":"EntryPoint","urlTemplate":"https:\/\/lospoliticosveracruz.com\/?s={search_term_string}"},"query-input":{"@type":"PropertyValueSpecification","valueRequired":true,"valueName":"search_term_string"}}],"inLanguage":"es"},{"@type":"Organization","@id":"https:\/\/lospoliticosveracruz.com\/#organization","name":"Los pol\u00edticos Veracruz","url":"https:\/\/lospoliticosveracruz.com\/","logo":{"@type":"ImageObject","inLanguage":"es","@id":"https:\/\/lospoliticosveracruz.com\/#\/schema\/logo\/image\/","url":"https:\/\/lospoliticosveracruz.com\/wp-content\/uploads\/2025\/12\/Logo-Nuevo-LOS-POLITICOS-1.jpg","contentUrl":"https:\/\/lospoliticosveracruz.com\/wp-content\/uploads\/2025\/12\/Logo-Nuevo-LOS-POLITICOS-1.jpg","width":260,"height":70,"caption":"Los pol\u00edticos Veracruz"},"image":{"@id":"https:\/\/lospoliticosveracruz.com\/#\/schema\/logo\/image\/"},"sameAs":["https:\/\/www.facebook.com\/people\/Notimemes-de-los-Polticos\/61565672886568\/","https:\/\/x.com\/LosPoliticosVer"]},{"@type":"Person","@id":"https:\/\/lospoliticosveracruz.com\/#\/schema\/person\/b8702bb0e538456e6efd07080bf2a4a2","name":"Lo viste en Los Pol\u00edticos","image":{"@type":"ImageObject","inLanguage":"es","@id":"https:\/\/secure.gravatar.com\/avatar\/3a8de04a2656d44082be478bd6c086daa447c4651605818287b9532d3d0bd435?s=96&d=mm&r=g","url":"https:\/\/secure.gravatar.com\/avatar\/3a8de04a2656d44082be478bd6c086daa447c4651605818287b9532d3d0bd435?s=96&d=mm&r=g","contentUrl":"https:\/\/secure.gravatar.com\/avatar\/3a8de04a2656d44082be478bd6c086daa447c4651605818287b9532d3d0bd435?s=96&d=mm&r=g","caption":"Lo viste en Los Pol\u00edticos"},"url":"https:\/\/lospoliticosveracruz.com\/?author=2"}]}},"_links":{"self":[{"href":"https:\/\/lospoliticosveracruz.com\/index.php?rest_route=\/wp\/v2\/posts\/115950","targetHints":{"allow":["GET"]}}],"collection":[{"href":"https:\/\/lospoliticosveracruz.com\/index.php?rest_route=\/wp\/v2\/posts"}],"about":[{"href":"https:\/\/lospoliticosveracruz.com\/index.php?rest_route=\/wp\/v2\/types\/post"}],"author":[{"embeddable":true,"href":"https:\/\/lospoliticosveracruz.com\/index.php?rest_route=\/wp\/v2\/users\/2"}],"replies":[{"embeddable":true,"href":"https:\/\/lospoliticosveracruz.com\/index.php?rest_route=%2Fwp%2Fv2%2Fcomments&post=115950"}],"version-history":[{"count":1,"href":"https:\/\/lospoliticosveracruz.com\/index.php?rest_route=\/wp\/v2\/posts\/115950\/revisions"}],"predecessor-version":[{"id":115952,"href":"https:\/\/lospoliticosveracruz.com\/index.php?rest_route=\/wp\/v2\/posts\/115950\/revisions\/115952"}],"wp:attachment":[{"href":"https:\/\/lospoliticosveracruz.com\/index.php?rest_route=%2Fwp%2Fv2%2Fmedia&parent=115950"}],"wp:term":[{"taxonomy":"category","embeddable":true,"href":"https:\/\/lospoliticosveracruz.com\/index.php?rest_route=%2Fwp%2Fv2%2Fcategories&post=115950"},{"taxonomy":"post_tag","embeddable":true,"href":"https:\/\/lospoliticosveracruz.com\/index.php?rest_route=%2Fwp%2Fv2%2Ftags&post=115950"}],"curies":[{"name":"wp","href":"https:\/\/api.w.org\/{rel}","templated":true}]}}