{"id":116064,"date":"2023-12-26T07:39:41","date_gmt":"2023-12-26T13:39:41","guid":{"rendered":"https:\/\/lospoliticosveracruz.com.mx\/?p=116064"},"modified":"2023-12-26T07:39:49","modified_gmt":"2023-12-26T13:39:49","slug":"palo-en-noche-buena","status":"publish","type":"post","link":"https:\/\/lospoliticosveracruz.com\/?p=116064","title":{"rendered":"PALO EN NOCHE BUENA"},"content":{"rendered":"\n<p><strong>Oved Contreras <\/strong><\/p>\n\n\n\n<p><em>Secas Mecas<\/em><\/p>\n\n\n\n<p>Javier Duarte de Ochoa denunci\u00f3 al juez de control Francisco Reyes Contreras por desacato, luego de que no pudo revocar la medida cautelar de prisi\u00f3n preventiva justificada por un a\u00f1o y desobedeci\u00f3 una supuesta suspensi\u00f3n definitiva concedida en contra del auto de vinculaci\u00f3n a proceso dictado en contra de Duarte por su probable participaci\u00f3n en el delito de desaparici\u00f3n forzada dentro del proceso penal n\u00famero 103\/2018 referente al caso del expolic\u00eda, David Lara Cruz.<\/p>\n\n\n\n<p>Sin embargo, pese a la suspensi\u00f3n definitiva Reyes Contreras determin\u00f3 ampliar la prisi\u00f3n preventiva justificada hasta diciembre de 2024\u2026el ex gobernador no se aguant\u00f3 por el rev\u00e9s y acus\u00f3 que dicha determinaci\u00f3n viol\u00f3 el fallo del juez federal y por esa raz\u00f3n procedi\u00f3 a denunciarlo ante el juzgado d\u00e9cimo quinto.<\/p>\n\n\n\n<p>El Duartocho refiere que su libertad personal est\u00e1 a disposici\u00f3n del juez de amparo, raz\u00f3n por la que es \u00e9ste y no el juez del fuero com\u00fan el que debe resolver cualquier medida que afecte ese derecho.<\/p>\n\n\n\n<p>Por m\u00e1s porras que le echa a Cuitl\u00e1huac Garc\u00eda y a la zacatecana Roc\u00edo Nahle, el exgobernador no logr\u00f3 revocar la medida cautelar al promover un incidente por incumplimiento, lo que dej\u00f3 en firme el fallo del juez de control de Veracruz.<\/p>\n\n\n\n<p>La defensa de Javier Duarte tambi\u00e9n interpuso un recurso de revisi\u00f3n en contra de la resoluci\u00f3n interlocutoria en la que se le concedi\u00f3 la suspensi\u00f3n definitiva solicitada, el cual fue admitido por un Tribunal Colegiado\u2026el Duartocho sigue recluido en el Reclusorio Norte debido a su condena de nueve a\u00f1os de prisi\u00f3n, tras haber admitido su culpabilidad por lavado de dinero y asociaci\u00f3n delictuosa, aunque buscaba su liberaci\u00f3n anticipada.<\/p>\n\n\n\n<p>Y LA AUTONOM\u00cdA JUDICIAL\u2026parece que al nuevo r\u00e9gimen no le importa la divisi\u00f3n de poderes y la autonom\u00eda que deben tener con cualquier filia partidista\u2026quieren que los magistrados hagan presencia en eventos de Morena que porque se hace los domingos y es su d\u00eda libre\u2026esa es la propuesta del primazo Cheo Guerrero, l\u00edder de la agrupaci\u00f3n \u201cV\u00e1monos con todo\u201d.<\/p>\n\n\n\n<p>El funcionario asegura que se deben Guerrero salvaguardar los derechos pol\u00edticos de todos los funcionar p\u00fablicos, independientemente de su rol en una instituci\u00f3n judicial y a las cr\u00edticas que lanzan integrantes de la oposici\u00f3n, quesque el desempe\u00f1o de funciones administrativas no debe menoscabar los derechos pol\u00edticos, incluso para aquellos que ocupan cargos p\u00fablicos.<\/p>\n\n\n\n<p>Al evento de celebraci\u00f3n del s\u00e9ptimo aniversario de la organizaci\u00f3n \u201cUnidos Todos\u201d del pasado 26 de noviembre, el funcionario defendi\u00f3 a quienes acuden a sus reuniones\u2026all\u00ed estuvieron las magistradas del Poder Judicial del Estado (PJE), Ailet Garc\u00eda Cayetano y Denisse de los \u00c1ngeles Uribe Obreg\u00f3n, que no esconden sus simpat\u00edas por Morena.<\/p>\n\n\n\n<p>Al respecto, Cheo Guerrero justifica que los encuentros de Unidos Todos se llevan a cabo los domingos y en horarios no laborales, permitiendo la participaci\u00f3n de cualquier ciudadano interesado\u2026a partir de esas intervenciones de las magistradas en eventos ligados a Morena, c\u00f3mo defender\u00e1n una resoluci\u00f3n judicial a favor del r\u00e9gimen\u2026con qu\u00e9 cara le dir\u00e1n a la ciudadan\u00eda que sus decisiones no tienen nada que ver con su corazoncito marr\u00f3n y su activismo a favor de la Cuarta Transformaci\u00f3n.<\/p>\n\n\n\n<p>VERACRUZ FEMINICIDA\u2026un sujeto asesin\u00f3 a su madre con una piedra en la localidad de Panatl\u00e1n en el municipio de \u00c1ngel R. Cabada, la noche del domingo sin que hasta el momento se haya dado con el paradero del matricida\u2026.los reportes establecen que los hechos ocurrieron a la altura del parque de la citada localidad, donde se habr\u00eda visto discutir a Abdiel Francisco \u00abN\u00bb con su madre identificada como Mar\u00eda Esther L. G., de 62 a\u00f1os de edad.<\/p>\n\n\n\n<p>De acuerdo a los vecinos del sector, la discusi\u00f3n subi\u00f3 de tono y Abdiel Francisco, de 29 a\u00f1os de edad golpe\u00f3 a su madre en la cabeza con una piedra para luego escapar del lugar sin que nadie pudiera evitarlo.<\/p>\n\n\n\n<p>De inmediato se solicit\u00f3 la asistencia de socorristas, pero desafortunadamente la mujer ya no ten\u00eda signos vitales. Como parte del protocolo para la preservaci\u00f3n de la escena del crimen, elementos policiacos acordonaron el \u00e1rea para dar paso a los trabajos periciales por parte de las autoridades ministeriales.<\/p>\n\n\n\n<p>De enero a noviembre de este a\u00f1o en la entidad veracruzana se han registrado 43 feminicidios, de acuerdo con el Secretariado Ejecutivo del Sistema Nacional de Seguridad P\u00fablica.<\/p>\n","protected":false},"excerpt":{"rendered":"<p>Oved Contreras Secas Mecas Javier Duarte de Ochoa denunci\u00f3 al juez de control Francisco Reyes Contreras por desacato, luego de que no pudo revocar la medida cautelar de prisi\u00f3n preventiva justificada por un a\u00f1o y desobedeci\u00f3 una supuesta suspensi\u00f3n definitiva concedida en contra del auto de vinculaci\u00f3n a proceso dictado en contra de Duarte por [&hellip;]<\/p>\n","protected":false},"author":2,"featured_media":0,"comment_status":"closed","ping_status":"closed","sticky":false,"template":"","format":"standard","meta":{"tdm_status":"","tdm_grid_status":"","footnotes":""},"categories":[70],"tags":[1563,260,195],"class_list":{"0":"post-116064","1":"post","2":"type-post","3":"status-publish","4":"format-standard","6":"category-de-opinion","7":"tag-cuitlahuac-garcia-jimenez","8":"tag-javier-duarte-de-ochoa","9":"tag-veracruz"},"yoast_head":"<!-- This site is optimized with the Yoast SEO plugin v27.4 - https:\/\/yoast.com\/product\/yoast-seo-wordpress\/ -->\n<title>PALO EN NOCHE BUENA - Los pol\u00edticos Veracruz<\/title>\n<meta name=\"robots\" content=\"index, follow, max-snippet:-1, max-image-preview:large, max-video-preview:-1\" \/>\n<link rel=\"canonical\" href=\"https:\/\/lospoliticosveracruz.com\/?p=116064\" \/>\n<meta property=\"og:locale\" content=\"es_ES\" \/>\n<meta property=\"og:type\" content=\"article\" \/>\n<meta property=\"og:title\" content=\"PALO EN NOCHE BUENA - Los pol\u00edticos Veracruz\" \/>\n<meta property=\"og:description\" content=\"Oved Contreras Secas Mecas Javier Duarte de Ochoa denunci\u00f3 al juez de control Francisco Reyes Contreras por desacato, luego de que no pudo revocar la medida cautelar de prisi\u00f3n preventiva justificada por un a\u00f1o y desobedeci\u00f3 una supuesta suspensi\u00f3n definitiva concedida en contra del auto de vinculaci\u00f3n a proceso dictado en contra de Duarte por [&hellip;]\" \/>\n<meta property=\"og:url\" content=\"https:\/\/lospoliticosveracruz.com\/?p=116064\" \/>\n<meta property=\"og:site_name\" content=\"Los pol\u00edticos Veracruz\" \/>\n<meta property=\"article:publisher\" content=\"https:\/\/www.facebook.com\/people\/Notimemes-de-los-Polticos\/61565672886568\/\" \/>\n<meta property=\"article:published_time\" content=\"2023-12-26T13:39:41+00:00\" \/>\n<meta property=\"article:modified_time\" content=\"2023-12-26T13:39:49+00:00\" \/>\n<meta property=\"og:image\" content=\"https:\/\/lospoliticosveracruz.com\/wp-content\/uploads\/2016\/07\/Logo-Dor.jpg\" \/>\n\t<meta property=\"og:image:width\" content=\"200\" \/>\n\t<meta property=\"og:image:height\" content=\"200\" \/>\n\t<meta property=\"og:image:type\" content=\"image\/jpeg\" \/>\n<meta name=\"author\" content=\"Lo viste en Los Pol\u00edticos\" \/>\n<meta name=\"twitter:card\" content=\"summary_large_image\" \/>\n<meta name=\"twitter:creator\" content=\"@LosPoliticosVer\" \/>\n<meta name=\"twitter:site\" content=\"@LosPoliticosVer\" \/>\n<meta name=\"twitter:label1\" content=\"Escrito por\" \/>\n\t<meta name=\"twitter:data1\" content=\"Lo viste en Los Pol\u00edticos\" \/>\n\t<meta name=\"twitter:label2\" content=\"Tiempo de lectura\" \/>\n\t<meta name=\"twitter:data2\" content=\"4 minutos\" \/>\n<script type=\"application\/ld+json\" class=\"yoast-schema-graph\">{\"@context\":\"https:\\\/\\\/schema.org\",\"@graph\":[{\"@type\":\"Article\",\"@id\":\"https:\\\/\\\/lospoliticosveracruz.com\\\/?p=116064#article\",\"isPartOf\":{\"@id\":\"https:\\\/\\\/lospoliticosveracruz.com\\\/?p=116064\"},\"author\":{\"name\":\"Lo viste en Los Pol\u00edticos\",\"@id\":\"https:\\\/\\\/lospoliticosveracruz.com\\\/#\\\/schema\\\/person\\\/b8702bb0e538456e6efd07080bf2a4a2\"},\"headline\":\"PALO EN NOCHE BUENA\",\"datePublished\":\"2023-12-26T13:39:41+00:00\",\"dateModified\":\"2023-12-26T13:39:49+00:00\",\"mainEntityOfPage\":{\"@id\":\"https:\\\/\\\/lospoliticosveracruz.com\\\/?p=116064\"},\"wordCount\":787,\"publisher\":{\"@id\":\"https:\\\/\\\/lospoliticosveracruz.com\\\/#organization\"},\"keywords\":[\"Cuitl\u00e1huac Garc\u00eda Jim\u00e9nez\",\"Javier Duarte de Ochoa\",\"Veracruz\"],\"articleSection\":[\"De Opini\u00f3n\"],\"inLanguage\":\"es\"},{\"@type\":\"WebPage\",\"@id\":\"https:\\\/\\\/lospoliticosveracruz.com\\\/?p=116064\",\"url\":\"https:\\\/\\\/lospoliticosveracruz.com\\\/?p=116064\",\"name\":\"PALO EN NOCHE BUENA - Los pol\u00edticos Veracruz\",\"isPartOf\":{\"@id\":\"https:\\\/\\\/lospoliticosveracruz.com\\\/#website\"},\"datePublished\":\"2023-12-26T13:39:41+00:00\",\"dateModified\":\"2023-12-26T13:39:49+00:00\",\"breadcrumb\":{\"@id\":\"https:\\\/\\\/lospoliticosveracruz.com\\\/?p=116064#breadcrumb\"},\"inLanguage\":\"es\",\"potentialAction\":[{\"@type\":\"ReadAction\",\"target\":[\"https:\\\/\\\/lospoliticosveracruz.com\\\/?p=116064\"]}]},{\"@type\":\"BreadcrumbList\",\"@id\":\"https:\\\/\\\/lospoliticosveracruz.com\\\/?p=116064#breadcrumb\",\"itemListElement\":[{\"@type\":\"ListItem\",\"position\":1,\"name\":\"Portada\",\"item\":\"https:\\\/\\\/lospoliticosveracruz.com\\\/\"},{\"@type\":\"ListItem\",\"position\":2,\"name\":\"PALO EN NOCHE BUENA\"}]},{\"@type\":\"WebSite\",\"@id\":\"https:\\\/\\\/lospoliticosveracruz.com\\\/#website\",\"url\":\"https:\\\/\\\/lospoliticosveracruz.com\\\/\",\"name\":\"Los pol\u00edticos Veracruz\",\"description\":\"\",\"publisher\":{\"@id\":\"https:\\\/\\\/lospoliticosveracruz.com\\\/#organization\"},\"potentialAction\":[{\"@type\":\"SearchAction\",\"target\":{\"@type\":\"EntryPoint\",\"urlTemplate\":\"https:\\\/\\\/lospoliticosveracruz.com\\\/?s={search_term_string}\"},\"query-input\":{\"@type\":\"PropertyValueSpecification\",\"valueRequired\":true,\"valueName\":\"search_term_string\"}}],\"inLanguage\":\"es\"},{\"@type\":\"Organization\",\"@id\":\"https:\\\/\\\/lospoliticosveracruz.com\\\/#organization\",\"name\":\"Los pol\u00edticos Veracruz\",\"url\":\"https:\\\/\\\/lospoliticosveracruz.com\\\/\",\"logo\":{\"@type\":\"ImageObject\",\"inLanguage\":\"es\",\"@id\":\"https:\\\/\\\/lospoliticosveracruz.com\\\/#\\\/schema\\\/logo\\\/image\\\/\",\"url\":\"https:\\\/\\\/lospoliticosveracruz.com\\\/wp-content\\\/uploads\\\/2025\\\/12\\\/Logo-Nuevo-LOS-POLITICOS-1.jpg\",\"contentUrl\":\"https:\\\/\\\/lospoliticosveracruz.com\\\/wp-content\\\/uploads\\\/2025\\\/12\\\/Logo-Nuevo-LOS-POLITICOS-1.jpg\",\"width\":260,\"height\":70,\"caption\":\"Los pol\u00edticos Veracruz\"},\"image\":{\"@id\":\"https:\\\/\\\/lospoliticosveracruz.com\\\/#\\\/schema\\\/logo\\\/image\\\/\"},\"sameAs\":[\"https:\\\/\\\/www.facebook.com\\\/people\\\/Notimemes-de-los-Polticos\\\/61565672886568\\\/\",\"https:\\\/\\\/x.com\\\/LosPoliticosVer\"]},{\"@type\":\"Person\",\"@id\":\"https:\\\/\\\/lospoliticosveracruz.com\\\/#\\\/schema\\\/person\\\/b8702bb0e538456e6efd07080bf2a4a2\",\"name\":\"Lo viste en Los Pol\u00edticos\",\"image\":{\"@type\":\"ImageObject\",\"inLanguage\":\"es\",\"@id\":\"https:\\\/\\\/secure.gravatar.com\\\/avatar\\\/3a8de04a2656d44082be478bd6c086daa447c4651605818287b9532d3d0bd435?s=96&d=mm&r=g\",\"url\":\"https:\\\/\\\/secure.gravatar.com\\\/avatar\\\/3a8de04a2656d44082be478bd6c086daa447c4651605818287b9532d3d0bd435?s=96&d=mm&r=g\",\"contentUrl\":\"https:\\\/\\\/secure.gravatar.com\\\/avatar\\\/3a8de04a2656d44082be478bd6c086daa447c4651605818287b9532d3d0bd435?s=96&d=mm&r=g\",\"caption\":\"Lo viste en Los Pol\u00edticos\"},\"url\":\"https:\\\/\\\/lospoliticosveracruz.com\\\/?author=2\"}]}<\/script>\n<!-- \/ Yoast SEO plugin. -->","yoast_head_json":{"title":"PALO EN NOCHE BUENA - Los pol\u00edticos Veracruz","robots":{"index":"index","follow":"follow","max-snippet":"max-snippet:-1","max-image-preview":"max-image-preview:large","max-video-preview":"max-video-preview:-1"},"canonical":"https:\/\/lospoliticosveracruz.com\/?p=116064","og_locale":"es_ES","og_type":"article","og_title":"PALO EN NOCHE BUENA - Los pol\u00edticos Veracruz","og_description":"Oved Contreras Secas Mecas Javier Duarte de Ochoa denunci\u00f3 al juez de control Francisco Reyes Contreras por desacato, luego de que no pudo revocar la medida cautelar de prisi\u00f3n preventiva justificada por un a\u00f1o y desobedeci\u00f3 una supuesta suspensi\u00f3n definitiva concedida en contra del auto de vinculaci\u00f3n a proceso dictado en contra de Duarte por [&hellip;]","og_url":"https:\/\/lospoliticosveracruz.com\/?p=116064","og_site_name":"Los pol\u00edticos Veracruz","article_publisher":"https:\/\/www.facebook.com\/people\/Notimemes-de-los-Polticos\/61565672886568\/","article_published_time":"2023-12-26T13:39:41+00:00","article_modified_time":"2023-12-26T13:39:49+00:00","og_image":[{"width":200,"height":200,"url":"https:\/\/lospoliticosveracruz.com\/wp-content\/uploads\/2016\/07\/Logo-Dor.jpg","type":"image\/jpeg"}],"author":"Lo viste en Los Pol\u00edticos","twitter_card":"summary_large_image","twitter_creator":"@LosPoliticosVer","twitter_site":"@LosPoliticosVer","twitter_misc":{"Escrito por":"Lo viste en Los Pol\u00edticos","Tiempo de lectura":"4 minutos"},"schema":{"@context":"https:\/\/schema.org","@graph":[{"@type":"Article","@id":"https:\/\/lospoliticosveracruz.com\/?p=116064#article","isPartOf":{"@id":"https:\/\/lospoliticosveracruz.com\/?p=116064"},"author":{"name":"Lo viste en Los Pol\u00edticos","@id":"https:\/\/lospoliticosveracruz.com\/#\/schema\/person\/b8702bb0e538456e6efd07080bf2a4a2"},"headline":"PALO EN NOCHE BUENA","datePublished":"2023-12-26T13:39:41+00:00","dateModified":"2023-12-26T13:39:49+00:00","mainEntityOfPage":{"@id":"https:\/\/lospoliticosveracruz.com\/?p=116064"},"wordCount":787,"publisher":{"@id":"https:\/\/lospoliticosveracruz.com\/#organization"},"keywords":["Cuitl\u00e1huac Garc\u00eda Jim\u00e9nez","Javier Duarte de Ochoa","Veracruz"],"articleSection":["De Opini\u00f3n"],"inLanguage":"es"},{"@type":"WebPage","@id":"https:\/\/lospoliticosveracruz.com\/?p=116064","url":"https:\/\/lospoliticosveracruz.com\/?p=116064","name":"PALO EN NOCHE BUENA - Los pol\u00edticos Veracruz","isPartOf":{"@id":"https:\/\/lospoliticosveracruz.com\/#website"},"datePublished":"2023-12-26T13:39:41+00:00","dateModified":"2023-12-26T13:39:49+00:00","breadcrumb":{"@id":"https:\/\/lospoliticosveracruz.com\/?p=116064#breadcrumb"},"inLanguage":"es","potentialAction":[{"@type":"ReadAction","target":["https:\/\/lospoliticosveracruz.com\/?p=116064"]}]},{"@type":"BreadcrumbList","@id":"https:\/\/lospoliticosveracruz.com\/?p=116064#breadcrumb","itemListElement":[{"@type":"ListItem","position":1,"name":"Portada","item":"https:\/\/lospoliticosveracruz.com\/"},{"@type":"ListItem","position":2,"name":"PALO EN NOCHE BUENA"}]},{"@type":"WebSite","@id":"https:\/\/lospoliticosveracruz.com\/#website","url":"https:\/\/lospoliticosveracruz.com\/","name":"Los pol\u00edticos Veracruz","description":"","publisher":{"@id":"https:\/\/lospoliticosveracruz.com\/#organization"},"potentialAction":[{"@type":"SearchAction","target":{"@type":"EntryPoint","urlTemplate":"https:\/\/lospoliticosveracruz.com\/?s={search_term_string}"},"query-input":{"@type":"PropertyValueSpecification","valueRequired":true,"valueName":"search_term_string"}}],"inLanguage":"es"},{"@type":"Organization","@id":"https:\/\/lospoliticosveracruz.com\/#organization","name":"Los pol\u00edticos Veracruz","url":"https:\/\/lospoliticosveracruz.com\/","logo":{"@type":"ImageObject","inLanguage":"es","@id":"https:\/\/lospoliticosveracruz.com\/#\/schema\/logo\/image\/","url":"https:\/\/lospoliticosveracruz.com\/wp-content\/uploads\/2025\/12\/Logo-Nuevo-LOS-POLITICOS-1.jpg","contentUrl":"https:\/\/lospoliticosveracruz.com\/wp-content\/uploads\/2025\/12\/Logo-Nuevo-LOS-POLITICOS-1.jpg","width":260,"height":70,"caption":"Los pol\u00edticos Veracruz"},"image":{"@id":"https:\/\/lospoliticosveracruz.com\/#\/schema\/logo\/image\/"},"sameAs":["https:\/\/www.facebook.com\/people\/Notimemes-de-los-Polticos\/61565672886568\/","https:\/\/x.com\/LosPoliticosVer"]},{"@type":"Person","@id":"https:\/\/lospoliticosveracruz.com\/#\/schema\/person\/b8702bb0e538456e6efd07080bf2a4a2","name":"Lo viste en Los Pol\u00edticos","image":{"@type":"ImageObject","inLanguage":"es","@id":"https:\/\/secure.gravatar.com\/avatar\/3a8de04a2656d44082be478bd6c086daa447c4651605818287b9532d3d0bd435?s=96&d=mm&r=g","url":"https:\/\/secure.gravatar.com\/avatar\/3a8de04a2656d44082be478bd6c086daa447c4651605818287b9532d3d0bd435?s=96&d=mm&r=g","contentUrl":"https:\/\/secure.gravatar.com\/avatar\/3a8de04a2656d44082be478bd6c086daa447c4651605818287b9532d3d0bd435?s=96&d=mm&r=g","caption":"Lo viste en Los Pol\u00edticos"},"url":"https:\/\/lospoliticosveracruz.com\/?author=2"}]}},"_links":{"self":[{"href":"https:\/\/lospoliticosveracruz.com\/index.php?rest_route=\/wp\/v2\/posts\/116064","targetHints":{"allow":["GET"]}}],"collection":[{"href":"https:\/\/lospoliticosveracruz.com\/index.php?rest_route=\/wp\/v2\/posts"}],"about":[{"href":"https:\/\/lospoliticosveracruz.com\/index.php?rest_route=\/wp\/v2\/types\/post"}],"author":[{"embeddable":true,"href":"https:\/\/lospoliticosveracruz.com\/index.php?rest_route=\/wp\/v2\/users\/2"}],"replies":[{"embeddable":true,"href":"https:\/\/lospoliticosveracruz.com\/index.php?rest_route=%2Fwp%2Fv2%2Fcomments&post=116064"}],"version-history":[{"count":1,"href":"https:\/\/lospoliticosveracruz.com\/index.php?rest_route=\/wp\/v2\/posts\/116064\/revisions"}],"predecessor-version":[{"id":116065,"href":"https:\/\/lospoliticosveracruz.com\/index.php?rest_route=\/wp\/v2\/posts\/116064\/revisions\/116065"}],"wp:attachment":[{"href":"https:\/\/lospoliticosveracruz.com\/index.php?rest_route=%2Fwp%2Fv2%2Fmedia&parent=116064"}],"wp:term":[{"taxonomy":"category","embeddable":true,"href":"https:\/\/lospoliticosveracruz.com\/index.php?rest_route=%2Fwp%2Fv2%2Fcategories&post=116064"},{"taxonomy":"post_tag","embeddable":true,"href":"https:\/\/lospoliticosveracruz.com\/index.php?rest_route=%2Fwp%2Fv2%2Ftags&post=116064"}],"curies":[{"name":"wp","href":"https:\/\/api.w.org\/{rel}","templated":true}]}}