{"id":116082,"date":"2023-12-26T16:08:07","date_gmt":"2023-12-26T22:08:07","guid":{"rendered":"https:\/\/lospoliticosveracruz.com.mx\/?p=116082"},"modified":"2023-12-26T16:08:20","modified_gmt":"2023-12-26T22:08:20","slug":"articulos-impagables","status":"publish","type":"post","link":"https:\/\/lospoliticosveracruz.com\/?p=116082","title":{"rendered":"ART\u00cdCULOS IMPAGABLES"},"content":{"rendered":"\n<p><strong>Miguel \u00c1ngel G\u00f3mez Ruiz<\/strong><\/p>\n\n\n\n<p><em>Contrapunto<\/em><\/p>\n\n\n\n<p>En cualquier Supermercado de moda o en los mercados tradicionales el comentario era el mismo \u201ctodo est\u00e1 muy caro\u201d.<\/p>\n\n\n\n<p>El kilogramo de carne de res sobrepasaba los 220 pesos, el de cerdo rondaba los 130 pesos. Un pollo entero costaba alrededor de 120 pesos y el costo de la verdura no pod\u00eda quedarse atr\u00e1s. El jitomate, que hace apenas dos semanas costaba 18 pesos el kilogramo ahora rondaba los 45 pesos y el de papa, que apenas el 15 de diciembre cost\u00f3 28 pesos ahora estuvo entre 46 y 55 pesos.<\/p>\n\n\n<div class=\"wp-block-image\">\n<figure class=\"alignleft size-full is-resized\"><a href=\"https:\/\/lospoliticosveracruz.com.mx\/wp-content\/uploads\/2023\/02\/Vinissimo.jpg\"><img decoding=\"async\" src=\"https:\/\/lospoliticosveracruz.com.mx\/wp-content\/uploads\/2023\/02\/Vinissimo.jpg\" alt=\"\" class=\"wp-image-102752\" style=\"width:132px;height:auto\"\/><\/a><\/figure>\n<\/div>\n\n\n<p>El problema es que no s\u00f3lo los precios estar\u00e1n altos en la \u00e9poca navide\u00f1a, sino que, por ejemplo, las carnes de res, cerdo y pollo ya no bajar\u00e1n y al contrario, seguir\u00e1n a precio alto sin que ninguna autoridad le ponga freno a esto.<\/p>\n\n\n\n<p>El gobierno federal se ha visto m\u00e1s que in\u00fatil a la hora de frenar el alza en los productos b\u00e1sicos y lo repito, durante 2023 todo lo que se refiere a Bimbo y Marinela subi\u00f3 de precio hasta tres veces, lo mismo que el refresco y aunque eso no pudiese importarnos, pero todas esas empresas presumen que utilizan productos mexicanos.<\/p>\n\n\n\n<p>Todo ello se traduce en que contamos con 60 millones de pobres en el pa\u00eds y un buen porcentaje de estos pobres vive en pobreza extrema. No es verdad que la pobreza en el pa\u00eds baj\u00f3. Hoy vemos a m\u00e1s gente buscando trabajo, m\u00e1s gente aceptando puestos en los que se les pagan menos de 100 pesos al d\u00eda, con horarios muy pesados.<\/p>\n\n\n\n<p>Porque, aunque este gobierno presuma que ya hay un salario m\u00ednimo de por lo menos 200 pesos, en muchos lados ni siquiera ese salario se paga en papeler\u00edas, mercer\u00edas, tiendas de ropa, tiendas de abarrotes y de refacciones para celulares, por ejemplo, pero quienes trabajan all\u00ed tienen que aceptar esas condiciones para sobrevivir. Si usted agrega que muchas de esas personas tienen pareja e hijos, la situaci\u00f3n se ve m\u00e1s complicada.<\/p>\n\n\n\n<p>En Xalapa se dio el caso de don Sebasti\u00e1n, de 73 a\u00f1os y que labor\u00f3 toda su vida en una empresa de Emiliano Zapata. Cuando se jubil\u00f3, poco despu\u00e9s de cumplir 66 a\u00f1os, recibi\u00f3 una peque\u00f1a liquidaci\u00f3n que comparti\u00f3 con sus tres hijos, dos varones y una mujer, todos casados y con familia. Cada a\u00f1o celebraba la Navidad con ellos en su casa, con su esposa al lado, hasta que este a\u00f1o no pudo m\u00e1s. La crisis generada por el gobierno del presidente L\u00f3pez le orill\u00f3 a no compartir m\u00e1s la pensi\u00f3n con sus hijos, que siempre recurr\u00edan a \u00e9l pese a vivir con sus familias. Desconsolado, fue advertido que, de ahora en adelante, ya no ser\u00eda visitado por sus hijos y pasar\u00eda la fiesta solo con su esposa al lado.<\/p>\n\n\n\n<p>Pero no s\u00f3lo no poder compartir la pensi\u00f3n fue el motivo. La cena ya era impagable y ninguno de sus hijos contribu\u00eda con centavo alguno. Todos los gastos corr\u00edan a cargo de este adulto mayor cuya \u00fanica ilusi\u00f3n era ver a su familia junta y disfrutar a sus nietos. Y no ocurre s\u00f3lo eso en Xalapa.<\/p>\n\n\n\n<p>Javier es un carnicero muy buscado en Xalapa. Pese al alza del producto siempre es buscado por la gente. Fue avisado por su patr\u00f3n que no recibir\u00eda aguinaldo y que deb\u00eda vender producto, de lo contrario, a fin de a\u00f1o si el resultado no era satisfactorio \u2013en ventas- tendr\u00eda que irse de all\u00ed. Es decir, Javier tuvo que echarse a la espalda la presi\u00f3n de que deb\u00eda vender mucho, sin ser el due\u00f1o, y que aparte deb\u00eda ser muy inteligente para vender menos producto. Es decir, hacer trucos con la pesa para vender kilogramos de 850 o 900 gramos. As\u00ed, de esa forma se conducen muchos comerciantes en tiempos de la 4T, como si se identificaran con ella y esa fuese la forma de trabajar.<\/p>\n\n\n\n<p>A pesar de esto, de que el pa\u00eds va hacia el abismo, la gente sigue prefiriendo vivir as\u00ed, sin dinero y esperanza, pero aplaudiendo a un sistema que cada vez, les empobrece m\u00e1s.<\/p>\n\n\n\n<p>Morenistas en todo su esplendor<\/p>\n\n\n\n<p>Reconocidos por el propio presidente L\u00f3pez de que no hicieron cosas buenas pero que son bienvenidos al partido que cre\u00f3, Eruviel \u00c1vila, Adri\u00e1n Ruvalcaba, Jorge Carlos Ram\u00edrez Mar\u00edn, Alejandro Murat, Nuvia Mayorga y otras fichitas m\u00e1s decidieron crear una alianza progresista y unirse a la ineficiente y fr\u00e1gil Claudia Sheinbaum, la favorita del presidente para que le suceda.<\/p>\n\n\n\n<p>Nadie sabe cu\u00e1nto le cost\u00f3 esta adhesi\u00f3n a la presidencia o a Morena, pero lo que se ve es que est\u00e1n recurriendo a lo que sea para tratar de no seguir naufragando con una candidata incapaz de resucitar su candidatura. Si bien Claudia Sheinbaum es un fiasco, nadie se explica c\u00f3mo es que este grupo de priistas sin gracia \u2013tendr\u00eda m\u00e1s gracia un grupo de changuitos- se unen a su proyecto que no es m\u00e1s que seguir con la pesadilla que desde 2018 a la fecha impuso el presidente L\u00f3pez, que es quien seguir\u00e1 dando las \u00f3rdenes, aunque Sheinbaum fuese la presidenta.<\/p>\n\n\n\n<p>PD Muri\u00f3 el Senador Armando Guadiana, uno de los principales proveedores de la Comisi\u00f3n Federal de Electricidad (CFE) que se maneja bajo las \u00f3rdenes del expriista Manuel Bartlett. El coahuilense Guadiana, acostumbrado a presumir su riqueza acudiendo a las carreras de F\u00f3rmula 1 o al Superbowl, entre otros eventos, muri\u00f3 a los 77 a\u00f1os luego de haber viajado a Estados Unidos a tratar de curarse, lo que no ocurri\u00f3 y vino a morir a Nuevo Le\u00f3n. Aparte de su riqueza, con influencia en distintas minas y con la venta de carb\u00f3n, el empresario no hizo nada por el pa\u00eds y como buen priista de aquellos tiempos \u2013sin haber realizado nada bueno- se adhiri\u00f3 a Morena, para seguir mamando por poder y con el consentimiento del presidente L\u00f3pez.<\/p>\n","protected":false},"excerpt":{"rendered":"<p>Miguel \u00c1ngel G\u00f3mez Ruiz Contrapunto En cualquier Supermercado de moda o en los mercados tradicionales el comentario era el mismo \u201ctodo est\u00e1 muy caro\u201d. El kilogramo de carne de res sobrepasaba los 220 pesos, el de cerdo rondaba los 130 pesos. Un pollo entero costaba alrededor de 120 pesos y el costo de la verdura [&hellip;]<\/p>\n","protected":false},"author":2,"featured_media":0,"comment_status":"closed","ping_status":"closed","sticky":false,"template":"","format":"standard","meta":{"tdm_status":"","tdm_grid_status":"","footnotes":""},"categories":[70],"tags":[],"class_list":{"0":"post-116082","1":"post","2":"type-post","3":"status-publish","4":"format-standard","6":"category-de-opinion"},"yoast_head":"<!-- This site is optimized with the Yoast SEO plugin v27.4 - https:\/\/yoast.com\/product\/yoast-seo-wordpress\/ -->\n<title>ART\u00cdCULOS IMPAGABLES - Los pol\u00edticos Veracruz<\/title>\n<meta name=\"robots\" content=\"index, follow, max-snippet:-1, max-image-preview:large, max-video-preview:-1\" \/>\n<link rel=\"canonical\" href=\"https:\/\/lospoliticosveracruz.com\/?p=116082\" \/>\n<meta property=\"og:locale\" content=\"es_ES\" \/>\n<meta property=\"og:type\" content=\"article\" \/>\n<meta property=\"og:title\" content=\"ART\u00cdCULOS IMPAGABLES - Los pol\u00edticos Veracruz\" \/>\n<meta property=\"og:description\" content=\"Miguel \u00c1ngel G\u00f3mez Ruiz Contrapunto En cualquier Supermercado de moda o en los mercados tradicionales el comentario era el mismo \u201ctodo est\u00e1 muy caro\u201d. El kilogramo de carne de res sobrepasaba los 220 pesos, el de cerdo rondaba los 130 pesos. Un pollo entero costaba alrededor de 120 pesos y el costo de la verdura [&hellip;]\" \/>\n<meta property=\"og:url\" content=\"https:\/\/lospoliticosveracruz.com\/?p=116082\" \/>\n<meta property=\"og:site_name\" content=\"Los pol\u00edticos Veracruz\" \/>\n<meta property=\"article:publisher\" content=\"https:\/\/www.facebook.com\/people\/Notimemes-de-los-Polticos\/61565672886568\/\" \/>\n<meta property=\"article:published_time\" content=\"2023-12-26T22:08:07+00:00\" \/>\n<meta property=\"article:modified_time\" content=\"2023-12-26T22:08:20+00:00\" \/>\n<meta property=\"og:image\" content=\"https:\/\/lospoliticosveracruz.com.mx\/wp-content\/uploads\/2023\/02\/Vinissimo.jpg\" \/>\n<meta name=\"author\" content=\"Lo viste en Los Pol\u00edticos\" \/>\n<meta name=\"twitter:card\" content=\"summary_large_image\" \/>\n<meta name=\"twitter:creator\" content=\"@LosPoliticosVer\" \/>\n<meta name=\"twitter:site\" content=\"@LosPoliticosVer\" \/>\n<meta name=\"twitter:label1\" content=\"Escrito por\" \/>\n\t<meta name=\"twitter:data1\" content=\"Lo viste en Los Pol\u00edticos\" \/>\n\t<meta name=\"twitter:label2\" content=\"Tiempo de lectura\" \/>\n\t<meta name=\"twitter:data2\" content=\"5 minutos\" \/>\n<script type=\"application\/ld+json\" class=\"yoast-schema-graph\">{\"@context\":\"https:\\\/\\\/schema.org\",\"@graph\":[{\"@type\":\"Article\",\"@id\":\"https:\\\/\\\/lospoliticosveracruz.com\\\/?p=116082#article\",\"isPartOf\":{\"@id\":\"https:\\\/\\\/lospoliticosveracruz.com\\\/?p=116082\"},\"author\":{\"name\":\"Lo viste en Los Pol\u00edticos\",\"@id\":\"https:\\\/\\\/lospoliticosveracruz.com\\\/#\\\/schema\\\/person\\\/b8702bb0e538456e6efd07080bf2a4a2\"},\"headline\":\"ART\u00cdCULOS IMPAGABLES\",\"datePublished\":\"2023-12-26T22:08:07+00:00\",\"dateModified\":\"2023-12-26T22:08:20+00:00\",\"mainEntityOfPage\":{\"@id\":\"https:\\\/\\\/lospoliticosveracruz.com\\\/?p=116082\"},\"wordCount\":1028,\"publisher\":{\"@id\":\"https:\\\/\\\/lospoliticosveracruz.com\\\/#organization\"},\"image\":{\"@id\":\"https:\\\/\\\/lospoliticosveracruz.com\\\/?p=116082#primaryimage\"},\"thumbnailUrl\":\"https:\\\/\\\/lospoliticosveracruz.com.mx\\\/wp-content\\\/uploads\\\/2023\\\/02\\\/Vinissimo.jpg\",\"articleSection\":[\"De Opini\u00f3n\"],\"inLanguage\":\"es\"},{\"@type\":\"WebPage\",\"@id\":\"https:\\\/\\\/lospoliticosveracruz.com\\\/?p=116082\",\"url\":\"https:\\\/\\\/lospoliticosveracruz.com\\\/?p=116082\",\"name\":\"ART\u00cdCULOS IMPAGABLES - Los pol\u00edticos Veracruz\",\"isPartOf\":{\"@id\":\"https:\\\/\\\/lospoliticosveracruz.com\\\/#website\"},\"primaryImageOfPage\":{\"@id\":\"https:\\\/\\\/lospoliticosveracruz.com\\\/?p=116082#primaryimage\"},\"image\":{\"@id\":\"https:\\\/\\\/lospoliticosveracruz.com\\\/?p=116082#primaryimage\"},\"thumbnailUrl\":\"https:\\\/\\\/lospoliticosveracruz.com.mx\\\/wp-content\\\/uploads\\\/2023\\\/02\\\/Vinissimo.jpg\",\"datePublished\":\"2023-12-26T22:08:07+00:00\",\"dateModified\":\"2023-12-26T22:08:20+00:00\",\"breadcrumb\":{\"@id\":\"https:\\\/\\\/lospoliticosveracruz.com\\\/?p=116082#breadcrumb\"},\"inLanguage\":\"es\",\"potentialAction\":[{\"@type\":\"ReadAction\",\"target\":[\"https:\\\/\\\/lospoliticosveracruz.com\\\/?p=116082\"]}]},{\"@type\":\"ImageObject\",\"inLanguage\":\"es\",\"@id\":\"https:\\\/\\\/lospoliticosveracruz.com\\\/?p=116082#primaryimage\",\"url\":\"https:\\\/\\\/lospoliticosveracruz.com.mx\\\/wp-content\\\/uploads\\\/2023\\\/02\\\/Vinissimo.jpg\",\"contentUrl\":\"https:\\\/\\\/lospoliticosveracruz.com.mx\\\/wp-content\\\/uploads\\\/2023\\\/02\\\/Vinissimo.jpg\"},{\"@type\":\"BreadcrumbList\",\"@id\":\"https:\\\/\\\/lospoliticosveracruz.com\\\/?p=116082#breadcrumb\",\"itemListElement\":[{\"@type\":\"ListItem\",\"position\":1,\"name\":\"Portada\",\"item\":\"https:\\\/\\\/lospoliticosveracruz.com\\\/\"},{\"@type\":\"ListItem\",\"position\":2,\"name\":\"ART\u00cdCULOS IMPAGABLES\"}]},{\"@type\":\"WebSite\",\"@id\":\"https:\\\/\\\/lospoliticosveracruz.com\\\/#website\",\"url\":\"https:\\\/\\\/lospoliticosveracruz.com\\\/\",\"name\":\"Los pol\u00edticos Veracruz\",\"description\":\"\",\"publisher\":{\"@id\":\"https:\\\/\\\/lospoliticosveracruz.com\\\/#organization\"},\"potentialAction\":[{\"@type\":\"SearchAction\",\"target\":{\"@type\":\"EntryPoint\",\"urlTemplate\":\"https:\\\/\\\/lospoliticosveracruz.com\\\/?s={search_term_string}\"},\"query-input\":{\"@type\":\"PropertyValueSpecification\",\"valueRequired\":true,\"valueName\":\"search_term_string\"}}],\"inLanguage\":\"es\"},{\"@type\":\"Organization\",\"@id\":\"https:\\\/\\\/lospoliticosveracruz.com\\\/#organization\",\"name\":\"Los pol\u00edticos Veracruz\",\"url\":\"https:\\\/\\\/lospoliticosveracruz.com\\\/\",\"logo\":{\"@type\":\"ImageObject\",\"inLanguage\":\"es\",\"@id\":\"https:\\\/\\\/lospoliticosveracruz.com\\\/#\\\/schema\\\/logo\\\/image\\\/\",\"url\":\"https:\\\/\\\/lospoliticosveracruz.com\\\/wp-content\\\/uploads\\\/2025\\\/12\\\/Logo-Nuevo-LOS-POLITICOS-1.jpg\",\"contentUrl\":\"https:\\\/\\\/lospoliticosveracruz.com\\\/wp-content\\\/uploads\\\/2025\\\/12\\\/Logo-Nuevo-LOS-POLITICOS-1.jpg\",\"width\":260,\"height\":70,\"caption\":\"Los pol\u00edticos Veracruz\"},\"image\":{\"@id\":\"https:\\\/\\\/lospoliticosveracruz.com\\\/#\\\/schema\\\/logo\\\/image\\\/\"},\"sameAs\":[\"https:\\\/\\\/www.facebook.com\\\/people\\\/Notimemes-de-los-Polticos\\\/61565672886568\\\/\",\"https:\\\/\\\/x.com\\\/LosPoliticosVer\"]},{\"@type\":\"Person\",\"@id\":\"https:\\\/\\\/lospoliticosveracruz.com\\\/#\\\/schema\\\/person\\\/b8702bb0e538456e6efd07080bf2a4a2\",\"name\":\"Lo viste en Los Pol\u00edticos\",\"image\":{\"@type\":\"ImageObject\",\"inLanguage\":\"es\",\"@id\":\"https:\\\/\\\/secure.gravatar.com\\\/avatar\\\/3a8de04a2656d44082be478bd6c086daa447c4651605818287b9532d3d0bd435?s=96&d=mm&r=g\",\"url\":\"https:\\\/\\\/secure.gravatar.com\\\/avatar\\\/3a8de04a2656d44082be478bd6c086daa447c4651605818287b9532d3d0bd435?s=96&d=mm&r=g\",\"contentUrl\":\"https:\\\/\\\/secure.gravatar.com\\\/avatar\\\/3a8de04a2656d44082be478bd6c086daa447c4651605818287b9532d3d0bd435?s=96&d=mm&r=g\",\"caption\":\"Lo viste en Los Pol\u00edticos\"},\"url\":\"https:\\\/\\\/lospoliticosveracruz.com\\\/?author=2\"}]}<\/script>\n<!-- \/ Yoast SEO plugin. -->","yoast_head_json":{"title":"ART\u00cdCULOS IMPAGABLES - Los pol\u00edticos Veracruz","robots":{"index":"index","follow":"follow","max-snippet":"max-snippet:-1","max-image-preview":"max-image-preview:large","max-video-preview":"max-video-preview:-1"},"canonical":"https:\/\/lospoliticosveracruz.com\/?p=116082","og_locale":"es_ES","og_type":"article","og_title":"ART\u00cdCULOS IMPAGABLES - Los pol\u00edticos Veracruz","og_description":"Miguel \u00c1ngel G\u00f3mez Ruiz Contrapunto En cualquier Supermercado de moda o en los mercados tradicionales el comentario era el mismo \u201ctodo est\u00e1 muy caro\u201d. El kilogramo de carne de res sobrepasaba los 220 pesos, el de cerdo rondaba los 130 pesos. Un pollo entero costaba alrededor de 120 pesos y el costo de la verdura [&hellip;]","og_url":"https:\/\/lospoliticosveracruz.com\/?p=116082","og_site_name":"Los pol\u00edticos Veracruz","article_publisher":"https:\/\/www.facebook.com\/people\/Notimemes-de-los-Polticos\/61565672886568\/","article_published_time":"2023-12-26T22:08:07+00:00","article_modified_time":"2023-12-26T22:08:20+00:00","og_image":[{"url":"https:\/\/lospoliticosveracruz.com.mx\/wp-content\/uploads\/2023\/02\/Vinissimo.jpg","type":"","width":"","height":""}],"author":"Lo viste en Los Pol\u00edticos","twitter_card":"summary_large_image","twitter_creator":"@LosPoliticosVer","twitter_site":"@LosPoliticosVer","twitter_misc":{"Escrito por":"Lo viste en Los Pol\u00edticos","Tiempo de lectura":"5 minutos"},"schema":{"@context":"https:\/\/schema.org","@graph":[{"@type":"Article","@id":"https:\/\/lospoliticosveracruz.com\/?p=116082#article","isPartOf":{"@id":"https:\/\/lospoliticosveracruz.com\/?p=116082"},"author":{"name":"Lo viste en Los Pol\u00edticos","@id":"https:\/\/lospoliticosveracruz.com\/#\/schema\/person\/b8702bb0e538456e6efd07080bf2a4a2"},"headline":"ART\u00cdCULOS IMPAGABLES","datePublished":"2023-12-26T22:08:07+00:00","dateModified":"2023-12-26T22:08:20+00:00","mainEntityOfPage":{"@id":"https:\/\/lospoliticosveracruz.com\/?p=116082"},"wordCount":1028,"publisher":{"@id":"https:\/\/lospoliticosveracruz.com\/#organization"},"image":{"@id":"https:\/\/lospoliticosveracruz.com\/?p=116082#primaryimage"},"thumbnailUrl":"https:\/\/lospoliticosveracruz.com.mx\/wp-content\/uploads\/2023\/02\/Vinissimo.jpg","articleSection":["De Opini\u00f3n"],"inLanguage":"es"},{"@type":"WebPage","@id":"https:\/\/lospoliticosveracruz.com\/?p=116082","url":"https:\/\/lospoliticosveracruz.com\/?p=116082","name":"ART\u00cdCULOS IMPAGABLES - Los pol\u00edticos Veracruz","isPartOf":{"@id":"https:\/\/lospoliticosveracruz.com\/#website"},"primaryImageOfPage":{"@id":"https:\/\/lospoliticosveracruz.com\/?p=116082#primaryimage"},"image":{"@id":"https:\/\/lospoliticosveracruz.com\/?p=116082#primaryimage"},"thumbnailUrl":"https:\/\/lospoliticosveracruz.com.mx\/wp-content\/uploads\/2023\/02\/Vinissimo.jpg","datePublished":"2023-12-26T22:08:07+00:00","dateModified":"2023-12-26T22:08:20+00:00","breadcrumb":{"@id":"https:\/\/lospoliticosveracruz.com\/?p=116082#breadcrumb"},"inLanguage":"es","potentialAction":[{"@type":"ReadAction","target":["https:\/\/lospoliticosveracruz.com\/?p=116082"]}]},{"@type":"ImageObject","inLanguage":"es","@id":"https:\/\/lospoliticosveracruz.com\/?p=116082#primaryimage","url":"https:\/\/lospoliticosveracruz.com.mx\/wp-content\/uploads\/2023\/02\/Vinissimo.jpg","contentUrl":"https:\/\/lospoliticosveracruz.com.mx\/wp-content\/uploads\/2023\/02\/Vinissimo.jpg"},{"@type":"BreadcrumbList","@id":"https:\/\/lospoliticosveracruz.com\/?p=116082#breadcrumb","itemListElement":[{"@type":"ListItem","position":1,"name":"Portada","item":"https:\/\/lospoliticosveracruz.com\/"},{"@type":"ListItem","position":2,"name":"ART\u00cdCULOS IMPAGABLES"}]},{"@type":"WebSite","@id":"https:\/\/lospoliticosveracruz.com\/#website","url":"https:\/\/lospoliticosveracruz.com\/","name":"Los pol\u00edticos Veracruz","description":"","publisher":{"@id":"https:\/\/lospoliticosveracruz.com\/#organization"},"potentialAction":[{"@type":"SearchAction","target":{"@type":"EntryPoint","urlTemplate":"https:\/\/lospoliticosveracruz.com\/?s={search_term_string}"},"query-input":{"@type":"PropertyValueSpecification","valueRequired":true,"valueName":"search_term_string"}}],"inLanguage":"es"},{"@type":"Organization","@id":"https:\/\/lospoliticosveracruz.com\/#organization","name":"Los pol\u00edticos Veracruz","url":"https:\/\/lospoliticosveracruz.com\/","logo":{"@type":"ImageObject","inLanguage":"es","@id":"https:\/\/lospoliticosveracruz.com\/#\/schema\/logo\/image\/","url":"https:\/\/lospoliticosveracruz.com\/wp-content\/uploads\/2025\/12\/Logo-Nuevo-LOS-POLITICOS-1.jpg","contentUrl":"https:\/\/lospoliticosveracruz.com\/wp-content\/uploads\/2025\/12\/Logo-Nuevo-LOS-POLITICOS-1.jpg","width":260,"height":70,"caption":"Los pol\u00edticos Veracruz"},"image":{"@id":"https:\/\/lospoliticosveracruz.com\/#\/schema\/logo\/image\/"},"sameAs":["https:\/\/www.facebook.com\/people\/Notimemes-de-los-Polticos\/61565672886568\/","https:\/\/x.com\/LosPoliticosVer"]},{"@type":"Person","@id":"https:\/\/lospoliticosveracruz.com\/#\/schema\/person\/b8702bb0e538456e6efd07080bf2a4a2","name":"Lo viste en Los Pol\u00edticos","image":{"@type":"ImageObject","inLanguage":"es","@id":"https:\/\/secure.gravatar.com\/avatar\/3a8de04a2656d44082be478bd6c086daa447c4651605818287b9532d3d0bd435?s=96&d=mm&r=g","url":"https:\/\/secure.gravatar.com\/avatar\/3a8de04a2656d44082be478bd6c086daa447c4651605818287b9532d3d0bd435?s=96&d=mm&r=g","contentUrl":"https:\/\/secure.gravatar.com\/avatar\/3a8de04a2656d44082be478bd6c086daa447c4651605818287b9532d3d0bd435?s=96&d=mm&r=g","caption":"Lo viste en Los Pol\u00edticos"},"url":"https:\/\/lospoliticosveracruz.com\/?author=2"}]}},"_links":{"self":[{"href":"https:\/\/lospoliticosveracruz.com\/index.php?rest_route=\/wp\/v2\/posts\/116082","targetHints":{"allow":["GET"]}}],"collection":[{"href":"https:\/\/lospoliticosveracruz.com\/index.php?rest_route=\/wp\/v2\/posts"}],"about":[{"href":"https:\/\/lospoliticosveracruz.com\/index.php?rest_route=\/wp\/v2\/types\/post"}],"author":[{"embeddable":true,"href":"https:\/\/lospoliticosveracruz.com\/index.php?rest_route=\/wp\/v2\/users\/2"}],"replies":[{"embeddable":true,"href":"https:\/\/lospoliticosveracruz.com\/index.php?rest_route=%2Fwp%2Fv2%2Fcomments&post=116082"}],"version-history":[{"count":1,"href":"https:\/\/lospoliticosveracruz.com\/index.php?rest_route=\/wp\/v2\/posts\/116082\/revisions"}],"predecessor-version":[{"id":116083,"href":"https:\/\/lospoliticosveracruz.com\/index.php?rest_route=\/wp\/v2\/posts\/116082\/revisions\/116083"}],"wp:attachment":[{"href":"https:\/\/lospoliticosveracruz.com\/index.php?rest_route=%2Fwp%2Fv2%2Fmedia&parent=116082"}],"wp:term":[{"taxonomy":"category","embeddable":true,"href":"https:\/\/lospoliticosveracruz.com\/index.php?rest_route=%2Fwp%2Fv2%2Fcategories&post=116082"},{"taxonomy":"post_tag","embeddable":true,"href":"https:\/\/lospoliticosveracruz.com\/index.php?rest_route=%2Fwp%2Fv2%2Ftags&post=116082"}],"curies":[{"name":"wp","href":"https:\/\/api.w.org\/{rel}","templated":true}]}}