{"id":116087,"date":"2023-12-26T18:35:15","date_gmt":"2023-12-27T00:35:15","guid":{"rendered":"https:\/\/lospoliticosveracruz.com.mx\/?p=116087"},"modified":"2023-12-26T18:35:28","modified_gmt":"2023-12-27T00:35:28","slug":"mexicana-reinicio-vuelos","status":"publish","type":"post","link":"https:\/\/lospoliticosveracruz.com\/?p=116087","title":{"rendered":"MEXICANA REINICI\u00d3 VUELOS"},"content":{"rendered":"\n<p><\/p>\n\n\n\n<p><br><strong>Jos\u00e9 Luis Enr\u00edquez Ambell<\/strong><br><em>Caf\u00e9 de Ma\u00f1ana<\/em><\/p>\n\n\n\n<p>Al parecer no se sabe cu\u00e1l es la log\u00edstica que traen; normalmente un aeropuerto alterno es el m\u00e1s cercano para no tener mayores gastos de operaci\u00f3n. Ojal\u00e1 no resulten otros costos de naturaleza lamentable.<\/p>\n\n\n\n<p>Muy posiblemente como Canc\u00fan, que es caro, y quiz\u00e1 no quisieron pagar los gastos por dicha operaci\u00f3n a\u00e9rea, pero sale contraproducente ya que vuelan m\u00e1s tiempo y de todos modos hay pagos que realizar en el aeropuerto en M\u00e9rida, de acuerdo al plan de vuelo.<\/p>\n\n\n\n<p>Iniciar operaciones -en este caso a\u00e9reas- deben estar ajenas a simples visiones o incluso a \u00f3rdenes superiores en la aeron\u00e1utica civil, pero por militares y quienes en su naturaleza y formaci\u00f3n no saben decir NO, y s\u00f3lo acatan las mismas, lo cu\u00e1l en caso -como en otros- parece que son susceptibles de decidir con una precisi\u00f3n diferente.<\/p>\n\n\n\n<p>El factor m\u00e1s importante en los aviones es el mantenimiento determinado por las horas de vuelo ante el desgaste de las piezas, pero la log\u00edstica operativa va de la mano y est\u00e1 al igual que la conservaci\u00f3n de las aeronaves se deben planear y programar, sobre todo en t\u00e9rminos de seguridad humana.<\/p>\n\n\n\n<p>Cabe la posibilidad que el aeropuerto de Tulum, no lo equiparon adecuadamente -en t\u00e9rminos de navegaci\u00f3n- para operaciones comerciales, y lo cual no lo har\u00eda seguro para las aproximaciones a\u00e9reas a dichas instalaciones, y son muchas las dudas en el aire.<\/p>\n\n\n\n<p>La Administraci\u00f3n Federal de Aviaci\u00f3n (FAA) dio la recuperaci\u00f3n de la Categor\u00eda A\u00e9rea 1 y con lo que vuelve a contarse con la seguridad a\u00e9rea, y esta calificaci\u00f3n permite no tener que depender en la recepci\u00f3n de asistencia para la autoridad de aviaci\u00f3n civil en M\u00e9xico desde los EEUU, pero hechos como ahora en el primer vuelo de la nueva era de Mexicana, podr\u00eda ponerla en un riesgo de retornar a la Categor\u00eda 2.<\/p>\n\n\n\n<p>Por mientras, a viables pasajeros puede causar una inhibici\u00f3n el obtener confianza en los vuelos de Mexicana de Aviaci\u00f3n -versi\u00f3n Gobierno de la Rep\u00fablica- ante este arranque que no convence por el atraso y retraso en su destino original, y en un horario ma\u00f1anero que complic\u00f3 agendas en \u00faltimo martes h\u00e1bil de la \u00faltima semana de este a\u00f1o.<\/p>\n\n\n\n<p>DE SOBREMESA<\/p>\n\n\n\n<p>La autonom\u00eda presupuestaria de la Universidad Veracruzana (UV) promulgada en noviembre de 2017, y momento hist\u00f3rico para la instituci\u00f3n referente en materia de educaci\u00f3n superior en la entidad, que implic\u00f3 la reforma del Art\u00edculo 10 de la Constituci\u00f3n Pol\u00edtica de Veracruz, parece que seguir\u00e1 siendo tema de discusi\u00f3n en la agenda del estado y en el pa\u00eds, pues desde la Sefiplan pareciera que buscan no respetarle lo que le corresponde.<\/p>\n\n\n\n<p>UN CAF\u00c9 CON DOBLE CARGA<\/p>\n\n\n\n<p>Autorizado el Presupuesto de Egresos 2024 para el Estado y autorizado por el pleno del Congreso de Veracruz, se espera y desea que la Sefiplan no vaya a querer modificarlo -ser\u00eda una tomada de pelo a los Diputados Locales- por todo el esfuerzo de an\u00e1lisis que implica, pero tambi\u00e9n que no se metan a disminuir en conceptos de obras y acciones m\u00e1s all\u00e1 de las n\u00f3minas, as\u00ed como, gastos de operaci\u00f3n, mantenimiento y conservaci\u00f3n, entre otras partidas, en busca de darle suficiencia presupuestal a temas distintos al desarrollo, infraestructura, salud, seguridad y educaci\u00f3n.<\/p>\n\n\n\n<p>UN CAF\u00c9 LECHERO LIGHT DIVORCIADO<\/p>\n\n\n\n<p>El relleno sanitario en Xalapa -conocido por su ubicaci\u00f3n \u00abEl Tronconal\u00bb- se ha venido diciendo que en un par de a\u00f1os requerir\u00e1 de una mayor \u00e1rea para recepcionar los desechos s\u00f3lidos de la capital, pues incluso su ampliaci\u00f3n ya va para veinte a\u00f1os de funcionamiento, y se habla que m\u00e1s o menos ah\u00ed se depositan entre 340 y 350 toneladas diarias de basura. Esto lleva a que La Atenas Veracruzana necesite atenci\u00f3n del sector Gobierno estatal, federal, pero tambi\u00e9n de todos los legisladores que representan a la sede de los Poderes del Estado, o de lo contrario, el tema escalar\u00eda a pisos de afectaciones en la salud p\u00fablica.<\/p>\n\n\n\n<p>\u00a1 ES CUANTO !<\/p>\n\n\n\n<p>Jos\u00e9 Luis Enr\u00edquez Ambell<br>enamjl62@gmail.com; enriquezambell@gmail.com<br>Secretario General de la Federaci\u00f3n Aut\u00e9ntica de Trabajadores del Estado de Veracruz (FATEV &#8211; JLEG) Registro Federal del Trabajo # 5844 y Director General de la Consultor\u00eda y Asesor\u00eda Integral AECAI Torre Animas en Xalapa, Ver.<\/p>\n","protected":false},"excerpt":{"rendered":"<p>Jos\u00e9 Luis Enr\u00edquez AmbellCaf\u00e9 de Ma\u00f1ana Al parecer no se sabe cu\u00e1l es la log\u00edstica que traen; normalmente un aeropuerto alterno es el m\u00e1s cercano para no tener mayores gastos de operaci\u00f3n. Ojal\u00e1 no resulten otros costos de naturaleza lamentable. Muy posiblemente como Canc\u00fan, que es caro, y quiz\u00e1 no quisieron pagar los gastos por [&hellip;]<\/p>\n","protected":false},"author":2,"featured_media":0,"comment_status":"closed","ping_status":"closed","sticky":false,"template":"","format":"standard","meta":{"tdm_status":"","tdm_grid_status":"","footnotes":""},"categories":[70],"tags":[],"class_list":{"0":"post-116087","1":"post","2":"type-post","3":"status-publish","4":"format-standard","6":"category-de-opinion"},"yoast_head":"<!-- This site is optimized with the Yoast SEO plugin v27.4 - https:\/\/yoast.com\/product\/yoast-seo-wordpress\/ -->\n<title>MEXICANA REINICI\u00d3 VUELOS - Los pol\u00edticos Veracruz<\/title>\n<meta name=\"robots\" content=\"index, follow, max-snippet:-1, max-image-preview:large, max-video-preview:-1\" \/>\n<link rel=\"canonical\" href=\"https:\/\/lospoliticosveracruz.com\/?p=116087\" \/>\n<meta property=\"og:locale\" content=\"es_ES\" \/>\n<meta property=\"og:type\" content=\"article\" \/>\n<meta property=\"og:title\" content=\"MEXICANA REINICI\u00d3 VUELOS - Los pol\u00edticos Veracruz\" \/>\n<meta property=\"og:description\" content=\"Jos\u00e9 Luis Enr\u00edquez AmbellCaf\u00e9 de Ma\u00f1ana Al parecer no se sabe cu\u00e1l es la log\u00edstica que traen; normalmente un aeropuerto alterno es el m\u00e1s cercano para no tener mayores gastos de operaci\u00f3n. Ojal\u00e1 no resulten otros costos de naturaleza lamentable. Muy posiblemente como Canc\u00fan, que es caro, y quiz\u00e1 no quisieron pagar los gastos por [&hellip;]\" \/>\n<meta property=\"og:url\" content=\"https:\/\/lospoliticosveracruz.com\/?p=116087\" \/>\n<meta property=\"og:site_name\" content=\"Los pol\u00edticos Veracruz\" \/>\n<meta property=\"article:publisher\" content=\"https:\/\/www.facebook.com\/people\/Notimemes-de-los-Polticos\/61565672886568\/\" \/>\n<meta property=\"article:published_time\" content=\"2023-12-27T00:35:15+00:00\" \/>\n<meta property=\"article:modified_time\" content=\"2023-12-27T00:35:28+00:00\" \/>\n<meta property=\"og:image\" content=\"https:\/\/lospoliticosveracruz.com\/wp-content\/uploads\/2016\/07\/Logo-Dor.jpg\" \/>\n\t<meta property=\"og:image:width\" content=\"200\" \/>\n\t<meta property=\"og:image:height\" content=\"200\" \/>\n\t<meta property=\"og:image:type\" content=\"image\/jpeg\" \/>\n<meta name=\"author\" content=\"Lo viste en Los Pol\u00edticos\" \/>\n<meta name=\"twitter:card\" content=\"summary_large_image\" \/>\n<meta name=\"twitter:creator\" content=\"@LosPoliticosVer\" \/>\n<meta name=\"twitter:site\" content=\"@LosPoliticosVer\" \/>\n<meta name=\"twitter:label1\" content=\"Escrito por\" \/>\n\t<meta name=\"twitter:data1\" content=\"Lo viste en Los Pol\u00edticos\" \/>\n\t<meta name=\"twitter:label2\" content=\"Tiempo de lectura\" \/>\n\t<meta name=\"twitter:data2\" content=\"4 minutos\" \/>\n<script type=\"application\/ld+json\" class=\"yoast-schema-graph\">{\"@context\":\"https:\\\/\\\/schema.org\",\"@graph\":[{\"@type\":\"Article\",\"@id\":\"https:\\\/\\\/lospoliticosveracruz.com\\\/?p=116087#article\",\"isPartOf\":{\"@id\":\"https:\\\/\\\/lospoliticosveracruz.com\\\/?p=116087\"},\"author\":{\"name\":\"Lo viste en Los Pol\u00edticos\",\"@id\":\"https:\\\/\\\/lospoliticosveracruz.com\\\/#\\\/schema\\\/person\\\/b8702bb0e538456e6efd07080bf2a4a2\"},\"headline\":\"MEXICANA REINICI\u00d3 VUELOS\",\"datePublished\":\"2023-12-27T00:35:15+00:00\",\"dateModified\":\"2023-12-27T00:35:28+00:00\",\"mainEntityOfPage\":{\"@id\":\"https:\\\/\\\/lospoliticosveracruz.com\\\/?p=116087\"},\"wordCount\":768,\"publisher\":{\"@id\":\"https:\\\/\\\/lospoliticosveracruz.com\\\/#organization\"},\"articleSection\":[\"De Opini\u00f3n\"],\"inLanguage\":\"es\"},{\"@type\":\"WebPage\",\"@id\":\"https:\\\/\\\/lospoliticosveracruz.com\\\/?p=116087\",\"url\":\"https:\\\/\\\/lospoliticosveracruz.com\\\/?p=116087\",\"name\":\"MEXICANA REINICI\u00d3 VUELOS - Los pol\u00edticos Veracruz\",\"isPartOf\":{\"@id\":\"https:\\\/\\\/lospoliticosveracruz.com\\\/#website\"},\"datePublished\":\"2023-12-27T00:35:15+00:00\",\"dateModified\":\"2023-12-27T00:35:28+00:00\",\"breadcrumb\":{\"@id\":\"https:\\\/\\\/lospoliticosveracruz.com\\\/?p=116087#breadcrumb\"},\"inLanguage\":\"es\",\"potentialAction\":[{\"@type\":\"ReadAction\",\"target\":[\"https:\\\/\\\/lospoliticosveracruz.com\\\/?p=116087\"]}]},{\"@type\":\"BreadcrumbList\",\"@id\":\"https:\\\/\\\/lospoliticosveracruz.com\\\/?p=116087#breadcrumb\",\"itemListElement\":[{\"@type\":\"ListItem\",\"position\":1,\"name\":\"Portada\",\"item\":\"https:\\\/\\\/lospoliticosveracruz.com\\\/\"},{\"@type\":\"ListItem\",\"position\":2,\"name\":\"MEXICANA REINICI\u00d3 VUELOS\"}]},{\"@type\":\"WebSite\",\"@id\":\"https:\\\/\\\/lospoliticosveracruz.com\\\/#website\",\"url\":\"https:\\\/\\\/lospoliticosveracruz.com\\\/\",\"name\":\"Los pol\u00edticos Veracruz\",\"description\":\"\",\"publisher\":{\"@id\":\"https:\\\/\\\/lospoliticosveracruz.com\\\/#organization\"},\"potentialAction\":[{\"@type\":\"SearchAction\",\"target\":{\"@type\":\"EntryPoint\",\"urlTemplate\":\"https:\\\/\\\/lospoliticosveracruz.com\\\/?s={search_term_string}\"},\"query-input\":{\"@type\":\"PropertyValueSpecification\",\"valueRequired\":true,\"valueName\":\"search_term_string\"}}],\"inLanguage\":\"es\"},{\"@type\":\"Organization\",\"@id\":\"https:\\\/\\\/lospoliticosveracruz.com\\\/#organization\",\"name\":\"Los pol\u00edticos Veracruz\",\"url\":\"https:\\\/\\\/lospoliticosveracruz.com\\\/\",\"logo\":{\"@type\":\"ImageObject\",\"inLanguage\":\"es\",\"@id\":\"https:\\\/\\\/lospoliticosveracruz.com\\\/#\\\/schema\\\/logo\\\/image\\\/\",\"url\":\"https:\\\/\\\/lospoliticosveracruz.com\\\/wp-content\\\/uploads\\\/2025\\\/12\\\/Logo-Nuevo-LOS-POLITICOS-1.jpg\",\"contentUrl\":\"https:\\\/\\\/lospoliticosveracruz.com\\\/wp-content\\\/uploads\\\/2025\\\/12\\\/Logo-Nuevo-LOS-POLITICOS-1.jpg\",\"width\":260,\"height\":70,\"caption\":\"Los pol\u00edticos Veracruz\"},\"image\":{\"@id\":\"https:\\\/\\\/lospoliticosveracruz.com\\\/#\\\/schema\\\/logo\\\/image\\\/\"},\"sameAs\":[\"https:\\\/\\\/www.facebook.com\\\/people\\\/Notimemes-de-los-Polticos\\\/61565672886568\\\/\",\"https:\\\/\\\/x.com\\\/LosPoliticosVer\"]},{\"@type\":\"Person\",\"@id\":\"https:\\\/\\\/lospoliticosveracruz.com\\\/#\\\/schema\\\/person\\\/b8702bb0e538456e6efd07080bf2a4a2\",\"name\":\"Lo viste en Los Pol\u00edticos\",\"image\":{\"@type\":\"ImageObject\",\"inLanguage\":\"es\",\"@id\":\"https:\\\/\\\/secure.gravatar.com\\\/avatar\\\/3a8de04a2656d44082be478bd6c086daa447c4651605818287b9532d3d0bd435?s=96&d=mm&r=g\",\"url\":\"https:\\\/\\\/secure.gravatar.com\\\/avatar\\\/3a8de04a2656d44082be478bd6c086daa447c4651605818287b9532d3d0bd435?s=96&d=mm&r=g\",\"contentUrl\":\"https:\\\/\\\/secure.gravatar.com\\\/avatar\\\/3a8de04a2656d44082be478bd6c086daa447c4651605818287b9532d3d0bd435?s=96&d=mm&r=g\",\"caption\":\"Lo viste en Los Pol\u00edticos\"},\"url\":\"https:\\\/\\\/lospoliticosveracruz.com\\\/?author=2\"}]}<\/script>\n<!-- \/ Yoast SEO plugin. -->","yoast_head_json":{"title":"MEXICANA REINICI\u00d3 VUELOS - Los pol\u00edticos Veracruz","robots":{"index":"index","follow":"follow","max-snippet":"max-snippet:-1","max-image-preview":"max-image-preview:large","max-video-preview":"max-video-preview:-1"},"canonical":"https:\/\/lospoliticosveracruz.com\/?p=116087","og_locale":"es_ES","og_type":"article","og_title":"MEXICANA REINICI\u00d3 VUELOS - Los pol\u00edticos Veracruz","og_description":"Jos\u00e9 Luis Enr\u00edquez AmbellCaf\u00e9 de Ma\u00f1ana Al parecer no se sabe cu\u00e1l es la log\u00edstica que traen; normalmente un aeropuerto alterno es el m\u00e1s cercano para no tener mayores gastos de operaci\u00f3n. Ojal\u00e1 no resulten otros costos de naturaleza lamentable. Muy posiblemente como Canc\u00fan, que es caro, y quiz\u00e1 no quisieron pagar los gastos por [&hellip;]","og_url":"https:\/\/lospoliticosveracruz.com\/?p=116087","og_site_name":"Los pol\u00edticos Veracruz","article_publisher":"https:\/\/www.facebook.com\/people\/Notimemes-de-los-Polticos\/61565672886568\/","article_published_time":"2023-12-27T00:35:15+00:00","article_modified_time":"2023-12-27T00:35:28+00:00","og_image":[{"width":200,"height":200,"url":"https:\/\/lospoliticosveracruz.com\/wp-content\/uploads\/2016\/07\/Logo-Dor.jpg","type":"image\/jpeg"}],"author":"Lo viste en Los Pol\u00edticos","twitter_card":"summary_large_image","twitter_creator":"@LosPoliticosVer","twitter_site":"@LosPoliticosVer","twitter_misc":{"Escrito por":"Lo viste en Los Pol\u00edticos","Tiempo de lectura":"4 minutos"},"schema":{"@context":"https:\/\/schema.org","@graph":[{"@type":"Article","@id":"https:\/\/lospoliticosveracruz.com\/?p=116087#article","isPartOf":{"@id":"https:\/\/lospoliticosveracruz.com\/?p=116087"},"author":{"name":"Lo viste en Los Pol\u00edticos","@id":"https:\/\/lospoliticosveracruz.com\/#\/schema\/person\/b8702bb0e538456e6efd07080bf2a4a2"},"headline":"MEXICANA REINICI\u00d3 VUELOS","datePublished":"2023-12-27T00:35:15+00:00","dateModified":"2023-12-27T00:35:28+00:00","mainEntityOfPage":{"@id":"https:\/\/lospoliticosveracruz.com\/?p=116087"},"wordCount":768,"publisher":{"@id":"https:\/\/lospoliticosveracruz.com\/#organization"},"articleSection":["De Opini\u00f3n"],"inLanguage":"es"},{"@type":"WebPage","@id":"https:\/\/lospoliticosveracruz.com\/?p=116087","url":"https:\/\/lospoliticosveracruz.com\/?p=116087","name":"MEXICANA REINICI\u00d3 VUELOS - Los pol\u00edticos Veracruz","isPartOf":{"@id":"https:\/\/lospoliticosveracruz.com\/#website"},"datePublished":"2023-12-27T00:35:15+00:00","dateModified":"2023-12-27T00:35:28+00:00","breadcrumb":{"@id":"https:\/\/lospoliticosveracruz.com\/?p=116087#breadcrumb"},"inLanguage":"es","potentialAction":[{"@type":"ReadAction","target":["https:\/\/lospoliticosveracruz.com\/?p=116087"]}]},{"@type":"BreadcrumbList","@id":"https:\/\/lospoliticosveracruz.com\/?p=116087#breadcrumb","itemListElement":[{"@type":"ListItem","position":1,"name":"Portada","item":"https:\/\/lospoliticosveracruz.com\/"},{"@type":"ListItem","position":2,"name":"MEXICANA REINICI\u00d3 VUELOS"}]},{"@type":"WebSite","@id":"https:\/\/lospoliticosveracruz.com\/#website","url":"https:\/\/lospoliticosveracruz.com\/","name":"Los pol\u00edticos Veracruz","description":"","publisher":{"@id":"https:\/\/lospoliticosveracruz.com\/#organization"},"potentialAction":[{"@type":"SearchAction","target":{"@type":"EntryPoint","urlTemplate":"https:\/\/lospoliticosveracruz.com\/?s={search_term_string}"},"query-input":{"@type":"PropertyValueSpecification","valueRequired":true,"valueName":"search_term_string"}}],"inLanguage":"es"},{"@type":"Organization","@id":"https:\/\/lospoliticosveracruz.com\/#organization","name":"Los pol\u00edticos Veracruz","url":"https:\/\/lospoliticosveracruz.com\/","logo":{"@type":"ImageObject","inLanguage":"es","@id":"https:\/\/lospoliticosveracruz.com\/#\/schema\/logo\/image\/","url":"https:\/\/lospoliticosveracruz.com\/wp-content\/uploads\/2025\/12\/Logo-Nuevo-LOS-POLITICOS-1.jpg","contentUrl":"https:\/\/lospoliticosveracruz.com\/wp-content\/uploads\/2025\/12\/Logo-Nuevo-LOS-POLITICOS-1.jpg","width":260,"height":70,"caption":"Los pol\u00edticos Veracruz"},"image":{"@id":"https:\/\/lospoliticosveracruz.com\/#\/schema\/logo\/image\/"},"sameAs":["https:\/\/www.facebook.com\/people\/Notimemes-de-los-Polticos\/61565672886568\/","https:\/\/x.com\/LosPoliticosVer"]},{"@type":"Person","@id":"https:\/\/lospoliticosveracruz.com\/#\/schema\/person\/b8702bb0e538456e6efd07080bf2a4a2","name":"Lo viste en Los Pol\u00edticos","image":{"@type":"ImageObject","inLanguage":"es","@id":"https:\/\/secure.gravatar.com\/avatar\/3a8de04a2656d44082be478bd6c086daa447c4651605818287b9532d3d0bd435?s=96&d=mm&r=g","url":"https:\/\/secure.gravatar.com\/avatar\/3a8de04a2656d44082be478bd6c086daa447c4651605818287b9532d3d0bd435?s=96&d=mm&r=g","contentUrl":"https:\/\/secure.gravatar.com\/avatar\/3a8de04a2656d44082be478bd6c086daa447c4651605818287b9532d3d0bd435?s=96&d=mm&r=g","caption":"Lo viste en Los Pol\u00edticos"},"url":"https:\/\/lospoliticosveracruz.com\/?author=2"}]}},"_links":{"self":[{"href":"https:\/\/lospoliticosveracruz.com\/index.php?rest_route=\/wp\/v2\/posts\/116087","targetHints":{"allow":["GET"]}}],"collection":[{"href":"https:\/\/lospoliticosveracruz.com\/index.php?rest_route=\/wp\/v2\/posts"}],"about":[{"href":"https:\/\/lospoliticosveracruz.com\/index.php?rest_route=\/wp\/v2\/types\/post"}],"author":[{"embeddable":true,"href":"https:\/\/lospoliticosveracruz.com\/index.php?rest_route=\/wp\/v2\/users\/2"}],"replies":[{"embeddable":true,"href":"https:\/\/lospoliticosveracruz.com\/index.php?rest_route=%2Fwp%2Fv2%2Fcomments&post=116087"}],"version-history":[{"count":1,"href":"https:\/\/lospoliticosveracruz.com\/index.php?rest_route=\/wp\/v2\/posts\/116087\/revisions"}],"predecessor-version":[{"id":116088,"href":"https:\/\/lospoliticosveracruz.com\/index.php?rest_route=\/wp\/v2\/posts\/116087\/revisions\/116088"}],"wp:attachment":[{"href":"https:\/\/lospoliticosveracruz.com\/index.php?rest_route=%2Fwp%2Fv2%2Fmedia&parent=116087"}],"wp:term":[{"taxonomy":"category","embeddable":true,"href":"https:\/\/lospoliticosveracruz.com\/index.php?rest_route=%2Fwp%2Fv2%2Fcategories&post=116087"},{"taxonomy":"post_tag","embeddable":true,"href":"https:\/\/lospoliticosveracruz.com\/index.php?rest_route=%2Fwp%2Fv2%2Ftags&post=116087"}],"curies":[{"name":"wp","href":"https:\/\/api.w.org\/{rel}","templated":true}]}}