{"id":116089,"date":"2023-12-26T19:23:14","date_gmt":"2023-12-27T01:23:14","guid":{"rendered":"https:\/\/lospoliticosveracruz.com.mx\/?p=116089"},"modified":"2023-12-26T19:23:20","modified_gmt":"2023-12-27T01:23:20","slug":"ary-aguilar-cumple-con-creces","status":"publish","type":"post","link":"https:\/\/lospoliticosveracruz.com\/?p=116089","title":{"rendered":"ARY AGUILAR CUMPLE CON CRECES"},"content":{"rendered":"\n<p><strong>Enrique Yasser Pompeyo<\/strong>\u00a0<\/p>\n\n\n\n<p><em>Mesa de Redacci\u00f3n\u00a0<\/em><\/p>\n\n\n\n<p>\u201cNunca antes una funcionaria de la Secretar\u00eda de Educaci\u00f3n de Veracruz hab\u00eda estado en nuestra colonia y nos hab\u00eda tratado con tanta atenci\u00f3n y cari\u00f1o\u201d. La frase me la solt\u00f3 una xalape\u00f1a de la colonia Ignacio Zaragoza en esta ciudad capital.&nbsp;<\/p>\n\n\n\n<p><a href=\"https:\/\/youtu.be\/Nxe-vxf8GuY\"><\/a><\/p>\n\n\n\n<figure class=\"wp-block-embed is-type-video is-provider-youtube wp-block-embed-youtube wp-embed-aspect-16-9 wp-has-aspect-ratio\"><div class=\"wp-block-embed__wrapper\">\n<iframe loading=\"lazy\" title=\"Cluster Coworking\" width=\"696\" height=\"392\" src=\"https:\/\/www.youtube.com\/embed\/Nxe-vxf8GuY?feature=oembed\" frameborder=\"0\" allow=\"accelerometer; autoplay; clipboard-write; encrypted-media; gyroscope; picture-in-picture; web-share\" referrerpolicy=\"strict-origin-when-cross-origin\" allowfullscreen><\/iframe>\n<\/div><\/figure>\n\n\n\n<p>\u00bfQui\u00e9n era?, le pregunt\u00e9 y sonriente, me contest\u00f3: Ary Aguilar, la Oficial Mayor de la SEV. Y as\u00ed, de corrido, a\u00f1adi\u00f3: convivi\u00f3 con nosotros, cant\u00f3 la posada, pas\u00f3 a romper la pi\u00f1ata y convivi\u00f3 con nuestros ni\u00f1os.&nbsp;<\/p>\n\n\n\n<p>La emoci\u00f3n y calidez de este testimonio ciudadano me oblig\u00f3 a buscar informaci\u00f3n en sus redes sociales y vi que en efecto, hace algunos d\u00edas, Ariadna Selene Aguilar Amaya estuvo en esa colonia de la capital.<\/p>\n\n\n\n<p>As\u00ed lo expresa en Facebook: \u201cMuchas gracias a mis queridas amigas y amigos de la colonia Ignacio Zaragoza de nuestra fr\u00eda y bonita Xalapa por invitarme a la celebraci\u00f3n de su posada. Me divert\u00ed mucho y me dio mucha alegr\u00eda compartir un ratito con ustedes esta bella tradici\u00f3n. Gracias por todas sus atenciones y cari\u00f1o; me hacen sentir en casa y olvidarme del fr\u00edo\u201d.<\/p>\n\n\n\n<p>El encuentro fue previo a la Navidad y por lo que se ve, la funcionaria estatal se volc\u00f3 en atenci\u00f3n con los xalape\u00f1os de esta colonia popular. En las im\u00e1genes se le ve alegre, sonriente, compartiendo los tamales, aplaudiendo a quienes participaron en la pi\u00f1ata, atendiendo a ni\u00f1as y ni\u00f1os, tom\u00e1ndose fotos con los padres.&nbsp;<\/p>\n\n\n\n<p>Qu\u00e9 bueno que los funcionarios estatales se acerquen a la ciudadan\u00eda, convivan con ellos. En otras \u00e9pocas los servidores p\u00fablicos parec\u00edan dioses del Olimpo, no sal\u00edan de sus oficinas ni se bajaban de sus camionetones para convivir con la gente.&nbsp;<\/p>\n\n\n\n<p>Hoy, esta mujer, que ha referido en entrevistas y declaraciones que viene de abajo, que se ha forjado en la cultura del esfuerzo, muestra este rostro amable al convivir con los xalape\u00f1os.<\/p>\n\n\n\n<p>Por lo que se ve, Ariadna Aguilar, inscrita en el proceso interno de MORENA, su partido, en busca de una diputaci\u00f3n federal, ha hecho bien su tarea, ha cumplido con creces en la dependencia en la que despacha y se da tiempo para convivir con los capitalinos.<\/p>\n\n\n\n<p>En el plano administrativo cerr\u00f3 bien el a\u00f1o en la dependencia, cumpliendo con todas las prestaciones, tal y como lo anunci\u00f3 el propio gobernador Cuitl\u00e1huac Garc\u00eda, en un mensaje en el que estuvo presente al lado de los secretarios de Educaci\u00f3n y Finanzas. \u201cLo que hemos logrado en Veracruz es sanear las finanzas e ir cumpliendo los compromisos con los trabajadores del estado\u201d, dijo el mandatario veracruzano.<\/p>\n\n\n\n<p>Esas palabras, como se ha visto en la SEV, fueron un claro elogio a la persona de la Oficial Mayor, quien desde su estrat\u00e9gico cargo, ha sabido poner orden, organizar, hacer econom\u00edas y dar buenos resultados a la clase trabajadora del sector educativo. Por eso cerr\u00f3 bien el a\u00f1o la dependencia.&nbsp;<\/p>\n\n\n\n<p>La definici\u00f3n rumbo al proceso electoral local, en lo que a la diputaci\u00f3n federal se refiere, no cabe duda que ser\u00e1 consecuencia de un trabajo cumplido a cabalidad.&nbsp;<\/p>\n\n\n\n<p>Satisfecha del deber cumplido, con el respaldo de la gente, en los primeros d\u00edas del naciente a\u00f1o veremos si el voto de los consejeros morenistas le respaldan para ir en pos de la curul federal para representar a los xalape\u00f1os en San L\u00e1zaro.<\/p>\n\n\n\n<p>enriquepompeyo@hotmail.com<\/p>\n","protected":false},"excerpt":{"rendered":"<p>Enrique Yasser Pompeyo\u00a0 Mesa de Redacci\u00f3n\u00a0 \u201cNunca antes una funcionaria de la Secretar\u00eda de Educaci\u00f3n de Veracruz hab\u00eda estado en nuestra colonia y nos hab\u00eda tratado con tanta atenci\u00f3n y cari\u00f1o\u201d. La frase me la solt\u00f3 una xalape\u00f1a de la colonia Ignacio Zaragoza en esta ciudad capital.&nbsp; \u00bfQui\u00e9n era?, le pregunt\u00e9 y sonriente, me contest\u00f3: [&hellip;]<\/p>\n","protected":false},"author":2,"featured_media":0,"comment_status":"closed","ping_status":"closed","sticky":false,"template":"","format":"standard","meta":{"tdm_status":"","tdm_grid_status":"","footnotes":""},"categories":[70],"tags":[3228],"class_list":{"0":"post-116089","1":"post","2":"type-post","3":"status-publish","4":"format-standard","6":"category-de-opinion","7":"tag-oficial-mayor-de-la-sev"},"yoast_head":"<!-- This site is optimized with the Yoast SEO plugin v27.4 - https:\/\/yoast.com\/product\/yoast-seo-wordpress\/ -->\n<title>ARY AGUILAR CUMPLE CON CRECES - Los pol\u00edticos Veracruz<\/title>\n<meta name=\"robots\" content=\"index, follow, max-snippet:-1, max-image-preview:large, max-video-preview:-1\" \/>\n<link rel=\"canonical\" href=\"https:\/\/lospoliticosveracruz.com\/?p=116089\" \/>\n<meta property=\"og:locale\" content=\"es_ES\" \/>\n<meta property=\"og:type\" content=\"article\" \/>\n<meta property=\"og:title\" content=\"ARY AGUILAR CUMPLE CON CRECES - Los pol\u00edticos Veracruz\" \/>\n<meta property=\"og:description\" content=\"Enrique Yasser Pompeyo\u00a0 Mesa de Redacci\u00f3n\u00a0 \u201cNunca antes una funcionaria de la Secretar\u00eda de Educaci\u00f3n de Veracruz hab\u00eda estado en nuestra colonia y nos hab\u00eda tratado con tanta atenci\u00f3n y cari\u00f1o\u201d. La frase me la solt\u00f3 una xalape\u00f1a de la colonia Ignacio Zaragoza en esta ciudad capital.&nbsp; \u00bfQui\u00e9n era?, le pregunt\u00e9 y sonriente, me contest\u00f3: [&hellip;]\" \/>\n<meta property=\"og:url\" content=\"https:\/\/lospoliticosveracruz.com\/?p=116089\" \/>\n<meta property=\"og:site_name\" content=\"Los pol\u00edticos Veracruz\" \/>\n<meta property=\"article:publisher\" content=\"https:\/\/www.facebook.com\/people\/Notimemes-de-los-Polticos\/61565672886568\/\" \/>\n<meta property=\"article:published_time\" content=\"2023-12-27T01:23:14+00:00\" \/>\n<meta property=\"article:modified_time\" content=\"2023-12-27T01:23:20+00:00\" \/>\n<meta property=\"og:image\" content=\"https:\/\/lospoliticosveracruz.com\/wp-content\/uploads\/2016\/07\/Logo-Dor.jpg\" \/>\n\t<meta property=\"og:image:width\" content=\"200\" \/>\n\t<meta property=\"og:image:height\" content=\"200\" \/>\n\t<meta property=\"og:image:type\" content=\"image\/jpeg\" \/>\n<meta name=\"author\" content=\"Lo viste en Los Pol\u00edticos\" \/>\n<meta name=\"twitter:card\" content=\"summary_large_image\" \/>\n<meta name=\"twitter:creator\" content=\"@LosPoliticosVer\" \/>\n<meta name=\"twitter:site\" content=\"@LosPoliticosVer\" \/>\n<meta name=\"twitter:label1\" content=\"Escrito por\" \/>\n\t<meta name=\"twitter:data1\" content=\"Lo viste en Los Pol\u00edticos\" \/>\n\t<meta name=\"twitter:label2\" content=\"Tiempo de lectura\" \/>\n\t<meta name=\"twitter:data2\" content=\"3 minutos\" \/>\n<script type=\"application\/ld+json\" class=\"yoast-schema-graph\">{\"@context\":\"https:\\\/\\\/schema.org\",\"@graph\":[{\"@type\":\"Article\",\"@id\":\"https:\\\/\\\/lospoliticosveracruz.com\\\/?p=116089#article\",\"isPartOf\":{\"@id\":\"https:\\\/\\\/lospoliticosveracruz.com\\\/?p=116089\"},\"author\":{\"name\":\"Lo viste en Los Pol\u00edticos\",\"@id\":\"https:\\\/\\\/lospoliticosveracruz.com\\\/#\\\/schema\\\/person\\\/b8702bb0e538456e6efd07080bf2a4a2\"},\"headline\":\"ARY AGUILAR CUMPLE CON CRECES\",\"datePublished\":\"2023-12-27T01:23:14+00:00\",\"dateModified\":\"2023-12-27T01:23:20+00:00\",\"mainEntityOfPage\":{\"@id\":\"https:\\\/\\\/lospoliticosveracruz.com\\\/?p=116089\"},\"wordCount\":613,\"publisher\":{\"@id\":\"https:\\\/\\\/lospoliticosveracruz.com\\\/#organization\"},\"keywords\":[\"Oficial Mayor de la SEV\"],\"articleSection\":[\"De Opini\u00f3n\"],\"inLanguage\":\"es\"},{\"@type\":\"WebPage\",\"@id\":\"https:\\\/\\\/lospoliticosveracruz.com\\\/?p=116089\",\"url\":\"https:\\\/\\\/lospoliticosveracruz.com\\\/?p=116089\",\"name\":\"ARY AGUILAR CUMPLE CON CRECES - Los pol\u00edticos Veracruz\",\"isPartOf\":{\"@id\":\"https:\\\/\\\/lospoliticosveracruz.com\\\/#website\"},\"datePublished\":\"2023-12-27T01:23:14+00:00\",\"dateModified\":\"2023-12-27T01:23:20+00:00\",\"breadcrumb\":{\"@id\":\"https:\\\/\\\/lospoliticosveracruz.com\\\/?p=116089#breadcrumb\"},\"inLanguage\":\"es\",\"potentialAction\":[{\"@type\":\"ReadAction\",\"target\":[\"https:\\\/\\\/lospoliticosveracruz.com\\\/?p=116089\"]}]},{\"@type\":\"BreadcrumbList\",\"@id\":\"https:\\\/\\\/lospoliticosveracruz.com\\\/?p=116089#breadcrumb\",\"itemListElement\":[{\"@type\":\"ListItem\",\"position\":1,\"name\":\"Portada\",\"item\":\"https:\\\/\\\/lospoliticosveracruz.com\\\/\"},{\"@type\":\"ListItem\",\"position\":2,\"name\":\"ARY AGUILAR CUMPLE CON CRECES\"}]},{\"@type\":\"WebSite\",\"@id\":\"https:\\\/\\\/lospoliticosveracruz.com\\\/#website\",\"url\":\"https:\\\/\\\/lospoliticosveracruz.com\\\/\",\"name\":\"Los pol\u00edticos Veracruz\",\"description\":\"\",\"publisher\":{\"@id\":\"https:\\\/\\\/lospoliticosveracruz.com\\\/#organization\"},\"potentialAction\":[{\"@type\":\"SearchAction\",\"target\":{\"@type\":\"EntryPoint\",\"urlTemplate\":\"https:\\\/\\\/lospoliticosveracruz.com\\\/?s={search_term_string}\"},\"query-input\":{\"@type\":\"PropertyValueSpecification\",\"valueRequired\":true,\"valueName\":\"search_term_string\"}}],\"inLanguage\":\"es\"},{\"@type\":\"Organization\",\"@id\":\"https:\\\/\\\/lospoliticosveracruz.com\\\/#organization\",\"name\":\"Los pol\u00edticos Veracruz\",\"url\":\"https:\\\/\\\/lospoliticosveracruz.com\\\/\",\"logo\":{\"@type\":\"ImageObject\",\"inLanguage\":\"es\",\"@id\":\"https:\\\/\\\/lospoliticosveracruz.com\\\/#\\\/schema\\\/logo\\\/image\\\/\",\"url\":\"https:\\\/\\\/lospoliticosveracruz.com\\\/wp-content\\\/uploads\\\/2025\\\/12\\\/Logo-Nuevo-LOS-POLITICOS-1.jpg\",\"contentUrl\":\"https:\\\/\\\/lospoliticosveracruz.com\\\/wp-content\\\/uploads\\\/2025\\\/12\\\/Logo-Nuevo-LOS-POLITICOS-1.jpg\",\"width\":260,\"height\":70,\"caption\":\"Los pol\u00edticos Veracruz\"},\"image\":{\"@id\":\"https:\\\/\\\/lospoliticosveracruz.com\\\/#\\\/schema\\\/logo\\\/image\\\/\"},\"sameAs\":[\"https:\\\/\\\/www.facebook.com\\\/people\\\/Notimemes-de-los-Polticos\\\/61565672886568\\\/\",\"https:\\\/\\\/x.com\\\/LosPoliticosVer\"]},{\"@type\":\"Person\",\"@id\":\"https:\\\/\\\/lospoliticosveracruz.com\\\/#\\\/schema\\\/person\\\/b8702bb0e538456e6efd07080bf2a4a2\",\"name\":\"Lo viste en Los Pol\u00edticos\",\"image\":{\"@type\":\"ImageObject\",\"inLanguage\":\"es\",\"@id\":\"https:\\\/\\\/secure.gravatar.com\\\/avatar\\\/3a8de04a2656d44082be478bd6c086daa447c4651605818287b9532d3d0bd435?s=96&d=mm&r=g\",\"url\":\"https:\\\/\\\/secure.gravatar.com\\\/avatar\\\/3a8de04a2656d44082be478bd6c086daa447c4651605818287b9532d3d0bd435?s=96&d=mm&r=g\",\"contentUrl\":\"https:\\\/\\\/secure.gravatar.com\\\/avatar\\\/3a8de04a2656d44082be478bd6c086daa447c4651605818287b9532d3d0bd435?s=96&d=mm&r=g\",\"caption\":\"Lo viste en Los Pol\u00edticos\"},\"url\":\"https:\\\/\\\/lospoliticosveracruz.com\\\/?author=2\"}]}<\/script>\n<!-- \/ Yoast SEO plugin. -->","yoast_head_json":{"title":"ARY AGUILAR CUMPLE CON CRECES - Los pol\u00edticos Veracruz","robots":{"index":"index","follow":"follow","max-snippet":"max-snippet:-1","max-image-preview":"max-image-preview:large","max-video-preview":"max-video-preview:-1"},"canonical":"https:\/\/lospoliticosveracruz.com\/?p=116089","og_locale":"es_ES","og_type":"article","og_title":"ARY AGUILAR CUMPLE CON CRECES - Los pol\u00edticos Veracruz","og_description":"Enrique Yasser Pompeyo\u00a0 Mesa de Redacci\u00f3n\u00a0 \u201cNunca antes una funcionaria de la Secretar\u00eda de Educaci\u00f3n de Veracruz hab\u00eda estado en nuestra colonia y nos hab\u00eda tratado con tanta atenci\u00f3n y cari\u00f1o\u201d. La frase me la solt\u00f3 una xalape\u00f1a de la colonia Ignacio Zaragoza en esta ciudad capital.&nbsp; \u00bfQui\u00e9n era?, le pregunt\u00e9 y sonriente, me contest\u00f3: [&hellip;]","og_url":"https:\/\/lospoliticosveracruz.com\/?p=116089","og_site_name":"Los pol\u00edticos Veracruz","article_publisher":"https:\/\/www.facebook.com\/people\/Notimemes-de-los-Polticos\/61565672886568\/","article_published_time":"2023-12-27T01:23:14+00:00","article_modified_time":"2023-12-27T01:23:20+00:00","og_image":[{"width":200,"height":200,"url":"https:\/\/lospoliticosveracruz.com\/wp-content\/uploads\/2016\/07\/Logo-Dor.jpg","type":"image\/jpeg"}],"author":"Lo viste en Los Pol\u00edticos","twitter_card":"summary_large_image","twitter_creator":"@LosPoliticosVer","twitter_site":"@LosPoliticosVer","twitter_misc":{"Escrito por":"Lo viste en Los Pol\u00edticos","Tiempo de lectura":"3 minutos"},"schema":{"@context":"https:\/\/schema.org","@graph":[{"@type":"Article","@id":"https:\/\/lospoliticosveracruz.com\/?p=116089#article","isPartOf":{"@id":"https:\/\/lospoliticosveracruz.com\/?p=116089"},"author":{"name":"Lo viste en Los Pol\u00edticos","@id":"https:\/\/lospoliticosveracruz.com\/#\/schema\/person\/b8702bb0e538456e6efd07080bf2a4a2"},"headline":"ARY AGUILAR CUMPLE CON CRECES","datePublished":"2023-12-27T01:23:14+00:00","dateModified":"2023-12-27T01:23:20+00:00","mainEntityOfPage":{"@id":"https:\/\/lospoliticosveracruz.com\/?p=116089"},"wordCount":613,"publisher":{"@id":"https:\/\/lospoliticosveracruz.com\/#organization"},"keywords":["Oficial Mayor de la SEV"],"articleSection":["De Opini\u00f3n"],"inLanguage":"es"},{"@type":"WebPage","@id":"https:\/\/lospoliticosveracruz.com\/?p=116089","url":"https:\/\/lospoliticosveracruz.com\/?p=116089","name":"ARY AGUILAR CUMPLE CON CRECES - Los pol\u00edticos Veracruz","isPartOf":{"@id":"https:\/\/lospoliticosveracruz.com\/#website"},"datePublished":"2023-12-27T01:23:14+00:00","dateModified":"2023-12-27T01:23:20+00:00","breadcrumb":{"@id":"https:\/\/lospoliticosveracruz.com\/?p=116089#breadcrumb"},"inLanguage":"es","potentialAction":[{"@type":"ReadAction","target":["https:\/\/lospoliticosveracruz.com\/?p=116089"]}]},{"@type":"BreadcrumbList","@id":"https:\/\/lospoliticosveracruz.com\/?p=116089#breadcrumb","itemListElement":[{"@type":"ListItem","position":1,"name":"Portada","item":"https:\/\/lospoliticosveracruz.com\/"},{"@type":"ListItem","position":2,"name":"ARY AGUILAR CUMPLE CON CRECES"}]},{"@type":"WebSite","@id":"https:\/\/lospoliticosveracruz.com\/#website","url":"https:\/\/lospoliticosveracruz.com\/","name":"Los pol\u00edticos Veracruz","description":"","publisher":{"@id":"https:\/\/lospoliticosveracruz.com\/#organization"},"potentialAction":[{"@type":"SearchAction","target":{"@type":"EntryPoint","urlTemplate":"https:\/\/lospoliticosveracruz.com\/?s={search_term_string}"},"query-input":{"@type":"PropertyValueSpecification","valueRequired":true,"valueName":"search_term_string"}}],"inLanguage":"es"},{"@type":"Organization","@id":"https:\/\/lospoliticosveracruz.com\/#organization","name":"Los pol\u00edticos Veracruz","url":"https:\/\/lospoliticosveracruz.com\/","logo":{"@type":"ImageObject","inLanguage":"es","@id":"https:\/\/lospoliticosveracruz.com\/#\/schema\/logo\/image\/","url":"https:\/\/lospoliticosveracruz.com\/wp-content\/uploads\/2025\/12\/Logo-Nuevo-LOS-POLITICOS-1.jpg","contentUrl":"https:\/\/lospoliticosveracruz.com\/wp-content\/uploads\/2025\/12\/Logo-Nuevo-LOS-POLITICOS-1.jpg","width":260,"height":70,"caption":"Los pol\u00edticos Veracruz"},"image":{"@id":"https:\/\/lospoliticosveracruz.com\/#\/schema\/logo\/image\/"},"sameAs":["https:\/\/www.facebook.com\/people\/Notimemes-de-los-Polticos\/61565672886568\/","https:\/\/x.com\/LosPoliticosVer"]},{"@type":"Person","@id":"https:\/\/lospoliticosveracruz.com\/#\/schema\/person\/b8702bb0e538456e6efd07080bf2a4a2","name":"Lo viste en Los Pol\u00edticos","image":{"@type":"ImageObject","inLanguage":"es","@id":"https:\/\/secure.gravatar.com\/avatar\/3a8de04a2656d44082be478bd6c086daa447c4651605818287b9532d3d0bd435?s=96&d=mm&r=g","url":"https:\/\/secure.gravatar.com\/avatar\/3a8de04a2656d44082be478bd6c086daa447c4651605818287b9532d3d0bd435?s=96&d=mm&r=g","contentUrl":"https:\/\/secure.gravatar.com\/avatar\/3a8de04a2656d44082be478bd6c086daa447c4651605818287b9532d3d0bd435?s=96&d=mm&r=g","caption":"Lo viste en Los Pol\u00edticos"},"url":"https:\/\/lospoliticosveracruz.com\/?author=2"}]}},"_links":{"self":[{"href":"https:\/\/lospoliticosveracruz.com\/index.php?rest_route=\/wp\/v2\/posts\/116089","targetHints":{"allow":["GET"]}}],"collection":[{"href":"https:\/\/lospoliticosveracruz.com\/index.php?rest_route=\/wp\/v2\/posts"}],"about":[{"href":"https:\/\/lospoliticosveracruz.com\/index.php?rest_route=\/wp\/v2\/types\/post"}],"author":[{"embeddable":true,"href":"https:\/\/lospoliticosveracruz.com\/index.php?rest_route=\/wp\/v2\/users\/2"}],"replies":[{"embeddable":true,"href":"https:\/\/lospoliticosveracruz.com\/index.php?rest_route=%2Fwp%2Fv2%2Fcomments&post=116089"}],"version-history":[{"count":1,"href":"https:\/\/lospoliticosveracruz.com\/index.php?rest_route=\/wp\/v2\/posts\/116089\/revisions"}],"predecessor-version":[{"id":116091,"href":"https:\/\/lospoliticosveracruz.com\/index.php?rest_route=\/wp\/v2\/posts\/116089\/revisions\/116091"}],"wp:attachment":[{"href":"https:\/\/lospoliticosveracruz.com\/index.php?rest_route=%2Fwp%2Fv2%2Fmedia&parent=116089"}],"wp:term":[{"taxonomy":"category","embeddable":true,"href":"https:\/\/lospoliticosveracruz.com\/index.php?rest_route=%2Fwp%2Fv2%2Fcategories&post=116089"},{"taxonomy":"post_tag","embeddable":true,"href":"https:\/\/lospoliticosveracruz.com\/index.php?rest_route=%2Fwp%2Fv2%2Ftags&post=116089"}],"curies":[{"name":"wp","href":"https:\/\/api.w.org\/{rel}","templated":true}]}}