{"id":116092,"date":"2023-12-27T06:32:26","date_gmt":"2023-12-27T12:32:26","guid":{"rendered":"https:\/\/lospoliticosveracruz.com.mx\/?p=116092"},"modified":"2023-12-27T06:32:34","modified_gmt":"2023-12-27T12:32:34","slug":"la-cumbre-de-nahle","status":"publish","type":"post","link":"https:\/\/lospoliticosveracruz.com\/?p=116092","title":{"rendered":"LA CUMBRE DE NAHLE"},"content":{"rendered":"\n<p><strong>Ricardo Chua<\/strong><\/p>\n\n\n\n<p><em>Sale y Vale<\/em><\/p>\n\n\n\n<p>Se presume que hoy mi\u00e9rcoles 27 de diciembre a las 10:00 en la sede nacional del partido MORENA.. Dentro de sus instalaciones habr\u00e1 una cumbre con Mario Delgado, enviados de Palacio Nacional y personajes representativos de este partido para sostener una reuni\u00f3n de evaluaci\u00f3n de las precampa\u00f1as a gobernadores y Presidenta de la Rep\u00fablica.. Y cuenta \u00abGarganta Profunda\u00bb que de los peores equipos de precampa\u00f1a evaluados es el de Veracruz\u2026 ABROOOONNN<\/p>\n\n\n\n<p>Se habla que en esta reuni\u00f3n habr\u00e1 llamados de atenci\u00f3n muy fuertes para todos los equipos de las y los candidatos a las gubernaturas de este pa\u00eds.. Pero sobre todo al equipo de Veracruz porque est\u00e1n dejando que la precandidata, Roc\u00edo Nahle, sea una de las peores evaluadas del pa\u00eds.. Y eso, a pesar de que cuenta con todo el apoyo presidencial de Andr\u00e9s Manuel L\u00f3pez Obrador para que la entidad veracruzana contin\u00fae en manos de la 4T.. Pero algo est\u00e1 sucediendo que a MORENA se le est\u00e1 complicando que as\u00ed sea..<\/p>\n\n\n\n<p>Seg\u00fan cuenta \u00abGarganta Profunda\u00bb, que de acuerdo con las m\u00e9tricas que cuenta el CEN de MORENA.. Roc\u00edo Nahle en Veracruz, se mantiene con un 39 por ciento de las preferencias electorales en la entidad.. Dando un \u00abbaj\u00f3n\u00bb de 10 puntos.. Ya que estaba en el 49 por ciento hace un mes y medio, cuando fue anunciada que ella ser\u00eda la coordinadora de los comit\u00e9s de la defensa de la 4T en Veracruz.. Y que pese a todo el \u00abfuego amigo\u00bb en su contra, resisti\u00f3 y logr\u00f3 registrarse.. Pero el da\u00f1o, al parecer, ya estaba hecho\u2026<\/p>\n\n\n\n<p>Se sabe, seg\u00fan el mismo \u00abGarganta Profunda\u00bb, que esta m\u00e9trica demuestra que Nahle tiene debilidades que la est\u00e1n haciendo perder puntos ante el electorado veracruzano.. Y que son principalmente: Falta de liderazgo al interior del partido.. Falta de estrategia general de campa\u00f1a (OJO no es lo mismo que un coordinador general) y la falta de estrategia digital (que aqu\u00ed es donde sus n\u00fameros se mantienen a la baja).. Si no \u00abendereza el camino\u00bb es posible que Pepe Yunes le de el mayor \u00absusto\u00bb de su vida pol\u00edtica..<\/p>\n\n\n\n<p>Por eso, cuentan que todo indica que en el CEN est\u00e1n viendo lo complicado que es ahora el haberla nominado, y que esto ya lo sabe L\u00f3pez Obrador.. As\u00ed que en el balance general de la campa\u00f1a, MORENA ganar\u00eda la elecci\u00f3n estatal, pero con cerca de un mill\u00f3n de votos, pero si la tendencia continua a la baja, entonces, no s\u00f3lo estar\u00e1 en riesgo no solo la gubernatura sino que en Veracruz se pierda la elecci\u00f3n Presidencial porque esto \u00abjalar\u00eda\u00bb a Claudia Sheinbaum en vez de impulsarla..<\/p>\n\n\n\n<p>Ante el panorama.. \u00abGarganta Profunda\u00bb advierte que Sheinbaum hoy podr\u00eda dar un \u00abgolpe en la mesa\u00bb.. Y ah\u00ed se ver\u00e1 si el equipo de Precampa\u00f1a de Nahle.. Vuelve a decirle a Claudia que no aceptar\u00e1n ayuda, pues, ella es solo candidata y el \u00fanico l\u00edder es Andr\u00e9s Manuel y que solo a \u00e9l le responden.. M\u00edralos que valientes.. Pero se sabe que en Palacio Nacional, ya dieron la instrucci\u00f3n de que se intervenga en Veracruz y que si es necesario ajustar.. Que se ajuste.. Y se\u00f1alan a un responsable, su nombre es Cuitlahuac Garc\u00eda.. ABROOOOON<\/p>\n\n\n\n<p>LA \u00abGARGANTA PROFUNDA\u00bb DE RICARDO AHUED\u2026 Nos dice uno de los 3 \u00abbol\u00edgrafos\u00bb autorizados de Ricardo Ahued.. Que la famosa \u00abca\u00edda\u00bb de la coordinaci\u00f3n de campa\u00f1a de Roc\u00edo Nahle a gobernador del alcalde de Xalapa.. ES FALSO.. Ya que el \u00abRey del Pl\u00e1stico\u00bb nunca aspir\u00f3 a ser coordinador de campa\u00f1a de Nahle.. Pero que a pesar de haber sido invitado.. No acept\u00f3.. En pocas palabras no se quiso ir de la presidencia municipal.. Al menos, AHORITA\u2026<\/p>\n\n\n\n<p>Ya que el \u00abGarganta Profunda\u00bb de Ahued nos dijo que pese a lo anterior.. Sin embargo, a la primera oportunidad que tenga la se\u00f1ora Roc\u00edo Nahle, lo ANUNCIAR\u00c1 como EL FUTURO secretario de Gobierno en su gabinete.. Ya que ella sabe que el activo pol\u00edtico que tiene Ricardo Ahued.. Ya que adem\u00e1s de conocer el territorio estatal ,ya que hizo campa\u00f1a para senador con la propia Nahle.. Es un activo que en MORENA no tiene ning\u00fan se\u00f1alamiento de corrupci\u00f3n o de otro tipos de acciones poco claras..<\/p>\n\n\n\n<p>Pero que adem\u00e1s.. Seg\u00fan el \u00abGarganta Profunda\u00bb.. No se puede comparar un alcalde de un municipio de 100 mil habitantes (Como el de Mart\u00ednez de la Torre) con uno de 500 mil ciudadanos y con injerencia en toda la zona centro del Estado.. Ya que Ahued garantiza por s\u00ed mismo 300 a 400 mil votos.. Y que en su \u00faltima elecci\u00f3n tuvo 120 mil y sin el efecto \u00abL\u00f3pez Obrador\u00bb y lo hizo antes de realizar toda la obra p\u00fablica que ha hecho y sin tener el poder de la alcald\u00eda..<\/p>\n\n\n\n<p>REFLEXI\u00d3N: Ser\u00e1 el sereno y ser\u00e1 muy \u00abching\u00f3n\u00bb y muy buena persona Ricardo Ahued.. Pero el alcalde de Mart\u00ednez de la Torre, Rodrigo Calder\u00f3n.. Ya le gan\u00f3 el \u00abbrinco\u00bb en este primer \u00abround\u00bb que es la Precampa\u00f1a.. Y adem\u00e1s el alcalde xalape\u00f1o ya debe saber que en MORENA no se basan en la capacidad de los personajes para elegirlos.. Hay que recordar que son 90 por ciento LEALTAD y 10 por ciento EFICIENCIA.. Habr\u00e1 que ver si lo dejan llegar a SEGOB (Si es que gana Nahle).. EL QUE ENTENDI\u00d3, ENTENDI\u00d3.. AMEN<\/p>\n","protected":false},"excerpt":{"rendered":"<p>Ricardo Chua Sale y Vale Se presume que hoy mi\u00e9rcoles 27 de diciembre a las 10:00 en la sede nacional del partido MORENA.. Dentro de sus instalaciones habr\u00e1 una cumbre con Mario Delgado, enviados de Palacio Nacional y personajes representativos de este partido para sostener una reuni\u00f3n de evaluaci\u00f3n de las precampa\u00f1as a gobernadores y [&hellip;]<\/p>\n","protected":false},"author":2,"featured_media":0,"comment_status":"closed","ping_status":"closed","sticky":false,"template":"","format":"standard","meta":{"tdm_status":"","tdm_grid_status":"","footnotes":""},"categories":[70],"tags":[9627,1026,876,3578,195],"class_list":{"0":"post-116092","1":"post","2":"type-post","3":"status-publish","4":"format-standard","6":"category-de-opinion","7":"tag-claudia-sheinbaum","8":"tag-morena","9":"tag-ricardo-ahued","10":"tag-rocio-nahle","11":"tag-veracruz"},"yoast_head":"<!-- This site is optimized with the Yoast SEO plugin v27.4 - https:\/\/yoast.com\/product\/yoast-seo-wordpress\/ -->\n<title>LA CUMBRE DE NAHLE - Los pol\u00edticos Veracruz<\/title>\n<meta name=\"robots\" content=\"index, follow, max-snippet:-1, max-image-preview:large, max-video-preview:-1\" \/>\n<link rel=\"canonical\" href=\"https:\/\/lospoliticosveracruz.com\/?p=116092\" \/>\n<meta property=\"og:locale\" content=\"es_ES\" \/>\n<meta property=\"og:type\" content=\"article\" \/>\n<meta property=\"og:title\" content=\"LA CUMBRE DE NAHLE - Los pol\u00edticos Veracruz\" \/>\n<meta property=\"og:description\" content=\"Ricardo Chua Sale y Vale Se presume que hoy mi\u00e9rcoles 27 de diciembre a las 10:00 en la sede nacional del partido MORENA.. Dentro de sus instalaciones habr\u00e1 una cumbre con Mario Delgado, enviados de Palacio Nacional y personajes representativos de este partido para sostener una reuni\u00f3n de evaluaci\u00f3n de las precampa\u00f1as a gobernadores y [&hellip;]\" \/>\n<meta property=\"og:url\" content=\"https:\/\/lospoliticosveracruz.com\/?p=116092\" \/>\n<meta property=\"og:site_name\" content=\"Los pol\u00edticos Veracruz\" \/>\n<meta property=\"article:publisher\" content=\"https:\/\/www.facebook.com\/people\/Notimemes-de-los-Polticos\/61565672886568\/\" \/>\n<meta property=\"article:published_time\" content=\"2023-12-27T12:32:26+00:00\" \/>\n<meta property=\"article:modified_time\" content=\"2023-12-27T12:32:34+00:00\" \/>\n<meta property=\"og:image\" content=\"https:\/\/lospoliticosveracruz.com\/wp-content\/uploads\/2016\/07\/Logo-Dor.jpg\" \/>\n\t<meta property=\"og:image:width\" content=\"200\" \/>\n\t<meta property=\"og:image:height\" content=\"200\" \/>\n\t<meta property=\"og:image:type\" content=\"image\/jpeg\" \/>\n<meta name=\"author\" content=\"Lo viste en Los Pol\u00edticos\" \/>\n<meta name=\"twitter:card\" content=\"summary_large_image\" \/>\n<meta name=\"twitter:creator\" content=\"@LosPoliticosVer\" \/>\n<meta name=\"twitter:site\" content=\"@LosPoliticosVer\" \/>\n<meta name=\"twitter:label1\" content=\"Escrito por\" \/>\n\t<meta name=\"twitter:data1\" content=\"Lo viste en Los Pol\u00edticos\" \/>\n\t<meta name=\"twitter:label2\" content=\"Tiempo de lectura\" \/>\n\t<meta name=\"twitter:data2\" content=\"5 minutos\" \/>\n<script type=\"application\/ld+json\" class=\"yoast-schema-graph\">{\"@context\":\"https:\\\/\\\/schema.org\",\"@graph\":[{\"@type\":\"Article\",\"@id\":\"https:\\\/\\\/lospoliticosveracruz.com\\\/?p=116092#article\",\"isPartOf\":{\"@id\":\"https:\\\/\\\/lospoliticosveracruz.com\\\/?p=116092\"},\"author\":{\"name\":\"Lo viste en Los Pol\u00edticos\",\"@id\":\"https:\\\/\\\/lospoliticosveracruz.com\\\/#\\\/schema\\\/person\\\/b8702bb0e538456e6efd07080bf2a4a2\"},\"headline\":\"LA CUMBRE DE NAHLE\",\"datePublished\":\"2023-12-27T12:32:26+00:00\",\"dateModified\":\"2023-12-27T12:32:34+00:00\",\"mainEntityOfPage\":{\"@id\":\"https:\\\/\\\/lospoliticosveracruz.com\\\/?p=116092\"},\"wordCount\":944,\"publisher\":{\"@id\":\"https:\\\/\\\/lospoliticosveracruz.com\\\/#organization\"},\"keywords\":[\"Claudia Sheinbaum\",\"Morena\",\"Ricardo Ahued\",\"Roc\u00edo Nahle\",\"Veracruz\"],\"articleSection\":[\"De Opini\u00f3n\"],\"inLanguage\":\"es\"},{\"@type\":\"WebPage\",\"@id\":\"https:\\\/\\\/lospoliticosveracruz.com\\\/?p=116092\",\"url\":\"https:\\\/\\\/lospoliticosveracruz.com\\\/?p=116092\",\"name\":\"LA CUMBRE DE NAHLE - Los pol\u00edticos Veracruz\",\"isPartOf\":{\"@id\":\"https:\\\/\\\/lospoliticosveracruz.com\\\/#website\"},\"datePublished\":\"2023-12-27T12:32:26+00:00\",\"dateModified\":\"2023-12-27T12:32:34+00:00\",\"breadcrumb\":{\"@id\":\"https:\\\/\\\/lospoliticosveracruz.com\\\/?p=116092#breadcrumb\"},\"inLanguage\":\"es\",\"potentialAction\":[{\"@type\":\"ReadAction\",\"target\":[\"https:\\\/\\\/lospoliticosveracruz.com\\\/?p=116092\"]}]},{\"@type\":\"BreadcrumbList\",\"@id\":\"https:\\\/\\\/lospoliticosveracruz.com\\\/?p=116092#breadcrumb\",\"itemListElement\":[{\"@type\":\"ListItem\",\"position\":1,\"name\":\"Portada\",\"item\":\"https:\\\/\\\/lospoliticosveracruz.com\\\/\"},{\"@type\":\"ListItem\",\"position\":2,\"name\":\"LA CUMBRE DE NAHLE\"}]},{\"@type\":\"WebSite\",\"@id\":\"https:\\\/\\\/lospoliticosveracruz.com\\\/#website\",\"url\":\"https:\\\/\\\/lospoliticosveracruz.com\\\/\",\"name\":\"Los pol\u00edticos Veracruz\",\"description\":\"\",\"publisher\":{\"@id\":\"https:\\\/\\\/lospoliticosveracruz.com\\\/#organization\"},\"potentialAction\":[{\"@type\":\"SearchAction\",\"target\":{\"@type\":\"EntryPoint\",\"urlTemplate\":\"https:\\\/\\\/lospoliticosveracruz.com\\\/?s={search_term_string}\"},\"query-input\":{\"@type\":\"PropertyValueSpecification\",\"valueRequired\":true,\"valueName\":\"search_term_string\"}}],\"inLanguage\":\"es\"},{\"@type\":\"Organization\",\"@id\":\"https:\\\/\\\/lospoliticosveracruz.com\\\/#organization\",\"name\":\"Los pol\u00edticos Veracruz\",\"url\":\"https:\\\/\\\/lospoliticosveracruz.com\\\/\",\"logo\":{\"@type\":\"ImageObject\",\"inLanguage\":\"es\",\"@id\":\"https:\\\/\\\/lospoliticosveracruz.com\\\/#\\\/schema\\\/logo\\\/image\\\/\",\"url\":\"https:\\\/\\\/lospoliticosveracruz.com\\\/wp-content\\\/uploads\\\/2025\\\/12\\\/Logo-Nuevo-LOS-POLITICOS-1.jpg\",\"contentUrl\":\"https:\\\/\\\/lospoliticosveracruz.com\\\/wp-content\\\/uploads\\\/2025\\\/12\\\/Logo-Nuevo-LOS-POLITICOS-1.jpg\",\"width\":260,\"height\":70,\"caption\":\"Los pol\u00edticos Veracruz\"},\"image\":{\"@id\":\"https:\\\/\\\/lospoliticosveracruz.com\\\/#\\\/schema\\\/logo\\\/image\\\/\"},\"sameAs\":[\"https:\\\/\\\/www.facebook.com\\\/people\\\/Notimemes-de-los-Polticos\\\/61565672886568\\\/\",\"https:\\\/\\\/x.com\\\/LosPoliticosVer\"]},{\"@type\":\"Person\",\"@id\":\"https:\\\/\\\/lospoliticosveracruz.com\\\/#\\\/schema\\\/person\\\/b8702bb0e538456e6efd07080bf2a4a2\",\"name\":\"Lo viste en Los Pol\u00edticos\",\"image\":{\"@type\":\"ImageObject\",\"inLanguage\":\"es\",\"@id\":\"https:\\\/\\\/secure.gravatar.com\\\/avatar\\\/3a8de04a2656d44082be478bd6c086daa447c4651605818287b9532d3d0bd435?s=96&d=mm&r=g\",\"url\":\"https:\\\/\\\/secure.gravatar.com\\\/avatar\\\/3a8de04a2656d44082be478bd6c086daa447c4651605818287b9532d3d0bd435?s=96&d=mm&r=g\",\"contentUrl\":\"https:\\\/\\\/secure.gravatar.com\\\/avatar\\\/3a8de04a2656d44082be478bd6c086daa447c4651605818287b9532d3d0bd435?s=96&d=mm&r=g\",\"caption\":\"Lo viste en Los Pol\u00edticos\"},\"url\":\"https:\\\/\\\/lospoliticosveracruz.com\\\/?author=2\"}]}<\/script>\n<!-- \/ Yoast SEO plugin. -->","yoast_head_json":{"title":"LA CUMBRE DE NAHLE - Los pol\u00edticos Veracruz","robots":{"index":"index","follow":"follow","max-snippet":"max-snippet:-1","max-image-preview":"max-image-preview:large","max-video-preview":"max-video-preview:-1"},"canonical":"https:\/\/lospoliticosveracruz.com\/?p=116092","og_locale":"es_ES","og_type":"article","og_title":"LA CUMBRE DE NAHLE - Los pol\u00edticos Veracruz","og_description":"Ricardo Chua Sale y Vale Se presume que hoy mi\u00e9rcoles 27 de diciembre a las 10:00 en la sede nacional del partido MORENA.. Dentro de sus instalaciones habr\u00e1 una cumbre con Mario Delgado, enviados de Palacio Nacional y personajes representativos de este partido para sostener una reuni\u00f3n de evaluaci\u00f3n de las precampa\u00f1as a gobernadores y [&hellip;]","og_url":"https:\/\/lospoliticosveracruz.com\/?p=116092","og_site_name":"Los pol\u00edticos Veracruz","article_publisher":"https:\/\/www.facebook.com\/people\/Notimemes-de-los-Polticos\/61565672886568\/","article_published_time":"2023-12-27T12:32:26+00:00","article_modified_time":"2023-12-27T12:32:34+00:00","og_image":[{"width":200,"height":200,"url":"https:\/\/lospoliticosveracruz.com\/wp-content\/uploads\/2016\/07\/Logo-Dor.jpg","type":"image\/jpeg"}],"author":"Lo viste en Los Pol\u00edticos","twitter_card":"summary_large_image","twitter_creator":"@LosPoliticosVer","twitter_site":"@LosPoliticosVer","twitter_misc":{"Escrito por":"Lo viste en Los Pol\u00edticos","Tiempo de lectura":"5 minutos"},"schema":{"@context":"https:\/\/schema.org","@graph":[{"@type":"Article","@id":"https:\/\/lospoliticosveracruz.com\/?p=116092#article","isPartOf":{"@id":"https:\/\/lospoliticosveracruz.com\/?p=116092"},"author":{"name":"Lo viste en Los Pol\u00edticos","@id":"https:\/\/lospoliticosveracruz.com\/#\/schema\/person\/b8702bb0e538456e6efd07080bf2a4a2"},"headline":"LA CUMBRE DE NAHLE","datePublished":"2023-12-27T12:32:26+00:00","dateModified":"2023-12-27T12:32:34+00:00","mainEntityOfPage":{"@id":"https:\/\/lospoliticosveracruz.com\/?p=116092"},"wordCount":944,"publisher":{"@id":"https:\/\/lospoliticosveracruz.com\/#organization"},"keywords":["Claudia Sheinbaum","Morena","Ricardo Ahued","Roc\u00edo Nahle","Veracruz"],"articleSection":["De Opini\u00f3n"],"inLanguage":"es"},{"@type":"WebPage","@id":"https:\/\/lospoliticosveracruz.com\/?p=116092","url":"https:\/\/lospoliticosveracruz.com\/?p=116092","name":"LA CUMBRE DE NAHLE - Los pol\u00edticos Veracruz","isPartOf":{"@id":"https:\/\/lospoliticosveracruz.com\/#website"},"datePublished":"2023-12-27T12:32:26+00:00","dateModified":"2023-12-27T12:32:34+00:00","breadcrumb":{"@id":"https:\/\/lospoliticosveracruz.com\/?p=116092#breadcrumb"},"inLanguage":"es","potentialAction":[{"@type":"ReadAction","target":["https:\/\/lospoliticosveracruz.com\/?p=116092"]}]},{"@type":"BreadcrumbList","@id":"https:\/\/lospoliticosveracruz.com\/?p=116092#breadcrumb","itemListElement":[{"@type":"ListItem","position":1,"name":"Portada","item":"https:\/\/lospoliticosveracruz.com\/"},{"@type":"ListItem","position":2,"name":"LA CUMBRE DE NAHLE"}]},{"@type":"WebSite","@id":"https:\/\/lospoliticosveracruz.com\/#website","url":"https:\/\/lospoliticosveracruz.com\/","name":"Los pol\u00edticos Veracruz","description":"","publisher":{"@id":"https:\/\/lospoliticosveracruz.com\/#organization"},"potentialAction":[{"@type":"SearchAction","target":{"@type":"EntryPoint","urlTemplate":"https:\/\/lospoliticosveracruz.com\/?s={search_term_string}"},"query-input":{"@type":"PropertyValueSpecification","valueRequired":true,"valueName":"search_term_string"}}],"inLanguage":"es"},{"@type":"Organization","@id":"https:\/\/lospoliticosveracruz.com\/#organization","name":"Los pol\u00edticos Veracruz","url":"https:\/\/lospoliticosveracruz.com\/","logo":{"@type":"ImageObject","inLanguage":"es","@id":"https:\/\/lospoliticosveracruz.com\/#\/schema\/logo\/image\/","url":"https:\/\/lospoliticosveracruz.com\/wp-content\/uploads\/2025\/12\/Logo-Nuevo-LOS-POLITICOS-1.jpg","contentUrl":"https:\/\/lospoliticosveracruz.com\/wp-content\/uploads\/2025\/12\/Logo-Nuevo-LOS-POLITICOS-1.jpg","width":260,"height":70,"caption":"Los pol\u00edticos Veracruz"},"image":{"@id":"https:\/\/lospoliticosveracruz.com\/#\/schema\/logo\/image\/"},"sameAs":["https:\/\/www.facebook.com\/people\/Notimemes-de-los-Polticos\/61565672886568\/","https:\/\/x.com\/LosPoliticosVer"]},{"@type":"Person","@id":"https:\/\/lospoliticosveracruz.com\/#\/schema\/person\/b8702bb0e538456e6efd07080bf2a4a2","name":"Lo viste en Los Pol\u00edticos","image":{"@type":"ImageObject","inLanguage":"es","@id":"https:\/\/secure.gravatar.com\/avatar\/3a8de04a2656d44082be478bd6c086daa447c4651605818287b9532d3d0bd435?s=96&d=mm&r=g","url":"https:\/\/secure.gravatar.com\/avatar\/3a8de04a2656d44082be478bd6c086daa447c4651605818287b9532d3d0bd435?s=96&d=mm&r=g","contentUrl":"https:\/\/secure.gravatar.com\/avatar\/3a8de04a2656d44082be478bd6c086daa447c4651605818287b9532d3d0bd435?s=96&d=mm&r=g","caption":"Lo viste en Los Pol\u00edticos"},"url":"https:\/\/lospoliticosveracruz.com\/?author=2"}]}},"_links":{"self":[{"href":"https:\/\/lospoliticosveracruz.com\/index.php?rest_route=\/wp\/v2\/posts\/116092","targetHints":{"allow":["GET"]}}],"collection":[{"href":"https:\/\/lospoliticosveracruz.com\/index.php?rest_route=\/wp\/v2\/posts"}],"about":[{"href":"https:\/\/lospoliticosveracruz.com\/index.php?rest_route=\/wp\/v2\/types\/post"}],"author":[{"embeddable":true,"href":"https:\/\/lospoliticosveracruz.com\/index.php?rest_route=\/wp\/v2\/users\/2"}],"replies":[{"embeddable":true,"href":"https:\/\/lospoliticosveracruz.com\/index.php?rest_route=%2Fwp%2Fv2%2Fcomments&post=116092"}],"version-history":[{"count":1,"href":"https:\/\/lospoliticosveracruz.com\/index.php?rest_route=\/wp\/v2\/posts\/116092\/revisions"}],"predecessor-version":[{"id":116093,"href":"https:\/\/lospoliticosveracruz.com\/index.php?rest_route=\/wp\/v2\/posts\/116092\/revisions\/116093"}],"wp:attachment":[{"href":"https:\/\/lospoliticosveracruz.com\/index.php?rest_route=%2Fwp%2Fv2%2Fmedia&parent=116092"}],"wp:term":[{"taxonomy":"category","embeddable":true,"href":"https:\/\/lospoliticosveracruz.com\/index.php?rest_route=%2Fwp%2Fv2%2Fcategories&post=116092"},{"taxonomy":"post_tag","embeddable":true,"href":"https:\/\/lospoliticosveracruz.com\/index.php?rest_route=%2Fwp%2Fv2%2Ftags&post=116092"}],"curies":[{"name":"wp","href":"https:\/\/api.w.org\/{rel}","templated":true}]}}