{"id":116104,"date":"2023-12-27T14:09:00","date_gmt":"2023-12-27T20:09:00","guid":{"rendered":"https:\/\/lospoliticosveracruz.com.mx\/?p=116104"},"modified":"2023-12-27T14:09:07","modified_gmt":"2023-12-27T20:09:07","slug":"pepe-yunes-no-solo-de-pan-vive-el-hombre","status":"publish","type":"post","link":"https:\/\/lospoliticosveracruz.com\/?p=116104","title":{"rendered":"PEPE YUNES\u2026 NO SOLO DE PAN VIVE EL HOMBRE"},"content":{"rendered":"\n<p><strong>Vicente Luna Hern\u00e1ndez&nbsp;<\/strong><\/p>\n\n\n\n<p>Para Tino Trejo y Lupillo Herrera operadores pol\u00edticos de nivel por su respaldo a ED<\/p>\n\n\n\n<p>El PAN llev\u00f3 a cabo su Consejo Estatal donde se aprob\u00f3 la plataforma de coalici\u00f3n para el proceso electoral 2023-2024, de \u00e9sta forma se concreta la alianza opositora PAN-PRI.PRD, misma coalici\u00f3n que llevar\u00e1 de nombre: \u201cFuerza y Coraz\u00f3n por Veracruz\u201d y como Candidato a la Gubernatura a Pepe Yunes Zorrilla, la noticia debe generar un aire de optimismo entre su militancia y sus simpatizantes que de manera objetiva analizan la elecci\u00f3n 2024 y llegan a una conclusi\u00f3n:\u2026no solo de PAN vive el hombre.<\/p>\n\n\n\n<p>Tanto el partido en el poder como sus aliados, saben que la campa\u00f1a ser\u00e1 de pron\u00f3stico reservado, hoy no hay nada para nadie y as\u00ed lo han externado los propios aspirantes que se perfilan para la contienda, sin embargo, lo cierto es que una alianza opositora con la presencia del principal partido de oposici\u00f3n siempre estar\u00e1 en mejores condiciones de ganar, pero tambi\u00e9n es cierto, que aunque sea el PAN la principal fuerza opositora, por si misma no est\u00e1 en condiciones de ganar la gubernatura, la experiencia en el 2018 seguro les dej\u00f3 muchas ense\u00f1anzas.<\/p>\n\n\n\n<p>La tarea de Pepe ser\u00e1 articular la estrategia electoral con lo mejor de cada uno de los partidos que integran la alianza pero tambi\u00e9n, ser\u00e1 tarea importante como integrar en su equipo a los representantes de la sociedad civil que seguro tienen mucho que aportar, pensar que la fuerza de las militancias basta ser\u00eda un craso error, no basta la militancia pero tampoco basta presumir a las organizaciones de la sociedad civil sin estructura territorial en el Estado, \u00bfque ofrecen las organizaciones civiles y los grupos pol\u00edticos ajenos a los partidos? Ofrecen llegar a donde las estructuras partidistas no llegan.<\/p>\n\n\n\n<p>Convocar a la m\u00e1s amplia alianza de sectores sociales es el gran reto de ambas alianzas, la realidad es que el discurso entre las elites partidistas es uno pero la realidad territorial es otro, los CDM de todos los partidos involucrados tienen una tarea fundamental: cuidar a sus militantes, hacerlos sentir importantes, darles voz y participaci\u00f3n en la toma de decisiones pero sobre todo, impulsarlos como protagonistas en este proceso electoral, la base principal de las alianzas electorales son sus sectores y organizaciones, ning\u00fan partido es m\u00e1s que el otro en una batalla electoral, amalgamar todos esos intereses es tarea de cada uno de aquellos que tengan una responsabilidad determinada en el equipo de campa\u00f1a.<\/p>\n\n\n\n<p>\u00bfAcaso no estamos ante el proceso electoral m\u00e1s grande de la historia de M\u00e9xico? El equipo de campa\u00f1a dar\u00e1 luz sobre la clase de campa\u00f1a que se piensa llevar a cabo, \u00bfd\u00f3nde estar\u00e1n los Cirilo V\u00e1zquez, Juan Manuel Diez, Patricio Chirinos, entre otros que saben&nbsp;&nbsp;c\u00f3mo ganar elecciones? no se trata de \u201cnueva o \u201cvieja\u201d pol\u00edtica, menos de \u201cviejos\u201d o \u201cnuevos\u201d pol\u00edticos, se trata de sumar a favor del proyecto lo mejor de cada uno, sabemos que en pol\u00edtica 1+1 no son 2 pero ah\u00ed radica la capacidad y experiencia de los operadores en campo, lograr que cada simpatizante se movilice a favor del proyecto\u2026es el gran reto.<\/p>\n\n\n\n<p>Es cierto, el PAN es la principal fuerza opositora en el pa\u00eds y Veracruz no es la excepci\u00f3n, las negociaciones para lograr la alianza primero como FAM seguramente fue una tarea ardua de mucho di\u00e1logo y negociaciones, de encuentros y desencuentros, de acuerdos y diferencias pero finalmente, esa alianza se concret\u00f3 para el presente proceso electoral y Veracruz no fue la excepci\u00f3n, tras muchas conversaciones \u2013 donde sus consejeros estatales tuvieron voz \u2013 se logr\u00f3 formalizar la alianza con el PAN misma que llevar\u00e1 por nombre: \u201c Fuerza y Coraz\u00f3n por Veracruz\u201d donde la \u201cFuerza\u201d ser\u00e1 la militancia de los 3 partidos y el \u201c Coraz\u00f3n\u201d ser\u00e1 la sociedad civil organizada que se decida tambi\u00e9n&nbsp;&nbsp;a ser protagonista en el proceso electoral m\u00e1s grande en la historia de M\u00e9xico, \u00bfva todo el PAN con Pepe? Pero no hay que olvidar\u2026no solo de PAN vive el hombre.<\/p>\n\n\n\n<p>P.D.- Con el \u00e1nimo que se impulsen nuevos liderazgos con tareas determinadas en cada uno de los 212 municipios\u2026Escribir\u00e9 otro d\u00eda.<\/p>\n","protected":false},"excerpt":{"rendered":"<p>Vicente Luna Hern\u00e1ndez&nbsp; Para Tino Trejo y Lupillo Herrera operadores pol\u00edticos de nivel por su respaldo a ED El PAN llev\u00f3 a cabo su Consejo Estatal donde se aprob\u00f3 la plataforma de coalici\u00f3n para el proceso electoral 2023-2024, de \u00e9sta forma se concreta la alianza opositora PAN-PRI.PRD, misma coalici\u00f3n que llevar\u00e1 de nombre: \u201cFuerza y [&hellip;]<\/p>\n","protected":false},"author":2,"featured_media":0,"comment_status":"closed","ping_status":"closed","sticky":false,"template":"","format":"standard","meta":{"tdm_status":"","tdm_grid_status":"","footnotes":""},"categories":[70],"tags":[570],"class_list":{"0":"post-116104","1":"post","2":"type-post","3":"status-publish","4":"format-standard","6":"category-de-opinion","7":"tag-pepe-yunes"},"yoast_head":"<!-- This site is optimized with the Yoast SEO plugin v27.4 - https:\/\/yoast.com\/product\/yoast-seo-wordpress\/ -->\n<title>PEPE YUNES\u2026 NO SOLO DE PAN VIVE EL HOMBRE - Los pol\u00edticos Veracruz<\/title>\n<meta name=\"robots\" content=\"index, follow, max-snippet:-1, max-image-preview:large, max-video-preview:-1\" \/>\n<link rel=\"canonical\" href=\"https:\/\/lospoliticosveracruz.com\/?p=116104\" \/>\n<meta property=\"og:locale\" content=\"es_ES\" \/>\n<meta property=\"og:type\" content=\"article\" \/>\n<meta property=\"og:title\" content=\"PEPE YUNES\u2026 NO SOLO DE PAN VIVE EL HOMBRE - Los pol\u00edticos Veracruz\" \/>\n<meta property=\"og:description\" content=\"Vicente Luna Hern\u00e1ndez&nbsp; Para Tino Trejo y Lupillo Herrera operadores pol\u00edticos de nivel por su respaldo a ED El PAN llev\u00f3 a cabo su Consejo Estatal donde se aprob\u00f3 la plataforma de coalici\u00f3n para el proceso electoral 2023-2024, de \u00e9sta forma se concreta la alianza opositora PAN-PRI.PRD, misma coalici\u00f3n que llevar\u00e1 de nombre: \u201cFuerza y [&hellip;]\" \/>\n<meta property=\"og:url\" content=\"https:\/\/lospoliticosveracruz.com\/?p=116104\" \/>\n<meta property=\"og:site_name\" content=\"Los pol\u00edticos Veracruz\" \/>\n<meta property=\"article:publisher\" content=\"https:\/\/www.facebook.com\/people\/Notimemes-de-los-Polticos\/61565672886568\/\" \/>\n<meta property=\"article:published_time\" content=\"2023-12-27T20:09:00+00:00\" \/>\n<meta property=\"article:modified_time\" content=\"2023-12-27T20:09:07+00:00\" \/>\n<meta property=\"og:image\" content=\"https:\/\/lospoliticosveracruz.com\/wp-content\/uploads\/2016\/07\/Logo-Dor.jpg\" \/>\n\t<meta property=\"og:image:width\" content=\"200\" \/>\n\t<meta property=\"og:image:height\" content=\"200\" \/>\n\t<meta property=\"og:image:type\" content=\"image\/jpeg\" \/>\n<meta name=\"author\" content=\"Lo viste en Los Pol\u00edticos\" \/>\n<meta name=\"twitter:card\" content=\"summary_large_image\" \/>\n<meta name=\"twitter:creator\" content=\"@LosPoliticosVer\" \/>\n<meta name=\"twitter:site\" content=\"@LosPoliticosVer\" \/>\n<meta name=\"twitter:label1\" content=\"Escrito por\" \/>\n\t<meta name=\"twitter:data1\" content=\"Lo viste en Los Pol\u00edticos\" \/>\n\t<meta name=\"twitter:label2\" content=\"Tiempo de lectura\" \/>\n\t<meta name=\"twitter:data2\" content=\"4 minutos\" \/>\n<script type=\"application\/ld+json\" class=\"yoast-schema-graph\">{\"@context\":\"https:\\\/\\\/schema.org\",\"@graph\":[{\"@type\":\"Article\",\"@id\":\"https:\\\/\\\/lospoliticosveracruz.com\\\/?p=116104#article\",\"isPartOf\":{\"@id\":\"https:\\\/\\\/lospoliticosveracruz.com\\\/?p=116104\"},\"author\":{\"name\":\"Lo viste en Los Pol\u00edticos\",\"@id\":\"https:\\\/\\\/lospoliticosveracruz.com\\\/#\\\/schema\\\/person\\\/b8702bb0e538456e6efd07080bf2a4a2\"},\"headline\":\"PEPE YUNES\u2026 NO SOLO DE PAN VIVE EL HOMBRE\",\"datePublished\":\"2023-12-27T20:09:00+00:00\",\"dateModified\":\"2023-12-27T20:09:07+00:00\",\"mainEntityOfPage\":{\"@id\":\"https:\\\/\\\/lospoliticosveracruz.com\\\/?p=116104\"},\"wordCount\":738,\"publisher\":{\"@id\":\"https:\\\/\\\/lospoliticosveracruz.com\\\/#organization\"},\"keywords\":[\"Pepe Yunes\"],\"articleSection\":[\"De Opini\u00f3n\"],\"inLanguage\":\"es\"},{\"@type\":\"WebPage\",\"@id\":\"https:\\\/\\\/lospoliticosveracruz.com\\\/?p=116104\",\"url\":\"https:\\\/\\\/lospoliticosveracruz.com\\\/?p=116104\",\"name\":\"PEPE YUNES\u2026 NO SOLO DE PAN VIVE EL HOMBRE - Los pol\u00edticos Veracruz\",\"isPartOf\":{\"@id\":\"https:\\\/\\\/lospoliticosveracruz.com\\\/#website\"},\"datePublished\":\"2023-12-27T20:09:00+00:00\",\"dateModified\":\"2023-12-27T20:09:07+00:00\",\"breadcrumb\":{\"@id\":\"https:\\\/\\\/lospoliticosveracruz.com\\\/?p=116104#breadcrumb\"},\"inLanguage\":\"es\",\"potentialAction\":[{\"@type\":\"ReadAction\",\"target\":[\"https:\\\/\\\/lospoliticosveracruz.com\\\/?p=116104\"]}]},{\"@type\":\"BreadcrumbList\",\"@id\":\"https:\\\/\\\/lospoliticosveracruz.com\\\/?p=116104#breadcrumb\",\"itemListElement\":[{\"@type\":\"ListItem\",\"position\":1,\"name\":\"Portada\",\"item\":\"https:\\\/\\\/lospoliticosveracruz.com\\\/\"},{\"@type\":\"ListItem\",\"position\":2,\"name\":\"PEPE YUNES\u2026 NO SOLO DE PAN VIVE EL HOMBRE\"}]},{\"@type\":\"WebSite\",\"@id\":\"https:\\\/\\\/lospoliticosveracruz.com\\\/#website\",\"url\":\"https:\\\/\\\/lospoliticosveracruz.com\\\/\",\"name\":\"Los pol\u00edticos Veracruz\",\"description\":\"\",\"publisher\":{\"@id\":\"https:\\\/\\\/lospoliticosveracruz.com\\\/#organization\"},\"potentialAction\":[{\"@type\":\"SearchAction\",\"target\":{\"@type\":\"EntryPoint\",\"urlTemplate\":\"https:\\\/\\\/lospoliticosveracruz.com\\\/?s={search_term_string}\"},\"query-input\":{\"@type\":\"PropertyValueSpecification\",\"valueRequired\":true,\"valueName\":\"search_term_string\"}}],\"inLanguage\":\"es\"},{\"@type\":\"Organization\",\"@id\":\"https:\\\/\\\/lospoliticosveracruz.com\\\/#organization\",\"name\":\"Los pol\u00edticos Veracruz\",\"url\":\"https:\\\/\\\/lospoliticosveracruz.com\\\/\",\"logo\":{\"@type\":\"ImageObject\",\"inLanguage\":\"es\",\"@id\":\"https:\\\/\\\/lospoliticosveracruz.com\\\/#\\\/schema\\\/logo\\\/image\\\/\",\"url\":\"https:\\\/\\\/lospoliticosveracruz.com\\\/wp-content\\\/uploads\\\/2025\\\/12\\\/Logo-Nuevo-LOS-POLITICOS-1.jpg\",\"contentUrl\":\"https:\\\/\\\/lospoliticosveracruz.com\\\/wp-content\\\/uploads\\\/2025\\\/12\\\/Logo-Nuevo-LOS-POLITICOS-1.jpg\",\"width\":260,\"height\":70,\"caption\":\"Los pol\u00edticos Veracruz\"},\"image\":{\"@id\":\"https:\\\/\\\/lospoliticosveracruz.com\\\/#\\\/schema\\\/logo\\\/image\\\/\"},\"sameAs\":[\"https:\\\/\\\/www.facebook.com\\\/people\\\/Notimemes-de-los-Polticos\\\/61565672886568\\\/\",\"https:\\\/\\\/x.com\\\/LosPoliticosVer\"]},{\"@type\":\"Person\",\"@id\":\"https:\\\/\\\/lospoliticosveracruz.com\\\/#\\\/schema\\\/person\\\/b8702bb0e538456e6efd07080bf2a4a2\",\"name\":\"Lo viste en Los Pol\u00edticos\",\"image\":{\"@type\":\"ImageObject\",\"inLanguage\":\"es\",\"@id\":\"https:\\\/\\\/secure.gravatar.com\\\/avatar\\\/3a8de04a2656d44082be478bd6c086daa447c4651605818287b9532d3d0bd435?s=96&d=mm&r=g\",\"url\":\"https:\\\/\\\/secure.gravatar.com\\\/avatar\\\/3a8de04a2656d44082be478bd6c086daa447c4651605818287b9532d3d0bd435?s=96&d=mm&r=g\",\"contentUrl\":\"https:\\\/\\\/secure.gravatar.com\\\/avatar\\\/3a8de04a2656d44082be478bd6c086daa447c4651605818287b9532d3d0bd435?s=96&d=mm&r=g\",\"caption\":\"Lo viste en Los Pol\u00edticos\"},\"url\":\"https:\\\/\\\/lospoliticosveracruz.com\\\/?author=2\"}]}<\/script>\n<!-- \/ Yoast SEO plugin. -->","yoast_head_json":{"title":"PEPE YUNES\u2026 NO SOLO DE PAN VIVE EL HOMBRE - Los pol\u00edticos Veracruz","robots":{"index":"index","follow":"follow","max-snippet":"max-snippet:-1","max-image-preview":"max-image-preview:large","max-video-preview":"max-video-preview:-1"},"canonical":"https:\/\/lospoliticosveracruz.com\/?p=116104","og_locale":"es_ES","og_type":"article","og_title":"PEPE YUNES\u2026 NO SOLO DE PAN VIVE EL HOMBRE - Los pol\u00edticos Veracruz","og_description":"Vicente Luna Hern\u00e1ndez&nbsp; Para Tino Trejo y Lupillo Herrera operadores pol\u00edticos de nivel por su respaldo a ED El PAN llev\u00f3 a cabo su Consejo Estatal donde se aprob\u00f3 la plataforma de coalici\u00f3n para el proceso electoral 2023-2024, de \u00e9sta forma se concreta la alianza opositora PAN-PRI.PRD, misma coalici\u00f3n que llevar\u00e1 de nombre: \u201cFuerza y [&hellip;]","og_url":"https:\/\/lospoliticosveracruz.com\/?p=116104","og_site_name":"Los pol\u00edticos Veracruz","article_publisher":"https:\/\/www.facebook.com\/people\/Notimemes-de-los-Polticos\/61565672886568\/","article_published_time":"2023-12-27T20:09:00+00:00","article_modified_time":"2023-12-27T20:09:07+00:00","og_image":[{"width":200,"height":200,"url":"https:\/\/lospoliticosveracruz.com\/wp-content\/uploads\/2016\/07\/Logo-Dor.jpg","type":"image\/jpeg"}],"author":"Lo viste en Los Pol\u00edticos","twitter_card":"summary_large_image","twitter_creator":"@LosPoliticosVer","twitter_site":"@LosPoliticosVer","twitter_misc":{"Escrito por":"Lo viste en Los Pol\u00edticos","Tiempo de lectura":"4 minutos"},"schema":{"@context":"https:\/\/schema.org","@graph":[{"@type":"Article","@id":"https:\/\/lospoliticosveracruz.com\/?p=116104#article","isPartOf":{"@id":"https:\/\/lospoliticosveracruz.com\/?p=116104"},"author":{"name":"Lo viste en Los Pol\u00edticos","@id":"https:\/\/lospoliticosveracruz.com\/#\/schema\/person\/b8702bb0e538456e6efd07080bf2a4a2"},"headline":"PEPE YUNES\u2026 NO SOLO DE PAN VIVE EL HOMBRE","datePublished":"2023-12-27T20:09:00+00:00","dateModified":"2023-12-27T20:09:07+00:00","mainEntityOfPage":{"@id":"https:\/\/lospoliticosveracruz.com\/?p=116104"},"wordCount":738,"publisher":{"@id":"https:\/\/lospoliticosveracruz.com\/#organization"},"keywords":["Pepe Yunes"],"articleSection":["De Opini\u00f3n"],"inLanguage":"es"},{"@type":"WebPage","@id":"https:\/\/lospoliticosveracruz.com\/?p=116104","url":"https:\/\/lospoliticosveracruz.com\/?p=116104","name":"PEPE YUNES\u2026 NO SOLO DE PAN VIVE EL HOMBRE - Los pol\u00edticos Veracruz","isPartOf":{"@id":"https:\/\/lospoliticosveracruz.com\/#website"},"datePublished":"2023-12-27T20:09:00+00:00","dateModified":"2023-12-27T20:09:07+00:00","breadcrumb":{"@id":"https:\/\/lospoliticosveracruz.com\/?p=116104#breadcrumb"},"inLanguage":"es","potentialAction":[{"@type":"ReadAction","target":["https:\/\/lospoliticosveracruz.com\/?p=116104"]}]},{"@type":"BreadcrumbList","@id":"https:\/\/lospoliticosveracruz.com\/?p=116104#breadcrumb","itemListElement":[{"@type":"ListItem","position":1,"name":"Portada","item":"https:\/\/lospoliticosveracruz.com\/"},{"@type":"ListItem","position":2,"name":"PEPE YUNES\u2026 NO SOLO DE PAN VIVE EL HOMBRE"}]},{"@type":"WebSite","@id":"https:\/\/lospoliticosveracruz.com\/#website","url":"https:\/\/lospoliticosveracruz.com\/","name":"Los pol\u00edticos Veracruz","description":"","publisher":{"@id":"https:\/\/lospoliticosveracruz.com\/#organization"},"potentialAction":[{"@type":"SearchAction","target":{"@type":"EntryPoint","urlTemplate":"https:\/\/lospoliticosveracruz.com\/?s={search_term_string}"},"query-input":{"@type":"PropertyValueSpecification","valueRequired":true,"valueName":"search_term_string"}}],"inLanguage":"es"},{"@type":"Organization","@id":"https:\/\/lospoliticosveracruz.com\/#organization","name":"Los pol\u00edticos Veracruz","url":"https:\/\/lospoliticosveracruz.com\/","logo":{"@type":"ImageObject","inLanguage":"es","@id":"https:\/\/lospoliticosveracruz.com\/#\/schema\/logo\/image\/","url":"https:\/\/lospoliticosveracruz.com\/wp-content\/uploads\/2025\/12\/Logo-Nuevo-LOS-POLITICOS-1.jpg","contentUrl":"https:\/\/lospoliticosveracruz.com\/wp-content\/uploads\/2025\/12\/Logo-Nuevo-LOS-POLITICOS-1.jpg","width":260,"height":70,"caption":"Los pol\u00edticos Veracruz"},"image":{"@id":"https:\/\/lospoliticosveracruz.com\/#\/schema\/logo\/image\/"},"sameAs":["https:\/\/www.facebook.com\/people\/Notimemes-de-los-Polticos\/61565672886568\/","https:\/\/x.com\/LosPoliticosVer"]},{"@type":"Person","@id":"https:\/\/lospoliticosveracruz.com\/#\/schema\/person\/b8702bb0e538456e6efd07080bf2a4a2","name":"Lo viste en Los Pol\u00edticos","image":{"@type":"ImageObject","inLanguage":"es","@id":"https:\/\/secure.gravatar.com\/avatar\/3a8de04a2656d44082be478bd6c086daa447c4651605818287b9532d3d0bd435?s=96&d=mm&r=g","url":"https:\/\/secure.gravatar.com\/avatar\/3a8de04a2656d44082be478bd6c086daa447c4651605818287b9532d3d0bd435?s=96&d=mm&r=g","contentUrl":"https:\/\/secure.gravatar.com\/avatar\/3a8de04a2656d44082be478bd6c086daa447c4651605818287b9532d3d0bd435?s=96&d=mm&r=g","caption":"Lo viste en Los Pol\u00edticos"},"url":"https:\/\/lospoliticosveracruz.com\/?author=2"}]}},"_links":{"self":[{"href":"https:\/\/lospoliticosveracruz.com\/index.php?rest_route=\/wp\/v2\/posts\/116104","targetHints":{"allow":["GET"]}}],"collection":[{"href":"https:\/\/lospoliticosveracruz.com\/index.php?rest_route=\/wp\/v2\/posts"}],"about":[{"href":"https:\/\/lospoliticosveracruz.com\/index.php?rest_route=\/wp\/v2\/types\/post"}],"author":[{"embeddable":true,"href":"https:\/\/lospoliticosveracruz.com\/index.php?rest_route=\/wp\/v2\/users\/2"}],"replies":[{"embeddable":true,"href":"https:\/\/lospoliticosveracruz.com\/index.php?rest_route=%2Fwp%2Fv2%2Fcomments&post=116104"}],"version-history":[{"count":1,"href":"https:\/\/lospoliticosveracruz.com\/index.php?rest_route=\/wp\/v2\/posts\/116104\/revisions"}],"predecessor-version":[{"id":116105,"href":"https:\/\/lospoliticosveracruz.com\/index.php?rest_route=\/wp\/v2\/posts\/116104\/revisions\/116105"}],"wp:attachment":[{"href":"https:\/\/lospoliticosveracruz.com\/index.php?rest_route=%2Fwp%2Fv2%2Fmedia&parent=116104"}],"wp:term":[{"taxonomy":"category","embeddable":true,"href":"https:\/\/lospoliticosveracruz.com\/index.php?rest_route=%2Fwp%2Fv2%2Fcategories&post=116104"},{"taxonomy":"post_tag","embeddable":true,"href":"https:\/\/lospoliticosveracruz.com\/index.php?rest_route=%2Fwp%2Fv2%2Ftags&post=116104"}],"curies":[{"name":"wp","href":"https:\/\/api.w.org\/{rel}","templated":true}]}}