{"id":116120,"date":"2023-12-28T05:37:18","date_gmt":"2023-12-28T11:37:18","guid":{"rendered":"https:\/\/lospoliticosveracruz.com.mx\/?p=116120"},"modified":"2023-12-28T05:37:34","modified_gmt":"2023-12-28T11:37:34","slug":"el-rumor-2","status":"publish","type":"post","link":"https:\/\/lospoliticosveracruz.com\/?p=116120","title":{"rendered":"El RUMOR&#8230;"},"content":{"rendered":"\n<p><strong>Ricardo Chua<\/strong><\/p>\n\n\n\n<p><em>Sale y Vale<\/em><\/p>\n\n\n\n<p>Ser\u00e1 cierto ese rumor que circula en Xalapa.. De que el ex alcalde, Hip\u00f3lito Rodr\u00edguez (Hipo-Crito) como le \u201cbautiz\u00f3\u201d Cuitlahuac Garc\u00eda\u2026 Se va a convertir en el primer ex presidente municipal de MORENA o de la 4T, que ser\u00eda procesado penalmente.. Para tener el argumento en estos tiempos electorales, de que en la 4T en Veracruz, se combate a la corrupci\u00f3n\u2026 OJO no se vayan a equivocar y les apliquen el \u201cEfecto Tobog\u00e1n\u201d y en 2024 est\u00e9n \u201cllorando\u201d por las consecuencias.. Si cae el primero.. Nadie se va a quedar quieto.. EL QUE ENTENDIO, ENTENDI\u00d3\u2026 AGUAS FRESCAS\u2026<\/p>\n\n\n\n<p>EL AVISO A PEPE YUNES.. Al interior del gobierno estatal y dentro del equipo que opera en MORENA la campa\u00f1a de Roc\u00edo Nahle.. Se dieron cuenta que Jos\u00e9 Francisco Yunes Zorrilla, despu\u00e9s les mand\u00f3 el PRIMER MENSAJE a la candidata a gobernador de Veracruz.. Se han dedicado ahora s\u00ed, a darle la vuelta al tema.. Y se\u00f1alan que con la marca del partido pol\u00edtico.. Rebasan por mucho, las preferencias electorales en Veracruz, tanto a Pepe Yunes y al Frente Amplio Opositor para la elecci\u00f3n del 2024..<\/p>\n\n\n\n<p>Pero que tambi\u00e9n el argumento, ocupado por el diputado federal perote\u00f1o, basado en los n\u00fameros que se generaron en las elecciones del 2018 y 2021 en esta entidad veracruzana de MORENA y los partidos de oposici\u00f3n.. De que matem\u00e1ticamente con la suma de los 3 partidos (PAN-PRI-PRD), \u00e9l podr\u00eda ganar la gubernatura como candidato del Frente Amplio por M\u00e9xico.. Ni con esa suma le dar\u00eda lo suficiente para derrotar a MORENA y Roc\u00edo Nahle.. Es decir, no est\u00e1n dejando crecer esa percepci\u00f3n..<\/p>\n\n\n\n<p>Lo que intentan en MORENA es que ni Pepe Yunes, ni sus aliados.. Intenten convencer a la ciudadan\u00eda que MORENA y Nahle pueden ser rebasado por \u00e9l y el Frente Opositor.. Y por eso no dejan que los opositores \u00abvendan\u00bb que pueden lograr el triunfo en 2024.. Adem\u00e1s intentan hacerles recordar lo que le pas\u00f3 a Pepe Yunes en 2018.. Que muchos priistas se fueron a MORENA para evitar que ganara el PAN.. Y con eso desmotivar a la ciudadan\u00eda que vote por sus adversarios..<\/p>\n\n\n\n<p>Se dice que adem\u00e1s en MORENA buscar\u00e1n que la salida de priistas contin\u00fae antes de que llegue el mes de febrero del 2024.. Para que la oposici\u00f3n quede con inoperatividad y que todo se empiece a descomponer desde el comit\u00e9 estatal del PRI.. Y buscar adem\u00e1s destruir esas alianzas con la sociedad civil.. P\u00e4ra que Pepe Yunes no tenga para donde moverse y le sea dif\u00edcil pol\u00edticamente convencerlos que voten por \u00e9l en el PRI, PAN o PRD.. \u00bfLES FUNCIONAR\u00c1 LA ESTRATEGIA?.. AMEN..<\/p>\n\n\n\n<p>EL SENADO DE MORENA EN VERACRUZ.. Si se confirma que la decisi\u00f3n se la dejan a Claudia Sheinbaum, para elegir qui\u00e9n ser\u00eda la candidata al Senado en Veracruz por PVEM en su segunda f\u00f3rmula, que corresponde por g\u00e9nero a mujer.. Ya que en primero ser\u00eda nominado Manuel Huerta.. La decisi\u00f3n seguir\u00eda siendo a favor de la diputada federal, Claudia Tello.. La cual es amiga personal y aliada de Sheinbaum desde hace a\u00f1os antes de que entrara al gobierno.. Por eso, Tello es la operadora real de Shienbaum en Veracruz..<\/p>\n\n\n\n<p>Dif\u00edcilmente en este momento a Shienbaum, le pasar\u00e1 algo similar a lo que le sucedi\u00f3 con Omar Garc\u00eda Harfuch en CDMX.. Ya que la decisi\u00f3n le va a quedar \u00fanica y exclusivamente a ella, con acuerdo de Palacio Nacional.. Y por ello, la nominada ser\u00eda Claudia Tello.. Ella tendr\u00eda la candidatura sin ning\u00fan problema.. Tello camina con la base y, al parecer, lo est\u00e1 haciendo muy bien.. Est\u00e1 logrando simpat\u00eda y arraigo, eso le da una ventaja sobre las dem\u00e1s.. Se puede decir, que ella est\u00e1 logrando esa fortaleza al interior de MORENA..<\/p>\n\n\n\n<p>Lo \u00fanico que podr\u00eda cambiar, es que si de \u00faltimo momento, la decisi\u00f3n viene consensuada con Andr\u00e9s Manuel L\u00f3pez Obrador, Claudia Sheinbaum y Cuitl\u00e1huac Garc\u00eda, entonces, la candidata propietaria podr\u00eda ser Dorhenny Garc\u00eda Cayetano, llevando como suplente a Claudia Tello.. Pero es poco probable .. Ya que la Shienbaum ya tom\u00f3 el control de los estados donde habr\u00e1 elecci\u00f3n a gobernador.. Y Veracruz le interesa en demas\u00eda..<\/p>\n\n\n\n<p>Por eso, ahora, ya se ve muy lejano la decisi\u00f3n de aquellos que ser\u00edan los candidatos al Senado.. Se le quede \u00fanicamente a Andr\u00e9s Manuel L\u00f3pez Obrador.. Ya que dej\u00f3 que el PVEM y PT negociara posiciones con Claudia Sheinbaum y de ah\u00ed es como Claudia Tello, podr\u00eda salir nominada candidato al Senado por Veracruz.. El acuerdo es para fortalecer a Claudia y a los dem\u00e1s partidos pol\u00edticos.. Dando votos de MORENA para estos partidos a cambio de candidaturas.. As\u00ed todos se fortalecen y ganan.. AMEN..<\/p>\n","protected":false},"excerpt":{"rendered":"<p>Ricardo Chua Sale y Vale Ser\u00e1 cierto ese rumor que circula en Xalapa.. De que el ex alcalde, Hip\u00f3lito Rodr\u00edguez (Hipo-Crito) como le \u201cbautiz\u00f3\u201d Cuitlahuac Garc\u00eda\u2026 Se va a convertir en el primer ex presidente municipal de MORENA o de la 4T, que ser\u00eda procesado penalmente.. Para tener el argumento en estos tiempos electorales, de [&hellip;]<\/p>\n","protected":false},"author":2,"featured_media":0,"comment_status":"closed","ping_status":"closed","sticky":false,"template":"","format":"standard","meta":{"tdm_status":"","tdm_grid_status":"","footnotes":""},"categories":[70],"tags":[618,1563,7620,266,570,251,876,3578,195],"class_list":{"0":"post-116120","1":"post","2":"type-post","3":"status-publish","4":"format-standard","6":"category-de-opinion","7":"tag-andres-manuel-lopez-obrador","8":"tag-cuitlahuac-garcia-jimenez","9":"tag-hipolito-rodriguez-herrero","10":"tag-pan","11":"tag-pepe-yunes","12":"tag-pri","13":"tag-ricardo-ahued","14":"tag-rocio-nahle","15":"tag-veracruz"},"yoast_head":"<!-- This site is optimized with the Yoast SEO plugin v27.4 - https:\/\/yoast.com\/product\/yoast-seo-wordpress\/ -->\n<title>El RUMOR... - Los pol\u00edticos Veracruz<\/title>\n<meta name=\"robots\" content=\"index, follow, max-snippet:-1, max-image-preview:large, max-video-preview:-1\" \/>\n<link rel=\"canonical\" href=\"https:\/\/lospoliticosveracruz.com\/?p=116120\" \/>\n<meta property=\"og:locale\" content=\"es_ES\" \/>\n<meta property=\"og:type\" content=\"article\" \/>\n<meta property=\"og:title\" content=\"El RUMOR... - Los pol\u00edticos Veracruz\" \/>\n<meta property=\"og:description\" content=\"Ricardo Chua Sale y Vale Ser\u00e1 cierto ese rumor que circula en Xalapa.. De que el ex alcalde, Hip\u00f3lito Rodr\u00edguez (Hipo-Crito) como le \u201cbautiz\u00f3\u201d Cuitlahuac Garc\u00eda\u2026 Se va a convertir en el primer ex presidente municipal de MORENA o de la 4T, que ser\u00eda procesado penalmente.. Para tener el argumento en estos tiempos electorales, de [&hellip;]\" \/>\n<meta property=\"og:url\" content=\"https:\/\/lospoliticosveracruz.com\/?p=116120\" \/>\n<meta property=\"og:site_name\" content=\"Los pol\u00edticos Veracruz\" \/>\n<meta property=\"article:publisher\" content=\"https:\/\/www.facebook.com\/people\/Notimemes-de-los-Polticos\/61565672886568\/\" \/>\n<meta property=\"article:published_time\" content=\"2023-12-28T11:37:18+00:00\" \/>\n<meta property=\"article:modified_time\" content=\"2023-12-28T11:37:34+00:00\" \/>\n<meta property=\"og:image\" content=\"https:\/\/lospoliticosveracruz.com\/wp-content\/uploads\/2016\/07\/Logo-Dor.jpg\" \/>\n\t<meta property=\"og:image:width\" content=\"200\" \/>\n\t<meta property=\"og:image:height\" content=\"200\" \/>\n\t<meta property=\"og:image:type\" content=\"image\/jpeg\" \/>\n<meta name=\"author\" content=\"Lo viste en Los Pol\u00edticos\" \/>\n<meta name=\"twitter:card\" content=\"summary_large_image\" \/>\n<meta name=\"twitter:creator\" content=\"@LosPoliticosVer\" \/>\n<meta name=\"twitter:site\" content=\"@LosPoliticosVer\" \/>\n<meta name=\"twitter:label1\" content=\"Escrito por\" \/>\n\t<meta name=\"twitter:data1\" content=\"Lo viste en Los Pol\u00edticos\" \/>\n\t<meta name=\"twitter:label2\" content=\"Tiempo de lectura\" \/>\n\t<meta name=\"twitter:data2\" content=\"4 minutos\" \/>\n<script type=\"application\/ld+json\" class=\"yoast-schema-graph\">{\"@context\":\"https:\\\/\\\/schema.org\",\"@graph\":[{\"@type\":\"Article\",\"@id\":\"https:\\\/\\\/lospoliticosveracruz.com\\\/?p=116120#article\",\"isPartOf\":{\"@id\":\"https:\\\/\\\/lospoliticosveracruz.com\\\/?p=116120\"},\"author\":{\"name\":\"Lo viste en Los Pol\u00edticos\",\"@id\":\"https:\\\/\\\/lospoliticosveracruz.com\\\/#\\\/schema\\\/person\\\/b8702bb0e538456e6efd07080bf2a4a2\"},\"headline\":\"El RUMOR&#8230;\",\"datePublished\":\"2023-12-28T11:37:18+00:00\",\"dateModified\":\"2023-12-28T11:37:34+00:00\",\"mainEntityOfPage\":{\"@id\":\"https:\\\/\\\/lospoliticosveracruz.com\\\/?p=116120\"},\"wordCount\":835,\"publisher\":{\"@id\":\"https:\\\/\\\/lospoliticosveracruz.com\\\/#organization\"},\"keywords\":[\"Andr\u00e9s Manuel L\u00f3pez Obrador\",\"Cuitl\u00e1huac Garc\u00eda Jim\u00e9nez\",\"Hip\u00f3lito Rodr\u00edguez Herrero\",\"PAN\",\"Pepe Yunes\",\"PRI\",\"Ricardo Ahued\",\"Roc\u00edo Nahle\",\"Veracruz\"],\"articleSection\":[\"De Opini\u00f3n\"],\"inLanguage\":\"es\"},{\"@type\":\"WebPage\",\"@id\":\"https:\\\/\\\/lospoliticosveracruz.com\\\/?p=116120\",\"url\":\"https:\\\/\\\/lospoliticosveracruz.com\\\/?p=116120\",\"name\":\"El RUMOR... - Los pol\u00edticos Veracruz\",\"isPartOf\":{\"@id\":\"https:\\\/\\\/lospoliticosveracruz.com\\\/#website\"},\"datePublished\":\"2023-12-28T11:37:18+00:00\",\"dateModified\":\"2023-12-28T11:37:34+00:00\",\"breadcrumb\":{\"@id\":\"https:\\\/\\\/lospoliticosveracruz.com\\\/?p=116120#breadcrumb\"},\"inLanguage\":\"es\",\"potentialAction\":[{\"@type\":\"ReadAction\",\"target\":[\"https:\\\/\\\/lospoliticosveracruz.com\\\/?p=116120\"]}]},{\"@type\":\"BreadcrumbList\",\"@id\":\"https:\\\/\\\/lospoliticosveracruz.com\\\/?p=116120#breadcrumb\",\"itemListElement\":[{\"@type\":\"ListItem\",\"position\":1,\"name\":\"Portada\",\"item\":\"https:\\\/\\\/lospoliticosveracruz.com\\\/\"},{\"@type\":\"ListItem\",\"position\":2,\"name\":\"El RUMOR&#8230;\"}]},{\"@type\":\"WebSite\",\"@id\":\"https:\\\/\\\/lospoliticosveracruz.com\\\/#website\",\"url\":\"https:\\\/\\\/lospoliticosveracruz.com\\\/\",\"name\":\"Los pol\u00edticos Veracruz\",\"description\":\"\",\"publisher\":{\"@id\":\"https:\\\/\\\/lospoliticosveracruz.com\\\/#organization\"},\"potentialAction\":[{\"@type\":\"SearchAction\",\"target\":{\"@type\":\"EntryPoint\",\"urlTemplate\":\"https:\\\/\\\/lospoliticosveracruz.com\\\/?s={search_term_string}\"},\"query-input\":{\"@type\":\"PropertyValueSpecification\",\"valueRequired\":true,\"valueName\":\"search_term_string\"}}],\"inLanguage\":\"es\"},{\"@type\":\"Organization\",\"@id\":\"https:\\\/\\\/lospoliticosveracruz.com\\\/#organization\",\"name\":\"Los pol\u00edticos Veracruz\",\"url\":\"https:\\\/\\\/lospoliticosveracruz.com\\\/\",\"logo\":{\"@type\":\"ImageObject\",\"inLanguage\":\"es\",\"@id\":\"https:\\\/\\\/lospoliticosveracruz.com\\\/#\\\/schema\\\/logo\\\/image\\\/\",\"url\":\"https:\\\/\\\/lospoliticosveracruz.com\\\/wp-content\\\/uploads\\\/2025\\\/12\\\/Logo-Nuevo-LOS-POLITICOS-1.jpg\",\"contentUrl\":\"https:\\\/\\\/lospoliticosveracruz.com\\\/wp-content\\\/uploads\\\/2025\\\/12\\\/Logo-Nuevo-LOS-POLITICOS-1.jpg\",\"width\":260,\"height\":70,\"caption\":\"Los pol\u00edticos Veracruz\"},\"image\":{\"@id\":\"https:\\\/\\\/lospoliticosveracruz.com\\\/#\\\/schema\\\/logo\\\/image\\\/\"},\"sameAs\":[\"https:\\\/\\\/www.facebook.com\\\/people\\\/Notimemes-de-los-Polticos\\\/61565672886568\\\/\",\"https:\\\/\\\/x.com\\\/LosPoliticosVer\"]},{\"@type\":\"Person\",\"@id\":\"https:\\\/\\\/lospoliticosveracruz.com\\\/#\\\/schema\\\/person\\\/b8702bb0e538456e6efd07080bf2a4a2\",\"name\":\"Lo viste en Los Pol\u00edticos\",\"image\":{\"@type\":\"ImageObject\",\"inLanguage\":\"es\",\"@id\":\"https:\\\/\\\/secure.gravatar.com\\\/avatar\\\/3a8de04a2656d44082be478bd6c086daa447c4651605818287b9532d3d0bd435?s=96&d=mm&r=g\",\"url\":\"https:\\\/\\\/secure.gravatar.com\\\/avatar\\\/3a8de04a2656d44082be478bd6c086daa447c4651605818287b9532d3d0bd435?s=96&d=mm&r=g\",\"contentUrl\":\"https:\\\/\\\/secure.gravatar.com\\\/avatar\\\/3a8de04a2656d44082be478bd6c086daa447c4651605818287b9532d3d0bd435?s=96&d=mm&r=g\",\"caption\":\"Lo viste en Los Pol\u00edticos\"},\"url\":\"https:\\\/\\\/lospoliticosveracruz.com\\\/?author=2\"}]}<\/script>\n<!-- \/ Yoast SEO plugin. -->","yoast_head_json":{"title":"El RUMOR... - Los pol\u00edticos Veracruz","robots":{"index":"index","follow":"follow","max-snippet":"max-snippet:-1","max-image-preview":"max-image-preview:large","max-video-preview":"max-video-preview:-1"},"canonical":"https:\/\/lospoliticosveracruz.com\/?p=116120","og_locale":"es_ES","og_type":"article","og_title":"El RUMOR... - Los pol\u00edticos Veracruz","og_description":"Ricardo Chua Sale y Vale Ser\u00e1 cierto ese rumor que circula en Xalapa.. De que el ex alcalde, Hip\u00f3lito Rodr\u00edguez (Hipo-Crito) como le \u201cbautiz\u00f3\u201d Cuitlahuac Garc\u00eda\u2026 Se va a convertir en el primer ex presidente municipal de MORENA o de la 4T, que ser\u00eda procesado penalmente.. Para tener el argumento en estos tiempos electorales, de [&hellip;]","og_url":"https:\/\/lospoliticosveracruz.com\/?p=116120","og_site_name":"Los pol\u00edticos Veracruz","article_publisher":"https:\/\/www.facebook.com\/people\/Notimemes-de-los-Polticos\/61565672886568\/","article_published_time":"2023-12-28T11:37:18+00:00","article_modified_time":"2023-12-28T11:37:34+00:00","og_image":[{"width":200,"height":200,"url":"https:\/\/lospoliticosveracruz.com\/wp-content\/uploads\/2016\/07\/Logo-Dor.jpg","type":"image\/jpeg"}],"author":"Lo viste en Los Pol\u00edticos","twitter_card":"summary_large_image","twitter_creator":"@LosPoliticosVer","twitter_site":"@LosPoliticosVer","twitter_misc":{"Escrito por":"Lo viste en Los Pol\u00edticos","Tiempo de lectura":"4 minutos"},"schema":{"@context":"https:\/\/schema.org","@graph":[{"@type":"Article","@id":"https:\/\/lospoliticosveracruz.com\/?p=116120#article","isPartOf":{"@id":"https:\/\/lospoliticosveracruz.com\/?p=116120"},"author":{"name":"Lo viste en Los Pol\u00edticos","@id":"https:\/\/lospoliticosveracruz.com\/#\/schema\/person\/b8702bb0e538456e6efd07080bf2a4a2"},"headline":"El RUMOR&#8230;","datePublished":"2023-12-28T11:37:18+00:00","dateModified":"2023-12-28T11:37:34+00:00","mainEntityOfPage":{"@id":"https:\/\/lospoliticosveracruz.com\/?p=116120"},"wordCount":835,"publisher":{"@id":"https:\/\/lospoliticosveracruz.com\/#organization"},"keywords":["Andr\u00e9s Manuel L\u00f3pez Obrador","Cuitl\u00e1huac Garc\u00eda Jim\u00e9nez","Hip\u00f3lito Rodr\u00edguez Herrero","PAN","Pepe Yunes","PRI","Ricardo Ahued","Roc\u00edo Nahle","Veracruz"],"articleSection":["De Opini\u00f3n"],"inLanguage":"es"},{"@type":"WebPage","@id":"https:\/\/lospoliticosveracruz.com\/?p=116120","url":"https:\/\/lospoliticosveracruz.com\/?p=116120","name":"El RUMOR... - Los pol\u00edticos Veracruz","isPartOf":{"@id":"https:\/\/lospoliticosveracruz.com\/#website"},"datePublished":"2023-12-28T11:37:18+00:00","dateModified":"2023-12-28T11:37:34+00:00","breadcrumb":{"@id":"https:\/\/lospoliticosveracruz.com\/?p=116120#breadcrumb"},"inLanguage":"es","potentialAction":[{"@type":"ReadAction","target":["https:\/\/lospoliticosveracruz.com\/?p=116120"]}]},{"@type":"BreadcrumbList","@id":"https:\/\/lospoliticosveracruz.com\/?p=116120#breadcrumb","itemListElement":[{"@type":"ListItem","position":1,"name":"Portada","item":"https:\/\/lospoliticosveracruz.com\/"},{"@type":"ListItem","position":2,"name":"El RUMOR&#8230;"}]},{"@type":"WebSite","@id":"https:\/\/lospoliticosveracruz.com\/#website","url":"https:\/\/lospoliticosveracruz.com\/","name":"Los pol\u00edticos Veracruz","description":"","publisher":{"@id":"https:\/\/lospoliticosveracruz.com\/#organization"},"potentialAction":[{"@type":"SearchAction","target":{"@type":"EntryPoint","urlTemplate":"https:\/\/lospoliticosveracruz.com\/?s={search_term_string}"},"query-input":{"@type":"PropertyValueSpecification","valueRequired":true,"valueName":"search_term_string"}}],"inLanguage":"es"},{"@type":"Organization","@id":"https:\/\/lospoliticosveracruz.com\/#organization","name":"Los pol\u00edticos Veracruz","url":"https:\/\/lospoliticosveracruz.com\/","logo":{"@type":"ImageObject","inLanguage":"es","@id":"https:\/\/lospoliticosveracruz.com\/#\/schema\/logo\/image\/","url":"https:\/\/lospoliticosveracruz.com\/wp-content\/uploads\/2025\/12\/Logo-Nuevo-LOS-POLITICOS-1.jpg","contentUrl":"https:\/\/lospoliticosveracruz.com\/wp-content\/uploads\/2025\/12\/Logo-Nuevo-LOS-POLITICOS-1.jpg","width":260,"height":70,"caption":"Los pol\u00edticos Veracruz"},"image":{"@id":"https:\/\/lospoliticosveracruz.com\/#\/schema\/logo\/image\/"},"sameAs":["https:\/\/www.facebook.com\/people\/Notimemes-de-los-Polticos\/61565672886568\/","https:\/\/x.com\/LosPoliticosVer"]},{"@type":"Person","@id":"https:\/\/lospoliticosveracruz.com\/#\/schema\/person\/b8702bb0e538456e6efd07080bf2a4a2","name":"Lo viste en Los Pol\u00edticos","image":{"@type":"ImageObject","inLanguage":"es","@id":"https:\/\/secure.gravatar.com\/avatar\/3a8de04a2656d44082be478bd6c086daa447c4651605818287b9532d3d0bd435?s=96&d=mm&r=g","url":"https:\/\/secure.gravatar.com\/avatar\/3a8de04a2656d44082be478bd6c086daa447c4651605818287b9532d3d0bd435?s=96&d=mm&r=g","contentUrl":"https:\/\/secure.gravatar.com\/avatar\/3a8de04a2656d44082be478bd6c086daa447c4651605818287b9532d3d0bd435?s=96&d=mm&r=g","caption":"Lo viste en Los Pol\u00edticos"},"url":"https:\/\/lospoliticosveracruz.com\/?author=2"}]}},"_links":{"self":[{"href":"https:\/\/lospoliticosveracruz.com\/index.php?rest_route=\/wp\/v2\/posts\/116120","targetHints":{"allow":["GET"]}}],"collection":[{"href":"https:\/\/lospoliticosveracruz.com\/index.php?rest_route=\/wp\/v2\/posts"}],"about":[{"href":"https:\/\/lospoliticosveracruz.com\/index.php?rest_route=\/wp\/v2\/types\/post"}],"author":[{"embeddable":true,"href":"https:\/\/lospoliticosveracruz.com\/index.php?rest_route=\/wp\/v2\/users\/2"}],"replies":[{"embeddable":true,"href":"https:\/\/lospoliticosveracruz.com\/index.php?rest_route=%2Fwp%2Fv2%2Fcomments&post=116120"}],"version-history":[{"count":1,"href":"https:\/\/lospoliticosveracruz.com\/index.php?rest_route=\/wp\/v2\/posts\/116120\/revisions"}],"predecessor-version":[{"id":116122,"href":"https:\/\/lospoliticosveracruz.com\/index.php?rest_route=\/wp\/v2\/posts\/116120\/revisions\/116122"}],"wp:attachment":[{"href":"https:\/\/lospoliticosveracruz.com\/index.php?rest_route=%2Fwp%2Fv2%2Fmedia&parent=116120"}],"wp:term":[{"taxonomy":"category","embeddable":true,"href":"https:\/\/lospoliticosveracruz.com\/index.php?rest_route=%2Fwp%2Fv2%2Fcategories&post=116120"},{"taxonomy":"post_tag","embeddable":true,"href":"https:\/\/lospoliticosveracruz.com\/index.php?rest_route=%2Fwp%2Fv2%2Ftags&post=116120"}],"curies":[{"name":"wp","href":"https:\/\/api.w.org\/{rel}","templated":true}]}}