{"id":116152,"date":"2023-12-29T06:00:36","date_gmt":"2023-12-29T12:00:36","guid":{"rendered":"https:\/\/lospoliticosveracruz.com.mx\/?p=116152"},"modified":"2023-12-29T06:00:59","modified_gmt":"2023-12-29T12:00:59","slug":"el-nuevo-camino-de-nahle","status":"publish","type":"post","link":"https:\/\/lospoliticosveracruz.com\/?p=116152","title":{"rendered":"EL NUEVO CAMINO DE NAHLE"},"content":{"rendered":"\n<p><strong>Ricardo Chua<\/strong><\/p>\n\n\n\n<p><em>Sale y Vale<\/em><\/p>\n\n\n\n<p>Despu\u00e9s de que ya se sabe qui\u00e9n ser\u00e1 el candidato de la oposici\u00f3n al gobierno de Veracruz en 2024, en la persona de Jos\u00e9 Francisco Yunes Zorrilla.. A la otra aspirante al mismo cargo de elecci\u00f3n popular por la alianza MORENA-PVEM-PT, Roc\u00edo Nahle Garc\u00eda, le queda seguir un NUEVO CAMINO si quiere ganar esta elecci\u00f3n estatal.. Y es, seg\u00fan expertos electorales, \u00abapegarse\u00bb a todo lo que es Andr\u00e9s Manuel L\u00f3pez Obrador pero \u00abguardar su distancia\u00bb a todo lo que representa Cuitl\u00e1huac Garc\u00eda Jim\u00e9nez..<\/p>\n\n\n\n<p>Nahle sabe que en este momento, Pepe Yunes es el candidato m\u00e1s dif\u00edcil que pudo haber enfrentado.. Ya que \u00e9l, es un personaje al cual no lo puede atacar por cuestiones de corrupci\u00f3n, de ser ex funcionario de alg\u00fan gobernador priista de anta\u00f1o y sobre todo que como funcionario p\u00fablico, no haya cumplido su palabra con sus gobernados.. De esa forma, tiene que cambiar su estrategia pol\u00edtica para ganarle a Pepe y mantener a MORENA en el poder.. Ella tiene en contra que el gobierno de Cuitl\u00e1huac, si es cuestionable.. Pepe no..<\/p>\n\n\n\n<p>Pero si algo hay que reconocerle a Nahle, es que durante los 5 a\u00f1os que estuvo en el gabinete de Andr\u00e9s Manuel L\u00f3pez Obrador.. Aprendi\u00f3 y aplic\u00f3 eso de que \u00abEl trabajo mata a grilla\u00bb.. Ya que ella fue parte de una envidiable \u00abescuela\u00bb para todos los de la 4T con el mejor de los maestros\u2026 Ya que en unas semanas, la aspirante demostr\u00f3 su \u00abm\u00fasculo\u00bb.. Lleg\u00f3 y toda la estructura de MORENA y del gobierno estatal se puso a su servicio.. Menos los que siguen estando con Eric Cisneros al 100..<\/p>\n\n\n\n<p>Pero eso, lo ha ido acabando poco a poco.. Mandando mensajes a todos aquellos \u00abPatrocinios\u00bb que si contin\u00faan con sus acciones de segregar a todos los que son sus operadores y aliados pol\u00edticos.. Ser\u00e1n los siguientes que dejen sus cargos p\u00fablicos y ser\u00e1n AUDITADOS en sus acciones como funcionarios\u2026 As\u00ed que el \u00abmiedo no anda en burro\u00bb y ya todo cambi\u00f3.. Esto a pesar de que las maledicencias del \u00abfuego amigo\u00bb y no tan amigo, estuvo a todo lo que da en su contra por aquello de que no es veracruzana..<\/p>\n\n\n\n<p>Sin embargo, esto no fue lo \u00fanico, ya que adem\u00e1s a Roc\u00edo Nahle, de parte de sus propios adversarios en MORENA, le echaron encima a una \u00abjaur\u00eda\u00bb pol\u00edtica, pseudoperiodistas, \u00abbots\u00bb en redes sociales, mantas an\u00f3nimas, mensajes telef\u00f3nicos y otras \u00abbajezas\u00bb.. Una situaci\u00f3n que no la da\u00f1\u00f3 al interior, pero Nahle si le afect\u00f3 al exterior por su ausencia de Veracruz por los 5 a\u00f1os que estuvo enfrente a la SENER.. Y ese da\u00f1o, qui\u00e9n se lo hizo tiene nombre y apellido..<\/p>\n\n\n\n<p>Ahora lo que intenta Nahle con un cambio de estrategia pol\u00edtica.. Es utilizar una distinta a las anteriores.. Que es \u00abmostrar el m\u00fasculo\u00bb en sus eventos y todos con una capacidad de convocatoria que re\u00fana a la militancia, m\u00e1s representantes populares, empresarios y simpatizantes de su candidatura.. Buscar su encaminamiento hacia la gubernatura.. Por eso es que echo mano de otros personajes.. Se consigui\u00f3 a un operador, que conoc\u00eda la estructura de MORENA: Juan Javier G\u00f3mez Cazar\u00edn..<\/p>\n\n\n\n<p>Roc\u00edo Nahle ten\u00eda que elegir a un operador local que le conociera la \u00abtierra\u00bb al interior de MORENA.. Uno era Esteban Ram\u00edrez Zepeta, pero \u00e9l ten\u00eda que atender a los asuntos del partido.. Y por eso, se llev\u00f3 a Cazar\u00edn, que ha sido el \u00fanico diputado en la historia de Veracruz, dos veces consecutivas presidente de la Junta de Coordinaci\u00f3n Pol\u00edtica.. Nahle lo puso ah\u00ed porque sabe acordar, reconocer liderazgos y compartir el \u00abpastel\u00bb.. Con ellos intenta crear un aut\u00e9ntico trabuco pol\u00edtico.. Que Pepe no le pueda destruir..<\/p>\n\n\n\n<p>Tanto as\u00ed que a Nahle lo quiere operando 24 por 24 con ella.. Y que est\u00e9 presente en eventos p\u00fablicos.. Ya en privado no, que se vea la fuerza operativa de MORENA con ella a su lado.. Hoy, parece que la precampa\u00f1a de Nahle, ha cruzado un punto de no retorno porque sabe que no puede \u00abaflojar el paso\u00bb.. Ya que la diferencia que la separa de su competidor hoy puede ser pol\u00edticamente remontable.. Por eso, se aplica o pierde.. Cuitl\u00e1huac le dej\u00f3 un conflicto con la sociedad, que ella tendr\u00e1 que superar.. EL QUE ENTENDI\u00d3, ENTENDI\u00d3.. AMEN<\/p>\n","protected":false},"excerpt":{"rendered":"<p>Ricardo Chua Sale y Vale Despu\u00e9s de que ya se sabe qui\u00e9n ser\u00e1 el candidato de la oposici\u00f3n al gobierno de Veracruz en 2024, en la persona de Jos\u00e9 Francisco Yunes Zorrilla.. A la otra aspirante al mismo cargo de elecci\u00f3n popular por la alianza MORENA-PVEM-PT, Roc\u00edo Nahle Garc\u00eda, le queda seguir un NUEVO CAMINO [&hellip;]<\/p>\n","protected":false},"author":2,"featured_media":0,"comment_status":"closed","ping_status":"closed","sticky":false,"template":"","format":"standard","meta":{"tdm_status":"","tdm_grid_status":"","footnotes":""},"categories":[70],"tags":[618,1563,1026,195],"class_list":{"0":"post-116152","1":"post","2":"type-post","3":"status-publish","4":"format-standard","6":"category-de-opinion","7":"tag-andres-manuel-lopez-obrador","8":"tag-cuitlahuac-garcia-jimenez","9":"tag-morena","10":"tag-veracruz"},"yoast_head":"<!-- This site is optimized with the Yoast SEO plugin v27.4 - https:\/\/yoast.com\/product\/yoast-seo-wordpress\/ -->\n<title>EL NUEVO CAMINO DE NAHLE - Los pol\u00edticos Veracruz<\/title>\n<meta name=\"robots\" content=\"index, follow, max-snippet:-1, max-image-preview:large, max-video-preview:-1\" \/>\n<link rel=\"canonical\" href=\"https:\/\/lospoliticosveracruz.com\/?p=116152\" \/>\n<meta property=\"og:locale\" content=\"es_ES\" \/>\n<meta property=\"og:type\" content=\"article\" \/>\n<meta property=\"og:title\" content=\"EL NUEVO CAMINO DE NAHLE - Los pol\u00edticos Veracruz\" \/>\n<meta property=\"og:description\" content=\"Ricardo Chua Sale y Vale Despu\u00e9s de que ya se sabe qui\u00e9n ser\u00e1 el candidato de la oposici\u00f3n al gobierno de Veracruz en 2024, en la persona de Jos\u00e9 Francisco Yunes Zorrilla.. A la otra aspirante al mismo cargo de elecci\u00f3n popular por la alianza MORENA-PVEM-PT, Roc\u00edo Nahle Garc\u00eda, le queda seguir un NUEVO CAMINO [&hellip;]\" \/>\n<meta property=\"og:url\" content=\"https:\/\/lospoliticosveracruz.com\/?p=116152\" \/>\n<meta property=\"og:site_name\" content=\"Los pol\u00edticos Veracruz\" \/>\n<meta property=\"article:publisher\" content=\"https:\/\/www.facebook.com\/people\/Notimemes-de-los-Polticos\/61565672886568\/\" \/>\n<meta property=\"article:published_time\" content=\"2023-12-29T12:00:36+00:00\" \/>\n<meta property=\"article:modified_time\" content=\"2023-12-29T12:00:59+00:00\" \/>\n<meta property=\"og:image\" content=\"https:\/\/lospoliticosveracruz.com\/wp-content\/uploads\/2016\/07\/Logo-Dor.jpg\" \/>\n\t<meta property=\"og:image:width\" content=\"200\" \/>\n\t<meta property=\"og:image:height\" content=\"200\" \/>\n\t<meta property=\"og:image:type\" content=\"image\/jpeg\" \/>\n<meta name=\"author\" content=\"Lo viste en Los Pol\u00edticos\" \/>\n<meta name=\"twitter:card\" content=\"summary_large_image\" \/>\n<meta name=\"twitter:creator\" content=\"@LosPoliticosVer\" \/>\n<meta name=\"twitter:site\" content=\"@LosPoliticosVer\" \/>\n<meta name=\"twitter:label1\" content=\"Escrito por\" \/>\n\t<meta name=\"twitter:data1\" content=\"Lo viste en Los Pol\u00edticos\" \/>\n\t<meta name=\"twitter:label2\" content=\"Tiempo de lectura\" \/>\n\t<meta name=\"twitter:data2\" content=\"4 minutos\" \/>\n<script type=\"application\/ld+json\" class=\"yoast-schema-graph\">{\"@context\":\"https:\\\/\\\/schema.org\",\"@graph\":[{\"@type\":\"Article\",\"@id\":\"https:\\\/\\\/lospoliticosveracruz.com\\\/?p=116152#article\",\"isPartOf\":{\"@id\":\"https:\\\/\\\/lospoliticosveracruz.com\\\/?p=116152\"},\"author\":{\"name\":\"Lo viste en Los Pol\u00edticos\",\"@id\":\"https:\\\/\\\/lospoliticosveracruz.com\\\/#\\\/schema\\\/person\\\/b8702bb0e538456e6efd07080bf2a4a2\"},\"headline\":\"EL NUEVO CAMINO DE NAHLE\",\"datePublished\":\"2023-12-29T12:00:36+00:00\",\"dateModified\":\"2023-12-29T12:00:59+00:00\",\"mainEntityOfPage\":{\"@id\":\"https:\\\/\\\/lospoliticosveracruz.com\\\/?p=116152\"},\"wordCount\":766,\"publisher\":{\"@id\":\"https:\\\/\\\/lospoliticosveracruz.com\\\/#organization\"},\"keywords\":[\"Andr\u00e9s Manuel L\u00f3pez Obrador\",\"Cuitl\u00e1huac Garc\u00eda Jim\u00e9nez\",\"Morena\",\"Veracruz\"],\"articleSection\":[\"De Opini\u00f3n\"],\"inLanguage\":\"es\"},{\"@type\":\"WebPage\",\"@id\":\"https:\\\/\\\/lospoliticosveracruz.com\\\/?p=116152\",\"url\":\"https:\\\/\\\/lospoliticosveracruz.com\\\/?p=116152\",\"name\":\"EL NUEVO CAMINO DE NAHLE - Los pol\u00edticos Veracruz\",\"isPartOf\":{\"@id\":\"https:\\\/\\\/lospoliticosveracruz.com\\\/#website\"},\"datePublished\":\"2023-12-29T12:00:36+00:00\",\"dateModified\":\"2023-12-29T12:00:59+00:00\",\"breadcrumb\":{\"@id\":\"https:\\\/\\\/lospoliticosveracruz.com\\\/?p=116152#breadcrumb\"},\"inLanguage\":\"es\",\"potentialAction\":[{\"@type\":\"ReadAction\",\"target\":[\"https:\\\/\\\/lospoliticosveracruz.com\\\/?p=116152\"]}]},{\"@type\":\"BreadcrumbList\",\"@id\":\"https:\\\/\\\/lospoliticosveracruz.com\\\/?p=116152#breadcrumb\",\"itemListElement\":[{\"@type\":\"ListItem\",\"position\":1,\"name\":\"Portada\",\"item\":\"https:\\\/\\\/lospoliticosveracruz.com\\\/\"},{\"@type\":\"ListItem\",\"position\":2,\"name\":\"EL NUEVO CAMINO DE NAHLE\"}]},{\"@type\":\"WebSite\",\"@id\":\"https:\\\/\\\/lospoliticosveracruz.com\\\/#website\",\"url\":\"https:\\\/\\\/lospoliticosveracruz.com\\\/\",\"name\":\"Los pol\u00edticos Veracruz\",\"description\":\"\",\"publisher\":{\"@id\":\"https:\\\/\\\/lospoliticosveracruz.com\\\/#organization\"},\"potentialAction\":[{\"@type\":\"SearchAction\",\"target\":{\"@type\":\"EntryPoint\",\"urlTemplate\":\"https:\\\/\\\/lospoliticosveracruz.com\\\/?s={search_term_string}\"},\"query-input\":{\"@type\":\"PropertyValueSpecification\",\"valueRequired\":true,\"valueName\":\"search_term_string\"}}],\"inLanguage\":\"es\"},{\"@type\":\"Organization\",\"@id\":\"https:\\\/\\\/lospoliticosveracruz.com\\\/#organization\",\"name\":\"Los pol\u00edticos Veracruz\",\"url\":\"https:\\\/\\\/lospoliticosveracruz.com\\\/\",\"logo\":{\"@type\":\"ImageObject\",\"inLanguage\":\"es\",\"@id\":\"https:\\\/\\\/lospoliticosveracruz.com\\\/#\\\/schema\\\/logo\\\/image\\\/\",\"url\":\"https:\\\/\\\/lospoliticosveracruz.com\\\/wp-content\\\/uploads\\\/2025\\\/12\\\/Logo-Nuevo-LOS-POLITICOS-1.jpg\",\"contentUrl\":\"https:\\\/\\\/lospoliticosveracruz.com\\\/wp-content\\\/uploads\\\/2025\\\/12\\\/Logo-Nuevo-LOS-POLITICOS-1.jpg\",\"width\":260,\"height\":70,\"caption\":\"Los pol\u00edticos Veracruz\"},\"image\":{\"@id\":\"https:\\\/\\\/lospoliticosveracruz.com\\\/#\\\/schema\\\/logo\\\/image\\\/\"},\"sameAs\":[\"https:\\\/\\\/www.facebook.com\\\/people\\\/Notimemes-de-los-Polticos\\\/61565672886568\\\/\",\"https:\\\/\\\/x.com\\\/LosPoliticosVer\"]},{\"@type\":\"Person\",\"@id\":\"https:\\\/\\\/lospoliticosveracruz.com\\\/#\\\/schema\\\/person\\\/b8702bb0e538456e6efd07080bf2a4a2\",\"name\":\"Lo viste en Los Pol\u00edticos\",\"image\":{\"@type\":\"ImageObject\",\"inLanguage\":\"es\",\"@id\":\"https:\\\/\\\/secure.gravatar.com\\\/avatar\\\/3a8de04a2656d44082be478bd6c086daa447c4651605818287b9532d3d0bd435?s=96&d=mm&r=g\",\"url\":\"https:\\\/\\\/secure.gravatar.com\\\/avatar\\\/3a8de04a2656d44082be478bd6c086daa447c4651605818287b9532d3d0bd435?s=96&d=mm&r=g\",\"contentUrl\":\"https:\\\/\\\/secure.gravatar.com\\\/avatar\\\/3a8de04a2656d44082be478bd6c086daa447c4651605818287b9532d3d0bd435?s=96&d=mm&r=g\",\"caption\":\"Lo viste en Los Pol\u00edticos\"},\"url\":\"https:\\\/\\\/lospoliticosveracruz.com\\\/?author=2\"}]}<\/script>\n<!-- \/ Yoast SEO plugin. -->","yoast_head_json":{"title":"EL NUEVO CAMINO DE NAHLE - Los pol\u00edticos Veracruz","robots":{"index":"index","follow":"follow","max-snippet":"max-snippet:-1","max-image-preview":"max-image-preview:large","max-video-preview":"max-video-preview:-1"},"canonical":"https:\/\/lospoliticosveracruz.com\/?p=116152","og_locale":"es_ES","og_type":"article","og_title":"EL NUEVO CAMINO DE NAHLE - Los pol\u00edticos Veracruz","og_description":"Ricardo Chua Sale y Vale Despu\u00e9s de que ya se sabe qui\u00e9n ser\u00e1 el candidato de la oposici\u00f3n al gobierno de Veracruz en 2024, en la persona de Jos\u00e9 Francisco Yunes Zorrilla.. A la otra aspirante al mismo cargo de elecci\u00f3n popular por la alianza MORENA-PVEM-PT, Roc\u00edo Nahle Garc\u00eda, le queda seguir un NUEVO CAMINO [&hellip;]","og_url":"https:\/\/lospoliticosveracruz.com\/?p=116152","og_site_name":"Los pol\u00edticos Veracruz","article_publisher":"https:\/\/www.facebook.com\/people\/Notimemes-de-los-Polticos\/61565672886568\/","article_published_time":"2023-12-29T12:00:36+00:00","article_modified_time":"2023-12-29T12:00:59+00:00","og_image":[{"width":200,"height":200,"url":"https:\/\/lospoliticosveracruz.com\/wp-content\/uploads\/2016\/07\/Logo-Dor.jpg","type":"image\/jpeg"}],"author":"Lo viste en Los Pol\u00edticos","twitter_card":"summary_large_image","twitter_creator":"@LosPoliticosVer","twitter_site":"@LosPoliticosVer","twitter_misc":{"Escrito por":"Lo viste en Los Pol\u00edticos","Tiempo de lectura":"4 minutos"},"schema":{"@context":"https:\/\/schema.org","@graph":[{"@type":"Article","@id":"https:\/\/lospoliticosveracruz.com\/?p=116152#article","isPartOf":{"@id":"https:\/\/lospoliticosveracruz.com\/?p=116152"},"author":{"name":"Lo viste en Los Pol\u00edticos","@id":"https:\/\/lospoliticosveracruz.com\/#\/schema\/person\/b8702bb0e538456e6efd07080bf2a4a2"},"headline":"EL NUEVO CAMINO DE NAHLE","datePublished":"2023-12-29T12:00:36+00:00","dateModified":"2023-12-29T12:00:59+00:00","mainEntityOfPage":{"@id":"https:\/\/lospoliticosveracruz.com\/?p=116152"},"wordCount":766,"publisher":{"@id":"https:\/\/lospoliticosveracruz.com\/#organization"},"keywords":["Andr\u00e9s Manuel L\u00f3pez Obrador","Cuitl\u00e1huac Garc\u00eda Jim\u00e9nez","Morena","Veracruz"],"articleSection":["De Opini\u00f3n"],"inLanguage":"es"},{"@type":"WebPage","@id":"https:\/\/lospoliticosveracruz.com\/?p=116152","url":"https:\/\/lospoliticosveracruz.com\/?p=116152","name":"EL NUEVO CAMINO DE NAHLE - Los pol\u00edticos Veracruz","isPartOf":{"@id":"https:\/\/lospoliticosveracruz.com\/#website"},"datePublished":"2023-12-29T12:00:36+00:00","dateModified":"2023-12-29T12:00:59+00:00","breadcrumb":{"@id":"https:\/\/lospoliticosveracruz.com\/?p=116152#breadcrumb"},"inLanguage":"es","potentialAction":[{"@type":"ReadAction","target":["https:\/\/lospoliticosveracruz.com\/?p=116152"]}]},{"@type":"BreadcrumbList","@id":"https:\/\/lospoliticosveracruz.com\/?p=116152#breadcrumb","itemListElement":[{"@type":"ListItem","position":1,"name":"Portada","item":"https:\/\/lospoliticosveracruz.com\/"},{"@type":"ListItem","position":2,"name":"EL NUEVO CAMINO DE NAHLE"}]},{"@type":"WebSite","@id":"https:\/\/lospoliticosveracruz.com\/#website","url":"https:\/\/lospoliticosveracruz.com\/","name":"Los pol\u00edticos Veracruz","description":"","publisher":{"@id":"https:\/\/lospoliticosveracruz.com\/#organization"},"potentialAction":[{"@type":"SearchAction","target":{"@type":"EntryPoint","urlTemplate":"https:\/\/lospoliticosveracruz.com\/?s={search_term_string}"},"query-input":{"@type":"PropertyValueSpecification","valueRequired":true,"valueName":"search_term_string"}}],"inLanguage":"es"},{"@type":"Organization","@id":"https:\/\/lospoliticosveracruz.com\/#organization","name":"Los pol\u00edticos Veracruz","url":"https:\/\/lospoliticosveracruz.com\/","logo":{"@type":"ImageObject","inLanguage":"es","@id":"https:\/\/lospoliticosveracruz.com\/#\/schema\/logo\/image\/","url":"https:\/\/lospoliticosveracruz.com\/wp-content\/uploads\/2025\/12\/Logo-Nuevo-LOS-POLITICOS-1.jpg","contentUrl":"https:\/\/lospoliticosveracruz.com\/wp-content\/uploads\/2025\/12\/Logo-Nuevo-LOS-POLITICOS-1.jpg","width":260,"height":70,"caption":"Los pol\u00edticos Veracruz"},"image":{"@id":"https:\/\/lospoliticosveracruz.com\/#\/schema\/logo\/image\/"},"sameAs":["https:\/\/www.facebook.com\/people\/Notimemes-de-los-Polticos\/61565672886568\/","https:\/\/x.com\/LosPoliticosVer"]},{"@type":"Person","@id":"https:\/\/lospoliticosveracruz.com\/#\/schema\/person\/b8702bb0e538456e6efd07080bf2a4a2","name":"Lo viste en Los Pol\u00edticos","image":{"@type":"ImageObject","inLanguage":"es","@id":"https:\/\/secure.gravatar.com\/avatar\/3a8de04a2656d44082be478bd6c086daa447c4651605818287b9532d3d0bd435?s=96&d=mm&r=g","url":"https:\/\/secure.gravatar.com\/avatar\/3a8de04a2656d44082be478bd6c086daa447c4651605818287b9532d3d0bd435?s=96&d=mm&r=g","contentUrl":"https:\/\/secure.gravatar.com\/avatar\/3a8de04a2656d44082be478bd6c086daa447c4651605818287b9532d3d0bd435?s=96&d=mm&r=g","caption":"Lo viste en Los Pol\u00edticos"},"url":"https:\/\/lospoliticosveracruz.com\/?author=2"}]}},"_links":{"self":[{"href":"https:\/\/lospoliticosveracruz.com\/index.php?rest_route=\/wp\/v2\/posts\/116152","targetHints":{"allow":["GET"]}}],"collection":[{"href":"https:\/\/lospoliticosveracruz.com\/index.php?rest_route=\/wp\/v2\/posts"}],"about":[{"href":"https:\/\/lospoliticosveracruz.com\/index.php?rest_route=\/wp\/v2\/types\/post"}],"author":[{"embeddable":true,"href":"https:\/\/lospoliticosveracruz.com\/index.php?rest_route=\/wp\/v2\/users\/2"}],"replies":[{"embeddable":true,"href":"https:\/\/lospoliticosveracruz.com\/index.php?rest_route=%2Fwp%2Fv2%2Fcomments&post=116152"}],"version-history":[{"count":2,"href":"https:\/\/lospoliticosveracruz.com\/index.php?rest_route=\/wp\/v2\/posts\/116152\/revisions"}],"predecessor-version":[{"id":116154,"href":"https:\/\/lospoliticosveracruz.com\/index.php?rest_route=\/wp\/v2\/posts\/116152\/revisions\/116154"}],"wp:attachment":[{"href":"https:\/\/lospoliticosveracruz.com\/index.php?rest_route=%2Fwp%2Fv2%2Fmedia&parent=116152"}],"wp:term":[{"taxonomy":"category","embeddable":true,"href":"https:\/\/lospoliticosveracruz.com\/index.php?rest_route=%2Fwp%2Fv2%2Fcategories&post=116152"},{"taxonomy":"post_tag","embeddable":true,"href":"https:\/\/lospoliticosveracruz.com\/index.php?rest_route=%2Fwp%2Fv2%2Ftags&post=116152"}],"curies":[{"name":"wp","href":"https:\/\/api.w.org\/{rel}","templated":true}]}}