{"id":116155,"date":"2023-12-29T06:15:27","date_gmt":"2023-12-29T12:15:27","guid":{"rendered":"https:\/\/lospoliticosveracruz.com.mx\/?p=116155"},"modified":"2023-12-29T06:20:15","modified_gmt":"2023-12-29T12:20:15","slug":"veracruz-2023-ya-ni-llorar-es-bueno","status":"publish","type":"post","link":"https:\/\/lospoliticosveracruz.com\/?p=116155","title":{"rendered":"VERACRUZ 2023: YA NI LLORAR ES BUENO"},"content":{"rendered":"\n<p><br><strong>Bernardo Guti\u00e9rrez Parra<\/strong><\/p>\n\n\n\n<p><em>Desde el Caf\u00e9<\/em><br>Veracruz est\u00e1 terminando el 2023 m\u00e1s o menos como termin\u00f3 el 2022\u2026 del asco. Es un estado m\u00e1s inseguro, m\u00e1s violento, m\u00e1s enfermo y m\u00e1s abandonado a su suerte que el a\u00f1o anterior.<\/p>\n\n\n\n<p>De acuerdo con el Observatorio Universitario de Violencia contra las Mujeres de la UV, este a\u00f1o se registraron 53 feminicidios y aunque el Sistema Nacional de Seguridad P\u00fablica asegura que fueron 44, como quiera que sea son un mundo para una entidad que hasta hace relativamente poco tiempo era una de las m\u00e1s seguras del pa\u00eds.<\/p>\n\n\n\n<p>Pero hablar de muertos, desaparecidos, ejecutados, secuestrados y cercenados es redundar sobre lo mismo porque los hay todos los d\u00edas y porque la autoridad poco hace por evitarlos.<\/p>\n\n\n\n<p>Veracruz terminar\u00e1 el 2023 como primer lugar nacional en enfermos de dengue con m\u00e1s de 4 mil contagios, adem\u00e1s creci\u00f3 de manera exponencial el n\u00famero de enfermos de Influenza al grado que entre el 2022 y los primeros meses de este a\u00f1o se registraron 145 defunciones.<\/p>\n\n\n\n<p>Este a\u00f1o qued\u00f3 plenamente demostrado que Veracruz tiene una de las peores polic\u00edas estatales, una de las peores fiscal\u00edas, uno de los peores congresos locales y uno de los peores gobernadores de su historia. Adem\u00e1s, bati\u00f3 el r\u00e9cord de pobres con 5. 7 millones entre la pobreza y la pobreza extrema. Una barbaridad para un estado con 8 millones 500 mil habitantes.<\/p>\n\n\n\n<p>Lo que comenz\u00f3 como un rumor a mediados del 2020 se confirm\u00f3 plenamente este 2023; que la actual administraci\u00f3n estatal es una de las m\u00e1s corruptas del pa\u00eds. Y eso que tiene un gobernador honesto, honesto, honesto\u2026 muy honesto.<\/p>\n\n\n\n<p>Y ya que estoy hablando de este individuo y a pesar de lo que diga en sus conferencias tarcederas, este a\u00f1o Veracruz creci\u00f3 en desempleo, desabasto de medicamentos y como consecuencia en desatenci\u00f3n m\u00e9dica. Aument\u00f3 la deserci\u00f3n escolar y se multiplic\u00f3 el alcoholismo y la drogadicci\u00f3n principalmente entre ni\u00f1os y adolescentes. Disminuy\u00f3 la inversi\u00f3n privada y aument\u00f3 el rezago agrario.<\/p>\n\n\n\n<p>Sobre esto, el pasado mi\u00e9rcoles el legislador federal Jos\u00e9 Francisco Yunes Zorrilla, sostuvo una reuni\u00f3n con aproximadamente cuarenta l\u00edderes de organizaciones campesinas y sectores productivos y no hubo uno solo que al menos, para taparle el ojo al macho, se levantara para agradecer p\u00fablicamente al actual gobierno alg\u00fan tipo de apoyos. Y es que no les han dado nada.<\/p>\n\n\n\n<p>\u201cParece mentira que mejor los gobiernos de la derecha como el de Fox y Calder\u00f3n, hicieron m\u00e1s por el campo veracruzano que el gobernador Cuitl\u00e1huac Garc\u00eda que prometi\u00f3 apoyarnos \u2018como nunca\u2019 y nos abandon\u00f3 como nunca lo hizo otro gobierno\u201d dijo uno de los asistentes.<\/p>\n\n\n\n<p>\u00bfY qu\u00e9 con el crecimiento econ\u00f3mico prometido? Pues que qued\u00f3 en eso, en puras promesas.<\/p>\n\n\n\n<p>En s\u00edntesis, el 2023 fue un a\u00f1o perdido en todos los aspectos. Otro m\u00e1s que echa por el ca\u00f1o la 4T en Veracruz, y ante ese panorama ya ni llorar es bueno.<\/p>\n\n\n\n<p>Ok ok ok, pero \u00bfser\u00e1 que despu\u00e9s de tantas desgracias ya habremos tocado fondo? Qui\u00e9n sabe lector. Pero si gustas, esa pregunta te la responder\u00e9 en el 2024 por estas fechas.<\/p>\n\n\n\n<p>Mientras eso sucede, te deseo un feliz y pr\u00f3spero A\u00f1o Nuevo.<\/p>\n\n\n\n<p>bernardogup@hotmail.com<\/p>\n","protected":false},"excerpt":{"rendered":"<p>Bernardo Guti\u00e9rrez Parra Desde el Caf\u00e9Veracruz est\u00e1 terminando el 2023 m\u00e1s o menos como termin\u00f3 el 2022\u2026 del asco. Es un estado m\u00e1s inseguro, m\u00e1s violento, m\u00e1s enfermo y m\u00e1s abandonado a su suerte que el a\u00f1o anterior. De acuerdo con el Observatorio Universitario de Violencia contra las Mujeres de la UV, este a\u00f1o se [&hellip;]<\/p>\n","protected":false},"author":2,"featured_media":0,"comment_status":"closed","ping_status":"closed","sticky":false,"template":"","format":"standard","meta":{"tdm_status":"","tdm_grid_status":"","footnotes":""},"categories":[70],"tags":[1563,1026,570,195],"class_list":{"0":"post-116155","1":"post","2":"type-post","3":"status-publish","4":"format-standard","6":"category-de-opinion","7":"tag-cuitlahuac-garcia-jimenez","8":"tag-morena","9":"tag-pepe-yunes","10":"tag-veracruz"},"yoast_head":"<!-- This site is optimized with the Yoast SEO plugin v27.4 - https:\/\/yoast.com\/product\/yoast-seo-wordpress\/ -->\n<title>VERACRUZ 2023: YA NI LLORAR ES BUENO - Los pol\u00edticos Veracruz<\/title>\n<meta name=\"robots\" content=\"index, follow, max-snippet:-1, max-image-preview:large, max-video-preview:-1\" \/>\n<link rel=\"canonical\" href=\"https:\/\/lospoliticosveracruz.com\/?p=116155\" \/>\n<meta property=\"og:locale\" content=\"es_ES\" \/>\n<meta property=\"og:type\" content=\"article\" \/>\n<meta property=\"og:title\" content=\"VERACRUZ 2023: YA NI LLORAR ES BUENO - Los pol\u00edticos Veracruz\" \/>\n<meta property=\"og:description\" content=\"Bernardo Guti\u00e9rrez Parra Desde el Caf\u00e9Veracruz est\u00e1 terminando el 2023 m\u00e1s o menos como termin\u00f3 el 2022\u2026 del asco. Es un estado m\u00e1s inseguro, m\u00e1s violento, m\u00e1s enfermo y m\u00e1s abandonado a su suerte que el a\u00f1o anterior. De acuerdo con el Observatorio Universitario de Violencia contra las Mujeres de la UV, este a\u00f1o se [&hellip;]\" \/>\n<meta property=\"og:url\" content=\"https:\/\/lospoliticosveracruz.com\/?p=116155\" \/>\n<meta property=\"og:site_name\" content=\"Los pol\u00edticos Veracruz\" \/>\n<meta property=\"article:publisher\" content=\"https:\/\/www.facebook.com\/people\/Notimemes-de-los-Polticos\/61565672886568\/\" \/>\n<meta property=\"article:published_time\" content=\"2023-12-29T12:15:27+00:00\" \/>\n<meta property=\"article:modified_time\" content=\"2023-12-29T12:20:15+00:00\" \/>\n<meta property=\"og:image\" content=\"https:\/\/lospoliticosveracruz.com\/wp-content\/uploads\/2016\/07\/Logo-Dor.jpg\" \/>\n\t<meta property=\"og:image:width\" content=\"200\" \/>\n\t<meta property=\"og:image:height\" content=\"200\" \/>\n\t<meta property=\"og:image:type\" content=\"image\/jpeg\" \/>\n<meta name=\"author\" content=\"Lo viste en Los Pol\u00edticos\" \/>\n<meta name=\"twitter:card\" content=\"summary_large_image\" \/>\n<meta name=\"twitter:creator\" content=\"@LosPoliticosVer\" \/>\n<meta name=\"twitter:site\" content=\"@LosPoliticosVer\" \/>\n<meta name=\"twitter:label1\" content=\"Escrito por\" \/>\n\t<meta name=\"twitter:data1\" content=\"Lo viste en Los Pol\u00edticos\" \/>\n\t<meta name=\"twitter:label2\" content=\"Tiempo de lectura\" \/>\n\t<meta name=\"twitter:data2\" content=\"3 minutos\" \/>\n<script type=\"application\/ld+json\" class=\"yoast-schema-graph\">{\"@context\":\"https:\\\/\\\/schema.org\",\"@graph\":[{\"@type\":\"Article\",\"@id\":\"https:\\\/\\\/lospoliticosveracruz.com\\\/?p=116155#article\",\"isPartOf\":{\"@id\":\"https:\\\/\\\/lospoliticosveracruz.com\\\/?p=116155\"},\"author\":{\"name\":\"Lo viste en Los Pol\u00edticos\",\"@id\":\"https:\\\/\\\/lospoliticosveracruz.com\\\/#\\\/schema\\\/person\\\/b8702bb0e538456e6efd07080bf2a4a2\"},\"headline\":\"VERACRUZ 2023: YA NI LLORAR ES BUENO\",\"datePublished\":\"2023-12-29T12:15:27+00:00\",\"dateModified\":\"2023-12-29T12:20:15+00:00\",\"mainEntityOfPage\":{\"@id\":\"https:\\\/\\\/lospoliticosveracruz.com\\\/?p=116155\"},\"wordCount\":565,\"publisher\":{\"@id\":\"https:\\\/\\\/lospoliticosveracruz.com\\\/#organization\"},\"keywords\":[\"Cuitl\u00e1huac Garc\u00eda Jim\u00e9nez\",\"Morena\",\"Pepe Yunes\",\"Veracruz\"],\"articleSection\":[\"De Opini\u00f3n\"],\"inLanguage\":\"es\"},{\"@type\":\"WebPage\",\"@id\":\"https:\\\/\\\/lospoliticosveracruz.com\\\/?p=116155\",\"url\":\"https:\\\/\\\/lospoliticosveracruz.com\\\/?p=116155\",\"name\":\"VERACRUZ 2023: YA NI LLORAR ES BUENO - Los pol\u00edticos Veracruz\",\"isPartOf\":{\"@id\":\"https:\\\/\\\/lospoliticosveracruz.com\\\/#website\"},\"datePublished\":\"2023-12-29T12:15:27+00:00\",\"dateModified\":\"2023-12-29T12:20:15+00:00\",\"breadcrumb\":{\"@id\":\"https:\\\/\\\/lospoliticosveracruz.com\\\/?p=116155#breadcrumb\"},\"inLanguage\":\"es\",\"potentialAction\":[{\"@type\":\"ReadAction\",\"target\":[\"https:\\\/\\\/lospoliticosveracruz.com\\\/?p=116155\"]}]},{\"@type\":\"BreadcrumbList\",\"@id\":\"https:\\\/\\\/lospoliticosveracruz.com\\\/?p=116155#breadcrumb\",\"itemListElement\":[{\"@type\":\"ListItem\",\"position\":1,\"name\":\"Portada\",\"item\":\"https:\\\/\\\/lospoliticosveracruz.com\\\/\"},{\"@type\":\"ListItem\",\"position\":2,\"name\":\"VERACRUZ 2023: YA NI LLORAR ES BUENO\"}]},{\"@type\":\"WebSite\",\"@id\":\"https:\\\/\\\/lospoliticosveracruz.com\\\/#website\",\"url\":\"https:\\\/\\\/lospoliticosveracruz.com\\\/\",\"name\":\"Los pol\u00edticos Veracruz\",\"description\":\"\",\"publisher\":{\"@id\":\"https:\\\/\\\/lospoliticosveracruz.com\\\/#organization\"},\"potentialAction\":[{\"@type\":\"SearchAction\",\"target\":{\"@type\":\"EntryPoint\",\"urlTemplate\":\"https:\\\/\\\/lospoliticosveracruz.com\\\/?s={search_term_string}\"},\"query-input\":{\"@type\":\"PropertyValueSpecification\",\"valueRequired\":true,\"valueName\":\"search_term_string\"}}],\"inLanguage\":\"es\"},{\"@type\":\"Organization\",\"@id\":\"https:\\\/\\\/lospoliticosveracruz.com\\\/#organization\",\"name\":\"Los pol\u00edticos Veracruz\",\"url\":\"https:\\\/\\\/lospoliticosveracruz.com\\\/\",\"logo\":{\"@type\":\"ImageObject\",\"inLanguage\":\"es\",\"@id\":\"https:\\\/\\\/lospoliticosveracruz.com\\\/#\\\/schema\\\/logo\\\/image\\\/\",\"url\":\"https:\\\/\\\/lospoliticosveracruz.com\\\/wp-content\\\/uploads\\\/2025\\\/12\\\/Logo-Nuevo-LOS-POLITICOS-1.jpg\",\"contentUrl\":\"https:\\\/\\\/lospoliticosveracruz.com\\\/wp-content\\\/uploads\\\/2025\\\/12\\\/Logo-Nuevo-LOS-POLITICOS-1.jpg\",\"width\":260,\"height\":70,\"caption\":\"Los pol\u00edticos Veracruz\"},\"image\":{\"@id\":\"https:\\\/\\\/lospoliticosveracruz.com\\\/#\\\/schema\\\/logo\\\/image\\\/\"},\"sameAs\":[\"https:\\\/\\\/www.facebook.com\\\/people\\\/Notimemes-de-los-Polticos\\\/61565672886568\\\/\",\"https:\\\/\\\/x.com\\\/LosPoliticosVer\"]},{\"@type\":\"Person\",\"@id\":\"https:\\\/\\\/lospoliticosveracruz.com\\\/#\\\/schema\\\/person\\\/b8702bb0e538456e6efd07080bf2a4a2\",\"name\":\"Lo viste en Los Pol\u00edticos\",\"image\":{\"@type\":\"ImageObject\",\"inLanguage\":\"es\",\"@id\":\"https:\\\/\\\/secure.gravatar.com\\\/avatar\\\/3a8de04a2656d44082be478bd6c086daa447c4651605818287b9532d3d0bd435?s=96&d=mm&r=g\",\"url\":\"https:\\\/\\\/secure.gravatar.com\\\/avatar\\\/3a8de04a2656d44082be478bd6c086daa447c4651605818287b9532d3d0bd435?s=96&d=mm&r=g\",\"contentUrl\":\"https:\\\/\\\/secure.gravatar.com\\\/avatar\\\/3a8de04a2656d44082be478bd6c086daa447c4651605818287b9532d3d0bd435?s=96&d=mm&r=g\",\"caption\":\"Lo viste en Los Pol\u00edticos\"},\"url\":\"https:\\\/\\\/lospoliticosveracruz.com\\\/?author=2\"}]}<\/script>\n<!-- \/ Yoast SEO plugin. -->","yoast_head_json":{"title":"VERACRUZ 2023: YA NI LLORAR ES BUENO - Los pol\u00edticos Veracruz","robots":{"index":"index","follow":"follow","max-snippet":"max-snippet:-1","max-image-preview":"max-image-preview:large","max-video-preview":"max-video-preview:-1"},"canonical":"https:\/\/lospoliticosveracruz.com\/?p=116155","og_locale":"es_ES","og_type":"article","og_title":"VERACRUZ 2023: YA NI LLORAR ES BUENO - Los pol\u00edticos Veracruz","og_description":"Bernardo Guti\u00e9rrez Parra Desde el Caf\u00e9Veracruz est\u00e1 terminando el 2023 m\u00e1s o menos como termin\u00f3 el 2022\u2026 del asco. Es un estado m\u00e1s inseguro, m\u00e1s violento, m\u00e1s enfermo y m\u00e1s abandonado a su suerte que el a\u00f1o anterior. De acuerdo con el Observatorio Universitario de Violencia contra las Mujeres de la UV, este a\u00f1o se [&hellip;]","og_url":"https:\/\/lospoliticosveracruz.com\/?p=116155","og_site_name":"Los pol\u00edticos Veracruz","article_publisher":"https:\/\/www.facebook.com\/people\/Notimemes-de-los-Polticos\/61565672886568\/","article_published_time":"2023-12-29T12:15:27+00:00","article_modified_time":"2023-12-29T12:20:15+00:00","og_image":[{"width":200,"height":200,"url":"https:\/\/lospoliticosveracruz.com\/wp-content\/uploads\/2016\/07\/Logo-Dor.jpg","type":"image\/jpeg"}],"author":"Lo viste en Los Pol\u00edticos","twitter_card":"summary_large_image","twitter_creator":"@LosPoliticosVer","twitter_site":"@LosPoliticosVer","twitter_misc":{"Escrito por":"Lo viste en Los Pol\u00edticos","Tiempo de lectura":"3 minutos"},"schema":{"@context":"https:\/\/schema.org","@graph":[{"@type":"Article","@id":"https:\/\/lospoliticosveracruz.com\/?p=116155#article","isPartOf":{"@id":"https:\/\/lospoliticosveracruz.com\/?p=116155"},"author":{"name":"Lo viste en Los Pol\u00edticos","@id":"https:\/\/lospoliticosveracruz.com\/#\/schema\/person\/b8702bb0e538456e6efd07080bf2a4a2"},"headline":"VERACRUZ 2023: YA NI LLORAR ES BUENO","datePublished":"2023-12-29T12:15:27+00:00","dateModified":"2023-12-29T12:20:15+00:00","mainEntityOfPage":{"@id":"https:\/\/lospoliticosveracruz.com\/?p=116155"},"wordCount":565,"publisher":{"@id":"https:\/\/lospoliticosveracruz.com\/#organization"},"keywords":["Cuitl\u00e1huac Garc\u00eda Jim\u00e9nez","Morena","Pepe Yunes","Veracruz"],"articleSection":["De Opini\u00f3n"],"inLanguage":"es"},{"@type":"WebPage","@id":"https:\/\/lospoliticosveracruz.com\/?p=116155","url":"https:\/\/lospoliticosveracruz.com\/?p=116155","name":"VERACRUZ 2023: YA NI LLORAR ES BUENO - Los pol\u00edticos Veracruz","isPartOf":{"@id":"https:\/\/lospoliticosveracruz.com\/#website"},"datePublished":"2023-12-29T12:15:27+00:00","dateModified":"2023-12-29T12:20:15+00:00","breadcrumb":{"@id":"https:\/\/lospoliticosveracruz.com\/?p=116155#breadcrumb"},"inLanguage":"es","potentialAction":[{"@type":"ReadAction","target":["https:\/\/lospoliticosveracruz.com\/?p=116155"]}]},{"@type":"BreadcrumbList","@id":"https:\/\/lospoliticosveracruz.com\/?p=116155#breadcrumb","itemListElement":[{"@type":"ListItem","position":1,"name":"Portada","item":"https:\/\/lospoliticosveracruz.com\/"},{"@type":"ListItem","position":2,"name":"VERACRUZ 2023: YA NI LLORAR ES BUENO"}]},{"@type":"WebSite","@id":"https:\/\/lospoliticosveracruz.com\/#website","url":"https:\/\/lospoliticosveracruz.com\/","name":"Los pol\u00edticos Veracruz","description":"","publisher":{"@id":"https:\/\/lospoliticosveracruz.com\/#organization"},"potentialAction":[{"@type":"SearchAction","target":{"@type":"EntryPoint","urlTemplate":"https:\/\/lospoliticosveracruz.com\/?s={search_term_string}"},"query-input":{"@type":"PropertyValueSpecification","valueRequired":true,"valueName":"search_term_string"}}],"inLanguage":"es"},{"@type":"Organization","@id":"https:\/\/lospoliticosveracruz.com\/#organization","name":"Los pol\u00edticos Veracruz","url":"https:\/\/lospoliticosveracruz.com\/","logo":{"@type":"ImageObject","inLanguage":"es","@id":"https:\/\/lospoliticosveracruz.com\/#\/schema\/logo\/image\/","url":"https:\/\/lospoliticosveracruz.com\/wp-content\/uploads\/2025\/12\/Logo-Nuevo-LOS-POLITICOS-1.jpg","contentUrl":"https:\/\/lospoliticosveracruz.com\/wp-content\/uploads\/2025\/12\/Logo-Nuevo-LOS-POLITICOS-1.jpg","width":260,"height":70,"caption":"Los pol\u00edticos Veracruz"},"image":{"@id":"https:\/\/lospoliticosveracruz.com\/#\/schema\/logo\/image\/"},"sameAs":["https:\/\/www.facebook.com\/people\/Notimemes-de-los-Polticos\/61565672886568\/","https:\/\/x.com\/LosPoliticosVer"]},{"@type":"Person","@id":"https:\/\/lospoliticosveracruz.com\/#\/schema\/person\/b8702bb0e538456e6efd07080bf2a4a2","name":"Lo viste en Los Pol\u00edticos","image":{"@type":"ImageObject","inLanguage":"es","@id":"https:\/\/secure.gravatar.com\/avatar\/3a8de04a2656d44082be478bd6c086daa447c4651605818287b9532d3d0bd435?s=96&d=mm&r=g","url":"https:\/\/secure.gravatar.com\/avatar\/3a8de04a2656d44082be478bd6c086daa447c4651605818287b9532d3d0bd435?s=96&d=mm&r=g","contentUrl":"https:\/\/secure.gravatar.com\/avatar\/3a8de04a2656d44082be478bd6c086daa447c4651605818287b9532d3d0bd435?s=96&d=mm&r=g","caption":"Lo viste en Los Pol\u00edticos"},"url":"https:\/\/lospoliticosveracruz.com\/?author=2"}]}},"_links":{"self":[{"href":"https:\/\/lospoliticosveracruz.com\/index.php?rest_route=\/wp\/v2\/posts\/116155","targetHints":{"allow":["GET"]}}],"collection":[{"href":"https:\/\/lospoliticosveracruz.com\/index.php?rest_route=\/wp\/v2\/posts"}],"about":[{"href":"https:\/\/lospoliticosveracruz.com\/index.php?rest_route=\/wp\/v2\/types\/post"}],"author":[{"embeddable":true,"href":"https:\/\/lospoliticosveracruz.com\/index.php?rest_route=\/wp\/v2\/users\/2"}],"replies":[{"embeddable":true,"href":"https:\/\/lospoliticosveracruz.com\/index.php?rest_route=%2Fwp%2Fv2%2Fcomments&post=116155"}],"version-history":[{"count":2,"href":"https:\/\/lospoliticosveracruz.com\/index.php?rest_route=\/wp\/v2\/posts\/116155\/revisions"}],"predecessor-version":[{"id":116158,"href":"https:\/\/lospoliticosveracruz.com\/index.php?rest_route=\/wp\/v2\/posts\/116155\/revisions\/116158"}],"wp:attachment":[{"href":"https:\/\/lospoliticosveracruz.com\/index.php?rest_route=%2Fwp%2Fv2%2Fmedia&parent=116155"}],"wp:term":[{"taxonomy":"category","embeddable":true,"href":"https:\/\/lospoliticosveracruz.com\/index.php?rest_route=%2Fwp%2Fv2%2Fcategories&post=116155"},{"taxonomy":"post_tag","embeddable":true,"href":"https:\/\/lospoliticosveracruz.com\/index.php?rest_route=%2Fwp%2Fv2%2Ftags&post=116155"}],"curies":[{"name":"wp","href":"https:\/\/api.w.org\/{rel}","templated":true}]}}