{"id":116159,"date":"2023-12-29T07:59:12","date_gmt":"2023-12-29T13:59:12","guid":{"rendered":"https:\/\/lospoliticosveracruz.com.mx\/?p=116159"},"modified":"2023-12-29T07:59:37","modified_gmt":"2023-12-29T13:59:37","slug":"se-agarran-por-pepeyu","status":"publish","type":"post","link":"https:\/\/lospoliticosveracruz.com\/?p=116159","title":{"rendered":"SE AGARRAN POR PEPEYU"},"content":{"rendered":"\n<p><strong>Oved Contreras<\/strong><\/p>\n\n\n\n<p><em>Secas Mecas<\/em><\/p>\n\n\n\n<p>Los dirigentes estatales de Morena y del PRI se dieron un agarre en redes sociales por Pepe Yunes que por cierto, el pr\u00f3ximo s\u00e1bado se registra como aspirante a la candidatura a la gubernatura en la sede estatal pri\u00edsta, donde espera la verbena para cobijar al perote\u00f1o que ya tiene el respaldo del PAN y del PRD.<\/p>\n\n\n\n<p><a href=\"https:\/\/youtu.be\/Nxe-vxf8GuY\"><\/a><\/p>\n\n\n\n<figure class=\"wp-block-embed is-type-video is-provider-youtube wp-block-embed-youtube wp-embed-aspect-16-9 wp-has-aspect-ratio\"><div class=\"wp-block-embed__wrapper\">\n<iframe loading=\"lazy\" title=\"Cluster Coworking\" width=\"696\" height=\"392\" src=\"https:\/\/www.youtube.com\/embed\/Nxe-vxf8GuY?feature=oembed\" frameborder=\"0\" allow=\"accelerometer; autoplay; clipboard-write; encrypted-media; gyroscope; picture-in-picture; web-share\" referrerpolicy=\"strict-origin-when-cross-origin\" allowfullscreen><\/iframe>\n<\/div><\/figure>\n\n\n\n<p>El dirigente morenista Esteban Ram\u00edrez Zepeta, lanz\u00f3 un dardo en sus redes al afirmar que los veracruzanos tienen muy presente y saben que el priista Jose Yunes fue c\u00f3mplice del robo m\u00e1s grande al presupuesto p\u00fablico que se ha registrado en la historia de nuestro estado.&nbsp;<\/p>\n\n\n\n<p>\u201cA los veracruzanos no se les olvida que @Pepe_Yunes fue c\u00f3mplice del saqueo m\u00e1s grande en la historia de Veracruz. Fue c\u00f3mplice de Duarte, que p\u00fablicamente ha se\u00f1alado de haberlo ayudado, pero tambi\u00e9n fue c\u00f3mplice con su voto en el Senado de haberle entregado el petr\u00f3leo a los extranjeros a cambio de dinero.&nbsp;&nbsp;Pepe Yunes trae ADN de corrupto\u201d, escribi\u00f3 el Furcio.<\/p>\n\n\n\n<p>El pri\u00edsta Fofo Ram\u00edrez respondi\u00f3 que para tener la lengua larga, hay que tener la cola corta, dicho popular veracruzano que dice que no conoce Roc\u00edo Nahle porque es de Zacatecas; pero que mejor les informe sobre el costo de Dos Bocas, su fecha de conclusi\u00f3n y los litros de gasolina que ya hoy ha refinado.<\/p>\n\n\n\n<p>El morenista Ram\u00edrez Zepeta prefiri\u00f3 ignorar al Fofo Ram\u00edrez: \u201cDisculpa, \u00bfY t\u00fa qui\u00e9n eres?\u201d. Se van a poner de a peso los agarres cuando empiecen las campa\u00f1as.<\/p>\n\n\n\n<p>APRIETAN EL PASO\u2026se acercan las fechas para que Morena de a conocer los resultados de las encuestas para las diputaciones federales en los 300 distritos electorales tanto federales como locales, y mientras algunos le apuestan a las bardas para darse a conocer, otros aspirantes son m\u00e1s de recorrer el territorio y tener mayor cercan\u00eda con la gente.<\/p>\n\n\n\n<p>Uno de ellos es Manuel Rogel quien va por la diputaci\u00f3n local del distrito 15\u2026tiene la ventaja de su trabajo como responsable regional de la Secretar\u00eda del Bienestar y su contacto diario con la gente para vigilar la operaci\u00f3n de los programas sociales\u2026mejor carta de presentaci\u00f3n no puede tener\u2026Manuel Rogel es fundador del movimiento y aplic\u00f3 bien aquella conseja de m\u00e1s territorio y menos escritorio.<\/p>\n\n\n\n<p>Por el distrito 14 local se mueve Ram\u00f3n \u00c1lvarez Font\u00e1n que tambi\u00e9n aspira a lograr ser representante popular bajo las siglas morenistas. Por la diputaci\u00f3n federal, Rosa Mar\u00eda Hern\u00e1ndez levant\u00f3 la mano y no le teme someterse al escrutinio popular para competir otra vez en las urnas. Es de las pocas al interior de Morena que regres\u00f3 al distrito y puso su casa de gesti\u00f3n para apoyar a m\u00e1s gente con diferentes tipos de servicios y asesor\u00edas.<\/p>\n\n\n\n<p>En Xalapa, la tiktokera Dorheny Cayetano le sigue el ejemplo a don Boludo y apuesta a bardas y lonas como si no hubiera tenido oportunidad de promoverse como secretar\u00eda del Trabajo\u2026otras funcionarias aplicaron el \u201ctrabajo mata grilla\u201d, c\u00f3mo la oficial mayor de la SEV, Ariadna Selene \u00c1guilar que a\u00fan en periodo vacacional se mantiene vigilante de lo que le corresponde con el sector educativo.<\/p>\n\n\n\n<p>En C\u00f3rdoba, trasciende que la sindica Vania L\u00f3pez tambi\u00e9n buscar\u00e1 ser candidata a diputada local pero ser\u00e1 con las siglas del Verde Ecologista en alianza con Morena. Hace poco estuvo el delegado especial del Partido Verde Ecologista, Rafael Aiza Yunes, quien destap\u00f3 a la s\u00edndica porque sabe que tiene presencia y un fuerte trabajo que le respalda.<\/p>\n\n\n\n<p>En la primera y segunda semana de enero acaba la novela\u2026el CEN de Morena inform\u00f3 que el pr\u00f3ximo 4 de enero se dar\u00e1n a conocer los resultados de las encuestas para diputaciones federales y el 15 de enero las diputaciones locales.<\/p>\n\n\n\n<p>SE PUSO BELLO\u2026En un ambiente de alegr\u00eda, compa\u00f1erismo y entusiasmo, el Comit\u00e9 Municipal del PRI en Veracruz celebr\u00f3 este jueves el tradicional brindis de A\u00f1o Nuevo en compa\u00f1\u00eda de presidentas y presidentes de secci\u00f3nales, activistas y simpatizantes\u2026lo que antes eran penumbras y des\u00e1nimo, hoy se volvi\u00f3 un lugar de fiesta para priistas, algunos nuevos y otros militantes de toda la vida que fueron marginados en los \u00faltimos a\u00f1os.<\/p>\n\n\n\n<p>La celebraci\u00f3n estuvo encabezada por Arturo Cobos Valdez, Presidente del Comit\u00e9 Municipal del PRI porte\u00f1o y Betsab\u00e9 Delf\u00edn G\u00f3mez, Secretaria General en la explanada del comit\u00e9 municipal y se aprovech\u00f3 para realizar una rifa de regalos, as\u00ed como la degustaci\u00f3n de los tradicionales tamales y chocolate de temporada, as\u00ed como algod\u00f3n de az\u00facar y manzanas acarameladas para los ni\u00f1os.<\/p>\n\n\n\n<p>Acompa\u00f1ado por la regidora Belem Palmeros Exsome, que ha sido una de las pilares para el resurgimiento del PRI, Arturo Cobos agradeci\u00f3 la gran respuesta de los asistentes, y asegur\u00f3 que la verdadera fortaleza del partido reside en su gente a quienes no se les tom\u00f3 mucho en cuenta en el pasado reciente. Ahora el PRI de Veracruz toma nuevos br\u00edos con el entusiasmo de Arturo Cobos y Betsab\u00e9 Delf\u00edn, para apuntalar el proyecto de la alianza con Pepe Yunes y X\u00f3chitl Galvez.<\/p>\n","protected":false},"excerpt":{"rendered":"<p>Oved Contreras Secas Mecas Los dirigentes estatales de Morena y del PRI se dieron un agarre en redes sociales por Pepe Yunes que por cierto, el pr\u00f3ximo s\u00e1bado se registra como aspirante a la candidatura a la gubernatura en la sede estatal pri\u00edsta, donde espera la verbena para cobijar al perote\u00f1o que ya tiene el [&hellip;]<\/p>\n","protected":false},"author":2,"featured_media":0,"comment_status":"closed","ping_status":"closed","sticky":false,"template":"","format":"standard","meta":{"tdm_status":"","tdm_grid_status":"","footnotes":""},"categories":[70],"tags":[17053],"class_list":{"0":"post-116159","1":"post","2":"type-post","3":"status-publish","4":"format-standard","6":"category-de-opinion","7":"tag-esteban-ramirez-zepeta"},"yoast_head":"<!-- This site is optimized with the Yoast SEO plugin v27.4 - https:\/\/yoast.com\/product\/yoast-seo-wordpress\/ -->\n<title>SE AGARRAN POR PEPEYU - Los pol\u00edticos Veracruz<\/title>\n<meta name=\"robots\" content=\"index, follow, max-snippet:-1, max-image-preview:large, max-video-preview:-1\" \/>\n<link rel=\"canonical\" href=\"https:\/\/lospoliticosveracruz.com\/?p=116159\" \/>\n<meta property=\"og:locale\" content=\"es_ES\" \/>\n<meta property=\"og:type\" content=\"article\" \/>\n<meta property=\"og:title\" content=\"SE AGARRAN POR PEPEYU - Los pol\u00edticos Veracruz\" \/>\n<meta property=\"og:description\" content=\"Oved Contreras Secas Mecas Los dirigentes estatales de Morena y del PRI se dieron un agarre en redes sociales por Pepe Yunes que por cierto, el pr\u00f3ximo s\u00e1bado se registra como aspirante a la candidatura a la gubernatura en la sede estatal pri\u00edsta, donde espera la verbena para cobijar al perote\u00f1o que ya tiene el [&hellip;]\" \/>\n<meta property=\"og:url\" content=\"https:\/\/lospoliticosveracruz.com\/?p=116159\" \/>\n<meta property=\"og:site_name\" content=\"Los pol\u00edticos Veracruz\" \/>\n<meta property=\"article:publisher\" content=\"https:\/\/www.facebook.com\/people\/Notimemes-de-los-Polticos\/61565672886568\/\" \/>\n<meta property=\"article:published_time\" content=\"2023-12-29T13:59:12+00:00\" \/>\n<meta property=\"article:modified_time\" content=\"2023-12-29T13:59:37+00:00\" \/>\n<meta property=\"og:image\" content=\"https:\/\/lospoliticosveracruz.com\/wp-content\/uploads\/2016\/07\/Logo-Dor.jpg\" \/>\n\t<meta property=\"og:image:width\" content=\"200\" \/>\n\t<meta property=\"og:image:height\" content=\"200\" \/>\n\t<meta property=\"og:image:type\" content=\"image\/jpeg\" \/>\n<meta name=\"author\" content=\"Lo viste en Los Pol\u00edticos\" \/>\n<meta name=\"twitter:card\" content=\"summary_large_image\" \/>\n<meta name=\"twitter:creator\" content=\"@LosPoliticosVer\" \/>\n<meta name=\"twitter:site\" content=\"@LosPoliticosVer\" \/>\n<meta name=\"twitter:label1\" content=\"Escrito por\" \/>\n\t<meta name=\"twitter:data1\" content=\"Lo viste en Los Pol\u00edticos\" \/>\n\t<meta name=\"twitter:label2\" content=\"Tiempo de lectura\" \/>\n\t<meta name=\"twitter:data2\" content=\"5 minutos\" \/>\n<script type=\"application\/ld+json\" class=\"yoast-schema-graph\">{\"@context\":\"https:\\\/\\\/schema.org\",\"@graph\":[{\"@type\":\"Article\",\"@id\":\"https:\\\/\\\/lospoliticosveracruz.com\\\/?p=116159#article\",\"isPartOf\":{\"@id\":\"https:\\\/\\\/lospoliticosveracruz.com\\\/?p=116159\"},\"author\":{\"name\":\"Lo viste en Los Pol\u00edticos\",\"@id\":\"https:\\\/\\\/lospoliticosveracruz.com\\\/#\\\/schema\\\/person\\\/b8702bb0e538456e6efd07080bf2a4a2\"},\"headline\":\"SE AGARRAN POR PEPEYU\",\"datePublished\":\"2023-12-29T13:59:12+00:00\",\"dateModified\":\"2023-12-29T13:59:37+00:00\",\"mainEntityOfPage\":{\"@id\":\"https:\\\/\\\/lospoliticosveracruz.com\\\/?p=116159\"},\"wordCount\":907,\"publisher\":{\"@id\":\"https:\\\/\\\/lospoliticosveracruz.com\\\/#organization\"},\"keywords\":[\"Esteban Ram\u00edrez Zepeta\"],\"articleSection\":[\"De Opini\u00f3n\"],\"inLanguage\":\"es\"},{\"@type\":\"WebPage\",\"@id\":\"https:\\\/\\\/lospoliticosveracruz.com\\\/?p=116159\",\"url\":\"https:\\\/\\\/lospoliticosveracruz.com\\\/?p=116159\",\"name\":\"SE AGARRAN POR PEPEYU - Los pol\u00edticos Veracruz\",\"isPartOf\":{\"@id\":\"https:\\\/\\\/lospoliticosveracruz.com\\\/#website\"},\"datePublished\":\"2023-12-29T13:59:12+00:00\",\"dateModified\":\"2023-12-29T13:59:37+00:00\",\"breadcrumb\":{\"@id\":\"https:\\\/\\\/lospoliticosveracruz.com\\\/?p=116159#breadcrumb\"},\"inLanguage\":\"es\",\"potentialAction\":[{\"@type\":\"ReadAction\",\"target\":[\"https:\\\/\\\/lospoliticosveracruz.com\\\/?p=116159\"]}]},{\"@type\":\"BreadcrumbList\",\"@id\":\"https:\\\/\\\/lospoliticosveracruz.com\\\/?p=116159#breadcrumb\",\"itemListElement\":[{\"@type\":\"ListItem\",\"position\":1,\"name\":\"Portada\",\"item\":\"https:\\\/\\\/lospoliticosveracruz.com\\\/\"},{\"@type\":\"ListItem\",\"position\":2,\"name\":\"SE AGARRAN POR PEPEYU\"}]},{\"@type\":\"WebSite\",\"@id\":\"https:\\\/\\\/lospoliticosveracruz.com\\\/#website\",\"url\":\"https:\\\/\\\/lospoliticosveracruz.com\\\/\",\"name\":\"Los pol\u00edticos Veracruz\",\"description\":\"\",\"publisher\":{\"@id\":\"https:\\\/\\\/lospoliticosveracruz.com\\\/#organization\"},\"potentialAction\":[{\"@type\":\"SearchAction\",\"target\":{\"@type\":\"EntryPoint\",\"urlTemplate\":\"https:\\\/\\\/lospoliticosveracruz.com\\\/?s={search_term_string}\"},\"query-input\":{\"@type\":\"PropertyValueSpecification\",\"valueRequired\":true,\"valueName\":\"search_term_string\"}}],\"inLanguage\":\"es\"},{\"@type\":\"Organization\",\"@id\":\"https:\\\/\\\/lospoliticosveracruz.com\\\/#organization\",\"name\":\"Los pol\u00edticos Veracruz\",\"url\":\"https:\\\/\\\/lospoliticosveracruz.com\\\/\",\"logo\":{\"@type\":\"ImageObject\",\"inLanguage\":\"es\",\"@id\":\"https:\\\/\\\/lospoliticosveracruz.com\\\/#\\\/schema\\\/logo\\\/image\\\/\",\"url\":\"https:\\\/\\\/lospoliticosveracruz.com\\\/wp-content\\\/uploads\\\/2025\\\/12\\\/Logo-Nuevo-LOS-POLITICOS-1.jpg\",\"contentUrl\":\"https:\\\/\\\/lospoliticosveracruz.com\\\/wp-content\\\/uploads\\\/2025\\\/12\\\/Logo-Nuevo-LOS-POLITICOS-1.jpg\",\"width\":260,\"height\":70,\"caption\":\"Los pol\u00edticos Veracruz\"},\"image\":{\"@id\":\"https:\\\/\\\/lospoliticosveracruz.com\\\/#\\\/schema\\\/logo\\\/image\\\/\"},\"sameAs\":[\"https:\\\/\\\/www.facebook.com\\\/people\\\/Notimemes-de-los-Polticos\\\/61565672886568\\\/\",\"https:\\\/\\\/x.com\\\/LosPoliticosVer\"]},{\"@type\":\"Person\",\"@id\":\"https:\\\/\\\/lospoliticosveracruz.com\\\/#\\\/schema\\\/person\\\/b8702bb0e538456e6efd07080bf2a4a2\",\"name\":\"Lo viste en Los Pol\u00edticos\",\"image\":{\"@type\":\"ImageObject\",\"inLanguage\":\"es\",\"@id\":\"https:\\\/\\\/secure.gravatar.com\\\/avatar\\\/3a8de04a2656d44082be478bd6c086daa447c4651605818287b9532d3d0bd435?s=96&d=mm&r=g\",\"url\":\"https:\\\/\\\/secure.gravatar.com\\\/avatar\\\/3a8de04a2656d44082be478bd6c086daa447c4651605818287b9532d3d0bd435?s=96&d=mm&r=g\",\"contentUrl\":\"https:\\\/\\\/secure.gravatar.com\\\/avatar\\\/3a8de04a2656d44082be478bd6c086daa447c4651605818287b9532d3d0bd435?s=96&d=mm&r=g\",\"caption\":\"Lo viste en Los Pol\u00edticos\"},\"url\":\"https:\\\/\\\/lospoliticosveracruz.com\\\/?author=2\"}]}<\/script>\n<!-- \/ Yoast SEO plugin. -->","yoast_head_json":{"title":"SE AGARRAN POR PEPEYU - Los pol\u00edticos Veracruz","robots":{"index":"index","follow":"follow","max-snippet":"max-snippet:-1","max-image-preview":"max-image-preview:large","max-video-preview":"max-video-preview:-1"},"canonical":"https:\/\/lospoliticosveracruz.com\/?p=116159","og_locale":"es_ES","og_type":"article","og_title":"SE AGARRAN POR PEPEYU - Los pol\u00edticos Veracruz","og_description":"Oved Contreras Secas Mecas Los dirigentes estatales de Morena y del PRI se dieron un agarre en redes sociales por Pepe Yunes que por cierto, el pr\u00f3ximo s\u00e1bado se registra como aspirante a la candidatura a la gubernatura en la sede estatal pri\u00edsta, donde espera la verbena para cobijar al perote\u00f1o que ya tiene el [&hellip;]","og_url":"https:\/\/lospoliticosveracruz.com\/?p=116159","og_site_name":"Los pol\u00edticos Veracruz","article_publisher":"https:\/\/www.facebook.com\/people\/Notimemes-de-los-Polticos\/61565672886568\/","article_published_time":"2023-12-29T13:59:12+00:00","article_modified_time":"2023-12-29T13:59:37+00:00","og_image":[{"width":200,"height":200,"url":"https:\/\/lospoliticosveracruz.com\/wp-content\/uploads\/2016\/07\/Logo-Dor.jpg","type":"image\/jpeg"}],"author":"Lo viste en Los Pol\u00edticos","twitter_card":"summary_large_image","twitter_creator":"@LosPoliticosVer","twitter_site":"@LosPoliticosVer","twitter_misc":{"Escrito por":"Lo viste en Los Pol\u00edticos","Tiempo de lectura":"5 minutos"},"schema":{"@context":"https:\/\/schema.org","@graph":[{"@type":"Article","@id":"https:\/\/lospoliticosveracruz.com\/?p=116159#article","isPartOf":{"@id":"https:\/\/lospoliticosveracruz.com\/?p=116159"},"author":{"name":"Lo viste en Los Pol\u00edticos","@id":"https:\/\/lospoliticosveracruz.com\/#\/schema\/person\/b8702bb0e538456e6efd07080bf2a4a2"},"headline":"SE AGARRAN POR PEPEYU","datePublished":"2023-12-29T13:59:12+00:00","dateModified":"2023-12-29T13:59:37+00:00","mainEntityOfPage":{"@id":"https:\/\/lospoliticosveracruz.com\/?p=116159"},"wordCount":907,"publisher":{"@id":"https:\/\/lospoliticosveracruz.com\/#organization"},"keywords":["Esteban Ram\u00edrez Zepeta"],"articleSection":["De Opini\u00f3n"],"inLanguage":"es"},{"@type":"WebPage","@id":"https:\/\/lospoliticosveracruz.com\/?p=116159","url":"https:\/\/lospoliticosveracruz.com\/?p=116159","name":"SE AGARRAN POR PEPEYU - Los pol\u00edticos Veracruz","isPartOf":{"@id":"https:\/\/lospoliticosveracruz.com\/#website"},"datePublished":"2023-12-29T13:59:12+00:00","dateModified":"2023-12-29T13:59:37+00:00","breadcrumb":{"@id":"https:\/\/lospoliticosveracruz.com\/?p=116159#breadcrumb"},"inLanguage":"es","potentialAction":[{"@type":"ReadAction","target":["https:\/\/lospoliticosveracruz.com\/?p=116159"]}]},{"@type":"BreadcrumbList","@id":"https:\/\/lospoliticosveracruz.com\/?p=116159#breadcrumb","itemListElement":[{"@type":"ListItem","position":1,"name":"Portada","item":"https:\/\/lospoliticosveracruz.com\/"},{"@type":"ListItem","position":2,"name":"SE AGARRAN POR PEPEYU"}]},{"@type":"WebSite","@id":"https:\/\/lospoliticosveracruz.com\/#website","url":"https:\/\/lospoliticosveracruz.com\/","name":"Los pol\u00edticos Veracruz","description":"","publisher":{"@id":"https:\/\/lospoliticosveracruz.com\/#organization"},"potentialAction":[{"@type":"SearchAction","target":{"@type":"EntryPoint","urlTemplate":"https:\/\/lospoliticosveracruz.com\/?s={search_term_string}"},"query-input":{"@type":"PropertyValueSpecification","valueRequired":true,"valueName":"search_term_string"}}],"inLanguage":"es"},{"@type":"Organization","@id":"https:\/\/lospoliticosveracruz.com\/#organization","name":"Los pol\u00edticos Veracruz","url":"https:\/\/lospoliticosveracruz.com\/","logo":{"@type":"ImageObject","inLanguage":"es","@id":"https:\/\/lospoliticosveracruz.com\/#\/schema\/logo\/image\/","url":"https:\/\/lospoliticosveracruz.com\/wp-content\/uploads\/2025\/12\/Logo-Nuevo-LOS-POLITICOS-1.jpg","contentUrl":"https:\/\/lospoliticosveracruz.com\/wp-content\/uploads\/2025\/12\/Logo-Nuevo-LOS-POLITICOS-1.jpg","width":260,"height":70,"caption":"Los pol\u00edticos Veracruz"},"image":{"@id":"https:\/\/lospoliticosveracruz.com\/#\/schema\/logo\/image\/"},"sameAs":["https:\/\/www.facebook.com\/people\/Notimemes-de-los-Polticos\/61565672886568\/","https:\/\/x.com\/LosPoliticosVer"]},{"@type":"Person","@id":"https:\/\/lospoliticosveracruz.com\/#\/schema\/person\/b8702bb0e538456e6efd07080bf2a4a2","name":"Lo viste en Los Pol\u00edticos","image":{"@type":"ImageObject","inLanguage":"es","@id":"https:\/\/secure.gravatar.com\/avatar\/3a8de04a2656d44082be478bd6c086daa447c4651605818287b9532d3d0bd435?s=96&d=mm&r=g","url":"https:\/\/secure.gravatar.com\/avatar\/3a8de04a2656d44082be478bd6c086daa447c4651605818287b9532d3d0bd435?s=96&d=mm&r=g","contentUrl":"https:\/\/secure.gravatar.com\/avatar\/3a8de04a2656d44082be478bd6c086daa447c4651605818287b9532d3d0bd435?s=96&d=mm&r=g","caption":"Lo viste en Los Pol\u00edticos"},"url":"https:\/\/lospoliticosveracruz.com\/?author=2"}]}},"_links":{"self":[{"href":"https:\/\/lospoliticosveracruz.com\/index.php?rest_route=\/wp\/v2\/posts\/116159","targetHints":{"allow":["GET"]}}],"collection":[{"href":"https:\/\/lospoliticosveracruz.com\/index.php?rest_route=\/wp\/v2\/posts"}],"about":[{"href":"https:\/\/lospoliticosveracruz.com\/index.php?rest_route=\/wp\/v2\/types\/post"}],"author":[{"embeddable":true,"href":"https:\/\/lospoliticosveracruz.com\/index.php?rest_route=\/wp\/v2\/users\/2"}],"replies":[{"embeddable":true,"href":"https:\/\/lospoliticosveracruz.com\/index.php?rest_route=%2Fwp%2Fv2%2Fcomments&post=116159"}],"version-history":[{"count":1,"href":"https:\/\/lospoliticosveracruz.com\/index.php?rest_route=\/wp\/v2\/posts\/116159\/revisions"}],"predecessor-version":[{"id":116161,"href":"https:\/\/lospoliticosveracruz.com\/index.php?rest_route=\/wp\/v2\/posts\/116159\/revisions\/116161"}],"wp:attachment":[{"href":"https:\/\/lospoliticosveracruz.com\/index.php?rest_route=%2Fwp%2Fv2%2Fmedia&parent=116159"}],"wp:term":[{"taxonomy":"category","embeddable":true,"href":"https:\/\/lospoliticosveracruz.com\/index.php?rest_route=%2Fwp%2Fv2%2Fcategories&post=116159"},{"taxonomy":"post_tag","embeddable":true,"href":"https:\/\/lospoliticosveracruz.com\/index.php?rest_route=%2Fwp%2Fv2%2Ftags&post=116159"}],"curies":[{"name":"wp","href":"https:\/\/api.w.org\/{rel}","templated":true}]}}