{"id":116162,"date":"2023-12-29T08:29:03","date_gmt":"2023-12-29T14:29:03","guid":{"rendered":"https:\/\/lospoliticosveracruz.com.mx\/?p=116162"},"modified":"2023-12-29T08:29:11","modified_gmt":"2023-12-29T14:29:11","slug":"dios-dira","status":"publish","type":"post","link":"https:\/\/lospoliticosveracruz.com\/?p=116162","title":{"rendered":"DIOS DIR\u00c1"},"content":{"rendered":"\n<p><strong>Teresa Carbajal<\/strong><\/p>\n\n\n\n<p><em>Debo, no niego; pago, lo justo<\/em><\/p>\n\n\n\n<p>Ser\u00eda dif\u00edcil hacer una lista de todos los temas y grandes pendientes que vivimos este 2023 y que se quedar\u00e1n para el pr\u00f3ximo 2024, relacionados con los cr\u00e9ditos, los fraudes bancarios, la desaparici\u00f3n de la financiera rural, los cr\u00e9ditos con cargo a la n\u00f3mina, entre tantos otros.<\/p>\n\n\n<div class=\"wp-block-image\">\n<figure class=\"alignleft size-full is-resized\"><a href=\"https:\/\/lospoliticosveracruz.com.mx\/wp-content\/uploads\/2023\/02\/Vinissimo.jpg\"><img decoding=\"async\" src=\"https:\/\/lospoliticosveracruz.com.mx\/wp-content\/uploads\/2023\/02\/Vinissimo.jpg\" alt=\"\" class=\"wp-image-102752\" style=\"width:147px;height:auto\"\/><\/a><\/figure>\n<\/div>\n\n\n<p>Los problemas cotidianos a los que nos enfrentamos los mexicanos en relaci\u00f3n al uso de cr\u00e9ditos y servicios bancarios por la deficiencia de los mismos, los abusos que nos cometen, pero sobre todo a la desprotecci\u00f3n que padecemos vinculada directamente con la invisibilidad de un problema social que durante a\u00f1os, ha encontrado la justificaci\u00f3n perfecta, en el estigma social de que si debes; paga.<\/p>\n\n\n\n<p>Ignorando los motivos o las causas que llevan al sufrimiento a quienes presas de la indefensi\u00f3n, sobrellevan en silencio su mal.&nbsp;<\/p>\n\n\n\n<p>No hemos escatimado recursos ni dedicaci\u00f3n en el Barz\u00f3n a la lucha diaria para la protecci\u00f3n del patrimonio.&nbsp;<\/p>\n\n\n\n<p>Ni en la defensa en los tribunales en donde libramos verdaderas contiendas en contra de la usura, y de la ambici\u00f3n desmedida de los prestamistas que al amparo de las leyes obtienen de buena fe, la firma en pagar\u00e9s y dem\u00e1s contratos y documentos que despu\u00e9s ser\u00e1n usados en contra de los acreditados.&nbsp;<\/p>\n\n\n\n<p>Tampoco en la b\u00fasqueda de soluciones y di\u00e1logo permanente y serio con instituciones de cr\u00e9dito, para obtener acuerdos justos de pago.&nbsp;<\/p>\n\n\n\n<p>De gran importancia ha sido tambi\u00e9n la denuncia p\u00fablica de los casos que atendemos, lo que advierte a otras posibles v\u00edctimas de la forma en que deben protegerse de un abuso.<\/p>\n\n\n\n<p>Tambi\u00e9n en la orientaci\u00f3n y asesor\u00eda a quienes se acercan a nuestro Movimiento para obtener soluci\u00f3n a sus problem\u00e1ticas.&nbsp;<\/p>\n\n\n\n<p>Es interesante ver, como cada d\u00eda crece la conciencia sobre los casos que atendemos, y la forma en que se comunican los casos de \u00e9xito.&nbsp;<\/p>\n\n\n\n<p>El respaldo de la opini\u00f3n p\u00fablica y las circunstancias econ\u00f3micas que vivimos poco a poco van haciendo justicia a los reclamos de visibilidad y atenci\u00f3n del caso de la moratoria y la cartera vencida en nuestro pa\u00eds.&nbsp;<\/p>\n\n\n\n<p>Pues a casi treinta a\u00f1os de la crisis del a\u00f1o de mil novecientos noventa y cuatro la historia parece repetirse.&nbsp;<\/p>\n\n\n\n<p>No obstante, se quedan muchos pendientes en agenda legislativa, no terminar\u00edamos si hacemos la lista, ninguno menos importante que el otro.<\/p>\n\n\n\n<p>Por ejemplo, el embargo de pensiones jubilatorias, el congelamiento de cuentas bancarias y otras nuevas medidas y formas de coacci\u00f3n, y ejecuci\u00f3n del pago de deudas que se han concedido a los acreedores para hacerse justicia por su propia mano.&nbsp;<\/p>\n\n\n\n<p>No hay duda del grave da\u00f1o que se le caus\u00f3 a los hombres y mujeres del campo con la extinci\u00f3n de la financiera rural, organismo que fue extinguido no para mejorar la asignaci\u00f3n de cr\u00e9ditos al campo, no para acabar con los abusos, no para combatir la usura.&nbsp;<\/p>\n\n\n\n<p>Sino al contrario, para robar a lo descarado bajo la figura de una instituci\u00f3n extinta que no dejar\u00e1 huella de fiscalizaci\u00f3n; en otras palabras, para robar al pueblo hasta lo indebido.&nbsp;<\/p>\n\n\n\n<p>Otro gran pendiente, es que a pesar de las cifras que se proporcionan para mostrar que la inflaci\u00f3n descendi\u00f3, las tasas de inter\u00e9s no lo hicieron, y tampoco se sabe cu\u00e1ndo vayan a hacerlo. Y claro que esto va a darnos muchos problemas para el 2024.&nbsp;<\/p>\n\n\n\n<p>El secuestro de la Condusef, un a\u00f1o m\u00e1s dirigido por una persona que ni idea tiene de la defensa de los usuarios de servicios financieros, es lamentable.&nbsp;<\/p>\n\n\n\n<p>Y por supuesto el tema estrella del a\u00f1o, los robos o fraudes bancarios, como se le conoce al vaciado de cuentas, o el retiro sin autorizaci\u00f3n de los titulares del dinero depositado en cuentas bancarias. Miles de casos sin resolver, y tampoco hay para cuando, poder hablar con seriedad del asunto, pero sobre todo con responsabilidad.&nbsp;<\/p>\n\n\n\n<p>Los cr\u00e9ditos vinculados a la n\u00f3mina, esa sangr\u00eda que padecen empleados del estado en relaci\u00f3n a los cr\u00e9ditos que contratan para poder completar su gasto, qued\u00f3 en la bandeja de pendientes legislativos, sin mayor atenci\u00f3n.&nbsp;<\/p>\n\n\n\n<p>En fin, que no hay que desanimarse, porque los mexicanos somos muy aguerridos, muy luchones, muy trabajadores, y muy pagadores. Pero ese nivel de responsabilidad va directamente relacionado con la capacidad que tenemos de organizarnos para defendernos, para denunciar, para exigir soluciones y as\u00ed lo haremos el pr\u00f3ximo a\u00f1o tambi\u00e9n.&nbsp;<\/p>\n\n\n\n<p>As\u00ed que por ahora lo \u00fanico que nos debe ocupar es pasar con mucha felicidad y armon\u00eda estas fechas y para el pr\u00f3ximo a\u00f1o. \u00a1Dios dir\u00e1!<\/p>\n\n\n\n<p>\u00danase ya, a la Jornada Estatal para la Defensa del Patrimonio Familiar 2281148502 visite&nbsp;&nbsp;www.elbarzonrc.org Contacte elbarzonrc@yahoo.com.mx, O s\u00edgame en @terecarbajal<\/p>\n","protected":false},"excerpt":{"rendered":"<p>Teresa Carbajal Debo, no niego; pago, lo justo Ser\u00eda dif\u00edcil hacer una lista de todos los temas y grandes pendientes que vivimos este 2023 y que se quedar\u00e1n para el pr\u00f3ximo 2024, relacionados con los cr\u00e9ditos, los fraudes bancarios, la desaparici\u00f3n de la financiera rural, los cr\u00e9ditos con cargo a la n\u00f3mina, entre tantos otros. [&hellip;]<\/p>\n","protected":false},"author":2,"featured_media":0,"comment_status":"closed","ping_status":"closed","sticky":false,"template":"","format":"standard","meta":{"tdm_status":"","tdm_grid_status":"","footnotes":""},"categories":[70],"tags":[34133],"class_list":{"0":"post-116162","1":"post","2":"type-post","3":"status-publish","4":"format-standard","6":"category-de-opinion","7":"tag-tere-carbajal"},"yoast_head":"<!-- This site is optimized with the Yoast SEO plugin v27.4 - https:\/\/yoast.com\/product\/yoast-seo-wordpress\/ -->\n<title>DIOS DIR\u00c1 - Los pol\u00edticos Veracruz<\/title>\n<meta name=\"robots\" content=\"index, follow, max-snippet:-1, max-image-preview:large, max-video-preview:-1\" \/>\n<link rel=\"canonical\" href=\"https:\/\/lospoliticosveracruz.com\/?p=116162\" \/>\n<meta property=\"og:locale\" content=\"es_ES\" \/>\n<meta property=\"og:type\" content=\"article\" \/>\n<meta property=\"og:title\" content=\"DIOS DIR\u00c1 - Los pol\u00edticos Veracruz\" \/>\n<meta property=\"og:description\" content=\"Teresa Carbajal Debo, no niego; pago, lo justo Ser\u00eda dif\u00edcil hacer una lista de todos los temas y grandes pendientes que vivimos este 2023 y que se quedar\u00e1n para el pr\u00f3ximo 2024, relacionados con los cr\u00e9ditos, los fraudes bancarios, la desaparici\u00f3n de la financiera rural, los cr\u00e9ditos con cargo a la n\u00f3mina, entre tantos otros. [&hellip;]\" \/>\n<meta property=\"og:url\" content=\"https:\/\/lospoliticosveracruz.com\/?p=116162\" \/>\n<meta property=\"og:site_name\" content=\"Los pol\u00edticos Veracruz\" \/>\n<meta property=\"article:publisher\" content=\"https:\/\/www.facebook.com\/people\/Notimemes-de-los-Polticos\/61565672886568\/\" \/>\n<meta property=\"article:published_time\" content=\"2023-12-29T14:29:03+00:00\" \/>\n<meta property=\"article:modified_time\" content=\"2023-12-29T14:29:11+00:00\" \/>\n<meta property=\"og:image\" content=\"https:\/\/lospoliticosveracruz.com.mx\/wp-content\/uploads\/2023\/02\/Vinissimo.jpg\" \/>\n<meta name=\"author\" content=\"Lo viste en Los Pol\u00edticos\" \/>\n<meta name=\"twitter:card\" content=\"summary_large_image\" \/>\n<meta name=\"twitter:creator\" content=\"@LosPoliticosVer\" \/>\n<meta name=\"twitter:site\" content=\"@LosPoliticosVer\" \/>\n<meta name=\"twitter:label1\" content=\"Escrito por\" \/>\n\t<meta name=\"twitter:data1\" content=\"Lo viste en Los Pol\u00edticos\" \/>\n\t<meta name=\"twitter:label2\" content=\"Tiempo de lectura\" \/>\n\t<meta name=\"twitter:data2\" content=\"4 minutos\" \/>\n<script type=\"application\/ld+json\" class=\"yoast-schema-graph\">{\"@context\":\"https:\\\/\\\/schema.org\",\"@graph\":[{\"@type\":\"Article\",\"@id\":\"https:\\\/\\\/lospoliticosveracruz.com\\\/?p=116162#article\",\"isPartOf\":{\"@id\":\"https:\\\/\\\/lospoliticosveracruz.com\\\/?p=116162\"},\"author\":{\"name\":\"Lo viste en Los Pol\u00edticos\",\"@id\":\"https:\\\/\\\/lospoliticosveracruz.com\\\/#\\\/schema\\\/person\\\/b8702bb0e538456e6efd07080bf2a4a2\"},\"headline\":\"DIOS DIR\u00c1\",\"datePublished\":\"2023-12-29T14:29:03+00:00\",\"dateModified\":\"2023-12-29T14:29:11+00:00\",\"mainEntityOfPage\":{\"@id\":\"https:\\\/\\\/lospoliticosveracruz.com\\\/?p=116162\"},\"wordCount\":856,\"publisher\":{\"@id\":\"https:\\\/\\\/lospoliticosveracruz.com\\\/#organization\"},\"image\":{\"@id\":\"https:\\\/\\\/lospoliticosveracruz.com\\\/?p=116162#primaryimage\"},\"thumbnailUrl\":\"https:\\\/\\\/lospoliticosveracruz.com.mx\\\/wp-content\\\/uploads\\\/2023\\\/02\\\/Vinissimo.jpg\",\"keywords\":[\"Tere Carbajal\"],\"articleSection\":[\"De Opini\u00f3n\"],\"inLanguage\":\"es\"},{\"@type\":\"WebPage\",\"@id\":\"https:\\\/\\\/lospoliticosveracruz.com\\\/?p=116162\",\"url\":\"https:\\\/\\\/lospoliticosveracruz.com\\\/?p=116162\",\"name\":\"DIOS DIR\u00c1 - Los pol\u00edticos Veracruz\",\"isPartOf\":{\"@id\":\"https:\\\/\\\/lospoliticosveracruz.com\\\/#website\"},\"primaryImageOfPage\":{\"@id\":\"https:\\\/\\\/lospoliticosveracruz.com\\\/?p=116162#primaryimage\"},\"image\":{\"@id\":\"https:\\\/\\\/lospoliticosveracruz.com\\\/?p=116162#primaryimage\"},\"thumbnailUrl\":\"https:\\\/\\\/lospoliticosveracruz.com.mx\\\/wp-content\\\/uploads\\\/2023\\\/02\\\/Vinissimo.jpg\",\"datePublished\":\"2023-12-29T14:29:03+00:00\",\"dateModified\":\"2023-12-29T14:29:11+00:00\",\"breadcrumb\":{\"@id\":\"https:\\\/\\\/lospoliticosveracruz.com\\\/?p=116162#breadcrumb\"},\"inLanguage\":\"es\",\"potentialAction\":[{\"@type\":\"ReadAction\",\"target\":[\"https:\\\/\\\/lospoliticosveracruz.com\\\/?p=116162\"]}]},{\"@type\":\"ImageObject\",\"inLanguage\":\"es\",\"@id\":\"https:\\\/\\\/lospoliticosveracruz.com\\\/?p=116162#primaryimage\",\"url\":\"https:\\\/\\\/lospoliticosveracruz.com.mx\\\/wp-content\\\/uploads\\\/2023\\\/02\\\/Vinissimo.jpg\",\"contentUrl\":\"https:\\\/\\\/lospoliticosveracruz.com.mx\\\/wp-content\\\/uploads\\\/2023\\\/02\\\/Vinissimo.jpg\"},{\"@type\":\"BreadcrumbList\",\"@id\":\"https:\\\/\\\/lospoliticosveracruz.com\\\/?p=116162#breadcrumb\",\"itemListElement\":[{\"@type\":\"ListItem\",\"position\":1,\"name\":\"Portada\",\"item\":\"https:\\\/\\\/lospoliticosveracruz.com\\\/\"},{\"@type\":\"ListItem\",\"position\":2,\"name\":\"DIOS DIR\u00c1\"}]},{\"@type\":\"WebSite\",\"@id\":\"https:\\\/\\\/lospoliticosveracruz.com\\\/#website\",\"url\":\"https:\\\/\\\/lospoliticosveracruz.com\\\/\",\"name\":\"Los pol\u00edticos Veracruz\",\"description\":\"\",\"publisher\":{\"@id\":\"https:\\\/\\\/lospoliticosveracruz.com\\\/#organization\"},\"potentialAction\":[{\"@type\":\"SearchAction\",\"target\":{\"@type\":\"EntryPoint\",\"urlTemplate\":\"https:\\\/\\\/lospoliticosveracruz.com\\\/?s={search_term_string}\"},\"query-input\":{\"@type\":\"PropertyValueSpecification\",\"valueRequired\":true,\"valueName\":\"search_term_string\"}}],\"inLanguage\":\"es\"},{\"@type\":\"Organization\",\"@id\":\"https:\\\/\\\/lospoliticosveracruz.com\\\/#organization\",\"name\":\"Los pol\u00edticos Veracruz\",\"url\":\"https:\\\/\\\/lospoliticosveracruz.com\\\/\",\"logo\":{\"@type\":\"ImageObject\",\"inLanguage\":\"es\",\"@id\":\"https:\\\/\\\/lospoliticosveracruz.com\\\/#\\\/schema\\\/logo\\\/image\\\/\",\"url\":\"https:\\\/\\\/lospoliticosveracruz.com\\\/wp-content\\\/uploads\\\/2025\\\/12\\\/Logo-Nuevo-LOS-POLITICOS-1.jpg\",\"contentUrl\":\"https:\\\/\\\/lospoliticosveracruz.com\\\/wp-content\\\/uploads\\\/2025\\\/12\\\/Logo-Nuevo-LOS-POLITICOS-1.jpg\",\"width\":260,\"height\":70,\"caption\":\"Los pol\u00edticos Veracruz\"},\"image\":{\"@id\":\"https:\\\/\\\/lospoliticosveracruz.com\\\/#\\\/schema\\\/logo\\\/image\\\/\"},\"sameAs\":[\"https:\\\/\\\/www.facebook.com\\\/people\\\/Notimemes-de-los-Polticos\\\/61565672886568\\\/\",\"https:\\\/\\\/x.com\\\/LosPoliticosVer\"]},{\"@type\":\"Person\",\"@id\":\"https:\\\/\\\/lospoliticosveracruz.com\\\/#\\\/schema\\\/person\\\/b8702bb0e538456e6efd07080bf2a4a2\",\"name\":\"Lo viste en Los Pol\u00edticos\",\"image\":{\"@type\":\"ImageObject\",\"inLanguage\":\"es\",\"@id\":\"https:\\\/\\\/secure.gravatar.com\\\/avatar\\\/3a8de04a2656d44082be478bd6c086daa447c4651605818287b9532d3d0bd435?s=96&d=mm&r=g\",\"url\":\"https:\\\/\\\/secure.gravatar.com\\\/avatar\\\/3a8de04a2656d44082be478bd6c086daa447c4651605818287b9532d3d0bd435?s=96&d=mm&r=g\",\"contentUrl\":\"https:\\\/\\\/secure.gravatar.com\\\/avatar\\\/3a8de04a2656d44082be478bd6c086daa447c4651605818287b9532d3d0bd435?s=96&d=mm&r=g\",\"caption\":\"Lo viste en Los Pol\u00edticos\"},\"url\":\"https:\\\/\\\/lospoliticosveracruz.com\\\/?author=2\"}]}<\/script>\n<!-- \/ Yoast SEO plugin. -->","yoast_head_json":{"title":"DIOS DIR\u00c1 - Los pol\u00edticos Veracruz","robots":{"index":"index","follow":"follow","max-snippet":"max-snippet:-1","max-image-preview":"max-image-preview:large","max-video-preview":"max-video-preview:-1"},"canonical":"https:\/\/lospoliticosveracruz.com\/?p=116162","og_locale":"es_ES","og_type":"article","og_title":"DIOS DIR\u00c1 - Los pol\u00edticos Veracruz","og_description":"Teresa Carbajal Debo, no niego; pago, lo justo Ser\u00eda dif\u00edcil hacer una lista de todos los temas y grandes pendientes que vivimos este 2023 y que se quedar\u00e1n para el pr\u00f3ximo 2024, relacionados con los cr\u00e9ditos, los fraudes bancarios, la desaparici\u00f3n de la financiera rural, los cr\u00e9ditos con cargo a la n\u00f3mina, entre tantos otros. [&hellip;]","og_url":"https:\/\/lospoliticosveracruz.com\/?p=116162","og_site_name":"Los pol\u00edticos Veracruz","article_publisher":"https:\/\/www.facebook.com\/people\/Notimemes-de-los-Polticos\/61565672886568\/","article_published_time":"2023-12-29T14:29:03+00:00","article_modified_time":"2023-12-29T14:29:11+00:00","og_image":[{"url":"https:\/\/lospoliticosveracruz.com.mx\/wp-content\/uploads\/2023\/02\/Vinissimo.jpg","type":"","width":"","height":""}],"author":"Lo viste en Los Pol\u00edticos","twitter_card":"summary_large_image","twitter_creator":"@LosPoliticosVer","twitter_site":"@LosPoliticosVer","twitter_misc":{"Escrito por":"Lo viste en Los Pol\u00edticos","Tiempo de lectura":"4 minutos"},"schema":{"@context":"https:\/\/schema.org","@graph":[{"@type":"Article","@id":"https:\/\/lospoliticosveracruz.com\/?p=116162#article","isPartOf":{"@id":"https:\/\/lospoliticosveracruz.com\/?p=116162"},"author":{"name":"Lo viste en Los Pol\u00edticos","@id":"https:\/\/lospoliticosveracruz.com\/#\/schema\/person\/b8702bb0e538456e6efd07080bf2a4a2"},"headline":"DIOS DIR\u00c1","datePublished":"2023-12-29T14:29:03+00:00","dateModified":"2023-12-29T14:29:11+00:00","mainEntityOfPage":{"@id":"https:\/\/lospoliticosveracruz.com\/?p=116162"},"wordCount":856,"publisher":{"@id":"https:\/\/lospoliticosveracruz.com\/#organization"},"image":{"@id":"https:\/\/lospoliticosveracruz.com\/?p=116162#primaryimage"},"thumbnailUrl":"https:\/\/lospoliticosveracruz.com.mx\/wp-content\/uploads\/2023\/02\/Vinissimo.jpg","keywords":["Tere Carbajal"],"articleSection":["De Opini\u00f3n"],"inLanguage":"es"},{"@type":"WebPage","@id":"https:\/\/lospoliticosveracruz.com\/?p=116162","url":"https:\/\/lospoliticosveracruz.com\/?p=116162","name":"DIOS DIR\u00c1 - Los pol\u00edticos Veracruz","isPartOf":{"@id":"https:\/\/lospoliticosveracruz.com\/#website"},"primaryImageOfPage":{"@id":"https:\/\/lospoliticosveracruz.com\/?p=116162#primaryimage"},"image":{"@id":"https:\/\/lospoliticosveracruz.com\/?p=116162#primaryimage"},"thumbnailUrl":"https:\/\/lospoliticosveracruz.com.mx\/wp-content\/uploads\/2023\/02\/Vinissimo.jpg","datePublished":"2023-12-29T14:29:03+00:00","dateModified":"2023-12-29T14:29:11+00:00","breadcrumb":{"@id":"https:\/\/lospoliticosveracruz.com\/?p=116162#breadcrumb"},"inLanguage":"es","potentialAction":[{"@type":"ReadAction","target":["https:\/\/lospoliticosveracruz.com\/?p=116162"]}]},{"@type":"ImageObject","inLanguage":"es","@id":"https:\/\/lospoliticosveracruz.com\/?p=116162#primaryimage","url":"https:\/\/lospoliticosveracruz.com.mx\/wp-content\/uploads\/2023\/02\/Vinissimo.jpg","contentUrl":"https:\/\/lospoliticosveracruz.com.mx\/wp-content\/uploads\/2023\/02\/Vinissimo.jpg"},{"@type":"BreadcrumbList","@id":"https:\/\/lospoliticosveracruz.com\/?p=116162#breadcrumb","itemListElement":[{"@type":"ListItem","position":1,"name":"Portada","item":"https:\/\/lospoliticosveracruz.com\/"},{"@type":"ListItem","position":2,"name":"DIOS DIR\u00c1"}]},{"@type":"WebSite","@id":"https:\/\/lospoliticosveracruz.com\/#website","url":"https:\/\/lospoliticosveracruz.com\/","name":"Los pol\u00edticos Veracruz","description":"","publisher":{"@id":"https:\/\/lospoliticosveracruz.com\/#organization"},"potentialAction":[{"@type":"SearchAction","target":{"@type":"EntryPoint","urlTemplate":"https:\/\/lospoliticosveracruz.com\/?s={search_term_string}"},"query-input":{"@type":"PropertyValueSpecification","valueRequired":true,"valueName":"search_term_string"}}],"inLanguage":"es"},{"@type":"Organization","@id":"https:\/\/lospoliticosveracruz.com\/#organization","name":"Los pol\u00edticos Veracruz","url":"https:\/\/lospoliticosveracruz.com\/","logo":{"@type":"ImageObject","inLanguage":"es","@id":"https:\/\/lospoliticosveracruz.com\/#\/schema\/logo\/image\/","url":"https:\/\/lospoliticosveracruz.com\/wp-content\/uploads\/2025\/12\/Logo-Nuevo-LOS-POLITICOS-1.jpg","contentUrl":"https:\/\/lospoliticosveracruz.com\/wp-content\/uploads\/2025\/12\/Logo-Nuevo-LOS-POLITICOS-1.jpg","width":260,"height":70,"caption":"Los pol\u00edticos Veracruz"},"image":{"@id":"https:\/\/lospoliticosveracruz.com\/#\/schema\/logo\/image\/"},"sameAs":["https:\/\/www.facebook.com\/people\/Notimemes-de-los-Polticos\/61565672886568\/","https:\/\/x.com\/LosPoliticosVer"]},{"@type":"Person","@id":"https:\/\/lospoliticosveracruz.com\/#\/schema\/person\/b8702bb0e538456e6efd07080bf2a4a2","name":"Lo viste en Los Pol\u00edticos","image":{"@type":"ImageObject","inLanguage":"es","@id":"https:\/\/secure.gravatar.com\/avatar\/3a8de04a2656d44082be478bd6c086daa447c4651605818287b9532d3d0bd435?s=96&d=mm&r=g","url":"https:\/\/secure.gravatar.com\/avatar\/3a8de04a2656d44082be478bd6c086daa447c4651605818287b9532d3d0bd435?s=96&d=mm&r=g","contentUrl":"https:\/\/secure.gravatar.com\/avatar\/3a8de04a2656d44082be478bd6c086daa447c4651605818287b9532d3d0bd435?s=96&d=mm&r=g","caption":"Lo viste en Los Pol\u00edticos"},"url":"https:\/\/lospoliticosveracruz.com\/?author=2"}]}},"_links":{"self":[{"href":"https:\/\/lospoliticosveracruz.com\/index.php?rest_route=\/wp\/v2\/posts\/116162","targetHints":{"allow":["GET"]}}],"collection":[{"href":"https:\/\/lospoliticosveracruz.com\/index.php?rest_route=\/wp\/v2\/posts"}],"about":[{"href":"https:\/\/lospoliticosveracruz.com\/index.php?rest_route=\/wp\/v2\/types\/post"}],"author":[{"embeddable":true,"href":"https:\/\/lospoliticosveracruz.com\/index.php?rest_route=\/wp\/v2\/users\/2"}],"replies":[{"embeddable":true,"href":"https:\/\/lospoliticosveracruz.com\/index.php?rest_route=%2Fwp%2Fv2%2Fcomments&post=116162"}],"version-history":[{"count":1,"href":"https:\/\/lospoliticosveracruz.com\/index.php?rest_route=\/wp\/v2\/posts\/116162\/revisions"}],"predecessor-version":[{"id":116163,"href":"https:\/\/lospoliticosveracruz.com\/index.php?rest_route=\/wp\/v2\/posts\/116162\/revisions\/116163"}],"wp:attachment":[{"href":"https:\/\/lospoliticosveracruz.com\/index.php?rest_route=%2Fwp%2Fv2%2Fmedia&parent=116162"}],"wp:term":[{"taxonomy":"category","embeddable":true,"href":"https:\/\/lospoliticosveracruz.com\/index.php?rest_route=%2Fwp%2Fv2%2Fcategories&post=116162"},{"taxonomy":"post_tag","embeddable":true,"href":"https:\/\/lospoliticosveracruz.com\/index.php?rest_route=%2Fwp%2Fv2%2Ftags&post=116162"}],"curies":[{"name":"wp","href":"https:\/\/api.w.org\/{rel}","templated":true}]}}