{"id":116306,"date":"2024-01-03T06:15:24","date_gmt":"2024-01-03T12:15:24","guid":{"rendered":"https:\/\/lospoliticosveracruz.com.mx\/?p=116306"},"modified":"2024-01-03T06:16:16","modified_gmt":"2024-01-03T12:16:16","slug":"nahle-en-coatza-su-casa","status":"publish","type":"post","link":"https:\/\/lospoliticosveracruz.com\/?p=116306","title":{"rendered":"NAHLE EN COATZA, SU CASA\u2026"},"content":{"rendered":"\n<p><strong>Jos\u00e9 Luis Ortega Vidal<\/strong> \/ Foto Gladys Collado Reyes<\/p>\n\n\n\n<p><em>Coatzacoalcos<\/em><\/p>\n\n\n\n<p>Los pel\u00edcanos no visitan el parque Independencia; su hogar es el r\u00edo por cuyas aguas la serpiente emplumada parti\u00f3 bajo la promesa de volver\u2026<br>En este lugar, cuyo nombre rinde homenaje al Dios Quetzalc\u00f3atl, dio inicio la precampa\u00f1a de Roc\u00edo Nahle Garc\u00eda por la gubernatura de Veracruz.<br>Abanderada por la tr\u00edada de MORENA\/PT\/PVEM, la aspirante describe a la llamada capital econ\u00f3mica del sur como su hogar, su casa y la sede donde inici\u00f3 la cuarta transformaci\u00f3n.<br>A m\u00e1s de cuatrocientos veinte kil\u00f3metros de distancia, en Xalapa -lugar que supo de la aniquiladora presencia europea, varios siglos atr\u00e1s- su oponente Jos\u00e9 Yunes Zorrilla hizo lo propio la ma\u00f1ana de un dos de enero repleto de presencias y de ausencias\u2026<br>Cuentan que Amado Cruz Malpica fue el primero o uno de los primeros contactos de Roc\u00edo Nahle con la pol\u00edtica veracruzana, en Coatzacoalcos, all\u00e1 por las d\u00e9cadas de los ochenta y noventa del siglo pasado.<br>Hoy alcalde, Amado abri\u00f3 la tanda de discursos frente al palacio municipal donde despacha\u2026<br>Siempre de izquierda, Cruz Malpica fue testigo de la presencia en el evento de Joaqu\u00edn Caballero Rosi\u00f1ol, ex ocupante de la silla edilicia\u2026bajo las siglas del PRI.<br>Elizabeth Morales, ex dirigente estatal del PRI y ex alcaldesa de Xalapa bajo la \u00e9gida del tricolor, pos\u00f3 para las fotos muy cerca de los souvenirs de AMLO: desde calcetas hasta chalecos, gorras, peluches\u2026<br>No importa, dir\u00e1n los que hoy aspiran a convertirse en cl\u00e1sicos -ojal\u00e1 lo logren alg\u00fan d\u00eda-\u2026<br>No importa, en MORENA caben todos\u2026<br>Habl\u00f3 Manuel Huerta Ladr\u00f3n de Guevara, \u00fanico candidato a Senador ratificado por la triada guinda, roja y verde y acaso el m\u00e1s profundo conocedor de la movilizaci\u00f3n de masas hacia un objetivo electoral espec\u00edfico: el triunfo en las batallas clave para aspirar a ganar la guerra.<br>Habl\u00f3 alguien m\u00e1s pero el punto central era y fue la voz de Roc\u00edo Nahle, quien apost\u00f3 a su entusiasmo, autoestima y determinaci\u00f3n al afirmar que con ella hay candidata y habr\u00e1 gobernadora de Veracruz\u2026<\/p>\n\n\n\n<p>\u00bfCu\u00e1ntos escuchaban?<\/p>\n\n\n\n<p>El bolet\u00edn oficial distribuido apenas concluy\u00f3 el mitin, refiere a miles de militantes y simpatizantes\u2026<br>Este reportero cont\u00f3 las sillas entre las vallas m\u00e1s cercanas al estrado y recorri\u00f3 una y otra vez el parque entre las avenidas Ignacio de la Llave e Ignacio Zaragoza, ambas en direcci\u00f3n al r\u00edo donde los pel\u00edcanos disputan peces y desperdicios con las gaviotas, siempre gaviotas\u2026<br>Hay como dos mil quinientos, opin\u00f3 un pesimista\u2026<br>Hay unos seis mil, confront\u00f3 un optimista\u2026<br>El c\u00e1lculo de este escribidor y contador de sillas oscila entre los cuatro mil\u2026m\u00e1s o menos.<br>Hubo m\u00e1s presencias: los alcaldes del bloque solicitante de obras para la sierra de Santa Martha y municipios vecinos muy cercanos a la zona del corredor interoce\u00e1nico, bebieron caf\u00e9 en un VIPS siempre con p\u00e9simo servicio\u2026<br>Los ediles fueron colocados en primera fila de cara al estrado y reiteraron el apoyo a Cuauht\u00e9moc Baruch, presidente de Soconusco, como aspirante a la candidatura para diputado federal por el distrito 03 de Cosoleacaque\u2026<br>Presentes, as\u00ed, estaban autoridades -con permiso de sus cabildos- y ciudadanos de Tatahuicapan, Soteapan, Zaragoza, Hidalgotitl\u00e1n, Texistepec, entre otros\u2026<br>Hubo gente de Nanchital, de Las Choapas, de Minatitl\u00e1n, de Acayucan, de los tecnol\u00f3gicos, de sindicatos\u2026<br>Se a\u00f1adieron presencias como la del profesor No\u00e9 Castillo Olvera, ejecutivo en Agua Dulce a quien se le pregunt\u00f3:<br>\u00bfSe anot\u00f3 para la candidatura a diputado en el Coatzacoalcos rural?<br>No, vamos a seguir trabajando en el Ayuntamiento, respondi\u00f3 quien encabeza una de las transformaciones m\u00e1s profundas en alg\u00fan municipio sure\u00f1o, v\u00eda obras y gestiones como la presencia de la Universidad Veracruzana\u2026<br>Marco Antonio Mart\u00ednez Amador, representante de Acayucan ante el Congreso local sali\u00f3 disparado cuando a\u00fan faltaba m\u00e1s de la mitad del mensaje de Roc\u00edo Nahle\u2026<br>Y se perdi\u00f3 Marco Antonio en las calles porte\u00f1as junto a una representante -lo mismo que \u00e9l- de Marcelo Ebrard, cualquier cosa que signifique -pol\u00edticamente- esa representaci\u00f3n\u2026<br>Roc\u00edo Nahle habl\u00f3 de su esencia como ingeniera, para sostener que en su profesi\u00f3n se suma, no se resta; y se multiplica, no se divide\u2026<br>La escuchaban diputados presentes: Rosa Mar\u00eda Hern\u00e1ndez Espejo, de la ciudad y puerto de Veracruz, a quien se le pregunt\u00f3 sobre su candidatura para ser reelecta a la c\u00e1mara baja del Congreso.<br>\u201cS\u00ed, ser\u00e9 candidata y voy a ganar de nueva cuenta\u201d, respondi\u00f3 la destacada periodista egresada de la Universidad Veracruzana.<br>Las legisladoras Tania Cruz y Eusebia Cort\u00e9s apoyaron desde el estrado, junto a un Juan Javier G\u00f3mez Cazar\u00edn que le puso sabor a un caldo falto de entusiasmo, de discursos provocadores de entusiasmo, de palabras y afirmaciones hechas a un lado por atender celulares\u2026<br>En medio del mensaje de Roc\u00edo Nahle, el nativo de Hueyapan de Ocampo de puso de pie, lanz\u00f3 su brazo derecho en ristre y empez\u00f3 a gritar: \u201cGobernadora, Gobernadora, Gobernadora, Gobernadora, Gobernadora\u2026\u201d<br>Durante breves segundos los y las del pres\u00eddium se mostraron entre sorprendidos y apenados, pero la porra de G\u00f3mez Cazar\u00edn convirti\u00f3 el letargo en salto obligado y cuando Roc\u00edo Nahle volte\u00f3 todos coreaban \u201cGobernadora, Gobernadora, Gobernadora, Gobernadora\u2026\u201d<br>Estuvo presente Miguel Pintos Guill\u00e9n, a quien la mayor\u00eda mira como seguro candidato morenista a la diputaci\u00f3n federal por Coatzacoalcos.<br>Entre el p\u00fablico, cuando Amado Cruz Malpica se refiri\u00f3 al gobernador Cuitl\u00e1huac Garc\u00eda Jim\u00e9nez, m\u00e1s de uno lanz\u00f3 un estruendoso \u201cbuuuuu\u201d.<br>A su vez, uno de los pol\u00edticos asistentes cont\u00f3 al reportero: \u201cNo conozco el sur. Veo tus videos y lo voy conociendo\u2026\u201d<br>El equipo de difusi\u00f3n de Jos\u00e9 Yunes Zorrilla difundi\u00f3 hacia el medio d\u00eda detalles sobre su encuentro con periodistas de Xalapa.<br>Seguramente har\u00e1 lo propio con periodistas de Veracruz.<br>Vienen a la memoria a\u00f1ejas costumbres de pol\u00edticos de los a\u00f1os 80s y 90s y a\u00fan de los primeros lustros del siglo XXI, quienes sol\u00edan mantener relaciones muy cercanas con periodistas de dos ciudades veracruzanas: Siiiii, Xalapa y Veracruz.<br>Los periodistas de Orizaba, C\u00f3rdoba, Coatzacoalcos, Minatitl\u00e1n, Poza Rica, Tuxpan, no exist\u00edamos\u2026<br>\u00bfCu\u00e1l ser\u00e1 la pol\u00edtica de comunicaci\u00f3n social de Roc\u00edo Nahle?<br>\u00bfYunes Zorrilla planea dialogar con periodistas de otras latitudes m\u00e1s all\u00e1 de sus cuates de la capital y del puerto jarocho?<br>Les puede ocurrir a Nahle y a Yunes que, creyendo conocer Veracruz, terminen demostrando que no lo conocen a plenitud, al nivel y profundidad necesarios para gobernar bien y a fondo\u2026<br>Hay muchas voces con las cuales, por estrategia, por necesidad, por \u00e9tica, por compromiso, por coherencia pol\u00edtica, deben encontrarse y escuchar al tiempo de ser escuchados\u2026<br>Una de esas voces es la de los periodistas, que los hay desde P\u00e1nuco hasta Las Choapas\u2026<br>He hablado de ausencia, este martes dos de enero en Coatzacoalcos\u2026<br>La referencia a los y las desaparecidos y desaparecidas, con cuyos buscadores resulta obligado el di\u00e1logo de todos los candidatos a gobernarnos.<br>Tambi\u00e9n remito a los comerciantes cuya ausencia de los m\u00edtines es una forma de protestar ante la violencia y la extorsi\u00f3n\u2026<br>Pienso en los padres de familia que salieron de la entidad en b\u00fasqueda de trabajo y convirtieron a Veracruz en la cuarta reserva electoral despu\u00e9s de Jalisco, que ha pasado a un tercer sitio en manos -durante d\u00e9cadas- de nuestra entidad\u2026<br>No ocurre que nazcan m\u00e1s jaliscienses que veracruzanos, simplemente se generan m\u00e1s empleos en la tierra del mariachi que en el ex granero y yunque de la naci\u00f3n.<br>La sociedad veracruzana actual demanda una larga lista de soluciones a una inagotable lista de problem\u00e1ticas\u2026<br>Por cierto, esta misma sociedad demanda periodistas comprometidos con su oficio, frente a la cada vez mayor presencia de reproductores de boletines\u2026<\/p>\n\n\n\n<p>El regreso<br>Y un d\u00eda, Quetzalc\u00f3atl regres\u00f3 disfrazado de hombres-caballos\u2026<br>Y aquellos sujetos feroces -armados de p\u00f3lvora y espada- actuaron como dioses y arrasaron con todo lo que tuvieron enfrente: incluyendo nuestra cultura original; la que fuimos, lo que somos\u2026<br>Y un d\u00eda, arrancaron las precampa\u00f1as en una entidad cuyo pasado nunca hab\u00eda estado tan lejano de su presente, pues de tiempos gloriosos apenas nos queda el recuerdo\u2026<br>Y Roc\u00edo Nahle Garc\u00eda y Jos\u00e9 Yunes Zorrilla, han de saber asumir la responsabilidad y peso de su palabra frente a la feroz lucha entre la ilusi\u00f3n y el hartazgo, que amenaza adue\u00f1arse de nuestro futuro\u2026<\/p>\n","protected":false},"excerpt":{"rendered":"<p>Jos\u00e9 Luis Ortega Vidal \/ Foto Gladys Collado Reyes Coatzacoalcos Los pel\u00edcanos no visitan el parque Independencia; su hogar es el r\u00edo por cuyas aguas la serpiente emplumada parti\u00f3 bajo la promesa de volver\u2026En este lugar, cuyo nombre rinde homenaje al Dios Quetzalc\u00f3atl, dio inicio la precampa\u00f1a de Roc\u00edo Nahle Garc\u00eda por la gubernatura de [&hellip;]<\/p>\n","protected":false},"author":2,"featured_media":0,"comment_status":"closed","ping_status":"closed","sticky":false,"template":"","format":"standard","meta":{"tdm_status":"","tdm_grid_status":"","footnotes":""},"categories":[6446],"tags":[5618,1026,3578,195],"class_list":{"0":"post-116306","1":"post","2":"type-post","3":"status-publish","4":"format-standard","6":"category-la-nota","7":"tag-amado-cruz-malpica","8":"tag-morena","9":"tag-rocio-nahle","10":"tag-veracruz"},"yoast_head":"<!-- This site is optimized with the Yoast SEO plugin v27.4 - https:\/\/yoast.com\/product\/yoast-seo-wordpress\/ -->\n<title>NAHLE EN COATZA, SU CASA\u2026 - Los pol\u00edticos Veracruz<\/title>\n<meta name=\"robots\" content=\"index, follow, max-snippet:-1, max-image-preview:large, max-video-preview:-1\" \/>\n<link rel=\"canonical\" href=\"https:\/\/lospoliticosveracruz.com\/?p=116306\" \/>\n<meta property=\"og:locale\" content=\"es_ES\" \/>\n<meta property=\"og:type\" content=\"article\" \/>\n<meta property=\"og:title\" content=\"NAHLE EN COATZA, SU CASA\u2026 - Los pol\u00edticos Veracruz\" \/>\n<meta property=\"og:description\" content=\"Jos\u00e9 Luis Ortega Vidal \/ Foto Gladys Collado Reyes Coatzacoalcos Los pel\u00edcanos no visitan el parque Independencia; su hogar es el r\u00edo por cuyas aguas la serpiente emplumada parti\u00f3 bajo la promesa de volver\u2026En este lugar, cuyo nombre rinde homenaje al Dios Quetzalc\u00f3atl, dio inicio la precampa\u00f1a de Roc\u00edo Nahle Garc\u00eda por la gubernatura de [&hellip;]\" \/>\n<meta property=\"og:url\" content=\"https:\/\/lospoliticosveracruz.com\/?p=116306\" \/>\n<meta property=\"og:site_name\" content=\"Los pol\u00edticos Veracruz\" \/>\n<meta property=\"article:publisher\" content=\"https:\/\/www.facebook.com\/people\/Notimemes-de-los-Polticos\/61565672886568\/\" \/>\n<meta property=\"article:published_time\" content=\"2024-01-03T12:15:24+00:00\" \/>\n<meta property=\"article:modified_time\" content=\"2024-01-03T12:16:16+00:00\" \/>\n<meta property=\"og:image\" content=\"https:\/\/lospoliticosveracruz.com\/wp-content\/uploads\/2016\/07\/Logo-Dor.jpg\" \/>\n\t<meta property=\"og:image:width\" content=\"200\" \/>\n\t<meta property=\"og:image:height\" content=\"200\" \/>\n\t<meta property=\"og:image:type\" content=\"image\/jpeg\" \/>\n<meta name=\"author\" content=\"Lo viste en Los Pol\u00edticos\" \/>\n<meta name=\"twitter:card\" content=\"summary_large_image\" \/>\n<meta name=\"twitter:creator\" content=\"@LosPoliticosVer\" \/>\n<meta name=\"twitter:site\" content=\"@LosPoliticosVer\" \/>\n<meta name=\"twitter:label1\" content=\"Escrito por\" \/>\n\t<meta name=\"twitter:data1\" content=\"Lo viste en Los Pol\u00edticos\" \/>\n\t<meta name=\"twitter:label2\" content=\"Tiempo de lectura\" \/>\n\t<meta name=\"twitter:data2\" content=\"7 minutos\" \/>\n<script type=\"application\/ld+json\" class=\"yoast-schema-graph\">{\"@context\":\"https:\\\/\\\/schema.org\",\"@graph\":[{\"@type\":\"Article\",\"@id\":\"https:\\\/\\\/lospoliticosveracruz.com\\\/?p=116306#article\",\"isPartOf\":{\"@id\":\"https:\\\/\\\/lospoliticosveracruz.com\\\/?p=116306\"},\"author\":{\"name\":\"Lo viste en Los Pol\u00edticos\",\"@id\":\"https:\\\/\\\/lospoliticosveracruz.com\\\/#\\\/schema\\\/person\\\/b8702bb0e538456e6efd07080bf2a4a2\"},\"headline\":\"NAHLE EN COATZA, SU CASA\u2026\",\"datePublished\":\"2024-01-03T12:15:24+00:00\",\"dateModified\":\"2024-01-03T12:16:16+00:00\",\"mainEntityOfPage\":{\"@id\":\"https:\\\/\\\/lospoliticosveracruz.com\\\/?p=116306\"},\"wordCount\":1480,\"publisher\":{\"@id\":\"https:\\\/\\\/lospoliticosveracruz.com\\\/#organization\"},\"keywords\":[\"Amado Cruz Malpica\",\"Morena\",\"Roc\u00edo Nahle\",\"Veracruz\"],\"articleSection\":[\"La Nota\"],\"inLanguage\":\"es\"},{\"@type\":\"WebPage\",\"@id\":\"https:\\\/\\\/lospoliticosveracruz.com\\\/?p=116306\",\"url\":\"https:\\\/\\\/lospoliticosveracruz.com\\\/?p=116306\",\"name\":\"NAHLE EN COATZA, SU CASA\u2026 - Los pol\u00edticos Veracruz\",\"isPartOf\":{\"@id\":\"https:\\\/\\\/lospoliticosveracruz.com\\\/#website\"},\"datePublished\":\"2024-01-03T12:15:24+00:00\",\"dateModified\":\"2024-01-03T12:16:16+00:00\",\"breadcrumb\":{\"@id\":\"https:\\\/\\\/lospoliticosveracruz.com\\\/?p=116306#breadcrumb\"},\"inLanguage\":\"es\",\"potentialAction\":[{\"@type\":\"ReadAction\",\"target\":[\"https:\\\/\\\/lospoliticosveracruz.com\\\/?p=116306\"]}]},{\"@type\":\"BreadcrumbList\",\"@id\":\"https:\\\/\\\/lospoliticosveracruz.com\\\/?p=116306#breadcrumb\",\"itemListElement\":[{\"@type\":\"ListItem\",\"position\":1,\"name\":\"Portada\",\"item\":\"https:\\\/\\\/lospoliticosveracruz.com\\\/\"},{\"@type\":\"ListItem\",\"position\":2,\"name\":\"NAHLE EN COATZA, SU CASA\u2026\"}]},{\"@type\":\"WebSite\",\"@id\":\"https:\\\/\\\/lospoliticosveracruz.com\\\/#website\",\"url\":\"https:\\\/\\\/lospoliticosveracruz.com\\\/\",\"name\":\"Los pol\u00edticos Veracruz\",\"description\":\"\",\"publisher\":{\"@id\":\"https:\\\/\\\/lospoliticosveracruz.com\\\/#organization\"},\"potentialAction\":[{\"@type\":\"SearchAction\",\"target\":{\"@type\":\"EntryPoint\",\"urlTemplate\":\"https:\\\/\\\/lospoliticosveracruz.com\\\/?s={search_term_string}\"},\"query-input\":{\"@type\":\"PropertyValueSpecification\",\"valueRequired\":true,\"valueName\":\"search_term_string\"}}],\"inLanguage\":\"es\"},{\"@type\":\"Organization\",\"@id\":\"https:\\\/\\\/lospoliticosveracruz.com\\\/#organization\",\"name\":\"Los pol\u00edticos Veracruz\",\"url\":\"https:\\\/\\\/lospoliticosveracruz.com\\\/\",\"logo\":{\"@type\":\"ImageObject\",\"inLanguage\":\"es\",\"@id\":\"https:\\\/\\\/lospoliticosveracruz.com\\\/#\\\/schema\\\/logo\\\/image\\\/\",\"url\":\"https:\\\/\\\/lospoliticosveracruz.com\\\/wp-content\\\/uploads\\\/2025\\\/12\\\/Logo-Nuevo-LOS-POLITICOS-1.jpg\",\"contentUrl\":\"https:\\\/\\\/lospoliticosveracruz.com\\\/wp-content\\\/uploads\\\/2025\\\/12\\\/Logo-Nuevo-LOS-POLITICOS-1.jpg\",\"width\":260,\"height\":70,\"caption\":\"Los pol\u00edticos Veracruz\"},\"image\":{\"@id\":\"https:\\\/\\\/lospoliticosveracruz.com\\\/#\\\/schema\\\/logo\\\/image\\\/\"},\"sameAs\":[\"https:\\\/\\\/www.facebook.com\\\/people\\\/Notimemes-de-los-Polticos\\\/61565672886568\\\/\",\"https:\\\/\\\/x.com\\\/LosPoliticosVer\"]},{\"@type\":\"Person\",\"@id\":\"https:\\\/\\\/lospoliticosveracruz.com\\\/#\\\/schema\\\/person\\\/b8702bb0e538456e6efd07080bf2a4a2\",\"name\":\"Lo viste en Los Pol\u00edticos\",\"image\":{\"@type\":\"ImageObject\",\"inLanguage\":\"es\",\"@id\":\"https:\\\/\\\/secure.gravatar.com\\\/avatar\\\/3a8de04a2656d44082be478bd6c086daa447c4651605818287b9532d3d0bd435?s=96&d=mm&r=g\",\"url\":\"https:\\\/\\\/secure.gravatar.com\\\/avatar\\\/3a8de04a2656d44082be478bd6c086daa447c4651605818287b9532d3d0bd435?s=96&d=mm&r=g\",\"contentUrl\":\"https:\\\/\\\/secure.gravatar.com\\\/avatar\\\/3a8de04a2656d44082be478bd6c086daa447c4651605818287b9532d3d0bd435?s=96&d=mm&r=g\",\"caption\":\"Lo viste en Los Pol\u00edticos\"},\"url\":\"https:\\\/\\\/lospoliticosveracruz.com\\\/?author=2\"}]}<\/script>\n<!-- \/ Yoast SEO plugin. -->","yoast_head_json":{"title":"NAHLE EN COATZA, SU CASA\u2026 - Los pol\u00edticos Veracruz","robots":{"index":"index","follow":"follow","max-snippet":"max-snippet:-1","max-image-preview":"max-image-preview:large","max-video-preview":"max-video-preview:-1"},"canonical":"https:\/\/lospoliticosveracruz.com\/?p=116306","og_locale":"es_ES","og_type":"article","og_title":"NAHLE EN COATZA, SU CASA\u2026 - Los pol\u00edticos Veracruz","og_description":"Jos\u00e9 Luis Ortega Vidal \/ Foto Gladys Collado Reyes Coatzacoalcos Los pel\u00edcanos no visitan el parque Independencia; su hogar es el r\u00edo por cuyas aguas la serpiente emplumada parti\u00f3 bajo la promesa de volver\u2026En este lugar, cuyo nombre rinde homenaje al Dios Quetzalc\u00f3atl, dio inicio la precampa\u00f1a de Roc\u00edo Nahle Garc\u00eda por la gubernatura de [&hellip;]","og_url":"https:\/\/lospoliticosveracruz.com\/?p=116306","og_site_name":"Los pol\u00edticos Veracruz","article_publisher":"https:\/\/www.facebook.com\/people\/Notimemes-de-los-Polticos\/61565672886568\/","article_published_time":"2024-01-03T12:15:24+00:00","article_modified_time":"2024-01-03T12:16:16+00:00","og_image":[{"width":200,"height":200,"url":"https:\/\/lospoliticosveracruz.com\/wp-content\/uploads\/2016\/07\/Logo-Dor.jpg","type":"image\/jpeg"}],"author":"Lo viste en Los Pol\u00edticos","twitter_card":"summary_large_image","twitter_creator":"@LosPoliticosVer","twitter_site":"@LosPoliticosVer","twitter_misc":{"Escrito por":"Lo viste en Los Pol\u00edticos","Tiempo de lectura":"7 minutos"},"schema":{"@context":"https:\/\/schema.org","@graph":[{"@type":"Article","@id":"https:\/\/lospoliticosveracruz.com\/?p=116306#article","isPartOf":{"@id":"https:\/\/lospoliticosveracruz.com\/?p=116306"},"author":{"name":"Lo viste en Los Pol\u00edticos","@id":"https:\/\/lospoliticosveracruz.com\/#\/schema\/person\/b8702bb0e538456e6efd07080bf2a4a2"},"headline":"NAHLE EN COATZA, SU CASA\u2026","datePublished":"2024-01-03T12:15:24+00:00","dateModified":"2024-01-03T12:16:16+00:00","mainEntityOfPage":{"@id":"https:\/\/lospoliticosveracruz.com\/?p=116306"},"wordCount":1480,"publisher":{"@id":"https:\/\/lospoliticosveracruz.com\/#organization"},"keywords":["Amado Cruz Malpica","Morena","Roc\u00edo Nahle","Veracruz"],"articleSection":["La Nota"],"inLanguage":"es"},{"@type":"WebPage","@id":"https:\/\/lospoliticosveracruz.com\/?p=116306","url":"https:\/\/lospoliticosveracruz.com\/?p=116306","name":"NAHLE EN COATZA, SU CASA\u2026 - Los pol\u00edticos Veracruz","isPartOf":{"@id":"https:\/\/lospoliticosveracruz.com\/#website"},"datePublished":"2024-01-03T12:15:24+00:00","dateModified":"2024-01-03T12:16:16+00:00","breadcrumb":{"@id":"https:\/\/lospoliticosveracruz.com\/?p=116306#breadcrumb"},"inLanguage":"es","potentialAction":[{"@type":"ReadAction","target":["https:\/\/lospoliticosveracruz.com\/?p=116306"]}]},{"@type":"BreadcrumbList","@id":"https:\/\/lospoliticosveracruz.com\/?p=116306#breadcrumb","itemListElement":[{"@type":"ListItem","position":1,"name":"Portada","item":"https:\/\/lospoliticosveracruz.com\/"},{"@type":"ListItem","position":2,"name":"NAHLE EN COATZA, SU CASA\u2026"}]},{"@type":"WebSite","@id":"https:\/\/lospoliticosveracruz.com\/#website","url":"https:\/\/lospoliticosveracruz.com\/","name":"Los pol\u00edticos Veracruz","description":"","publisher":{"@id":"https:\/\/lospoliticosveracruz.com\/#organization"},"potentialAction":[{"@type":"SearchAction","target":{"@type":"EntryPoint","urlTemplate":"https:\/\/lospoliticosveracruz.com\/?s={search_term_string}"},"query-input":{"@type":"PropertyValueSpecification","valueRequired":true,"valueName":"search_term_string"}}],"inLanguage":"es"},{"@type":"Organization","@id":"https:\/\/lospoliticosveracruz.com\/#organization","name":"Los pol\u00edticos Veracruz","url":"https:\/\/lospoliticosveracruz.com\/","logo":{"@type":"ImageObject","inLanguage":"es","@id":"https:\/\/lospoliticosveracruz.com\/#\/schema\/logo\/image\/","url":"https:\/\/lospoliticosveracruz.com\/wp-content\/uploads\/2025\/12\/Logo-Nuevo-LOS-POLITICOS-1.jpg","contentUrl":"https:\/\/lospoliticosveracruz.com\/wp-content\/uploads\/2025\/12\/Logo-Nuevo-LOS-POLITICOS-1.jpg","width":260,"height":70,"caption":"Los pol\u00edticos Veracruz"},"image":{"@id":"https:\/\/lospoliticosveracruz.com\/#\/schema\/logo\/image\/"},"sameAs":["https:\/\/www.facebook.com\/people\/Notimemes-de-los-Polticos\/61565672886568\/","https:\/\/x.com\/LosPoliticosVer"]},{"@type":"Person","@id":"https:\/\/lospoliticosveracruz.com\/#\/schema\/person\/b8702bb0e538456e6efd07080bf2a4a2","name":"Lo viste en Los Pol\u00edticos","image":{"@type":"ImageObject","inLanguage":"es","@id":"https:\/\/secure.gravatar.com\/avatar\/3a8de04a2656d44082be478bd6c086daa447c4651605818287b9532d3d0bd435?s=96&d=mm&r=g","url":"https:\/\/secure.gravatar.com\/avatar\/3a8de04a2656d44082be478bd6c086daa447c4651605818287b9532d3d0bd435?s=96&d=mm&r=g","contentUrl":"https:\/\/secure.gravatar.com\/avatar\/3a8de04a2656d44082be478bd6c086daa447c4651605818287b9532d3d0bd435?s=96&d=mm&r=g","caption":"Lo viste en Los Pol\u00edticos"},"url":"https:\/\/lospoliticosveracruz.com\/?author=2"}]}},"_links":{"self":[{"href":"https:\/\/lospoliticosveracruz.com\/index.php?rest_route=\/wp\/v2\/posts\/116306","targetHints":{"allow":["GET"]}}],"collection":[{"href":"https:\/\/lospoliticosveracruz.com\/index.php?rest_route=\/wp\/v2\/posts"}],"about":[{"href":"https:\/\/lospoliticosveracruz.com\/index.php?rest_route=\/wp\/v2\/types\/post"}],"author":[{"embeddable":true,"href":"https:\/\/lospoliticosveracruz.com\/index.php?rest_route=\/wp\/v2\/users\/2"}],"replies":[{"embeddable":true,"href":"https:\/\/lospoliticosveracruz.com\/index.php?rest_route=%2Fwp%2Fv2%2Fcomments&post=116306"}],"version-history":[{"count":1,"href":"https:\/\/lospoliticosveracruz.com\/index.php?rest_route=\/wp\/v2\/posts\/116306\/revisions"}],"predecessor-version":[{"id":116308,"href":"https:\/\/lospoliticosveracruz.com\/index.php?rest_route=\/wp\/v2\/posts\/116306\/revisions\/116308"}],"wp:attachment":[{"href":"https:\/\/lospoliticosveracruz.com\/index.php?rest_route=%2Fwp%2Fv2%2Fmedia&parent=116306"}],"wp:term":[{"taxonomy":"category","embeddable":true,"href":"https:\/\/lospoliticosveracruz.com\/index.php?rest_route=%2Fwp%2Fv2%2Fcategories&post=116306"},{"taxonomy":"post_tag","embeddable":true,"href":"https:\/\/lospoliticosveracruz.com\/index.php?rest_route=%2Fwp%2Fv2%2Ftags&post=116306"}],"curies":[{"name":"wp","href":"https:\/\/api.w.org\/{rel}","templated":true}]}}