{"id":116312,"date":"2024-01-03T07:37:35","date_gmt":"2024-01-03T13:37:35","guid":{"rendered":"https:\/\/lospoliticosveracruz.com.mx\/?p=116312"},"modified":"2024-01-03T07:48:08","modified_gmt":"2024-01-03T13:48:08","slug":"y-arrancan","status":"publish","type":"post","link":"https:\/\/lospoliticosveracruz.com\/?p=116312","title":{"rendered":"Y ARRANCAN!"},"content":{"rendered":"\n<p><strong>Oved Contreras<\/strong><\/p>\n\n\n\n<p><em>Secas Mecas<\/em><\/p>\n\n\n\n<p>Roc\u00edo Nahle y Pepe Yunes, precandidatos a la gubernatura de Veracruz, arrancaron ayer martes oficialmente sus respectivas precampa\u00f1as con marcadas diferencias tanto en la organizaci\u00f3n de sus eventos como en la difusi\u00f3n donde la zacatecana tendr\u00e1 que apretar tuercas porque a su jefa de prensa le viene valiendo gorro hacer su trabajo, sigue en la soberbia de mandarles a unos cuantos porque ya se siente despachando en Xalapa pero se le olvida que para comer tlayudas, primero hay que tener la masa para las tlayudas.<\/p>\n\n\n<div class=\"wp-block-image\">\n<figure class=\"alignleft size-full is-resized\"><a href=\"https:\/\/lospoliticosveracruz.com.mx\/wp-content\/uploads\/2023\/02\/Vinissimo.jpg\"><img decoding=\"async\" src=\"https:\/\/lospoliticosveracruz.com.mx\/wp-content\/uploads\/2023\/02\/Vinissimo.jpg\" alt=\"\" class=\"wp-image-102752\" style=\"width:154px;height:auto\"\/><\/a><\/figure>\n<\/div>\n\n\n<p>La zacatecana Roc\u00edo Nahle inici\u00f3 actividades en Coatzacoalcos, basti\u00f3n morenista y cuna de la transformaci\u00f3n, como ellos le llaman\u2026asegur\u00f3 ante cientos de simpatizantes que continuar\u00e1n con el proyecto de naci\u00f3n que deja en marcha el presidente Andr\u00e9s Manuel L\u00f3pez Obrador\u2026expres\u00f3 que en este tiempo de mujeres, asumir la precandidatura al Gobierno de Veracruz implica un doble compromiso porque se exigen m\u00e1s y mejores resultados, los mismos que durante toda su carrera pol\u00edtica y profesional ha dado con creces.<\/p>\n\n\n\n<p>Afirm\u00f3 que despu\u00e9s del proceso interno que recientemente se vivi\u00f3, Morena en Veracruz est\u00e1 listo para comenzar la carrera electoral en este 2024 y aunque falta mucho por hacer, el esfuerzo est\u00e1 en marcha\u2026el movimiento est\u00e1 vivo, latente y organizado \u201caprendimos a organizarnos, aprendimos despu\u00e9s de tantos fraudes\u201d.<\/p>\n\n\n\n<p>Roc\u00edo Nahle asegur\u00f3 que las ingenieras suman, no restan; multiplican, no dividen, y anunci\u00f3 la continuidad de su recorrido por los 212 municipios de la entidad veracruzana para llevar el mensaje de la transformaci\u00f3n que est\u00e1 sustentado en la base social porque \u201cpor el bien de todos, primero los pobres\u201d.<\/p>\n\n\n\n<p>Es el comienzo pero la zacatecana y su coordinador de campa\u00f1a tendr\u00e1n que exigir a la jefa de prensa que se deje de grillas y haga su chamba porque ayer muchos periodistas se quejaban de que nunca les lleg\u00f3 ni bolet\u00edn ni fotos ni video del evento\u2026ese desprecio que siente por algunos reporteros le restan a la precandidata\u2026una compa\u00f1era periodista le pidi\u00f3 hace unos d\u00edas que s\u00ed pod\u00eda anexarla a su lista de difusi\u00f3n y lo primero que le dijo la jefa de prensa fue preguntarle que en qu\u00e9 medios estaba\u2026as\u00ed o m\u00e1s soberbia\u2026que no se le olvide que pas\u00f3 de borracha a cantinera y que sus fobias debe hacerlas a un lado si en verdad quiere sumarle al proyecto\u2026a muchos colegas no les lleg\u00f3 nunca el material de Roc\u00edo Nahle y si lo publicaron fue porque lo retomaron de otros espacios\u2026no es misoginia ni es personal, sin rencores.<\/p>\n\n\n\n<p>Hay otros que se dejaron de grillas y s\u00ed hacen su chamba\u2026tanto dijeron que lo hab\u00edan vetado pero no, ah\u00ed estuvo, el coordinador Rodrigo Calder\u00f3n, ex alcalde de Mart\u00ednez de la Torre, quien llevar\u00e1 temas operativos y el diputado Juan Javier G\u00f3mez Cazar\u00edn llevar\u00e1 asuntos tanto legislativos como pol\u00edticos.<\/p>\n\n\n\n<p>Ellos no se hacen bolas, cada quien a lo suyo, el Car\u00f3n Cazar\u00edn sabe que desde cualquier trinchera va a servir por eso no suda calenturas ajenas y as\u00ed como Noro\u00f1a, si lo ponen a repartir peri\u00f3dicos lo hace, si lo ponen a coordinar tambi\u00e9n. El solo tiene 3 cosas importantes para el 2024: Rocio, Claudia y el Am\u00e9rica.<\/p>\n\n\n\n<p>Roc\u00edo Nahle cont\u00f3 en este arranque con el respaldo y presencia de senadores, diputados locales, federales y liderazgos de partido como la Secretaria General del CEN de Morena, Citlalli Hern\u00e1ndez Mora; precandidato al Senado de la Rep\u00fablica, Manuel Huerta Ladr\u00f3n de Guevara; Marcelo Ruiz S\u00e1nchez, delegado nacional del PVEM en Veracruz; y Esteban Ram\u00edrez Zepeta, dirigente estatal de Morena, entre otros.<\/p>\n\n\n\n<p>YA REGRES\u00d3 DEL RETIRO\u2026a quien no vieron en el arranque de precampa\u00f1a de la zacatecana Roc\u00edo Nahle fue al defensor de la negritud, Patros\u00edsmico Cisneros, que nos comentan estaba en un retiro espiritual luego de la estrepitosa ca\u00edda en la encuesta para ser coordinador estatal de los comit\u00e9s de defensa de la Cuarta Transformaci\u00f3n donde qued\u00f3 en tercer lugar\u2026sin candidatura a la gubernatura y sin candidatura al Senado.<\/p>\n\n\n\n<p>Aunque nos reporta el chambero de Xalapa que ya regres\u00f3 el que andaba ausente, que ayer don Boludo fue visto comprando pescado o camarones en los negocios cercanos a la Rotonda, y para que no se sienta solito ni desprotegido, don Cuitl\u00e1huac le prest\u00f3 guaruras y dos camionetones a prueba de misiles.<\/p>\n\n\n\n<p>Aqu\u00ed bien valdr\u00eda la pena preguntarle al gobernador: esa seguridad qui\u00e9n la paga si don Boludo ya no es funcionario, tendr\u00eda que andar como cualquier veracruzano de a pie\u2026si trae el manto protector del Cristo Negro de Otatitl\u00e1n nada le pasar\u00e1\u2026si estamos en el segundo estado m\u00e1s seguro del pa\u00eds seg\u00fan las mentadas mesas de paz del Ku\u00edkaras.<\/p>\n\n\n\n<p>PEPE YUNES CON J\u00d3VENES\u2026el pri\u00edsta Pepe Yunes arranc\u00f3 su precampa\u00f1a con una reuni\u00f3n con j\u00f3venes en un conocido restaurante de Xalapa\u2026y fue el perote\u00f1o quien decidi\u00f3 hacerlo as\u00ed \u201cporque ya no podemos hacer lo mismo que en el pasado, donde se iniciaba con un evento masivo, gastando mucho dinero y sin una comunicaci\u00f3n directa\u2026y eso qued\u00f3 marcado en los arranques: la zacatecana Nahle con un evidente despilfarro para tener su evento masivo mientras Pepe Yunes apost\u00f3 m\u00e1s al di\u00e1logo directo con la ciudadan\u00eda en lugar del derroche de recursos.<\/p>\n\n\n\n<p>Y le sali\u00f3 bien a Pepe Yunes porque mientras los otros apostaron a movilizar gente, el pri\u00edsta prefiere la cercan\u00eda y el di\u00e1logo con la sociedad\u2026m\u00e1s de 12 mil personas en la transmisi\u00f3n en vivo que hizo en redes sociales\u2026los otros no llegaron ni a 10\u2026m\u00e1s del 35 por ciento del padr\u00f3n electoral est\u00e1 conformado por j\u00f3venes en el estado de Veracruz, un sector de la poblaci\u00f3n que debe tener una participaci\u00f3n preponderante en la toma de decisiones para gobernar la entidad veracruzana.<\/p>\n\n\n\n<p>Pepeyu destac\u00f3 que una de las principales preocupaciones de las familias veracruzanas es la emigraci\u00f3n de sus hijos del lugar donde nacieron y el abandono de sus familias por falta de trabajo, como lo han hecho miles de j\u00f3venes que se tienen que ir al norte para conseguir empleo\u2026el pri\u00edsta afirm\u00f3 que el Estado tiene todo para generar inversi\u00f3n, con gente capaz y con una nueva visi\u00f3n, fresca e innovadora, que aproveche las ventajas de los puertos, recursos naturales y que active las zonas productivas.<\/p>\n\n\n\n<p>Otro punto a favor de Pepe es que puso a profesionales a cargo de la difusi\u00f3n: Nohem\u00ed Vald\u00e9z es una experimentada periodista que enseguida puso a disposici\u00f3n de los reporteros el material de arranque de precampa\u00f1a\u2026la difusi\u00f3n ser\u00e1 pieza clave en esta carrera por la gubernatura y si los otros no lo entienden o lo desprecian pues en el pecado llevar\u00e1n la penitencia<\/p>\n","protected":false},"excerpt":{"rendered":"<p>Oved Contreras Secas Mecas Roc\u00edo Nahle y Pepe Yunes, precandidatos a la gubernatura de Veracruz, arrancaron ayer martes oficialmente sus respectivas precampa\u00f1as con marcadas diferencias tanto en la organizaci\u00f3n de sus eventos como en la difusi\u00f3n donde la zacatecana tendr\u00e1 que apretar tuercas porque a su jefa de prensa le viene valiendo gorro hacer su [&hellip;]<\/p>\n","protected":false},"author":2,"featured_media":0,"comment_status":"closed","ping_status":"closed","sticky":false,"template":"","format":"standard","meta":{"tdm_status":"","tdm_grid_status":"","footnotes":""},"categories":[70],"tags":[1026,266,570,251,3578,195],"class_list":{"0":"post-116312","1":"post","2":"type-post","3":"status-publish","4":"format-standard","6":"category-de-opinion","7":"tag-morena","8":"tag-pan","9":"tag-pepe-yunes","10":"tag-pri","11":"tag-rocio-nahle","12":"tag-veracruz"},"yoast_head":"<!-- This site is optimized with the Yoast SEO plugin v27.4 - https:\/\/yoast.com\/product\/yoast-seo-wordpress\/ -->\n<title>Y ARRANCAN! - Los pol\u00edticos Veracruz<\/title>\n<meta name=\"robots\" content=\"index, follow, max-snippet:-1, max-image-preview:large, max-video-preview:-1\" \/>\n<link rel=\"canonical\" href=\"https:\/\/lospoliticosveracruz.com\/?p=116312\" \/>\n<meta property=\"og:locale\" content=\"es_ES\" \/>\n<meta property=\"og:type\" content=\"article\" \/>\n<meta property=\"og:title\" content=\"Y ARRANCAN! - Los pol\u00edticos Veracruz\" \/>\n<meta property=\"og:description\" content=\"Oved Contreras Secas Mecas Roc\u00edo Nahle y Pepe Yunes, precandidatos a la gubernatura de Veracruz, arrancaron ayer martes oficialmente sus respectivas precampa\u00f1as con marcadas diferencias tanto en la organizaci\u00f3n de sus eventos como en la difusi\u00f3n donde la zacatecana tendr\u00e1 que apretar tuercas porque a su jefa de prensa le viene valiendo gorro hacer su [&hellip;]\" \/>\n<meta property=\"og:url\" content=\"https:\/\/lospoliticosveracruz.com\/?p=116312\" \/>\n<meta property=\"og:site_name\" content=\"Los pol\u00edticos Veracruz\" \/>\n<meta property=\"article:publisher\" content=\"https:\/\/www.facebook.com\/people\/Notimemes-de-los-Polticos\/61565672886568\/\" \/>\n<meta property=\"article:published_time\" content=\"2024-01-03T13:37:35+00:00\" \/>\n<meta property=\"article:modified_time\" content=\"2024-01-03T13:48:08+00:00\" \/>\n<meta property=\"og:image\" content=\"https:\/\/lospoliticosveracruz.com.mx\/wp-content\/uploads\/2023\/02\/Vinissimo.jpg\" \/>\n<meta name=\"author\" content=\"Lo viste en Los Pol\u00edticos\" \/>\n<meta name=\"twitter:card\" content=\"summary_large_image\" \/>\n<meta name=\"twitter:creator\" content=\"@LosPoliticosVer\" \/>\n<meta name=\"twitter:site\" content=\"@LosPoliticosVer\" \/>\n<meta name=\"twitter:label1\" content=\"Escrito por\" \/>\n\t<meta name=\"twitter:data1\" content=\"Lo viste en Los Pol\u00edticos\" \/>\n\t<meta name=\"twitter:label2\" content=\"Tiempo de lectura\" \/>\n\t<meta name=\"twitter:data2\" content=\"6 minutos\" \/>\n<script type=\"application\/ld+json\" class=\"yoast-schema-graph\">{\"@context\":\"https:\\\/\\\/schema.org\",\"@graph\":[{\"@type\":\"Article\",\"@id\":\"https:\\\/\\\/lospoliticosveracruz.com\\\/?p=116312#article\",\"isPartOf\":{\"@id\":\"https:\\\/\\\/lospoliticosveracruz.com\\\/?p=116312\"},\"author\":{\"name\":\"Lo viste en Los Pol\u00edticos\",\"@id\":\"https:\\\/\\\/lospoliticosveracruz.com\\\/#\\\/schema\\\/person\\\/b8702bb0e538456e6efd07080bf2a4a2\"},\"headline\":\"Y ARRANCAN!\",\"datePublished\":\"2024-01-03T13:37:35+00:00\",\"dateModified\":\"2024-01-03T13:48:08+00:00\",\"mainEntityOfPage\":{\"@id\":\"https:\\\/\\\/lospoliticosveracruz.com\\\/?p=116312\"},\"wordCount\":1188,\"publisher\":{\"@id\":\"https:\\\/\\\/lospoliticosveracruz.com\\\/#organization\"},\"image\":{\"@id\":\"https:\\\/\\\/lospoliticosveracruz.com\\\/?p=116312#primaryimage\"},\"thumbnailUrl\":\"https:\\\/\\\/lospoliticosveracruz.com.mx\\\/wp-content\\\/uploads\\\/2023\\\/02\\\/Vinissimo.jpg\",\"keywords\":[\"Morena\",\"PAN\",\"Pepe Yunes\",\"PRI\",\"Roc\u00edo Nahle\",\"Veracruz\"],\"articleSection\":[\"De Opini\u00f3n\"],\"inLanguage\":\"es\"},{\"@type\":\"WebPage\",\"@id\":\"https:\\\/\\\/lospoliticosveracruz.com\\\/?p=116312\",\"url\":\"https:\\\/\\\/lospoliticosveracruz.com\\\/?p=116312\",\"name\":\"Y ARRANCAN! - Los pol\u00edticos Veracruz\",\"isPartOf\":{\"@id\":\"https:\\\/\\\/lospoliticosveracruz.com\\\/#website\"},\"primaryImageOfPage\":{\"@id\":\"https:\\\/\\\/lospoliticosveracruz.com\\\/?p=116312#primaryimage\"},\"image\":{\"@id\":\"https:\\\/\\\/lospoliticosveracruz.com\\\/?p=116312#primaryimage\"},\"thumbnailUrl\":\"https:\\\/\\\/lospoliticosveracruz.com.mx\\\/wp-content\\\/uploads\\\/2023\\\/02\\\/Vinissimo.jpg\",\"datePublished\":\"2024-01-03T13:37:35+00:00\",\"dateModified\":\"2024-01-03T13:48:08+00:00\",\"breadcrumb\":{\"@id\":\"https:\\\/\\\/lospoliticosveracruz.com\\\/?p=116312#breadcrumb\"},\"inLanguage\":\"es\",\"potentialAction\":[{\"@type\":\"ReadAction\",\"target\":[\"https:\\\/\\\/lospoliticosveracruz.com\\\/?p=116312\"]}]},{\"@type\":\"ImageObject\",\"inLanguage\":\"es\",\"@id\":\"https:\\\/\\\/lospoliticosveracruz.com\\\/?p=116312#primaryimage\",\"url\":\"https:\\\/\\\/lospoliticosveracruz.com.mx\\\/wp-content\\\/uploads\\\/2023\\\/02\\\/Vinissimo.jpg\",\"contentUrl\":\"https:\\\/\\\/lospoliticosveracruz.com.mx\\\/wp-content\\\/uploads\\\/2023\\\/02\\\/Vinissimo.jpg\"},{\"@type\":\"BreadcrumbList\",\"@id\":\"https:\\\/\\\/lospoliticosveracruz.com\\\/?p=116312#breadcrumb\",\"itemListElement\":[{\"@type\":\"ListItem\",\"position\":1,\"name\":\"Portada\",\"item\":\"https:\\\/\\\/lospoliticosveracruz.com\\\/\"},{\"@type\":\"ListItem\",\"position\":2,\"name\":\"Y ARRANCAN!\"}]},{\"@type\":\"WebSite\",\"@id\":\"https:\\\/\\\/lospoliticosveracruz.com\\\/#website\",\"url\":\"https:\\\/\\\/lospoliticosveracruz.com\\\/\",\"name\":\"Los pol\u00edticos Veracruz\",\"description\":\"\",\"publisher\":{\"@id\":\"https:\\\/\\\/lospoliticosveracruz.com\\\/#organization\"},\"potentialAction\":[{\"@type\":\"SearchAction\",\"target\":{\"@type\":\"EntryPoint\",\"urlTemplate\":\"https:\\\/\\\/lospoliticosveracruz.com\\\/?s={search_term_string}\"},\"query-input\":{\"@type\":\"PropertyValueSpecification\",\"valueRequired\":true,\"valueName\":\"search_term_string\"}}],\"inLanguage\":\"es\"},{\"@type\":\"Organization\",\"@id\":\"https:\\\/\\\/lospoliticosveracruz.com\\\/#organization\",\"name\":\"Los pol\u00edticos Veracruz\",\"url\":\"https:\\\/\\\/lospoliticosveracruz.com\\\/\",\"logo\":{\"@type\":\"ImageObject\",\"inLanguage\":\"es\",\"@id\":\"https:\\\/\\\/lospoliticosveracruz.com\\\/#\\\/schema\\\/logo\\\/image\\\/\",\"url\":\"https:\\\/\\\/lospoliticosveracruz.com\\\/wp-content\\\/uploads\\\/2025\\\/12\\\/Logo-Nuevo-LOS-POLITICOS-1.jpg\",\"contentUrl\":\"https:\\\/\\\/lospoliticosveracruz.com\\\/wp-content\\\/uploads\\\/2025\\\/12\\\/Logo-Nuevo-LOS-POLITICOS-1.jpg\",\"width\":260,\"height\":70,\"caption\":\"Los pol\u00edticos Veracruz\"},\"image\":{\"@id\":\"https:\\\/\\\/lospoliticosveracruz.com\\\/#\\\/schema\\\/logo\\\/image\\\/\"},\"sameAs\":[\"https:\\\/\\\/www.facebook.com\\\/people\\\/Notimemes-de-los-Polticos\\\/61565672886568\\\/\",\"https:\\\/\\\/x.com\\\/LosPoliticosVer\"]},{\"@type\":\"Person\",\"@id\":\"https:\\\/\\\/lospoliticosveracruz.com\\\/#\\\/schema\\\/person\\\/b8702bb0e538456e6efd07080bf2a4a2\",\"name\":\"Lo viste en Los Pol\u00edticos\",\"image\":{\"@type\":\"ImageObject\",\"inLanguage\":\"es\",\"@id\":\"https:\\\/\\\/secure.gravatar.com\\\/avatar\\\/3a8de04a2656d44082be478bd6c086daa447c4651605818287b9532d3d0bd435?s=96&d=mm&r=g\",\"url\":\"https:\\\/\\\/secure.gravatar.com\\\/avatar\\\/3a8de04a2656d44082be478bd6c086daa447c4651605818287b9532d3d0bd435?s=96&d=mm&r=g\",\"contentUrl\":\"https:\\\/\\\/secure.gravatar.com\\\/avatar\\\/3a8de04a2656d44082be478bd6c086daa447c4651605818287b9532d3d0bd435?s=96&d=mm&r=g\",\"caption\":\"Lo viste en Los Pol\u00edticos\"},\"url\":\"https:\\\/\\\/lospoliticosveracruz.com\\\/?author=2\"}]}<\/script>\n<!-- \/ Yoast SEO plugin. -->","yoast_head_json":{"title":"Y ARRANCAN! - Los pol\u00edticos Veracruz","robots":{"index":"index","follow":"follow","max-snippet":"max-snippet:-1","max-image-preview":"max-image-preview:large","max-video-preview":"max-video-preview:-1"},"canonical":"https:\/\/lospoliticosveracruz.com\/?p=116312","og_locale":"es_ES","og_type":"article","og_title":"Y ARRANCAN! - Los pol\u00edticos Veracruz","og_description":"Oved Contreras Secas Mecas Roc\u00edo Nahle y Pepe Yunes, precandidatos a la gubernatura de Veracruz, arrancaron ayer martes oficialmente sus respectivas precampa\u00f1as con marcadas diferencias tanto en la organizaci\u00f3n de sus eventos como en la difusi\u00f3n donde la zacatecana tendr\u00e1 que apretar tuercas porque a su jefa de prensa le viene valiendo gorro hacer su [&hellip;]","og_url":"https:\/\/lospoliticosveracruz.com\/?p=116312","og_site_name":"Los pol\u00edticos Veracruz","article_publisher":"https:\/\/www.facebook.com\/people\/Notimemes-de-los-Polticos\/61565672886568\/","article_published_time":"2024-01-03T13:37:35+00:00","article_modified_time":"2024-01-03T13:48:08+00:00","og_image":[{"url":"https:\/\/lospoliticosveracruz.com.mx\/wp-content\/uploads\/2023\/02\/Vinissimo.jpg","type":"","width":"","height":""}],"author":"Lo viste en Los Pol\u00edticos","twitter_card":"summary_large_image","twitter_creator":"@LosPoliticosVer","twitter_site":"@LosPoliticosVer","twitter_misc":{"Escrito por":"Lo viste en Los Pol\u00edticos","Tiempo de lectura":"6 minutos"},"schema":{"@context":"https:\/\/schema.org","@graph":[{"@type":"Article","@id":"https:\/\/lospoliticosveracruz.com\/?p=116312#article","isPartOf":{"@id":"https:\/\/lospoliticosveracruz.com\/?p=116312"},"author":{"name":"Lo viste en Los Pol\u00edticos","@id":"https:\/\/lospoliticosveracruz.com\/#\/schema\/person\/b8702bb0e538456e6efd07080bf2a4a2"},"headline":"Y ARRANCAN!","datePublished":"2024-01-03T13:37:35+00:00","dateModified":"2024-01-03T13:48:08+00:00","mainEntityOfPage":{"@id":"https:\/\/lospoliticosveracruz.com\/?p=116312"},"wordCount":1188,"publisher":{"@id":"https:\/\/lospoliticosveracruz.com\/#organization"},"image":{"@id":"https:\/\/lospoliticosveracruz.com\/?p=116312#primaryimage"},"thumbnailUrl":"https:\/\/lospoliticosveracruz.com.mx\/wp-content\/uploads\/2023\/02\/Vinissimo.jpg","keywords":["Morena","PAN","Pepe Yunes","PRI","Roc\u00edo Nahle","Veracruz"],"articleSection":["De Opini\u00f3n"],"inLanguage":"es"},{"@type":"WebPage","@id":"https:\/\/lospoliticosveracruz.com\/?p=116312","url":"https:\/\/lospoliticosveracruz.com\/?p=116312","name":"Y ARRANCAN! - Los pol\u00edticos Veracruz","isPartOf":{"@id":"https:\/\/lospoliticosveracruz.com\/#website"},"primaryImageOfPage":{"@id":"https:\/\/lospoliticosveracruz.com\/?p=116312#primaryimage"},"image":{"@id":"https:\/\/lospoliticosveracruz.com\/?p=116312#primaryimage"},"thumbnailUrl":"https:\/\/lospoliticosveracruz.com.mx\/wp-content\/uploads\/2023\/02\/Vinissimo.jpg","datePublished":"2024-01-03T13:37:35+00:00","dateModified":"2024-01-03T13:48:08+00:00","breadcrumb":{"@id":"https:\/\/lospoliticosveracruz.com\/?p=116312#breadcrumb"},"inLanguage":"es","potentialAction":[{"@type":"ReadAction","target":["https:\/\/lospoliticosveracruz.com\/?p=116312"]}]},{"@type":"ImageObject","inLanguage":"es","@id":"https:\/\/lospoliticosveracruz.com\/?p=116312#primaryimage","url":"https:\/\/lospoliticosveracruz.com.mx\/wp-content\/uploads\/2023\/02\/Vinissimo.jpg","contentUrl":"https:\/\/lospoliticosveracruz.com.mx\/wp-content\/uploads\/2023\/02\/Vinissimo.jpg"},{"@type":"BreadcrumbList","@id":"https:\/\/lospoliticosveracruz.com\/?p=116312#breadcrumb","itemListElement":[{"@type":"ListItem","position":1,"name":"Portada","item":"https:\/\/lospoliticosveracruz.com\/"},{"@type":"ListItem","position":2,"name":"Y ARRANCAN!"}]},{"@type":"WebSite","@id":"https:\/\/lospoliticosveracruz.com\/#website","url":"https:\/\/lospoliticosveracruz.com\/","name":"Los pol\u00edticos Veracruz","description":"","publisher":{"@id":"https:\/\/lospoliticosveracruz.com\/#organization"},"potentialAction":[{"@type":"SearchAction","target":{"@type":"EntryPoint","urlTemplate":"https:\/\/lospoliticosveracruz.com\/?s={search_term_string}"},"query-input":{"@type":"PropertyValueSpecification","valueRequired":true,"valueName":"search_term_string"}}],"inLanguage":"es"},{"@type":"Organization","@id":"https:\/\/lospoliticosveracruz.com\/#organization","name":"Los pol\u00edticos Veracruz","url":"https:\/\/lospoliticosveracruz.com\/","logo":{"@type":"ImageObject","inLanguage":"es","@id":"https:\/\/lospoliticosveracruz.com\/#\/schema\/logo\/image\/","url":"https:\/\/lospoliticosveracruz.com\/wp-content\/uploads\/2025\/12\/Logo-Nuevo-LOS-POLITICOS-1.jpg","contentUrl":"https:\/\/lospoliticosveracruz.com\/wp-content\/uploads\/2025\/12\/Logo-Nuevo-LOS-POLITICOS-1.jpg","width":260,"height":70,"caption":"Los pol\u00edticos Veracruz"},"image":{"@id":"https:\/\/lospoliticosveracruz.com\/#\/schema\/logo\/image\/"},"sameAs":["https:\/\/www.facebook.com\/people\/Notimemes-de-los-Polticos\/61565672886568\/","https:\/\/x.com\/LosPoliticosVer"]},{"@type":"Person","@id":"https:\/\/lospoliticosveracruz.com\/#\/schema\/person\/b8702bb0e538456e6efd07080bf2a4a2","name":"Lo viste en Los Pol\u00edticos","image":{"@type":"ImageObject","inLanguage":"es","@id":"https:\/\/secure.gravatar.com\/avatar\/3a8de04a2656d44082be478bd6c086daa447c4651605818287b9532d3d0bd435?s=96&d=mm&r=g","url":"https:\/\/secure.gravatar.com\/avatar\/3a8de04a2656d44082be478bd6c086daa447c4651605818287b9532d3d0bd435?s=96&d=mm&r=g","contentUrl":"https:\/\/secure.gravatar.com\/avatar\/3a8de04a2656d44082be478bd6c086daa447c4651605818287b9532d3d0bd435?s=96&d=mm&r=g","caption":"Lo viste en Los Pol\u00edticos"},"url":"https:\/\/lospoliticosveracruz.com\/?author=2"}]}},"_links":{"self":[{"href":"https:\/\/lospoliticosveracruz.com\/index.php?rest_route=\/wp\/v2\/posts\/116312","targetHints":{"allow":["GET"]}}],"collection":[{"href":"https:\/\/lospoliticosveracruz.com\/index.php?rest_route=\/wp\/v2\/posts"}],"about":[{"href":"https:\/\/lospoliticosveracruz.com\/index.php?rest_route=\/wp\/v2\/types\/post"}],"author":[{"embeddable":true,"href":"https:\/\/lospoliticosveracruz.com\/index.php?rest_route=\/wp\/v2\/users\/2"}],"replies":[{"embeddable":true,"href":"https:\/\/lospoliticosveracruz.com\/index.php?rest_route=%2Fwp%2Fv2%2Fcomments&post=116312"}],"version-history":[{"count":2,"href":"https:\/\/lospoliticosveracruz.com\/index.php?rest_route=\/wp\/v2\/posts\/116312\/revisions"}],"predecessor-version":[{"id":116314,"href":"https:\/\/lospoliticosveracruz.com\/index.php?rest_route=\/wp\/v2\/posts\/116312\/revisions\/116314"}],"wp:attachment":[{"href":"https:\/\/lospoliticosveracruz.com\/index.php?rest_route=%2Fwp%2Fv2%2Fmedia&parent=116312"}],"wp:term":[{"taxonomy":"category","embeddable":true,"href":"https:\/\/lospoliticosveracruz.com\/index.php?rest_route=%2Fwp%2Fv2%2Fcategories&post=116312"},{"taxonomy":"post_tag","embeddable":true,"href":"https:\/\/lospoliticosveracruz.com\/index.php?rest_route=%2Fwp%2Fv2%2Ftags&post=116312"}],"curies":[{"name":"wp","href":"https:\/\/api.w.org\/{rel}","templated":true}]}}