{"id":116317,"date":"2024-01-03T08:16:48","date_gmt":"2024-01-03T14:16:48","guid":{"rendered":"https:\/\/lospoliticosveracruz.com.mx\/?p=116317"},"modified":"2024-01-03T08:16:56","modified_gmt":"2024-01-03T14:16:56","slug":"la-evaluacion-de-alcaldes","status":"publish","type":"post","link":"https:\/\/lospoliticosveracruz.com\/?p=116317","title":{"rendered":"LA EVALUACI\u00d3N DE ALCALDES"},"content":{"rendered":"\n<p><strong>Luis Alberto Romero&nbsp;<\/strong><\/p>\n\n\n\n<p><em>Hora cero<\/em>&nbsp;<\/p>\n\n\n\n<p>En diciembre pasado, la casa encuestadora Consulta Mitofsky dio a conocer el ranking de los presidentes municipales del pa\u00eds. Es un estudio para medir la aprobaci\u00f3n ciudadana de 150 alcaldes mexicanos.&nbsp;<\/p>\n\n\n\n<p><a href=\"https:\/\/youtu.be\/Nxe-vxf8GuY\"><\/a><\/p>\n\n\n\n<figure class=\"wp-block-embed is-type-video is-provider-youtube wp-block-embed-youtube wp-embed-aspect-16-9 wp-has-aspect-ratio\"><div class=\"wp-block-embed__wrapper\">\n<iframe loading=\"lazy\" title=\"Cluster Coworking\" width=\"696\" height=\"392\" src=\"https:\/\/www.youtube.com\/embed\/Nxe-vxf8GuY?feature=oembed\" frameborder=\"0\" allow=\"accelerometer; autoplay; clipboard-write; encrypted-media; gyroscope; picture-in-picture; web-share\" referrerpolicy=\"strict-origin-when-cross-origin\" allowfullscreen><\/iframe>\n<\/div><\/figure>\n\n\n\n<p>En dicho trabajo de la empresa de Roy Campos se ubica a los ediles de Tampico, Jes\u00fas N\u00e1der; Jojutla, Juan \u00c1ngel Flores; Nuevo Laredo, Carmen Canturosas; Veracruz, Patricia Lobeira; y Quer\u00e9taro, Luis Nava, como los mejor evaluados por los ciudadanos.&nbsp;<\/p>\n\n\n\n<p>La lista de los primeros 10 presidentes municipales es completada por los alcaldes de Hermosillo, Tlajomulco, San Nicol\u00e1s de los Garza, Carmen, y Ciudad Ju\u00e1rez.&nbsp;<\/p>\n\n\n\n<p>A diferencia de a\u00f1os anteriores, cuando se le inclu\u00eda en el top ten, el presidente municipal de Boca del R\u00edo, Juan Manuel de Unanue, ahora fue ubicado en el lugar n\u00famero 22, con un destacable 54.7 por ciento de opiniones positivas.&nbsp;<\/p>\n\n\n\n<p>En la lista de los mejores 50 alcaldes del pa\u00eds, de acuerdo con Mitofsky, no aparece otro veracruzano.&nbsp;&nbsp;<\/p>\n\n\n\n<p>El priista Juan Manuel Diez Francos fue ubicado a la posici\u00f3n 55, con una calificaci\u00f3n de 51.5 por ciento.&nbsp;<\/p>\n\n\n\n<p>Otro alcalde de quien se esperaba mucho m\u00e1s en t\u00e9rminos de aprobaci\u00f3n ciudadana es el de Xalapa, Ricardo Ahued, reprobado por m\u00e1s de la mitad de los ciudadanos encuestados; su porcentaje se ubic\u00f3 en 49.8.&nbsp;<\/p>\n\n\n\n<p>A\u00fan m\u00e1s abajo qued\u00f3 el edil de Coatzacoalcos. El morenista Amado Cruz aparece en el lugar 110 de 150, con una lamentable calificaci\u00f3n de 44.1 por ciento.&nbsp;<\/p>\n\n\n\n<p>La diferencia entre Ricardo Ahued y Amado Cruz: mientras en la capital del Estado se habla de una mala planeaci\u00f3n en la obra p\u00fablica, con un alto costo en t\u00e9rminos econ\u00f3micos y de movilidad, en Coatzacoalcos la inconformidad recurrente se enfoca en la falta de inversi\u00f3n para obra.&nbsp;&nbsp;<\/p>\n\n\n\n<p>Sin embargo, entre todos los alcaldes veracruzanos llama la atenci\u00f3n el caso de la presidenta&nbsp;&nbsp;municipal de Minatitl\u00e1n, quien aparece entre sotaneros. La gesti\u00f3n de Carmen Medel Palma, tambi\u00e9n de Morena, s\u00f3lo fue aprobada por el 37.2 por ciento de los ciudadanos de ese lugar. La mujer se rezag\u00f3 a la posici\u00f3n n\u00famero 134. Es decir, est\u00e1 entre los 20 peores del pa\u00eds. El 62.1 por ciento de los habitantes de Mina reprob\u00f3 a su ayuntamiento.&nbsp;<\/p>\n\n\n\n<p>Patricia Lobeira, del puerto, es la segunda alcaldesa mejor evaluada. Tambi\u00e9n se ubica en esa posici\u00f3n entre todos los ediles de su partido, el PAN. En un a\u00f1o pas\u00f3 de 56.6 a 57.9 por ciento de aprobaci\u00f3n.&nbsp;<\/p>\n\n\n\n<p>Juan Manuel Diez, de Orizaba, es el s\u00e9ptimo priista con la mejor evaluaci\u00f3n.&nbsp;<\/p>\n\n\n\n<p>Ricardo Ahued, el alcalde morenista de la capital veracruzana, no aparece entre los diez presidentes municipales de su partido mejor ubicados en el ranking de Mitofsky.&nbsp;<\/p>\n\n\n\n<p>Los alcaldes veracruzanos de Movimiento Ciudadano se fueron incluidos en este estudio de dicha casa encuestadora, dado que el partido naranja no gobierna ninguna ciudad importante en t\u00e9rminos demogr\u00e1ficos en la entidad.&nbsp;<\/p>\n\n\n\n<p>De acuerdo con la mencionada encuesta, as\u00ed cerraron 2023 los alcaldes veracruzanos.&nbsp;<\/p>\n\n\n\n<p>@luisromero85<\/p>\n","protected":false},"excerpt":{"rendered":"<p>Luis Alberto Romero&nbsp; Hora cero&nbsp; En diciembre pasado, la casa encuestadora Consulta Mitofsky dio a conocer el ranking de los presidentes municipales del pa\u00eds. Es un estudio para medir la aprobaci\u00f3n ciudadana de 150 alcaldes mexicanos.&nbsp; En dicho trabajo de la empresa de Roy Campos se ubica a los ediles de Tampico, Jes\u00fas N\u00e1der; Jojutla, [&hellip;]<\/p>\n","protected":false},"author":2,"featured_media":0,"comment_status":"closed","ping_status":"closed","sticky":false,"template":"","format":"standard","meta":{"tdm_status":"","tdm_grid_status":"","footnotes":""},"categories":[70],"tags":[28226],"class_list":{"0":"post-116317","1":"post","2":"type-post","3":"status-publish","4":"format-standard","6":"category-de-opinion","7":"tag-paty-lobeira-de-yunes"},"yoast_head":"<!-- This site is optimized with the Yoast SEO plugin v27.4 - https:\/\/yoast.com\/product\/yoast-seo-wordpress\/ -->\n<title>LA EVALUACI\u00d3N DE ALCALDES - Los pol\u00edticos Veracruz<\/title>\n<meta name=\"robots\" content=\"index, follow, max-snippet:-1, max-image-preview:large, max-video-preview:-1\" \/>\n<link rel=\"canonical\" href=\"https:\/\/lospoliticosveracruz.com\/?p=116317\" \/>\n<meta property=\"og:locale\" content=\"es_ES\" \/>\n<meta property=\"og:type\" content=\"article\" \/>\n<meta property=\"og:title\" content=\"LA EVALUACI\u00d3N DE ALCALDES - Los pol\u00edticos Veracruz\" \/>\n<meta property=\"og:description\" content=\"Luis Alberto Romero&nbsp; Hora cero&nbsp; En diciembre pasado, la casa encuestadora Consulta Mitofsky dio a conocer el ranking de los presidentes municipales del pa\u00eds. Es un estudio para medir la aprobaci\u00f3n ciudadana de 150 alcaldes mexicanos.&nbsp; En dicho trabajo de la empresa de Roy Campos se ubica a los ediles de Tampico, Jes\u00fas N\u00e1der; Jojutla, [&hellip;]\" \/>\n<meta property=\"og:url\" content=\"https:\/\/lospoliticosveracruz.com\/?p=116317\" \/>\n<meta property=\"og:site_name\" content=\"Los pol\u00edticos Veracruz\" \/>\n<meta property=\"article:publisher\" content=\"https:\/\/www.facebook.com\/people\/Notimemes-de-los-Polticos\/61565672886568\/\" \/>\n<meta property=\"article:published_time\" content=\"2024-01-03T14:16:48+00:00\" \/>\n<meta property=\"article:modified_time\" content=\"2024-01-03T14:16:56+00:00\" \/>\n<meta property=\"og:image\" content=\"https:\/\/lospoliticosveracruz.com\/wp-content\/uploads\/2016\/07\/Logo-Dor.jpg\" \/>\n\t<meta property=\"og:image:width\" content=\"200\" \/>\n\t<meta property=\"og:image:height\" content=\"200\" \/>\n\t<meta property=\"og:image:type\" content=\"image\/jpeg\" \/>\n<meta name=\"author\" content=\"Lo viste en Los Pol\u00edticos\" \/>\n<meta name=\"twitter:card\" content=\"summary_large_image\" \/>\n<meta name=\"twitter:creator\" content=\"@LosPoliticosVer\" \/>\n<meta name=\"twitter:site\" content=\"@LosPoliticosVer\" \/>\n<meta name=\"twitter:label1\" content=\"Escrito por\" \/>\n\t<meta name=\"twitter:data1\" content=\"Lo viste en Los Pol\u00edticos\" \/>\n\t<meta name=\"twitter:label2\" content=\"Tiempo de lectura\" \/>\n\t<meta name=\"twitter:data2\" content=\"3 minutos\" \/>\n<script type=\"application\/ld+json\" class=\"yoast-schema-graph\">{\"@context\":\"https:\\\/\\\/schema.org\",\"@graph\":[{\"@type\":\"Article\",\"@id\":\"https:\\\/\\\/lospoliticosveracruz.com\\\/?p=116317#article\",\"isPartOf\":{\"@id\":\"https:\\\/\\\/lospoliticosveracruz.com\\\/?p=116317\"},\"author\":{\"name\":\"Lo viste en Los Pol\u00edticos\",\"@id\":\"https:\\\/\\\/lospoliticosveracruz.com\\\/#\\\/schema\\\/person\\\/b8702bb0e538456e6efd07080bf2a4a2\"},\"headline\":\"LA EVALUACI\u00d3N DE ALCALDES\",\"datePublished\":\"2024-01-03T14:16:48+00:00\",\"dateModified\":\"2024-01-03T14:16:56+00:00\",\"mainEntityOfPage\":{\"@id\":\"https:\\\/\\\/lospoliticosveracruz.com\\\/?p=116317\"},\"wordCount\":541,\"publisher\":{\"@id\":\"https:\\\/\\\/lospoliticosveracruz.com\\\/#organization\"},\"keywords\":[\"Paty Lobeira de Yunes\"],\"articleSection\":[\"De Opini\u00f3n\"],\"inLanguage\":\"es\"},{\"@type\":\"WebPage\",\"@id\":\"https:\\\/\\\/lospoliticosveracruz.com\\\/?p=116317\",\"url\":\"https:\\\/\\\/lospoliticosveracruz.com\\\/?p=116317\",\"name\":\"LA EVALUACI\u00d3N DE ALCALDES - Los pol\u00edticos Veracruz\",\"isPartOf\":{\"@id\":\"https:\\\/\\\/lospoliticosveracruz.com\\\/#website\"},\"datePublished\":\"2024-01-03T14:16:48+00:00\",\"dateModified\":\"2024-01-03T14:16:56+00:00\",\"breadcrumb\":{\"@id\":\"https:\\\/\\\/lospoliticosveracruz.com\\\/?p=116317#breadcrumb\"},\"inLanguage\":\"es\",\"potentialAction\":[{\"@type\":\"ReadAction\",\"target\":[\"https:\\\/\\\/lospoliticosveracruz.com\\\/?p=116317\"]}]},{\"@type\":\"BreadcrumbList\",\"@id\":\"https:\\\/\\\/lospoliticosveracruz.com\\\/?p=116317#breadcrumb\",\"itemListElement\":[{\"@type\":\"ListItem\",\"position\":1,\"name\":\"Portada\",\"item\":\"https:\\\/\\\/lospoliticosveracruz.com\\\/\"},{\"@type\":\"ListItem\",\"position\":2,\"name\":\"LA EVALUACI\u00d3N DE ALCALDES\"}]},{\"@type\":\"WebSite\",\"@id\":\"https:\\\/\\\/lospoliticosveracruz.com\\\/#website\",\"url\":\"https:\\\/\\\/lospoliticosveracruz.com\\\/\",\"name\":\"Los pol\u00edticos Veracruz\",\"description\":\"\",\"publisher\":{\"@id\":\"https:\\\/\\\/lospoliticosveracruz.com\\\/#organization\"},\"potentialAction\":[{\"@type\":\"SearchAction\",\"target\":{\"@type\":\"EntryPoint\",\"urlTemplate\":\"https:\\\/\\\/lospoliticosveracruz.com\\\/?s={search_term_string}\"},\"query-input\":{\"@type\":\"PropertyValueSpecification\",\"valueRequired\":true,\"valueName\":\"search_term_string\"}}],\"inLanguage\":\"es\"},{\"@type\":\"Organization\",\"@id\":\"https:\\\/\\\/lospoliticosveracruz.com\\\/#organization\",\"name\":\"Los pol\u00edticos Veracruz\",\"url\":\"https:\\\/\\\/lospoliticosveracruz.com\\\/\",\"logo\":{\"@type\":\"ImageObject\",\"inLanguage\":\"es\",\"@id\":\"https:\\\/\\\/lospoliticosveracruz.com\\\/#\\\/schema\\\/logo\\\/image\\\/\",\"url\":\"https:\\\/\\\/lospoliticosveracruz.com\\\/wp-content\\\/uploads\\\/2025\\\/12\\\/Logo-Nuevo-LOS-POLITICOS-1.jpg\",\"contentUrl\":\"https:\\\/\\\/lospoliticosveracruz.com\\\/wp-content\\\/uploads\\\/2025\\\/12\\\/Logo-Nuevo-LOS-POLITICOS-1.jpg\",\"width\":260,\"height\":70,\"caption\":\"Los pol\u00edticos Veracruz\"},\"image\":{\"@id\":\"https:\\\/\\\/lospoliticosveracruz.com\\\/#\\\/schema\\\/logo\\\/image\\\/\"},\"sameAs\":[\"https:\\\/\\\/www.facebook.com\\\/people\\\/Notimemes-de-los-Polticos\\\/61565672886568\\\/\",\"https:\\\/\\\/x.com\\\/LosPoliticosVer\"]},{\"@type\":\"Person\",\"@id\":\"https:\\\/\\\/lospoliticosveracruz.com\\\/#\\\/schema\\\/person\\\/b8702bb0e538456e6efd07080bf2a4a2\",\"name\":\"Lo viste en Los Pol\u00edticos\",\"image\":{\"@type\":\"ImageObject\",\"inLanguage\":\"es\",\"@id\":\"https:\\\/\\\/secure.gravatar.com\\\/avatar\\\/3a8de04a2656d44082be478bd6c086daa447c4651605818287b9532d3d0bd435?s=96&d=mm&r=g\",\"url\":\"https:\\\/\\\/secure.gravatar.com\\\/avatar\\\/3a8de04a2656d44082be478bd6c086daa447c4651605818287b9532d3d0bd435?s=96&d=mm&r=g\",\"contentUrl\":\"https:\\\/\\\/secure.gravatar.com\\\/avatar\\\/3a8de04a2656d44082be478bd6c086daa447c4651605818287b9532d3d0bd435?s=96&d=mm&r=g\",\"caption\":\"Lo viste en Los Pol\u00edticos\"},\"url\":\"https:\\\/\\\/lospoliticosveracruz.com\\\/?author=2\"}]}<\/script>\n<!-- \/ Yoast SEO plugin. -->","yoast_head_json":{"title":"LA EVALUACI\u00d3N DE ALCALDES - Los pol\u00edticos Veracruz","robots":{"index":"index","follow":"follow","max-snippet":"max-snippet:-1","max-image-preview":"max-image-preview:large","max-video-preview":"max-video-preview:-1"},"canonical":"https:\/\/lospoliticosveracruz.com\/?p=116317","og_locale":"es_ES","og_type":"article","og_title":"LA EVALUACI\u00d3N DE ALCALDES - Los pol\u00edticos Veracruz","og_description":"Luis Alberto Romero&nbsp; Hora cero&nbsp; En diciembre pasado, la casa encuestadora Consulta Mitofsky dio a conocer el ranking de los presidentes municipales del pa\u00eds. Es un estudio para medir la aprobaci\u00f3n ciudadana de 150 alcaldes mexicanos.&nbsp; En dicho trabajo de la empresa de Roy Campos se ubica a los ediles de Tampico, Jes\u00fas N\u00e1der; Jojutla, [&hellip;]","og_url":"https:\/\/lospoliticosveracruz.com\/?p=116317","og_site_name":"Los pol\u00edticos Veracruz","article_publisher":"https:\/\/www.facebook.com\/people\/Notimemes-de-los-Polticos\/61565672886568\/","article_published_time":"2024-01-03T14:16:48+00:00","article_modified_time":"2024-01-03T14:16:56+00:00","og_image":[{"width":200,"height":200,"url":"https:\/\/lospoliticosveracruz.com\/wp-content\/uploads\/2016\/07\/Logo-Dor.jpg","type":"image\/jpeg"}],"author":"Lo viste en Los Pol\u00edticos","twitter_card":"summary_large_image","twitter_creator":"@LosPoliticosVer","twitter_site":"@LosPoliticosVer","twitter_misc":{"Escrito por":"Lo viste en Los Pol\u00edticos","Tiempo de lectura":"3 minutos"},"schema":{"@context":"https:\/\/schema.org","@graph":[{"@type":"Article","@id":"https:\/\/lospoliticosveracruz.com\/?p=116317#article","isPartOf":{"@id":"https:\/\/lospoliticosveracruz.com\/?p=116317"},"author":{"name":"Lo viste en Los Pol\u00edticos","@id":"https:\/\/lospoliticosveracruz.com\/#\/schema\/person\/b8702bb0e538456e6efd07080bf2a4a2"},"headline":"LA EVALUACI\u00d3N DE ALCALDES","datePublished":"2024-01-03T14:16:48+00:00","dateModified":"2024-01-03T14:16:56+00:00","mainEntityOfPage":{"@id":"https:\/\/lospoliticosveracruz.com\/?p=116317"},"wordCount":541,"publisher":{"@id":"https:\/\/lospoliticosveracruz.com\/#organization"},"keywords":["Paty Lobeira de Yunes"],"articleSection":["De Opini\u00f3n"],"inLanguage":"es"},{"@type":"WebPage","@id":"https:\/\/lospoliticosveracruz.com\/?p=116317","url":"https:\/\/lospoliticosveracruz.com\/?p=116317","name":"LA EVALUACI\u00d3N DE ALCALDES - Los pol\u00edticos Veracruz","isPartOf":{"@id":"https:\/\/lospoliticosveracruz.com\/#website"},"datePublished":"2024-01-03T14:16:48+00:00","dateModified":"2024-01-03T14:16:56+00:00","breadcrumb":{"@id":"https:\/\/lospoliticosveracruz.com\/?p=116317#breadcrumb"},"inLanguage":"es","potentialAction":[{"@type":"ReadAction","target":["https:\/\/lospoliticosveracruz.com\/?p=116317"]}]},{"@type":"BreadcrumbList","@id":"https:\/\/lospoliticosveracruz.com\/?p=116317#breadcrumb","itemListElement":[{"@type":"ListItem","position":1,"name":"Portada","item":"https:\/\/lospoliticosveracruz.com\/"},{"@type":"ListItem","position":2,"name":"LA EVALUACI\u00d3N DE ALCALDES"}]},{"@type":"WebSite","@id":"https:\/\/lospoliticosveracruz.com\/#website","url":"https:\/\/lospoliticosveracruz.com\/","name":"Los pol\u00edticos Veracruz","description":"","publisher":{"@id":"https:\/\/lospoliticosveracruz.com\/#organization"},"potentialAction":[{"@type":"SearchAction","target":{"@type":"EntryPoint","urlTemplate":"https:\/\/lospoliticosveracruz.com\/?s={search_term_string}"},"query-input":{"@type":"PropertyValueSpecification","valueRequired":true,"valueName":"search_term_string"}}],"inLanguage":"es"},{"@type":"Organization","@id":"https:\/\/lospoliticosveracruz.com\/#organization","name":"Los pol\u00edticos Veracruz","url":"https:\/\/lospoliticosveracruz.com\/","logo":{"@type":"ImageObject","inLanguage":"es","@id":"https:\/\/lospoliticosveracruz.com\/#\/schema\/logo\/image\/","url":"https:\/\/lospoliticosveracruz.com\/wp-content\/uploads\/2025\/12\/Logo-Nuevo-LOS-POLITICOS-1.jpg","contentUrl":"https:\/\/lospoliticosveracruz.com\/wp-content\/uploads\/2025\/12\/Logo-Nuevo-LOS-POLITICOS-1.jpg","width":260,"height":70,"caption":"Los pol\u00edticos Veracruz"},"image":{"@id":"https:\/\/lospoliticosveracruz.com\/#\/schema\/logo\/image\/"},"sameAs":["https:\/\/www.facebook.com\/people\/Notimemes-de-los-Polticos\/61565672886568\/","https:\/\/x.com\/LosPoliticosVer"]},{"@type":"Person","@id":"https:\/\/lospoliticosveracruz.com\/#\/schema\/person\/b8702bb0e538456e6efd07080bf2a4a2","name":"Lo viste en Los Pol\u00edticos","image":{"@type":"ImageObject","inLanguage":"es","@id":"https:\/\/secure.gravatar.com\/avatar\/3a8de04a2656d44082be478bd6c086daa447c4651605818287b9532d3d0bd435?s=96&d=mm&r=g","url":"https:\/\/secure.gravatar.com\/avatar\/3a8de04a2656d44082be478bd6c086daa447c4651605818287b9532d3d0bd435?s=96&d=mm&r=g","contentUrl":"https:\/\/secure.gravatar.com\/avatar\/3a8de04a2656d44082be478bd6c086daa447c4651605818287b9532d3d0bd435?s=96&d=mm&r=g","caption":"Lo viste en Los Pol\u00edticos"},"url":"https:\/\/lospoliticosveracruz.com\/?author=2"}]}},"_links":{"self":[{"href":"https:\/\/lospoliticosveracruz.com\/index.php?rest_route=\/wp\/v2\/posts\/116317","targetHints":{"allow":["GET"]}}],"collection":[{"href":"https:\/\/lospoliticosveracruz.com\/index.php?rest_route=\/wp\/v2\/posts"}],"about":[{"href":"https:\/\/lospoliticosveracruz.com\/index.php?rest_route=\/wp\/v2\/types\/post"}],"author":[{"embeddable":true,"href":"https:\/\/lospoliticosveracruz.com\/index.php?rest_route=\/wp\/v2\/users\/2"}],"replies":[{"embeddable":true,"href":"https:\/\/lospoliticosveracruz.com\/index.php?rest_route=%2Fwp%2Fv2%2Fcomments&post=116317"}],"version-history":[{"count":1,"href":"https:\/\/lospoliticosveracruz.com\/index.php?rest_route=\/wp\/v2\/posts\/116317\/revisions"}],"predecessor-version":[{"id":116318,"href":"https:\/\/lospoliticosveracruz.com\/index.php?rest_route=\/wp\/v2\/posts\/116317\/revisions\/116318"}],"wp:attachment":[{"href":"https:\/\/lospoliticosveracruz.com\/index.php?rest_route=%2Fwp%2Fv2%2Fmedia&parent=116317"}],"wp:term":[{"taxonomy":"category","embeddable":true,"href":"https:\/\/lospoliticosveracruz.com\/index.php?rest_route=%2Fwp%2Fv2%2Fcategories&post=116317"},{"taxonomy":"post_tag","embeddable":true,"href":"https:\/\/lospoliticosveracruz.com\/index.php?rest_route=%2Fwp%2Fv2%2Ftags&post=116317"}],"curies":[{"name":"wp","href":"https:\/\/api.w.org\/{rel}","templated":true}]}}