{"id":116529,"date":"2024-01-08T04:58:09","date_gmt":"2024-01-08T10:58:09","guid":{"rendered":"https:\/\/lospoliticosveracruz.com.mx\/?p=116529"},"modified":"2024-01-08T04:58:16","modified_gmt":"2024-01-08T10:58:16","slug":"abucheos-a-cuitlahuac","status":"publish","type":"post","link":"https:\/\/lospoliticosveracruz.com\/?p=116529","title":{"rendered":"ABUCHEOS A CUITL\u00c1HUAC"},"content":{"rendered":"\n<p><strong>Ricardo Chua<\/strong><\/p>\n\n\n\n<p><em>Sale y Vale<\/em><\/p>\n\n\n\n<p>El evento en R\u00edo Blanco donde acudi\u00f3 el Presidente, Andr\u00e9s Manuel L\u00f3pez Obrador y donde la multitud ABUCHEO a uno de sus gobernadores \u00abconsentidos\u00bb del sexenio, Cuitl\u00e1huac Garc\u00eda Jim\u00e9nez.. Le dej\u00f3 claro al jefe del Ejecutivo Federal que estas acciones REFLEJAN la APROBACI\u00d3N TAN BAJA que trae el mandatario veracruzano.. Y que la principal afectada por esta situaci\u00f3n, es la candidata de MORENA a gobernador, Roc\u00edo Nahle.. Ya que tiene que cargar con ese lastre de la desaprobaci\u00f3n del xalape\u00f1o.. \u00bfO NO?..<\/p>\n\n\n\n<p>Este tema tambi\u00e9n es f\u00e1cil encontrarle el por qu\u00e9 de los abucheos.. A Cuitl\u00e1huac se le acaba el sexenio y ahora es cuando le empiezan a cobrar \u00abfactura\u00bb su alejamiento con amplios sectores de la sociedad.. No por nada es uno de los gobernadores peores evaluados en M\u00e9xico.. Y si esto contin\u00faa de esta manera, la elecci\u00f3n de la sucesi\u00f3n estatal se puede \u00abcerrar\u00bb para MORENA y el candidato de la oposici\u00f3n, Jos\u00e9 Francisco Yunes Zorilla, le puede dar un susto a esta alianza entre MORENA-PVEM-PT.. Y el responsable est\u00e1 a la vista..<\/p>\n\n\n\n<p>OJO pareciera que es un \u00abor\u00e1culo\u00bb.. Hace una semana en este mismo espacio, pero en redes sociales, a trav\u00e9s de su cuenta \u00abThreads\u00bb, el ex gobernador de Veracruz, Javier Duarte de Ochoa, en una columna que tocaba el tema de reclamos de alcaldes porque SEFIPLAN no les pagaba a\u00fan su participaci\u00f3n federal y era 29 de diciembre.. El corbob\u00e9s le advert\u00eda a Cuitl\u00e1huac: \u00abVamos a ver que tal le va en este \u00faltimo a\u00f1o de su mandato, que por cierto comienza pasado ma\u00f1ana\u00bb.. Y prosigui\u00f3:<\/p>\n\n\n\n<p>\u00abDicen que primero cae un hablador que un cojo, Cuitl\u00e1huac se la pasado repitiendo una sarta de babosadas contra mi que dijo el.. ahora le va tocar a \u00e9l resistir la -golpiza- de fin de sexenio\u00bb.. El ex mandatario le dio lecciones de REAL POLITIK al actual ejecutivo estatal.. Y no se lo mand\u00f3 a decir, se lo escribi\u00f3 en \u00abThreads\u00bb y lo de R\u00edo Blanco, frente a L\u00f3pez Obrador, fue la \u00abprimera llamada\u00bb.. No sea que la \u00abtercera\u00bb sea el d\u00eda de la elecci\u00f3n a gobernador.. Y si alguien sabe de escarnio p\u00fablico es Duarte.. QUE RAZ\u00d3N TEN\u00cdAS JAVIER.. AMEN<\/p>\n\n\n\n<p>XOCHILT Y BEATRIZ EN VERACRUZ.. A pesar de que todo mundo lleg\u00f3 a pensar que Beatriz Paredes se ir\u00eda del PRI.. Y seguramente no se fue por ser congruente de que a su edad y por los cargos ostentados, eso no ser\u00eda bien visto por la sociedad.. Vean como le fue a Miguel \u00c1ngel Osorio Chong.. Siguiendo con esa l\u00ednea de congruencia.. Beatriz Paredes hizo lo que ten\u00eda que hacer.. Y era \u00ablimar toda aspereza\u00bb con Xochilt G\u00e1lvez.. Y Veracruz fue testigo de ese \u00ababrazo\u00bb y de esa nueva alianza y por f\u00edn ambas se sentaron a platicar..<\/p>\n\n\n\n<p>Xochilt y Beatriz despu\u00e9s de muchas semanas.. Y de algunos presuntos desencuentros, decidieron sentarse y unirse para hacerle frente al r\u00e9gimen gubernamental de MORENA.. As\u00ed que este s\u00e1bado en Veracruz, a lado de la \u00abartiller\u00eda pesada\u00bb que tiene la oposici\u00f3n, ambas pol\u00edticas, compartieron mariscos, r\u00f3balo y p\u00e1mpano a la veracruzana y lograron acuerdos importantes, por el bien de la campa\u00f1a a la Presidencia de la Rep\u00fablica y la de gobernador de Veracruz con Pepe Yunes..<\/p>\n\n\n\n<p>De esa reuni\u00f3n, se comenta que el operador pol\u00edtico para que este encuentro se diera entre ambas figuras, fue el coordinador de Senadores del PAN, Julen Rementer\u00eda del Puerto.. Se dice que \u00e9l fue el \u00abtestigo\u00bb de honor de los acuerdos entre la priista y la panista.. La reuni\u00f3n entre ambas mujeres dur\u00f3 alrededor de 2 horas con 30 minutos.. Y ah\u00ed tanto Xochilt, Beatriz, Pepe y Julen tomaron acuerdos importantes en la secrec\u00eda del restaurante donde acudieron..<\/p>\n\n\n\n<p>As\u00ed que antes de retirarse para continuar con sus giras y agendas.. X\u00f3chitl y Beatriz, se dieron el \u00ababrazo\u00bb de Veracruz, donde adem\u00e1s los dos veracruzanos, la hidalguense y la tlaxcalteca, acordaron trabajar para ganar la elecci\u00f3n en Veracruz, tanto para Xochilt como para Pepe.. Tanto as\u00ed que la candidata Presidencial hasta pospuso su vuelo de regreso a la CDMX, para cerrar el tema con Paredes Rangel.. Le era necesario despu\u00e9s de la divisi\u00f3n priista no le quedaba otra.. A ver qu\u00e9 tanto esto le sirve a Pepe o si s\u00f3lo fue pol\u00edtica ficci\u00f3n.. AMEN..<\/p>\n\n\n\n<p>CAZAR\u00cdN Y AMLO.. Al que no le fue mal con la visita de Andr\u00e9s Manuel L\u00f3pez Obrador en Veracruz fue al coordinador de los diputados locales de MORENA, Juan Javier G\u00f3mez Cazar\u00edn, quien pudo saludar y dialogar con el Presidente.. Este le regres\u00f3 el gesto al legislador.. As\u00ed que con estas acciones se deja en claro que esa presunta \u00absegregaci\u00f3n\u00bb del equipo de campa\u00f1a de MORENA contra el de Hueyapan de Ocampo.. Son falacias.. Este personaje sigue operando a favor de Roc\u00edo Nahle.. Tras bambalinas.. AMEN..<\/p>\n","protected":false},"excerpt":{"rendered":"<p>Ricardo Chua Sale y Vale El evento en R\u00edo Blanco donde acudi\u00f3 el Presidente, Andr\u00e9s Manuel L\u00f3pez Obrador y donde la multitud ABUCHEO a uno de sus gobernadores \u00abconsentidos\u00bb del sexenio, Cuitl\u00e1huac Garc\u00eda Jim\u00e9nez.. Le dej\u00f3 claro al jefe del Ejecutivo Federal que estas acciones REFLEJAN la APROBACI\u00d3N TAN BAJA que trae el mandatario veracruzano.. [&hellip;]<\/p>\n","protected":false},"author":2,"featured_media":0,"comment_status":"closed","ping_status":"closed","sticky":false,"template":"","format":"standard","meta":{"tdm_status":"","tdm_grid_status":"","footnotes":""},"categories":[70],"tags":[618,2199,1563,12695,1130,1026,195,17531],"class_list":{"0":"post-116529","1":"post","2":"type-post","3":"status-publish","4":"format-standard","6":"category-de-opinion","7":"tag-andres-manuel-lopez-obrador","8":"tag-beatriz-paredes","9":"tag-cuitlahuac-garcia-jimenez","10":"tag-juan-javier-gomez-cazarin","11":"tag-julen-rementeria","12":"tag-morena","13":"tag-veracruz","14":"tag-xochitl-galvez"},"yoast_head":"<!-- This site is optimized with the Yoast SEO plugin v27.4 - https:\/\/yoast.com\/product\/yoast-seo-wordpress\/ -->\n<title>ABUCHEOS A CUITL\u00c1HUAC - Los pol\u00edticos Veracruz<\/title>\n<meta name=\"robots\" content=\"index, follow, max-snippet:-1, max-image-preview:large, max-video-preview:-1\" \/>\n<link rel=\"canonical\" href=\"https:\/\/lospoliticosveracruz.com\/?p=116529\" \/>\n<meta property=\"og:locale\" content=\"es_ES\" \/>\n<meta property=\"og:type\" content=\"article\" \/>\n<meta property=\"og:title\" content=\"ABUCHEOS A CUITL\u00c1HUAC - Los pol\u00edticos Veracruz\" \/>\n<meta property=\"og:description\" content=\"Ricardo Chua Sale y Vale El evento en R\u00edo Blanco donde acudi\u00f3 el Presidente, Andr\u00e9s Manuel L\u00f3pez Obrador y donde la multitud ABUCHEO a uno de sus gobernadores \u00abconsentidos\u00bb del sexenio, Cuitl\u00e1huac Garc\u00eda Jim\u00e9nez.. Le dej\u00f3 claro al jefe del Ejecutivo Federal que estas acciones REFLEJAN la APROBACI\u00d3N TAN BAJA que trae el mandatario veracruzano.. [&hellip;]\" \/>\n<meta property=\"og:url\" content=\"https:\/\/lospoliticosveracruz.com\/?p=116529\" \/>\n<meta property=\"og:site_name\" content=\"Los pol\u00edticos Veracruz\" \/>\n<meta property=\"article:publisher\" content=\"https:\/\/www.facebook.com\/people\/Notimemes-de-los-Polticos\/61565672886568\/\" \/>\n<meta property=\"article:published_time\" content=\"2024-01-08T10:58:09+00:00\" \/>\n<meta property=\"article:modified_time\" content=\"2024-01-08T10:58:16+00:00\" \/>\n<meta property=\"og:image\" content=\"https:\/\/lospoliticosveracruz.com\/wp-content\/uploads\/2016\/07\/Logo-Dor.jpg\" \/>\n\t<meta property=\"og:image:width\" content=\"200\" \/>\n\t<meta property=\"og:image:height\" content=\"200\" \/>\n\t<meta property=\"og:image:type\" content=\"image\/jpeg\" \/>\n<meta name=\"author\" content=\"Lo viste en Los Pol\u00edticos\" \/>\n<meta name=\"twitter:card\" content=\"summary_large_image\" \/>\n<meta name=\"twitter:creator\" content=\"@LosPoliticosVer\" \/>\n<meta name=\"twitter:site\" content=\"@LosPoliticosVer\" \/>\n<meta name=\"twitter:label1\" content=\"Escrito por\" \/>\n\t<meta name=\"twitter:data1\" content=\"Lo viste en Los Pol\u00edticos\" \/>\n\t<meta name=\"twitter:label2\" content=\"Tiempo de lectura\" \/>\n\t<meta name=\"twitter:data2\" content=\"4 minutos\" \/>\n<script type=\"application\/ld+json\" class=\"yoast-schema-graph\">{\"@context\":\"https:\\\/\\\/schema.org\",\"@graph\":[{\"@type\":\"Article\",\"@id\":\"https:\\\/\\\/lospoliticosveracruz.com\\\/?p=116529#article\",\"isPartOf\":{\"@id\":\"https:\\\/\\\/lospoliticosveracruz.com\\\/?p=116529\"},\"author\":{\"name\":\"Lo viste en Los Pol\u00edticos\",\"@id\":\"https:\\\/\\\/lospoliticosveracruz.com\\\/#\\\/schema\\\/person\\\/b8702bb0e538456e6efd07080bf2a4a2\"},\"headline\":\"ABUCHEOS A CUITL\u00c1HUAC\",\"datePublished\":\"2024-01-08T10:58:09+00:00\",\"dateModified\":\"2024-01-08T10:58:16+00:00\",\"mainEntityOfPage\":{\"@id\":\"https:\\\/\\\/lospoliticosveracruz.com\\\/?p=116529\"},\"wordCount\":872,\"publisher\":{\"@id\":\"https:\\\/\\\/lospoliticosveracruz.com\\\/#organization\"},\"keywords\":[\"Andr\u00e9s Manuel L\u00f3pez Obrador\",\"Beatriz Paredes\",\"Cuitl\u00e1huac Garc\u00eda Jim\u00e9nez\",\"Juan Javier G\u00f3mez Cazar\u00edn\",\"Julen Rementer\u00eda\",\"Morena\",\"Veracruz\",\"X\u00f3chitl G\u00e1lvez\"],\"articleSection\":[\"De Opini\u00f3n\"],\"inLanguage\":\"es\"},{\"@type\":\"WebPage\",\"@id\":\"https:\\\/\\\/lospoliticosveracruz.com\\\/?p=116529\",\"url\":\"https:\\\/\\\/lospoliticosveracruz.com\\\/?p=116529\",\"name\":\"ABUCHEOS A CUITL\u00c1HUAC - Los pol\u00edticos Veracruz\",\"isPartOf\":{\"@id\":\"https:\\\/\\\/lospoliticosveracruz.com\\\/#website\"},\"datePublished\":\"2024-01-08T10:58:09+00:00\",\"dateModified\":\"2024-01-08T10:58:16+00:00\",\"breadcrumb\":{\"@id\":\"https:\\\/\\\/lospoliticosveracruz.com\\\/?p=116529#breadcrumb\"},\"inLanguage\":\"es\",\"potentialAction\":[{\"@type\":\"ReadAction\",\"target\":[\"https:\\\/\\\/lospoliticosveracruz.com\\\/?p=116529\"]}]},{\"@type\":\"BreadcrumbList\",\"@id\":\"https:\\\/\\\/lospoliticosveracruz.com\\\/?p=116529#breadcrumb\",\"itemListElement\":[{\"@type\":\"ListItem\",\"position\":1,\"name\":\"Portada\",\"item\":\"https:\\\/\\\/lospoliticosveracruz.com\\\/\"},{\"@type\":\"ListItem\",\"position\":2,\"name\":\"ABUCHEOS A CUITL\u00c1HUAC\"}]},{\"@type\":\"WebSite\",\"@id\":\"https:\\\/\\\/lospoliticosveracruz.com\\\/#website\",\"url\":\"https:\\\/\\\/lospoliticosveracruz.com\\\/\",\"name\":\"Los pol\u00edticos Veracruz\",\"description\":\"\",\"publisher\":{\"@id\":\"https:\\\/\\\/lospoliticosveracruz.com\\\/#organization\"},\"potentialAction\":[{\"@type\":\"SearchAction\",\"target\":{\"@type\":\"EntryPoint\",\"urlTemplate\":\"https:\\\/\\\/lospoliticosveracruz.com\\\/?s={search_term_string}\"},\"query-input\":{\"@type\":\"PropertyValueSpecification\",\"valueRequired\":true,\"valueName\":\"search_term_string\"}}],\"inLanguage\":\"es\"},{\"@type\":\"Organization\",\"@id\":\"https:\\\/\\\/lospoliticosveracruz.com\\\/#organization\",\"name\":\"Los pol\u00edticos Veracruz\",\"url\":\"https:\\\/\\\/lospoliticosveracruz.com\\\/\",\"logo\":{\"@type\":\"ImageObject\",\"inLanguage\":\"es\",\"@id\":\"https:\\\/\\\/lospoliticosveracruz.com\\\/#\\\/schema\\\/logo\\\/image\\\/\",\"url\":\"https:\\\/\\\/lospoliticosveracruz.com\\\/wp-content\\\/uploads\\\/2025\\\/12\\\/Logo-Nuevo-LOS-POLITICOS-1.jpg\",\"contentUrl\":\"https:\\\/\\\/lospoliticosveracruz.com\\\/wp-content\\\/uploads\\\/2025\\\/12\\\/Logo-Nuevo-LOS-POLITICOS-1.jpg\",\"width\":260,\"height\":70,\"caption\":\"Los pol\u00edticos Veracruz\"},\"image\":{\"@id\":\"https:\\\/\\\/lospoliticosveracruz.com\\\/#\\\/schema\\\/logo\\\/image\\\/\"},\"sameAs\":[\"https:\\\/\\\/www.facebook.com\\\/people\\\/Notimemes-de-los-Polticos\\\/61565672886568\\\/\",\"https:\\\/\\\/x.com\\\/LosPoliticosVer\"]},{\"@type\":\"Person\",\"@id\":\"https:\\\/\\\/lospoliticosveracruz.com\\\/#\\\/schema\\\/person\\\/b8702bb0e538456e6efd07080bf2a4a2\",\"name\":\"Lo viste en Los Pol\u00edticos\",\"image\":{\"@type\":\"ImageObject\",\"inLanguage\":\"es\",\"@id\":\"https:\\\/\\\/secure.gravatar.com\\\/avatar\\\/3a8de04a2656d44082be478bd6c086daa447c4651605818287b9532d3d0bd435?s=96&d=mm&r=g\",\"url\":\"https:\\\/\\\/secure.gravatar.com\\\/avatar\\\/3a8de04a2656d44082be478bd6c086daa447c4651605818287b9532d3d0bd435?s=96&d=mm&r=g\",\"contentUrl\":\"https:\\\/\\\/secure.gravatar.com\\\/avatar\\\/3a8de04a2656d44082be478bd6c086daa447c4651605818287b9532d3d0bd435?s=96&d=mm&r=g\",\"caption\":\"Lo viste en Los Pol\u00edticos\"},\"url\":\"https:\\\/\\\/lospoliticosveracruz.com\\\/?author=2\"}]}<\/script>\n<!-- \/ Yoast SEO plugin. -->","yoast_head_json":{"title":"ABUCHEOS A CUITL\u00c1HUAC - Los pol\u00edticos Veracruz","robots":{"index":"index","follow":"follow","max-snippet":"max-snippet:-1","max-image-preview":"max-image-preview:large","max-video-preview":"max-video-preview:-1"},"canonical":"https:\/\/lospoliticosveracruz.com\/?p=116529","og_locale":"es_ES","og_type":"article","og_title":"ABUCHEOS A CUITL\u00c1HUAC - Los pol\u00edticos Veracruz","og_description":"Ricardo Chua Sale y Vale El evento en R\u00edo Blanco donde acudi\u00f3 el Presidente, Andr\u00e9s Manuel L\u00f3pez Obrador y donde la multitud ABUCHEO a uno de sus gobernadores \u00abconsentidos\u00bb del sexenio, Cuitl\u00e1huac Garc\u00eda Jim\u00e9nez.. Le dej\u00f3 claro al jefe del Ejecutivo Federal que estas acciones REFLEJAN la APROBACI\u00d3N TAN BAJA que trae el mandatario veracruzano.. [&hellip;]","og_url":"https:\/\/lospoliticosveracruz.com\/?p=116529","og_site_name":"Los pol\u00edticos Veracruz","article_publisher":"https:\/\/www.facebook.com\/people\/Notimemes-de-los-Polticos\/61565672886568\/","article_published_time":"2024-01-08T10:58:09+00:00","article_modified_time":"2024-01-08T10:58:16+00:00","og_image":[{"width":200,"height":200,"url":"https:\/\/lospoliticosveracruz.com\/wp-content\/uploads\/2016\/07\/Logo-Dor.jpg","type":"image\/jpeg"}],"author":"Lo viste en Los Pol\u00edticos","twitter_card":"summary_large_image","twitter_creator":"@LosPoliticosVer","twitter_site":"@LosPoliticosVer","twitter_misc":{"Escrito por":"Lo viste en Los Pol\u00edticos","Tiempo de lectura":"4 minutos"},"schema":{"@context":"https:\/\/schema.org","@graph":[{"@type":"Article","@id":"https:\/\/lospoliticosveracruz.com\/?p=116529#article","isPartOf":{"@id":"https:\/\/lospoliticosveracruz.com\/?p=116529"},"author":{"name":"Lo viste en Los Pol\u00edticos","@id":"https:\/\/lospoliticosveracruz.com\/#\/schema\/person\/b8702bb0e538456e6efd07080bf2a4a2"},"headline":"ABUCHEOS A CUITL\u00c1HUAC","datePublished":"2024-01-08T10:58:09+00:00","dateModified":"2024-01-08T10:58:16+00:00","mainEntityOfPage":{"@id":"https:\/\/lospoliticosveracruz.com\/?p=116529"},"wordCount":872,"publisher":{"@id":"https:\/\/lospoliticosveracruz.com\/#organization"},"keywords":["Andr\u00e9s Manuel L\u00f3pez Obrador","Beatriz Paredes","Cuitl\u00e1huac Garc\u00eda Jim\u00e9nez","Juan Javier G\u00f3mez Cazar\u00edn","Julen Rementer\u00eda","Morena","Veracruz","X\u00f3chitl G\u00e1lvez"],"articleSection":["De Opini\u00f3n"],"inLanguage":"es"},{"@type":"WebPage","@id":"https:\/\/lospoliticosveracruz.com\/?p=116529","url":"https:\/\/lospoliticosveracruz.com\/?p=116529","name":"ABUCHEOS A CUITL\u00c1HUAC - Los pol\u00edticos Veracruz","isPartOf":{"@id":"https:\/\/lospoliticosveracruz.com\/#website"},"datePublished":"2024-01-08T10:58:09+00:00","dateModified":"2024-01-08T10:58:16+00:00","breadcrumb":{"@id":"https:\/\/lospoliticosveracruz.com\/?p=116529#breadcrumb"},"inLanguage":"es","potentialAction":[{"@type":"ReadAction","target":["https:\/\/lospoliticosveracruz.com\/?p=116529"]}]},{"@type":"BreadcrumbList","@id":"https:\/\/lospoliticosveracruz.com\/?p=116529#breadcrumb","itemListElement":[{"@type":"ListItem","position":1,"name":"Portada","item":"https:\/\/lospoliticosveracruz.com\/"},{"@type":"ListItem","position":2,"name":"ABUCHEOS A CUITL\u00c1HUAC"}]},{"@type":"WebSite","@id":"https:\/\/lospoliticosveracruz.com\/#website","url":"https:\/\/lospoliticosveracruz.com\/","name":"Los pol\u00edticos Veracruz","description":"","publisher":{"@id":"https:\/\/lospoliticosveracruz.com\/#organization"},"potentialAction":[{"@type":"SearchAction","target":{"@type":"EntryPoint","urlTemplate":"https:\/\/lospoliticosveracruz.com\/?s={search_term_string}"},"query-input":{"@type":"PropertyValueSpecification","valueRequired":true,"valueName":"search_term_string"}}],"inLanguage":"es"},{"@type":"Organization","@id":"https:\/\/lospoliticosveracruz.com\/#organization","name":"Los pol\u00edticos Veracruz","url":"https:\/\/lospoliticosveracruz.com\/","logo":{"@type":"ImageObject","inLanguage":"es","@id":"https:\/\/lospoliticosveracruz.com\/#\/schema\/logo\/image\/","url":"https:\/\/lospoliticosveracruz.com\/wp-content\/uploads\/2025\/12\/Logo-Nuevo-LOS-POLITICOS-1.jpg","contentUrl":"https:\/\/lospoliticosveracruz.com\/wp-content\/uploads\/2025\/12\/Logo-Nuevo-LOS-POLITICOS-1.jpg","width":260,"height":70,"caption":"Los pol\u00edticos Veracruz"},"image":{"@id":"https:\/\/lospoliticosveracruz.com\/#\/schema\/logo\/image\/"},"sameAs":["https:\/\/www.facebook.com\/people\/Notimemes-de-los-Polticos\/61565672886568\/","https:\/\/x.com\/LosPoliticosVer"]},{"@type":"Person","@id":"https:\/\/lospoliticosveracruz.com\/#\/schema\/person\/b8702bb0e538456e6efd07080bf2a4a2","name":"Lo viste en Los Pol\u00edticos","image":{"@type":"ImageObject","inLanguage":"es","@id":"https:\/\/secure.gravatar.com\/avatar\/3a8de04a2656d44082be478bd6c086daa447c4651605818287b9532d3d0bd435?s=96&d=mm&r=g","url":"https:\/\/secure.gravatar.com\/avatar\/3a8de04a2656d44082be478bd6c086daa447c4651605818287b9532d3d0bd435?s=96&d=mm&r=g","contentUrl":"https:\/\/secure.gravatar.com\/avatar\/3a8de04a2656d44082be478bd6c086daa447c4651605818287b9532d3d0bd435?s=96&d=mm&r=g","caption":"Lo viste en Los Pol\u00edticos"},"url":"https:\/\/lospoliticosveracruz.com\/?author=2"}]}},"_links":{"self":[{"href":"https:\/\/lospoliticosveracruz.com\/index.php?rest_route=\/wp\/v2\/posts\/116529","targetHints":{"allow":["GET"]}}],"collection":[{"href":"https:\/\/lospoliticosveracruz.com\/index.php?rest_route=\/wp\/v2\/posts"}],"about":[{"href":"https:\/\/lospoliticosveracruz.com\/index.php?rest_route=\/wp\/v2\/types\/post"}],"author":[{"embeddable":true,"href":"https:\/\/lospoliticosveracruz.com\/index.php?rest_route=\/wp\/v2\/users\/2"}],"replies":[{"embeddable":true,"href":"https:\/\/lospoliticosveracruz.com\/index.php?rest_route=%2Fwp%2Fv2%2Fcomments&post=116529"}],"version-history":[{"count":1,"href":"https:\/\/lospoliticosveracruz.com\/index.php?rest_route=\/wp\/v2\/posts\/116529\/revisions"}],"predecessor-version":[{"id":116531,"href":"https:\/\/lospoliticosveracruz.com\/index.php?rest_route=\/wp\/v2\/posts\/116529\/revisions\/116531"}],"wp:attachment":[{"href":"https:\/\/lospoliticosveracruz.com\/index.php?rest_route=%2Fwp%2Fv2%2Fmedia&parent=116529"}],"wp:term":[{"taxonomy":"category","embeddable":true,"href":"https:\/\/lospoliticosveracruz.com\/index.php?rest_route=%2Fwp%2Fv2%2Fcategories&post=116529"},{"taxonomy":"post_tag","embeddable":true,"href":"https:\/\/lospoliticosveracruz.com\/index.php?rest_route=%2Fwp%2Fv2%2Ftags&post=116529"}],"curies":[{"name":"wp","href":"https:\/\/api.w.org\/{rel}","templated":true}]}}