{"id":116532,"date":"2024-01-08T05:08:27","date_gmt":"2024-01-08T11:08:27","guid":{"rendered":"https:\/\/lospoliticosveracruz.com.mx\/?p=116532"},"modified":"2024-01-08T05:08:36","modified_gmt":"2024-01-08T11:08:36","slug":"nahle-y-cuitlahuac-debilidades-y-amenazas","status":"publish","type":"post","link":"https:\/\/lospoliticosveracruz.com\/?p=116532","title":{"rendered":"NAHLE Y CUITL\u00c1HUAC: DEBILIDADES Y AMENAZAS"},"content":{"rendered":"\n<p><br><strong>Jos\u00e9 Luis Ortega Vidal<\/strong><\/p>\n\n\n\n<p><em>Claroscuros<\/em><br>(1)<br>La conmemoraci\u00f3n por el 117 aniversario de la huelga de obreros textileros en R\u00edo Blanco, Veracruz, que el dictador Porfirio Diaz orden\u00f3 reprimir y termin\u00f3 en masacre, am\u00e9n de influir en el nacimiento de la Revoluci\u00f3n de 1910, aliment\u00f3 este domingo el an\u00e1lisis FODA (Fortalezas, Oportunidades, Debilidades y Amenazas) de Roc\u00edo Nahle, precandidata de MORENA a la gubernatura.<\/p>\n\n\n\n<p>(2)<br>Durante el uso del micr\u00f3fono frente al presidente Andr\u00e9s Manuel L\u00f3pez Obrador y la concurrencia -miembros de la clase obrera en la regi\u00f3n de Orizaba- el gobernador Cuitl\u00e1huac Garc\u00eda Jim\u00e9nez result\u00f3 abucheado y los gritos en contra suya fueron tan elevados que debi\u00f3 incrementar el tono de voz para intentar -sin lograrlo- opacar el rechazo del respetable, tambi\u00e9n denominado pueblo sabio\u2026<\/p>\n\n\n\n<p>(3)<br>Al presidente L\u00f3pez Obrador le quedan menos de nueve meses en el poder pues el primer d\u00eda de octubre una mujer recibir\u00e1 la banda presidencial: Claudia o X\u00f3chitl, G\u00e1lvez o Sheinbaum\u2026<br>Tendremos presidenta porque no hay tercero en discordia al no haber recibido suficientes firmas la candidatura independiente del actor Eduardo Ver\u00e1stegui y no conocerse al momento el candidato o candidata de Movimiento Ciudadano.<br>El MC de Dante Delgado Rannauro dar\u00eda a conocer el nombre de su abanderado (a) por ah\u00ed del 20 de enero, pero ya no participar\u00e1 en la precampa\u00f1a que concluye en febrero y s\u00f3lo se sumar\u00e1 a la campa\u00f1a a partir del primero de marzo.<br>Por estructuras partidistas, por varios meses invertidos en trabajo proselitista y por el peso de las figuras de las precandidatas de MORENA\/PT\/PVEM, as\u00ed como PAN\/PRI\/PRD, lo del MC ser\u00e1 una participaci\u00f3n para ganar diputaciones, tal vez senadur\u00edas y muy probablemente la gubernatura de Jalisco, gracias a que ah\u00ed a Dante Delgado no le hacen caso.<br>Veracruz resulta una entidad clave para los proyectos pol\u00edticos en disputa: el de la izquierda que hoy nos gobierna y el de la derecha que busca retornar al poder.<br>El voto veracruzano pesa al exterior en el \u00e1mbito federal y al Interior al estar en disputa la silla que hoy ocupa el abucheado ingeniero Cuitl\u00e1huac Garc\u00eda Jim\u00e9nez.<br>En Coatzacoalcos, el pasado 2 de enero, ocurri\u00f3 algo semejante, aunque en proporci\u00f3n menor.<br>Durante su discurso el alcalde porte\u00f1o Amado Cruz Malpica mencion\u00f3 el nombre del gobernador veracruzano a quien brind\u00f3 un reconocimiento por su trabajo.<br>No hubo abucheos como en R\u00edo Blanco, pero los asistentes al inicio de precampa\u00f1a de Roc\u00edo Nahle se dividieron entre quienes guardaron silencio -no hubo aplausos ni de alcaldes y diputados presentes &#8211; y ciudadanos que lanzaron comentarios de cr\u00edtica, rechazo a Garc\u00eda Jim\u00e9nez, ah\u00ed en corto, entre el bulto\u2026<\/p>\n\n\n\n<p>(4)<br>Varias encuestas realizadas por peri\u00f3dicos nacionales como El Universal, Reforma, el Financiero, as\u00ed como empresas reconocidas en el trabajo demosc\u00f3pico -De Las Heras, Mitosfky, entre ellas- ubican en m\u00e1s de 20 puntos porcentuales la diferencia de potenciales votos entre Claudia Sheinbaum y X\u00f3chitl G\u00e1lvez.<br>Hasta los primeros d\u00edas de enero las encuestas mensuales reflejan la continuidad de simpat\u00edas abrumadoras a favor de la abanderada de izquierda.<br>A\u00f1adamos un factor esencial; al cierre de diciembre pasado el presidente Andr\u00e9s Manuel L\u00f3pez Obrador mantuvo el nivel de aprobaci\u00f3n ciudadana alrededor del 55 %.<br>No es un proceso autom\u00e1tico el traslado de la simpat\u00eda presidencial a favor de votos para su partido y su candidata, pero hay coincidencia en ambos rubros: muy fuerte la imagen del presidente y muy s\u00f3lida la distancia entre Claudia y una X\u00f3chitl diezmada.<br>\u00bfSe puede cerrar esa distancia y colocar a G\u00e1lvez muy cerca de Sheinbaum o incluso rebasarla de aqu\u00ed al 2 de junio?<br>S\u00ed, todo es posible, incluso una sorpresa a favor de la senadora panista con licencia.<br>Abordar los factores a favor o en contra de esa posible sorpresa, es tema aparte.<br>Retorno, por tanto, al evento por el aniversario de la lucha obrera de 1907 en R\u00edo Blanco, realizado ayer por el presidente L\u00f3pez Obrador, que esta vez no se refiri\u00f3 al gobernador Cuitl\u00e1huac Garc\u00eda Jim\u00e9nez en los t\u00e9rminos de elogio y respaldo pol\u00edtico que realiz\u00f3 a lo largo de sus constantes visitas a Veracruz.<br>Lo del abucheo peg\u00f3, obviamente, en el discurso de AMLO y debi\u00f3 abrir o terminar de abrir una ventana de alerta preelectoral en el equipo de Roc\u00edo Nahle Garc\u00eda.<\/p>\n\n\n\n<p>(5)<br>Respecto al FODA de Roc\u00edo Nahle, entre sus Debilidades y Amenazas se encuentra la imagen del gobernador a nivel popular.<br>Se puede sugerir la hip\u00f3tesis de una imagen con negativos s\u00f3lo del gobernador, pero queda el trabajo para investigar y determinar si esta condici\u00f3n es general para el gobierno o parcial para una parte de \u00e9ste.<br>No vayamos lejos: \u00bfQu\u00e9 piensa el pueblo de Veracruz de Erick Patrocinio Cisneros Burgos -ex secretario de Gobierno- represor comprobado, violador de los derechos humanos de numerosos ciudadanos, incluyendo figuras p\u00fablicas y pol\u00edticos opositores?<br>Vaya, para terminar pronto con el caso de Cisneros Burgos: \u00bfQu\u00e9 piensa Roc\u00edo Nahle de \u00e9l?<br>\u00bfY sobre la Fiscal\u00eda en manos de Ver\u00f3nica Hern\u00e1ndez Giadans?<br>\u00bfCu\u00e1l es el balance del trabajo en materia de procuraci\u00f3n de justicia en Veracruz a nivel Vox Populi? Resulta muy evidente que una cosa es la elecci\u00f3n presidencial donde la izquierda luce fuerte, y otra cosa es la elecci\u00f3n estatal veracruzana donde AMLO ha sido testigo de un reclamo directo contra su muchacho, Cuitl\u00e1huac.<\/p>\n\n\n\n<p>(6)<br>Muy cerca de R\u00edo Blanco se encuentra el municipio de Ciudad Mendoza, donde gobierna el morenista H\u00e9ctor Rodr\u00edguez Cort\u00e9s.<br>En Mendoza el servicio de tr\u00e1nsito es municipal: por tanto, la direcci\u00f3n del \u00e1rea es entregada por el alcalde a quien considere la persona adecuada.<br>As\u00ed, el mun\u00edcipe H\u00e9ctor Rodr\u00edguez Cort\u00e9s nombr\u00f3 director de tr\u00e1nsito a Fausto \u201cN\u201d, hoy preso.<br>Al funcionario de tr\u00e1nsito lo acusan de haber entregado a cuatro personas a sicarios del C\u00e1rtel de Jalisco Nueva Generaci\u00f3n, el ocho de diciembre del 2023.<br>Ha trascendido que siete de once agentes de tr\u00e1nsito de Ciudad Mendoza son pr\u00f3fugos por el mismo asunto.<br>El gobernador Cuitl\u00e1huac Garc\u00eda Jim\u00e9nez ha se\u00f1alado que se investiga la desaparici\u00f3n de las cuatro personas y se actuar\u00e1 hasta donde llegue.<br>Se trata, evidentemente, de un tema muy delicado, donde est\u00e1n en peligro vidas humanas dentro de un contexto pol\u00edtico de corrupci\u00f3n institucional, pero tambi\u00e9n de inseguridad regional en las altas monta\u00f1as de Orizaba, zona colindante con el estado de Puebla.<\/p>\n\n\n\n<p>(7)<br>Roc\u00edo Nahle debe estar informada de las m\u00faltiples problem\u00e1ticas que enfrenta Veracruz, entre ellas la delincuencia ligada o muy cercana al sector pol\u00edtico institucional, parte del cual -se reconoce- tambi\u00e9n suele ser sometido v\u00eda amenazas o asesinatos.<\/p>\n\n\n\n<p>(8)<br>El tema de Ciudad Mendoza no s\u00f3lo viene a colaci\u00f3n por la vecindad con R\u00edo Blanco.<br>Ocurre que el alcalde H\u00e9ctor Rodr\u00edguez Cort\u00e9s es hermano de Sergio Rodr\u00edguez Cort\u00e9s, Procurador del Medio Ambiente en Veracruz.<\/p>\n","protected":false},"excerpt":{"rendered":"<p>Jos\u00e9 Luis Ortega Vidal Claroscuros(1)La conmemoraci\u00f3n por el 117 aniversario de la huelga de obreros textileros en R\u00edo Blanco, Veracruz, que el dictador Porfirio Diaz orden\u00f3 reprimir y termin\u00f3 en masacre, am\u00e9n de influir en el nacimiento de la Revoluci\u00f3n de 1910, aliment\u00f3 este domingo el an\u00e1lisis FODA (Fortalezas, Oportunidades, Debilidades y Amenazas) de Roc\u00edo [&hellip;]<\/p>\n","protected":false},"author":2,"featured_media":0,"comment_status":"closed","ping_status":"closed","sticky":false,"template":"","format":"standard","meta":{"tdm_status":"","tdm_grid_status":"","footnotes":""},"categories":[70],"tags":[618,1563,1026,195],"class_list":{"0":"post-116532","1":"post","2":"type-post","3":"status-publish","4":"format-standard","6":"category-de-opinion","7":"tag-andres-manuel-lopez-obrador","8":"tag-cuitlahuac-garcia-jimenez","9":"tag-morena","10":"tag-veracruz"},"yoast_head":"<!-- This site is optimized with the Yoast SEO plugin v27.4 - https:\/\/yoast.com\/product\/yoast-seo-wordpress\/ -->\n<title>NAHLE Y CUITL\u00c1HUAC: DEBILIDADES Y AMENAZAS - Los pol\u00edticos Veracruz<\/title>\n<meta name=\"robots\" content=\"index, follow, max-snippet:-1, max-image-preview:large, max-video-preview:-1\" \/>\n<link rel=\"canonical\" href=\"https:\/\/lospoliticosveracruz.com\/?p=116532\" \/>\n<meta property=\"og:locale\" content=\"es_ES\" \/>\n<meta property=\"og:type\" content=\"article\" \/>\n<meta property=\"og:title\" content=\"NAHLE Y CUITL\u00c1HUAC: DEBILIDADES Y AMENAZAS - Los pol\u00edticos Veracruz\" \/>\n<meta property=\"og:description\" content=\"Jos\u00e9 Luis Ortega Vidal Claroscuros(1)La conmemoraci\u00f3n por el 117 aniversario de la huelga de obreros textileros en R\u00edo Blanco, Veracruz, que el dictador Porfirio Diaz orden\u00f3 reprimir y termin\u00f3 en masacre, am\u00e9n de influir en el nacimiento de la Revoluci\u00f3n de 1910, aliment\u00f3 este domingo el an\u00e1lisis FODA (Fortalezas, Oportunidades, Debilidades y Amenazas) de Roc\u00edo [&hellip;]\" \/>\n<meta property=\"og:url\" content=\"https:\/\/lospoliticosveracruz.com\/?p=116532\" \/>\n<meta property=\"og:site_name\" content=\"Los pol\u00edticos Veracruz\" \/>\n<meta property=\"article:publisher\" content=\"https:\/\/www.facebook.com\/people\/Notimemes-de-los-Polticos\/61565672886568\/\" \/>\n<meta property=\"article:published_time\" content=\"2024-01-08T11:08:27+00:00\" \/>\n<meta property=\"article:modified_time\" content=\"2024-01-08T11:08:36+00:00\" \/>\n<meta property=\"og:image\" content=\"https:\/\/lospoliticosveracruz.com\/wp-content\/uploads\/2016\/07\/Logo-Dor.jpg\" \/>\n\t<meta property=\"og:image:width\" content=\"200\" \/>\n\t<meta property=\"og:image:height\" content=\"200\" \/>\n\t<meta property=\"og:image:type\" content=\"image\/jpeg\" \/>\n<meta name=\"author\" content=\"Lo viste en Los Pol\u00edticos\" \/>\n<meta name=\"twitter:card\" content=\"summary_large_image\" \/>\n<meta name=\"twitter:creator\" content=\"@LosPoliticosVer\" \/>\n<meta name=\"twitter:site\" content=\"@LosPoliticosVer\" \/>\n<meta name=\"twitter:label1\" content=\"Escrito por\" \/>\n\t<meta name=\"twitter:data1\" content=\"Lo viste en Los Pol\u00edticos\" \/>\n\t<meta name=\"twitter:label2\" content=\"Tiempo de lectura\" \/>\n\t<meta name=\"twitter:data2\" content=\"6 minutos\" \/>\n<script type=\"application\/ld+json\" class=\"yoast-schema-graph\">{\"@context\":\"https:\\\/\\\/schema.org\",\"@graph\":[{\"@type\":\"Article\",\"@id\":\"https:\\\/\\\/lospoliticosveracruz.com\\\/?p=116532#article\",\"isPartOf\":{\"@id\":\"https:\\\/\\\/lospoliticosveracruz.com\\\/?p=116532\"},\"author\":{\"name\":\"Lo viste en Los Pol\u00edticos\",\"@id\":\"https:\\\/\\\/lospoliticosveracruz.com\\\/#\\\/schema\\\/person\\\/b8702bb0e538456e6efd07080bf2a4a2\"},\"headline\":\"NAHLE Y CUITL\u00c1HUAC: DEBILIDADES Y AMENAZAS\",\"datePublished\":\"2024-01-08T11:08:27+00:00\",\"dateModified\":\"2024-01-08T11:08:36+00:00\",\"mainEntityOfPage\":{\"@id\":\"https:\\\/\\\/lospoliticosveracruz.com\\\/?p=116532\"},\"wordCount\":1227,\"publisher\":{\"@id\":\"https:\\\/\\\/lospoliticosveracruz.com\\\/#organization\"},\"keywords\":[\"Andr\u00e9s Manuel L\u00f3pez Obrador\",\"Cuitl\u00e1huac Garc\u00eda Jim\u00e9nez\",\"Morena\",\"Veracruz\"],\"articleSection\":[\"De Opini\u00f3n\"],\"inLanguage\":\"es\"},{\"@type\":\"WebPage\",\"@id\":\"https:\\\/\\\/lospoliticosveracruz.com\\\/?p=116532\",\"url\":\"https:\\\/\\\/lospoliticosveracruz.com\\\/?p=116532\",\"name\":\"NAHLE Y CUITL\u00c1HUAC: DEBILIDADES Y AMENAZAS - Los pol\u00edticos Veracruz\",\"isPartOf\":{\"@id\":\"https:\\\/\\\/lospoliticosveracruz.com\\\/#website\"},\"datePublished\":\"2024-01-08T11:08:27+00:00\",\"dateModified\":\"2024-01-08T11:08:36+00:00\",\"breadcrumb\":{\"@id\":\"https:\\\/\\\/lospoliticosveracruz.com\\\/?p=116532#breadcrumb\"},\"inLanguage\":\"es\",\"potentialAction\":[{\"@type\":\"ReadAction\",\"target\":[\"https:\\\/\\\/lospoliticosveracruz.com\\\/?p=116532\"]}]},{\"@type\":\"BreadcrumbList\",\"@id\":\"https:\\\/\\\/lospoliticosveracruz.com\\\/?p=116532#breadcrumb\",\"itemListElement\":[{\"@type\":\"ListItem\",\"position\":1,\"name\":\"Portada\",\"item\":\"https:\\\/\\\/lospoliticosveracruz.com\\\/\"},{\"@type\":\"ListItem\",\"position\":2,\"name\":\"NAHLE Y CUITL\u00c1HUAC: DEBILIDADES Y AMENAZAS\"}]},{\"@type\":\"WebSite\",\"@id\":\"https:\\\/\\\/lospoliticosveracruz.com\\\/#website\",\"url\":\"https:\\\/\\\/lospoliticosveracruz.com\\\/\",\"name\":\"Los pol\u00edticos Veracruz\",\"description\":\"\",\"publisher\":{\"@id\":\"https:\\\/\\\/lospoliticosveracruz.com\\\/#organization\"},\"potentialAction\":[{\"@type\":\"SearchAction\",\"target\":{\"@type\":\"EntryPoint\",\"urlTemplate\":\"https:\\\/\\\/lospoliticosveracruz.com\\\/?s={search_term_string}\"},\"query-input\":{\"@type\":\"PropertyValueSpecification\",\"valueRequired\":true,\"valueName\":\"search_term_string\"}}],\"inLanguage\":\"es\"},{\"@type\":\"Organization\",\"@id\":\"https:\\\/\\\/lospoliticosveracruz.com\\\/#organization\",\"name\":\"Los pol\u00edticos Veracruz\",\"url\":\"https:\\\/\\\/lospoliticosveracruz.com\\\/\",\"logo\":{\"@type\":\"ImageObject\",\"inLanguage\":\"es\",\"@id\":\"https:\\\/\\\/lospoliticosveracruz.com\\\/#\\\/schema\\\/logo\\\/image\\\/\",\"url\":\"https:\\\/\\\/lospoliticosveracruz.com\\\/wp-content\\\/uploads\\\/2025\\\/12\\\/Logo-Nuevo-LOS-POLITICOS-1.jpg\",\"contentUrl\":\"https:\\\/\\\/lospoliticosveracruz.com\\\/wp-content\\\/uploads\\\/2025\\\/12\\\/Logo-Nuevo-LOS-POLITICOS-1.jpg\",\"width\":260,\"height\":70,\"caption\":\"Los pol\u00edticos Veracruz\"},\"image\":{\"@id\":\"https:\\\/\\\/lospoliticosveracruz.com\\\/#\\\/schema\\\/logo\\\/image\\\/\"},\"sameAs\":[\"https:\\\/\\\/www.facebook.com\\\/people\\\/Notimemes-de-los-Polticos\\\/61565672886568\\\/\",\"https:\\\/\\\/x.com\\\/LosPoliticosVer\"]},{\"@type\":\"Person\",\"@id\":\"https:\\\/\\\/lospoliticosveracruz.com\\\/#\\\/schema\\\/person\\\/b8702bb0e538456e6efd07080bf2a4a2\",\"name\":\"Lo viste en Los Pol\u00edticos\",\"image\":{\"@type\":\"ImageObject\",\"inLanguage\":\"es\",\"@id\":\"https:\\\/\\\/secure.gravatar.com\\\/avatar\\\/3a8de04a2656d44082be478bd6c086daa447c4651605818287b9532d3d0bd435?s=96&d=mm&r=g\",\"url\":\"https:\\\/\\\/secure.gravatar.com\\\/avatar\\\/3a8de04a2656d44082be478bd6c086daa447c4651605818287b9532d3d0bd435?s=96&d=mm&r=g\",\"contentUrl\":\"https:\\\/\\\/secure.gravatar.com\\\/avatar\\\/3a8de04a2656d44082be478bd6c086daa447c4651605818287b9532d3d0bd435?s=96&d=mm&r=g\",\"caption\":\"Lo viste en Los Pol\u00edticos\"},\"url\":\"https:\\\/\\\/lospoliticosveracruz.com\\\/?author=2\"}]}<\/script>\n<!-- \/ Yoast SEO plugin. -->","yoast_head_json":{"title":"NAHLE Y CUITL\u00c1HUAC: DEBILIDADES Y AMENAZAS - Los pol\u00edticos Veracruz","robots":{"index":"index","follow":"follow","max-snippet":"max-snippet:-1","max-image-preview":"max-image-preview:large","max-video-preview":"max-video-preview:-1"},"canonical":"https:\/\/lospoliticosveracruz.com\/?p=116532","og_locale":"es_ES","og_type":"article","og_title":"NAHLE Y CUITL\u00c1HUAC: DEBILIDADES Y AMENAZAS - Los pol\u00edticos Veracruz","og_description":"Jos\u00e9 Luis Ortega Vidal Claroscuros(1)La conmemoraci\u00f3n por el 117 aniversario de la huelga de obreros textileros en R\u00edo Blanco, Veracruz, que el dictador Porfirio Diaz orden\u00f3 reprimir y termin\u00f3 en masacre, am\u00e9n de influir en el nacimiento de la Revoluci\u00f3n de 1910, aliment\u00f3 este domingo el an\u00e1lisis FODA (Fortalezas, Oportunidades, Debilidades y Amenazas) de Roc\u00edo [&hellip;]","og_url":"https:\/\/lospoliticosveracruz.com\/?p=116532","og_site_name":"Los pol\u00edticos Veracruz","article_publisher":"https:\/\/www.facebook.com\/people\/Notimemes-de-los-Polticos\/61565672886568\/","article_published_time":"2024-01-08T11:08:27+00:00","article_modified_time":"2024-01-08T11:08:36+00:00","og_image":[{"width":200,"height":200,"url":"https:\/\/lospoliticosveracruz.com\/wp-content\/uploads\/2016\/07\/Logo-Dor.jpg","type":"image\/jpeg"}],"author":"Lo viste en Los Pol\u00edticos","twitter_card":"summary_large_image","twitter_creator":"@LosPoliticosVer","twitter_site":"@LosPoliticosVer","twitter_misc":{"Escrito por":"Lo viste en Los Pol\u00edticos","Tiempo de lectura":"6 minutos"},"schema":{"@context":"https:\/\/schema.org","@graph":[{"@type":"Article","@id":"https:\/\/lospoliticosveracruz.com\/?p=116532#article","isPartOf":{"@id":"https:\/\/lospoliticosveracruz.com\/?p=116532"},"author":{"name":"Lo viste en Los Pol\u00edticos","@id":"https:\/\/lospoliticosveracruz.com\/#\/schema\/person\/b8702bb0e538456e6efd07080bf2a4a2"},"headline":"NAHLE Y CUITL\u00c1HUAC: DEBILIDADES Y AMENAZAS","datePublished":"2024-01-08T11:08:27+00:00","dateModified":"2024-01-08T11:08:36+00:00","mainEntityOfPage":{"@id":"https:\/\/lospoliticosveracruz.com\/?p=116532"},"wordCount":1227,"publisher":{"@id":"https:\/\/lospoliticosveracruz.com\/#organization"},"keywords":["Andr\u00e9s Manuel L\u00f3pez Obrador","Cuitl\u00e1huac Garc\u00eda Jim\u00e9nez","Morena","Veracruz"],"articleSection":["De Opini\u00f3n"],"inLanguage":"es"},{"@type":"WebPage","@id":"https:\/\/lospoliticosveracruz.com\/?p=116532","url":"https:\/\/lospoliticosveracruz.com\/?p=116532","name":"NAHLE Y CUITL\u00c1HUAC: DEBILIDADES Y AMENAZAS - Los pol\u00edticos Veracruz","isPartOf":{"@id":"https:\/\/lospoliticosveracruz.com\/#website"},"datePublished":"2024-01-08T11:08:27+00:00","dateModified":"2024-01-08T11:08:36+00:00","breadcrumb":{"@id":"https:\/\/lospoliticosveracruz.com\/?p=116532#breadcrumb"},"inLanguage":"es","potentialAction":[{"@type":"ReadAction","target":["https:\/\/lospoliticosveracruz.com\/?p=116532"]}]},{"@type":"BreadcrumbList","@id":"https:\/\/lospoliticosveracruz.com\/?p=116532#breadcrumb","itemListElement":[{"@type":"ListItem","position":1,"name":"Portada","item":"https:\/\/lospoliticosveracruz.com\/"},{"@type":"ListItem","position":2,"name":"NAHLE Y CUITL\u00c1HUAC: DEBILIDADES Y AMENAZAS"}]},{"@type":"WebSite","@id":"https:\/\/lospoliticosveracruz.com\/#website","url":"https:\/\/lospoliticosveracruz.com\/","name":"Los pol\u00edticos Veracruz","description":"","publisher":{"@id":"https:\/\/lospoliticosveracruz.com\/#organization"},"potentialAction":[{"@type":"SearchAction","target":{"@type":"EntryPoint","urlTemplate":"https:\/\/lospoliticosveracruz.com\/?s={search_term_string}"},"query-input":{"@type":"PropertyValueSpecification","valueRequired":true,"valueName":"search_term_string"}}],"inLanguage":"es"},{"@type":"Organization","@id":"https:\/\/lospoliticosveracruz.com\/#organization","name":"Los pol\u00edticos Veracruz","url":"https:\/\/lospoliticosveracruz.com\/","logo":{"@type":"ImageObject","inLanguage":"es","@id":"https:\/\/lospoliticosveracruz.com\/#\/schema\/logo\/image\/","url":"https:\/\/lospoliticosveracruz.com\/wp-content\/uploads\/2025\/12\/Logo-Nuevo-LOS-POLITICOS-1.jpg","contentUrl":"https:\/\/lospoliticosveracruz.com\/wp-content\/uploads\/2025\/12\/Logo-Nuevo-LOS-POLITICOS-1.jpg","width":260,"height":70,"caption":"Los pol\u00edticos Veracruz"},"image":{"@id":"https:\/\/lospoliticosveracruz.com\/#\/schema\/logo\/image\/"},"sameAs":["https:\/\/www.facebook.com\/people\/Notimemes-de-los-Polticos\/61565672886568\/","https:\/\/x.com\/LosPoliticosVer"]},{"@type":"Person","@id":"https:\/\/lospoliticosveracruz.com\/#\/schema\/person\/b8702bb0e538456e6efd07080bf2a4a2","name":"Lo viste en Los Pol\u00edticos","image":{"@type":"ImageObject","inLanguage":"es","@id":"https:\/\/secure.gravatar.com\/avatar\/3a8de04a2656d44082be478bd6c086daa447c4651605818287b9532d3d0bd435?s=96&d=mm&r=g","url":"https:\/\/secure.gravatar.com\/avatar\/3a8de04a2656d44082be478bd6c086daa447c4651605818287b9532d3d0bd435?s=96&d=mm&r=g","contentUrl":"https:\/\/secure.gravatar.com\/avatar\/3a8de04a2656d44082be478bd6c086daa447c4651605818287b9532d3d0bd435?s=96&d=mm&r=g","caption":"Lo viste en Los Pol\u00edticos"},"url":"https:\/\/lospoliticosveracruz.com\/?author=2"}]}},"_links":{"self":[{"href":"https:\/\/lospoliticosveracruz.com\/index.php?rest_route=\/wp\/v2\/posts\/116532","targetHints":{"allow":["GET"]}}],"collection":[{"href":"https:\/\/lospoliticosveracruz.com\/index.php?rest_route=\/wp\/v2\/posts"}],"about":[{"href":"https:\/\/lospoliticosveracruz.com\/index.php?rest_route=\/wp\/v2\/types\/post"}],"author":[{"embeddable":true,"href":"https:\/\/lospoliticosveracruz.com\/index.php?rest_route=\/wp\/v2\/users\/2"}],"replies":[{"embeddable":true,"href":"https:\/\/lospoliticosveracruz.com\/index.php?rest_route=%2Fwp%2Fv2%2Fcomments&post=116532"}],"version-history":[{"count":1,"href":"https:\/\/lospoliticosveracruz.com\/index.php?rest_route=\/wp\/v2\/posts\/116532\/revisions"}],"predecessor-version":[{"id":116533,"href":"https:\/\/lospoliticosveracruz.com\/index.php?rest_route=\/wp\/v2\/posts\/116532\/revisions\/116533"}],"wp:attachment":[{"href":"https:\/\/lospoliticosveracruz.com\/index.php?rest_route=%2Fwp%2Fv2%2Fmedia&parent=116532"}],"wp:term":[{"taxonomy":"category","embeddable":true,"href":"https:\/\/lospoliticosveracruz.com\/index.php?rest_route=%2Fwp%2Fv2%2Fcategories&post=116532"},{"taxonomy":"post_tag","embeddable":true,"href":"https:\/\/lospoliticosveracruz.com\/index.php?rest_route=%2Fwp%2Fv2%2Ftags&post=116532"}],"curies":[{"name":"wp","href":"https:\/\/api.w.org\/{rel}","templated":true}]}}