{"id":116602,"date":"2024-01-09T07:03:24","date_gmt":"2024-01-09T13:03:24","guid":{"rendered":"https:\/\/lospoliticosveracruz.com.mx\/?p=116602"},"modified":"2024-01-09T07:05:32","modified_gmt":"2024-01-09T13:05:32","slug":"veracruz-el-ocaso-del-poder","status":"publish","type":"post","link":"https:\/\/lospoliticosveracruz.com\/?p=116602","title":{"rendered":"VERACRUZ, EL OCASO DEL PODER"},"content":{"rendered":"\n<p><strong>Ricardo Chua<\/strong><\/p>\n\n\n\n<p><em>Sale y Vale<\/em><\/p>\n\n\n\n<p>VERACRUZ, EL OCASO DEL PODER.. Lo sucedido el domingo pasado en el municipio de R\u00edo Blanco donde abuchearon al gobernador, Cuitl\u00e1huac Garc\u00eda Jim\u00e9nez, independientemente del motivo.. Queda registrado que esto fue un \u00abgolpe\u00bb a MORENA y a todo lo que representa.. Pese a tener un auditorio controlado por funcionario de este partido, se les sali\u00f3 del control y se manifestaron en contra del gobernador.. Un Cuitl\u00e1huac Garc\u00eda que nunca se caracteriz\u00f3 por tener el control pol\u00edtico.. Ese lo ten\u00eda Eric Cisneros pero ahora \u00e9l ya no est\u00e1..<\/p>\n\n\n\n<p>Ante estos hechos.. Se entiende que Cuitl\u00e1huac no tiene controlado nada.. Ni a su militancia, ni a su partido, ni a su gobierno, menos la campa\u00f1a a gobernador de Veracruz.. Y eso pone en riesgo la continuidad de la 4T y el triunfo de Roc\u00edo Nahle.. Que sin tener nada que ver, ella carga con todo esa \u00ablosa pesada\u00bb llamada Cuitl\u00e1huac Garcia.. Ya que el vac\u00edo de poder en Veracruz en estos 5 a\u00f1os, le empieza a \u00abcobrar la factura\u00bb y si en R\u00edo Blanco se atrevieron a abuchearlo.. No ser\u00e1 el \u00fanico lugar en Veracruz donde esto pase si se presenta Cuitl\u00e1huac..<\/p>\n\n\n\n<p>Es por eso, quiz\u00e1s, que para dejar todo en claro.. Es que se rumora que Claudia Shienbaum viene a cerrar su precampa\u00f1a Presidencial en Veracruz.. Para que coincida con el de Roc\u00edo Nahle y todo se haga en conjunto.. Aprovechando tambi\u00e9n que ahora las encuestas ponen a Nhale por arriba de Pepe Yunes.. Esto es puede que en este momento sea una realidad.. Pero con el \u00ablegado\u00bb de Cuitl\u00e1huac.. Hasta cu\u00e1ndo MORENA podr\u00e1 sostener a Roc\u00edo Nahle.. ESA ES LA DUDA..<\/p>\n\n\n\n<p>Sobre todo por el desgaste de los errores de la improvisaci\u00f3n de 5 a\u00f1os del gobierno de Cuitl\u00e1huac.. Est\u00e1 resultando ser un lastre para Roc\u00edo Nahle, debido al \u00abdesgobierno\u00bb del xalape\u00f1o y de sus improvisaciones.. Junto con los desaciertos en su administraci\u00f3n y las pol\u00edticas p\u00fablicas incorrectas.. Provoca, sin duda, que Nahle sufra m\u00e1s de la cuenta en su carrera a la gubernatura.. Ya que todos los que saben de pol\u00edtica, se\u00f1alan, que pese a los problemas en la oposici\u00f3n en Veracruz.. Pepe Yunes va a \u00abcerrar\u00bb la contienda a gobernador ..<\/p>\n\n\n\n<p>S\u00f3lo basta recordar cada uno de los errores de la administraci\u00f3n de Garc\u00eda Jim\u00e9nez, que han \u00abgolpeado\u00bb la precampa\u00f1a de Nahle. Como el incumplimiento del pago al magisterio veracruzano.. El gravar al sector ganadero, un impuesto local sobre el impuesto federal.. Tanto as\u00ed que los ganaderos se fueron a la Suprema Corte de Justicia de la Naci\u00f3n, y los ministros de la SCJN echaron abajo esta \u00abley ganadera local\u00bb por ser inconstitucional.. Todo eso suma a Pepe y resta a Roc\u00edo.. Ese es el grave problema..<\/p>\n\n\n\n<p>Adem\u00e1s los grandes reclamos en las giras de Nahle.. Son por los niveles de inseguridad que se viven en la entidad.. Y que la sociedad culpa al gobierno estatal.. De los cuales, la propia oposici\u00f3n ha dicho que \u00abmaquilla\u00bb las cifras para mandar los datos al Sistema Nacional de Seguridad P\u00fablica para decir que ha bajado.. Pero entre la poblaci\u00f3n se\u00f1ala que la percepci\u00f3n de inseguridad contin\u00faa alta.. Los secuestros, levantones y todo lo dem\u00e1s en torno a este asunto..<\/p>\n\n\n\n<p>Por ello, muchos del equipo cercano de Roc\u00edo Nahle consideran que el peor \u00ablastre\u00bb para su jefa, es el gobernador, Cuitl\u00e1huac Garc\u00eda.. Y eso fue consignado delante del Presidente, Andr\u00e9s Manuel L\u00f3pez Obrador.. Ah\u00ed est\u00e1 el \u00ababucheo\u00bb en R\u00edo Blanco.. Ahora para desgracia de Cuitl\u00e1huac.. Ya de todo eso, no pueden culpar a Eric Cisneros, de que gracias a \u00e9l, hay este rechazo a su administraci\u00f3n, tampoco pueden culpar a Jorge Winckler.. Ahora si TODO ES CULPA de Cuitl\u00e1huac.. A eso se le llama EL OCASO DEL PODER..<\/p>\n\n\n\n<p>REFLEXI\u00d3N.. Si Roc\u00edo Nahle no toma cartas en el asunto.. Todo esto le puede \u00abreventar\u00bb en la etapa m\u00e1s dif\u00edcil de su campa\u00f1a.. Y ah\u00ed es donde Pepe Yunes le puede dar la vuelta.. Ya que aqu\u00ed con el tema de Cuitl\u00e1huac.. Ya no hay \u00abshow\u00bb, \u00abteatro\u00bb o montaje que valga.. Eso se les acab\u00f3.. La estrategia de la candidata de MORENA tiene que ser distinta.. Para que no la \u00abembarre\u00bb la administraci\u00f3n estatal actual.. Y, quiz\u00e1s, eso provoque que Roc\u00edo empiece a DESMARCARSE de Cuitl\u00e1huac.. No le queda de otra.. Si quiere ganar.. AMEN Y M\u00c1S AMEN..<\/p>\n","protected":false},"excerpt":{"rendered":"<p>Ricardo Chua Sale y Vale VERACRUZ, EL OCASO DEL PODER.. Lo sucedido el domingo pasado en el municipio de R\u00edo Blanco donde abuchearon al gobernador, Cuitl\u00e1huac Garc\u00eda Jim\u00e9nez, independientemente del motivo.. Queda registrado que esto fue un \u00abgolpe\u00bb a MORENA y a todo lo que representa.. Pese a tener un auditorio controlado por funcionario de [&hellip;]<\/p>\n","protected":false},"author":2,"featured_media":0,"comment_status":"closed","ping_status":"closed","sticky":false,"template":"","format":"standard","meta":{"tdm_status":"","tdm_grid_status":"","footnotes":""},"categories":[70],"tags":[618,1563,1026,3578,195],"class_list":{"0":"post-116602","1":"post","2":"type-post","3":"status-publish","4":"format-standard","6":"category-de-opinion","7":"tag-andres-manuel-lopez-obrador","8":"tag-cuitlahuac-garcia-jimenez","9":"tag-morena","10":"tag-rocio-nahle","11":"tag-veracruz"},"yoast_head":"<!-- This site is optimized with the Yoast SEO plugin v27.4 - https:\/\/yoast.com\/product\/yoast-seo-wordpress\/ -->\n<title>VERACRUZ, EL OCASO DEL PODER - Los pol\u00edticos Veracruz<\/title>\n<meta name=\"robots\" content=\"index, follow, max-snippet:-1, max-image-preview:large, max-video-preview:-1\" \/>\n<link rel=\"canonical\" href=\"https:\/\/lospoliticosveracruz.com\/?p=116602\" \/>\n<meta property=\"og:locale\" content=\"es_ES\" \/>\n<meta property=\"og:type\" content=\"article\" \/>\n<meta property=\"og:title\" content=\"VERACRUZ, EL OCASO DEL PODER - Los pol\u00edticos Veracruz\" \/>\n<meta property=\"og:description\" content=\"Ricardo Chua Sale y Vale VERACRUZ, EL OCASO DEL PODER.. Lo sucedido el domingo pasado en el municipio de R\u00edo Blanco donde abuchearon al gobernador, Cuitl\u00e1huac Garc\u00eda Jim\u00e9nez, independientemente del motivo.. Queda registrado que esto fue un \u00abgolpe\u00bb a MORENA y a todo lo que representa.. Pese a tener un auditorio controlado por funcionario de [&hellip;]\" \/>\n<meta property=\"og:url\" content=\"https:\/\/lospoliticosveracruz.com\/?p=116602\" \/>\n<meta property=\"og:site_name\" content=\"Los pol\u00edticos Veracruz\" \/>\n<meta property=\"article:publisher\" content=\"https:\/\/www.facebook.com\/people\/Notimemes-de-los-Polticos\/61565672886568\/\" \/>\n<meta property=\"article:published_time\" content=\"2024-01-09T13:03:24+00:00\" \/>\n<meta property=\"article:modified_time\" content=\"2024-01-09T13:05:32+00:00\" \/>\n<meta property=\"og:image\" content=\"https:\/\/lospoliticosveracruz.com\/wp-content\/uploads\/2016\/07\/Logo-Dor.jpg\" \/>\n\t<meta property=\"og:image:width\" content=\"200\" \/>\n\t<meta property=\"og:image:height\" content=\"200\" \/>\n\t<meta property=\"og:image:type\" content=\"image\/jpeg\" \/>\n<meta name=\"author\" content=\"Lo viste en Los Pol\u00edticos\" \/>\n<meta name=\"twitter:card\" content=\"summary_large_image\" \/>\n<meta name=\"twitter:creator\" content=\"@LosPoliticosVer\" \/>\n<meta name=\"twitter:site\" content=\"@LosPoliticosVer\" \/>\n<meta name=\"twitter:label1\" content=\"Escrito por\" \/>\n\t<meta name=\"twitter:data1\" content=\"Lo viste en Los Pol\u00edticos\" \/>\n\t<meta name=\"twitter:label2\" content=\"Tiempo de lectura\" \/>\n\t<meta name=\"twitter:data2\" content=\"4 minutos\" \/>\n<script type=\"application\/ld+json\" class=\"yoast-schema-graph\">{\"@context\":\"https:\\\/\\\/schema.org\",\"@graph\":[{\"@type\":\"Article\",\"@id\":\"https:\\\/\\\/lospoliticosveracruz.com\\\/?p=116602#article\",\"isPartOf\":{\"@id\":\"https:\\\/\\\/lospoliticosveracruz.com\\\/?p=116602\"},\"author\":{\"name\":\"Lo viste en Los Pol\u00edticos\",\"@id\":\"https:\\\/\\\/lospoliticosveracruz.com\\\/#\\\/schema\\\/person\\\/b8702bb0e538456e6efd07080bf2a4a2\"},\"headline\":\"VERACRUZ, EL OCASO DEL PODER\",\"datePublished\":\"2024-01-09T13:03:24+00:00\",\"dateModified\":\"2024-01-09T13:05:32+00:00\",\"mainEntityOfPage\":{\"@id\":\"https:\\\/\\\/lospoliticosveracruz.com\\\/?p=116602\"},\"wordCount\":792,\"publisher\":{\"@id\":\"https:\\\/\\\/lospoliticosveracruz.com\\\/#organization\"},\"keywords\":[\"Andr\u00e9s Manuel L\u00f3pez Obrador\",\"Cuitl\u00e1huac Garc\u00eda Jim\u00e9nez\",\"Morena\",\"Roc\u00edo Nahle\",\"Veracruz\"],\"articleSection\":[\"De Opini\u00f3n\"],\"inLanguage\":\"es\"},{\"@type\":\"WebPage\",\"@id\":\"https:\\\/\\\/lospoliticosveracruz.com\\\/?p=116602\",\"url\":\"https:\\\/\\\/lospoliticosveracruz.com\\\/?p=116602\",\"name\":\"VERACRUZ, EL OCASO DEL PODER - Los pol\u00edticos Veracruz\",\"isPartOf\":{\"@id\":\"https:\\\/\\\/lospoliticosveracruz.com\\\/#website\"},\"datePublished\":\"2024-01-09T13:03:24+00:00\",\"dateModified\":\"2024-01-09T13:05:32+00:00\",\"breadcrumb\":{\"@id\":\"https:\\\/\\\/lospoliticosveracruz.com\\\/?p=116602#breadcrumb\"},\"inLanguage\":\"es\",\"potentialAction\":[{\"@type\":\"ReadAction\",\"target\":[\"https:\\\/\\\/lospoliticosveracruz.com\\\/?p=116602\"]}]},{\"@type\":\"BreadcrumbList\",\"@id\":\"https:\\\/\\\/lospoliticosveracruz.com\\\/?p=116602#breadcrumb\",\"itemListElement\":[{\"@type\":\"ListItem\",\"position\":1,\"name\":\"Portada\",\"item\":\"https:\\\/\\\/lospoliticosveracruz.com\\\/\"},{\"@type\":\"ListItem\",\"position\":2,\"name\":\"VERACRUZ, EL OCASO DEL PODER\"}]},{\"@type\":\"WebSite\",\"@id\":\"https:\\\/\\\/lospoliticosveracruz.com\\\/#website\",\"url\":\"https:\\\/\\\/lospoliticosveracruz.com\\\/\",\"name\":\"Los pol\u00edticos Veracruz\",\"description\":\"\",\"publisher\":{\"@id\":\"https:\\\/\\\/lospoliticosveracruz.com\\\/#organization\"},\"potentialAction\":[{\"@type\":\"SearchAction\",\"target\":{\"@type\":\"EntryPoint\",\"urlTemplate\":\"https:\\\/\\\/lospoliticosveracruz.com\\\/?s={search_term_string}\"},\"query-input\":{\"@type\":\"PropertyValueSpecification\",\"valueRequired\":true,\"valueName\":\"search_term_string\"}}],\"inLanguage\":\"es\"},{\"@type\":\"Organization\",\"@id\":\"https:\\\/\\\/lospoliticosveracruz.com\\\/#organization\",\"name\":\"Los pol\u00edticos Veracruz\",\"url\":\"https:\\\/\\\/lospoliticosveracruz.com\\\/\",\"logo\":{\"@type\":\"ImageObject\",\"inLanguage\":\"es\",\"@id\":\"https:\\\/\\\/lospoliticosveracruz.com\\\/#\\\/schema\\\/logo\\\/image\\\/\",\"url\":\"https:\\\/\\\/lospoliticosveracruz.com\\\/wp-content\\\/uploads\\\/2025\\\/12\\\/Logo-Nuevo-LOS-POLITICOS-1.jpg\",\"contentUrl\":\"https:\\\/\\\/lospoliticosveracruz.com\\\/wp-content\\\/uploads\\\/2025\\\/12\\\/Logo-Nuevo-LOS-POLITICOS-1.jpg\",\"width\":260,\"height\":70,\"caption\":\"Los pol\u00edticos Veracruz\"},\"image\":{\"@id\":\"https:\\\/\\\/lospoliticosveracruz.com\\\/#\\\/schema\\\/logo\\\/image\\\/\"},\"sameAs\":[\"https:\\\/\\\/www.facebook.com\\\/people\\\/Notimemes-de-los-Polticos\\\/61565672886568\\\/\",\"https:\\\/\\\/x.com\\\/LosPoliticosVer\"]},{\"@type\":\"Person\",\"@id\":\"https:\\\/\\\/lospoliticosveracruz.com\\\/#\\\/schema\\\/person\\\/b8702bb0e538456e6efd07080bf2a4a2\",\"name\":\"Lo viste en Los Pol\u00edticos\",\"image\":{\"@type\":\"ImageObject\",\"inLanguage\":\"es\",\"@id\":\"https:\\\/\\\/secure.gravatar.com\\\/avatar\\\/3a8de04a2656d44082be478bd6c086daa447c4651605818287b9532d3d0bd435?s=96&d=mm&r=g\",\"url\":\"https:\\\/\\\/secure.gravatar.com\\\/avatar\\\/3a8de04a2656d44082be478bd6c086daa447c4651605818287b9532d3d0bd435?s=96&d=mm&r=g\",\"contentUrl\":\"https:\\\/\\\/secure.gravatar.com\\\/avatar\\\/3a8de04a2656d44082be478bd6c086daa447c4651605818287b9532d3d0bd435?s=96&d=mm&r=g\",\"caption\":\"Lo viste en Los Pol\u00edticos\"},\"url\":\"https:\\\/\\\/lospoliticosveracruz.com\\\/?author=2\"}]}<\/script>\n<!-- \/ Yoast SEO plugin. -->","yoast_head_json":{"title":"VERACRUZ, EL OCASO DEL PODER - Los pol\u00edticos Veracruz","robots":{"index":"index","follow":"follow","max-snippet":"max-snippet:-1","max-image-preview":"max-image-preview:large","max-video-preview":"max-video-preview:-1"},"canonical":"https:\/\/lospoliticosveracruz.com\/?p=116602","og_locale":"es_ES","og_type":"article","og_title":"VERACRUZ, EL OCASO DEL PODER - Los pol\u00edticos Veracruz","og_description":"Ricardo Chua Sale y Vale VERACRUZ, EL OCASO DEL PODER.. Lo sucedido el domingo pasado en el municipio de R\u00edo Blanco donde abuchearon al gobernador, Cuitl\u00e1huac Garc\u00eda Jim\u00e9nez, independientemente del motivo.. Queda registrado que esto fue un \u00abgolpe\u00bb a MORENA y a todo lo que representa.. Pese a tener un auditorio controlado por funcionario de [&hellip;]","og_url":"https:\/\/lospoliticosveracruz.com\/?p=116602","og_site_name":"Los pol\u00edticos Veracruz","article_publisher":"https:\/\/www.facebook.com\/people\/Notimemes-de-los-Polticos\/61565672886568\/","article_published_time":"2024-01-09T13:03:24+00:00","article_modified_time":"2024-01-09T13:05:32+00:00","og_image":[{"width":200,"height":200,"url":"https:\/\/lospoliticosveracruz.com\/wp-content\/uploads\/2016\/07\/Logo-Dor.jpg","type":"image\/jpeg"}],"author":"Lo viste en Los Pol\u00edticos","twitter_card":"summary_large_image","twitter_creator":"@LosPoliticosVer","twitter_site":"@LosPoliticosVer","twitter_misc":{"Escrito por":"Lo viste en Los Pol\u00edticos","Tiempo de lectura":"4 minutos"},"schema":{"@context":"https:\/\/schema.org","@graph":[{"@type":"Article","@id":"https:\/\/lospoliticosveracruz.com\/?p=116602#article","isPartOf":{"@id":"https:\/\/lospoliticosveracruz.com\/?p=116602"},"author":{"name":"Lo viste en Los Pol\u00edticos","@id":"https:\/\/lospoliticosveracruz.com\/#\/schema\/person\/b8702bb0e538456e6efd07080bf2a4a2"},"headline":"VERACRUZ, EL OCASO DEL PODER","datePublished":"2024-01-09T13:03:24+00:00","dateModified":"2024-01-09T13:05:32+00:00","mainEntityOfPage":{"@id":"https:\/\/lospoliticosveracruz.com\/?p=116602"},"wordCount":792,"publisher":{"@id":"https:\/\/lospoliticosveracruz.com\/#organization"},"keywords":["Andr\u00e9s Manuel L\u00f3pez Obrador","Cuitl\u00e1huac Garc\u00eda Jim\u00e9nez","Morena","Roc\u00edo Nahle","Veracruz"],"articleSection":["De Opini\u00f3n"],"inLanguage":"es"},{"@type":"WebPage","@id":"https:\/\/lospoliticosveracruz.com\/?p=116602","url":"https:\/\/lospoliticosveracruz.com\/?p=116602","name":"VERACRUZ, EL OCASO DEL PODER - Los pol\u00edticos Veracruz","isPartOf":{"@id":"https:\/\/lospoliticosveracruz.com\/#website"},"datePublished":"2024-01-09T13:03:24+00:00","dateModified":"2024-01-09T13:05:32+00:00","breadcrumb":{"@id":"https:\/\/lospoliticosveracruz.com\/?p=116602#breadcrumb"},"inLanguage":"es","potentialAction":[{"@type":"ReadAction","target":["https:\/\/lospoliticosveracruz.com\/?p=116602"]}]},{"@type":"BreadcrumbList","@id":"https:\/\/lospoliticosveracruz.com\/?p=116602#breadcrumb","itemListElement":[{"@type":"ListItem","position":1,"name":"Portada","item":"https:\/\/lospoliticosveracruz.com\/"},{"@type":"ListItem","position":2,"name":"VERACRUZ, EL OCASO DEL PODER"}]},{"@type":"WebSite","@id":"https:\/\/lospoliticosveracruz.com\/#website","url":"https:\/\/lospoliticosveracruz.com\/","name":"Los pol\u00edticos Veracruz","description":"","publisher":{"@id":"https:\/\/lospoliticosveracruz.com\/#organization"},"potentialAction":[{"@type":"SearchAction","target":{"@type":"EntryPoint","urlTemplate":"https:\/\/lospoliticosveracruz.com\/?s={search_term_string}"},"query-input":{"@type":"PropertyValueSpecification","valueRequired":true,"valueName":"search_term_string"}}],"inLanguage":"es"},{"@type":"Organization","@id":"https:\/\/lospoliticosveracruz.com\/#organization","name":"Los pol\u00edticos Veracruz","url":"https:\/\/lospoliticosveracruz.com\/","logo":{"@type":"ImageObject","inLanguage":"es","@id":"https:\/\/lospoliticosveracruz.com\/#\/schema\/logo\/image\/","url":"https:\/\/lospoliticosveracruz.com\/wp-content\/uploads\/2025\/12\/Logo-Nuevo-LOS-POLITICOS-1.jpg","contentUrl":"https:\/\/lospoliticosveracruz.com\/wp-content\/uploads\/2025\/12\/Logo-Nuevo-LOS-POLITICOS-1.jpg","width":260,"height":70,"caption":"Los pol\u00edticos Veracruz"},"image":{"@id":"https:\/\/lospoliticosveracruz.com\/#\/schema\/logo\/image\/"},"sameAs":["https:\/\/www.facebook.com\/people\/Notimemes-de-los-Polticos\/61565672886568\/","https:\/\/x.com\/LosPoliticosVer"]},{"@type":"Person","@id":"https:\/\/lospoliticosveracruz.com\/#\/schema\/person\/b8702bb0e538456e6efd07080bf2a4a2","name":"Lo viste en Los Pol\u00edticos","image":{"@type":"ImageObject","inLanguage":"es","@id":"https:\/\/secure.gravatar.com\/avatar\/3a8de04a2656d44082be478bd6c086daa447c4651605818287b9532d3d0bd435?s=96&d=mm&r=g","url":"https:\/\/secure.gravatar.com\/avatar\/3a8de04a2656d44082be478bd6c086daa447c4651605818287b9532d3d0bd435?s=96&d=mm&r=g","contentUrl":"https:\/\/secure.gravatar.com\/avatar\/3a8de04a2656d44082be478bd6c086daa447c4651605818287b9532d3d0bd435?s=96&d=mm&r=g","caption":"Lo viste en Los Pol\u00edticos"},"url":"https:\/\/lospoliticosveracruz.com\/?author=2"}]}},"_links":{"self":[{"href":"https:\/\/lospoliticosveracruz.com\/index.php?rest_route=\/wp\/v2\/posts\/116602","targetHints":{"allow":["GET"]}}],"collection":[{"href":"https:\/\/lospoliticosveracruz.com\/index.php?rest_route=\/wp\/v2\/posts"}],"about":[{"href":"https:\/\/lospoliticosveracruz.com\/index.php?rest_route=\/wp\/v2\/types\/post"}],"author":[{"embeddable":true,"href":"https:\/\/lospoliticosveracruz.com\/index.php?rest_route=\/wp\/v2\/users\/2"}],"replies":[{"embeddable":true,"href":"https:\/\/lospoliticosveracruz.com\/index.php?rest_route=%2Fwp%2Fv2%2Fcomments&post=116602"}],"version-history":[{"count":1,"href":"https:\/\/lospoliticosveracruz.com\/index.php?rest_route=\/wp\/v2\/posts\/116602\/revisions"}],"predecessor-version":[{"id":116603,"href":"https:\/\/lospoliticosveracruz.com\/index.php?rest_route=\/wp\/v2\/posts\/116602\/revisions\/116603"}],"wp:attachment":[{"href":"https:\/\/lospoliticosveracruz.com\/index.php?rest_route=%2Fwp%2Fv2%2Fmedia&parent=116602"}],"wp:term":[{"taxonomy":"category","embeddable":true,"href":"https:\/\/lospoliticosveracruz.com\/index.php?rest_route=%2Fwp%2Fv2%2Fcategories&post=116602"},{"taxonomy":"post_tag","embeddable":true,"href":"https:\/\/lospoliticosveracruz.com\/index.php?rest_route=%2Fwp%2Fv2%2Ftags&post=116602"}],"curies":[{"name":"wp","href":"https:\/\/api.w.org\/{rel}","templated":true}]}}