{"id":116605,"date":"2024-01-09T07:59:19","date_gmt":"2024-01-09T13:59:19","guid":{"rendered":"https:\/\/lospoliticosveracruz.com.mx\/?p=116605"},"modified":"2024-01-09T07:59:32","modified_gmt":"2024-01-09T13:59:32","slug":"como-gata-boca-arriba","status":"publish","type":"post","link":"https:\/\/lospoliticosveracruz.com\/?p=116605","title":{"rendered":"C\u00d3MO GATA BOCA ARRIBA"},"content":{"rendered":"\n<p><strong>Oved Contreras<br><\/strong><em>Secas Mecas<br><\/em>As\u00ed habr\u00e1 estado el berrinche por la rechifla que le pegaron delante del presidente Andr\u00e9s Manuel L\u00f3pez Obrador en R\u00edo Blanco, que hasta madrug\u00f3 Cuitl\u00e1huac Garc\u00eda, cit\u00f3 a las 7 de la ma\u00f1ana de ayer lunes a los medios para\u2026nada, s\u00f3lo para su perorata de siempre y para decir que la rechifla es porque \u00abes honesto\u00bb.<\/p>\n\n\n<div class=\"wp-block-image\">\n<figure class=\"alignleft size-medium\"><a href=\"https:\/\/lospoliticosveracruz.com.mx\/wp-content\/uploads\/2021\/10\/Zacauilt.jpg\"><img decoding=\"async\" src=\"https:\/\/lospoliticosveracruz.com.mx\/wp-content\/uploads\/2021\/10\/Zacauilt-150x300.jpg\" alt=\"\" class=\"wp-image-80558\"\/><\/a><\/figure>\n<\/div>\n\n\n<p>Obvio no hace autocr\u00edtica ni reflexi\u00f3n sobre las manifestaciones p\u00fablicas en su contra y enseguida le saca la vuelta que lo abuchearon quienes no lo quieren \u00f3sea los opositores y que todo tiene un trasfondo electoral pero de su mal gobierno nada dice, es puro echarle la culpa a los corruptos de enfrente.<\/p>\n\n\n\n<p>\u201cYa estamos en&nbsp;\u00e9poca electoral, ya va a ser muy dif\u00edcil evitar que se exprese alguien. Nosotros tenemos que garantizar la libertad\u201d, justific\u00f3 en su conferencia de prensa del lunes, y agreg\u00f3 que cualquier ciudadano puede diferir de \u00e9l, pero asegur\u00f3 que jam\u00e1s lo van a poder acusar de corrupto como quienes lo antecedieron.<\/p>\n\n\n\n<p>Se llev\u00f3 m\u00e1s de 15 minutos para explicar la corrupci\u00f3n de sus antecesores: \u201cLlevo ya en el ejercicio p\u00fablico 3 a\u00f1os como diputado, cinco a\u00f1os como gobernador y no gozo ni de avi\u00f3n privado, ni de yate, ni de una mansi\u00f3n en la Riviera, mucho menos tengo en Miami, en Estados Unidos, en las zonas m\u00e1s elitistas de Canc\u00fan\u201d.<\/p>\n\n\n\n<p>Pues solo de eso puede presumir Cuitl\u00e1huac Garc\u00eda porque de su incapacidad para gobernar y atender los principales problemas del estado, nada dijo, y los abucheos vienen porque la gente ya le perdi\u00f3 el respeto y saben que ya comenz\u00f3 la cuenta regresiva para que se vaya\u2026si no hizo nada en cinco a\u00f1os con todo el apoyo presidencial, menos lo har\u00e1 en los meses que le restan de gobierno\u2026es el ocaso de un gobierno gris e incompetente que gener\u00f3 muchas expectativas pero que al final de cuentas no resolvi\u00f3 nada.<\/p>\n\n\n\n<p>QUITAN A VELIA\u2026Velia Rodr\u00edguez No\u00e9 dej\u00f3 de ser la vocera del Ayuntamiento de C\u00f3rdoba y dicen que su lugar ser\u00e1 ocupado por Lety Silva que dejar\u00eda su chamba en Radio Televisi\u00f3n de Veracruz en Xalapa para irse a radicar a la ciudad de los 30 Caballeros\u2026dicen que Lety ya andaba hasta el gorro del desmadre que se traen en la televisora estatal.<\/p>\n\n\n\n<p>A solicitud del unido gremio period\u00edstico de C\u00f3rdoba al alcalde Juan Mart\u00ednez Flores, a partir de esta semana la Direcci\u00f3n de Comunicaci\u00f3n Social del Ayuntamiento estar\u00e1 a cargo de la periodista xalape\u00f1a Leticia Silva Sosa, quien laboraba en RTV y desde el viernes ya recibi\u00f3 su nombramiento, luego de que en el pasado desayuno del D\u00eda del Periodista los representantes de las asociaciones de periodistas de C\u00f3rdoba que desayunaron con las autoridades municipales, solicitaron el cambio en Comunicaci\u00f3n Social, seg\u00fan se conoci\u00f3.<\/p>\n\n\n\n<p>Cuentan que la anterior vocera de C\u00f3rdoba sali\u00f3 encabronada con el alcalde por la falta de apoyo y de di\u00e1logo para sacar su chamba, que incluso difundi\u00f3 en redes sociales una carta de renuncia donde enojada llama al alcalde Juan Mart\u00ednez a \u201cretomar el camino del voto de la esperanza\u201d. Dicen que Velia lleg\u00f3 al encargo por pertenecer al grupo pol\u00edtico del priista Marco Aguilar Yunes.<\/p>\n\n\n\n<p>Se desconocen los motivos para que el alcalde haya apretado a Velia Rodriguez para que renunciara pero definitivamente las formas no son las correctas y solo demuestra lo guarros que son estos fulanos de la Cuatrot\u00e9 en la tierra del Malvado Doctor Tocino.<\/p>\n\n\n\n<p>EXHIBEN A LA FISCALA\u2026otra vez la Comisi\u00f3n Nacional de Derechos Humanos (CNDH) volvi\u00f3 a exhibir el mal trabajo que realiza la Fiscal\u00eda del Estado a cargo de Ver\u00f3nica Hern\u00e1ndez Giad\u00e1ns, y le pide aceptar una recomendaci\u00f3n de su similar estatal relacionada con omisiones y la dilaci\u00f3n en la investigaci\u00f3n de 2 personas desaparecidas.<\/p>\n\n\n\n<p>Mediante su comunicado DGDDH\/005\/2024, la CNDH se\u00f1ala que la suma de periodos de inactividad en la carpeta de investigaci\u00f3n ha sido aproximadamente de 2 a\u00f1os 11 meses 21 d\u00edas sin diligencias sustantivas que llevaran al objetivo de encontrar a las v\u00edctimas.<\/p>\n\n\n\n<p>Para el organismo nacional, la negativa de la Fiscal\u00eda constituye violaciones los derechos humanos al acceso a la justicia en su modalidad de procuraci\u00f3n de justicia la verdad y el derecho de toda persona a ser buscada. Se detalla que el 19 de febrero de 2020 se present\u00f3 una queja ante la CEDH en contra de la Fiscal\u00eda de Veracruz por dilaciones en la investigaci\u00f3n de la desaparici\u00f3n forzada de 2 personas, por lo que la Comisi\u00f3n Estatal solicit\u00f3 informaci\u00f3n al respecto de dicho organismo, encontr\u00e1ndose con la desatenci\u00f3n de la petici\u00f3n.<\/p>\n\n\n\n<p>Al no aceptar ni atender las peticiones del Ombudsman nacional y estatal, solo demuestran el desprecio que siente Ver\u00f3nica Hern\u00e1ndez para proteger los derechos humanos, y recae en incumplimientos de un deber legal porque sabe que no habr\u00e1 consecuencias, que habr\u00e1 impunidad en su actuar\u2026la \u00faltima vez que la CNDH intent\u00f3 obligarla a que compareciera ante el Senado para que explicara los motivos para no aceptar una recomendaci\u00f3n, los legisladores de Morena se ausentaron para que no hubiera quorum y se desechara su presentaci\u00f3n\u2026do\u00f1a Ver\u00f3nica al igual su patr\u00f3n Cuitl\u00e1huac se sienten protegidos y al final de cuentas todo esto genera impunidad.<\/p>\n","protected":false},"excerpt":{"rendered":"<p>Oved ContrerasSecas MecasAs\u00ed habr\u00e1 estado el berrinche por la rechifla que le pegaron delante del presidente Andr\u00e9s Manuel L\u00f3pez Obrador en R\u00edo Blanco, que hasta madrug\u00f3 Cuitl\u00e1huac Garc\u00eda, cit\u00f3 a las 7 de la ma\u00f1ana de ayer lunes a los medios para\u2026nada, s\u00f3lo para su perorata de siempre y para decir que la rechifla es [&hellip;]<\/p>\n","protected":false},"author":2,"featured_media":0,"comment_status":"closed","ping_status":"closed","sticky":false,"template":"","format":"standard","meta":{"tdm_status":"","tdm_grid_status":"","footnotes":""},"categories":[70],"tags":[1563,1026,195],"class_list":{"0":"post-116605","1":"post","2":"type-post","3":"status-publish","4":"format-standard","6":"category-de-opinion","7":"tag-cuitlahuac-garcia-jimenez","8":"tag-morena","9":"tag-veracruz"},"yoast_head":"<!-- This site is optimized with the Yoast SEO plugin v27.4 - https:\/\/yoast.com\/product\/yoast-seo-wordpress\/ -->\n<title>C\u00d3MO GATA BOCA ARRIBA - Los pol\u00edticos Veracruz<\/title>\n<meta name=\"robots\" content=\"index, follow, max-snippet:-1, max-image-preview:large, max-video-preview:-1\" \/>\n<link rel=\"canonical\" href=\"https:\/\/lospoliticosveracruz.com\/?p=116605\" \/>\n<meta property=\"og:locale\" content=\"es_ES\" \/>\n<meta property=\"og:type\" content=\"article\" \/>\n<meta property=\"og:title\" content=\"C\u00d3MO GATA BOCA ARRIBA - Los pol\u00edticos Veracruz\" \/>\n<meta property=\"og:description\" content=\"Oved ContrerasSecas MecasAs\u00ed habr\u00e1 estado el berrinche por la rechifla que le pegaron delante del presidente Andr\u00e9s Manuel L\u00f3pez Obrador en R\u00edo Blanco, que hasta madrug\u00f3 Cuitl\u00e1huac Garc\u00eda, cit\u00f3 a las 7 de la ma\u00f1ana de ayer lunes a los medios para\u2026nada, s\u00f3lo para su perorata de siempre y para decir que la rechifla es [&hellip;]\" \/>\n<meta property=\"og:url\" content=\"https:\/\/lospoliticosveracruz.com\/?p=116605\" \/>\n<meta property=\"og:site_name\" content=\"Los pol\u00edticos Veracruz\" \/>\n<meta property=\"article:publisher\" content=\"https:\/\/www.facebook.com\/people\/Notimemes-de-los-Polticos\/61565672886568\/\" \/>\n<meta property=\"article:published_time\" content=\"2024-01-09T13:59:19+00:00\" \/>\n<meta property=\"article:modified_time\" content=\"2024-01-09T13:59:32+00:00\" \/>\n<meta property=\"og:image\" content=\"https:\/\/lospoliticosveracruz.com.mx\/wp-content\/uploads\/2021\/10\/Zacauilt-150x300.jpg\" \/>\n<meta name=\"author\" content=\"Lo viste en Los Pol\u00edticos\" \/>\n<meta name=\"twitter:card\" content=\"summary_large_image\" \/>\n<meta name=\"twitter:creator\" content=\"@LosPoliticosVer\" \/>\n<meta name=\"twitter:site\" content=\"@LosPoliticosVer\" \/>\n<meta name=\"twitter:label1\" content=\"Escrito por\" \/>\n\t<meta name=\"twitter:data1\" content=\"Lo viste en Los Pol\u00edticos\" \/>\n\t<meta name=\"twitter:label2\" content=\"Tiempo de lectura\" \/>\n\t<meta name=\"twitter:data2\" content=\"5 minutos\" \/>\n<script type=\"application\/ld+json\" class=\"yoast-schema-graph\">{\"@context\":\"https:\\\/\\\/schema.org\",\"@graph\":[{\"@type\":\"Article\",\"@id\":\"https:\\\/\\\/lospoliticosveracruz.com\\\/?p=116605#article\",\"isPartOf\":{\"@id\":\"https:\\\/\\\/lospoliticosveracruz.com\\\/?p=116605\"},\"author\":{\"name\":\"Lo viste en Los Pol\u00edticos\",\"@id\":\"https:\\\/\\\/lospoliticosveracruz.com\\\/#\\\/schema\\\/person\\\/b8702bb0e538456e6efd07080bf2a4a2\"},\"headline\":\"C\u00d3MO GATA BOCA ARRIBA\",\"datePublished\":\"2024-01-09T13:59:19+00:00\",\"dateModified\":\"2024-01-09T13:59:32+00:00\",\"mainEntityOfPage\":{\"@id\":\"https:\\\/\\\/lospoliticosveracruz.com\\\/?p=116605\"},\"wordCount\":933,\"publisher\":{\"@id\":\"https:\\\/\\\/lospoliticosveracruz.com\\\/#organization\"},\"image\":{\"@id\":\"https:\\\/\\\/lospoliticosveracruz.com\\\/?p=116605#primaryimage\"},\"thumbnailUrl\":\"https:\\\/\\\/lospoliticosveracruz.com.mx\\\/wp-content\\\/uploads\\\/2021\\\/10\\\/Zacauilt-150x300.jpg\",\"keywords\":[\"Cuitl\u00e1huac Garc\u00eda Jim\u00e9nez\",\"Morena\",\"Veracruz\"],\"articleSection\":[\"De Opini\u00f3n\"],\"inLanguage\":\"es\"},{\"@type\":\"WebPage\",\"@id\":\"https:\\\/\\\/lospoliticosveracruz.com\\\/?p=116605\",\"url\":\"https:\\\/\\\/lospoliticosveracruz.com\\\/?p=116605\",\"name\":\"C\u00d3MO GATA BOCA ARRIBA - Los pol\u00edticos Veracruz\",\"isPartOf\":{\"@id\":\"https:\\\/\\\/lospoliticosveracruz.com\\\/#website\"},\"primaryImageOfPage\":{\"@id\":\"https:\\\/\\\/lospoliticosveracruz.com\\\/?p=116605#primaryimage\"},\"image\":{\"@id\":\"https:\\\/\\\/lospoliticosveracruz.com\\\/?p=116605#primaryimage\"},\"thumbnailUrl\":\"https:\\\/\\\/lospoliticosveracruz.com.mx\\\/wp-content\\\/uploads\\\/2021\\\/10\\\/Zacauilt-150x300.jpg\",\"datePublished\":\"2024-01-09T13:59:19+00:00\",\"dateModified\":\"2024-01-09T13:59:32+00:00\",\"breadcrumb\":{\"@id\":\"https:\\\/\\\/lospoliticosveracruz.com\\\/?p=116605#breadcrumb\"},\"inLanguage\":\"es\",\"potentialAction\":[{\"@type\":\"ReadAction\",\"target\":[\"https:\\\/\\\/lospoliticosveracruz.com\\\/?p=116605\"]}]},{\"@type\":\"ImageObject\",\"inLanguage\":\"es\",\"@id\":\"https:\\\/\\\/lospoliticosveracruz.com\\\/?p=116605#primaryimage\",\"url\":\"https:\\\/\\\/lospoliticosveracruz.com.mx\\\/wp-content\\\/uploads\\\/2021\\\/10\\\/Zacauilt-150x300.jpg\",\"contentUrl\":\"https:\\\/\\\/lospoliticosveracruz.com.mx\\\/wp-content\\\/uploads\\\/2021\\\/10\\\/Zacauilt-150x300.jpg\"},{\"@type\":\"BreadcrumbList\",\"@id\":\"https:\\\/\\\/lospoliticosveracruz.com\\\/?p=116605#breadcrumb\",\"itemListElement\":[{\"@type\":\"ListItem\",\"position\":1,\"name\":\"Portada\",\"item\":\"https:\\\/\\\/lospoliticosveracruz.com\\\/\"},{\"@type\":\"ListItem\",\"position\":2,\"name\":\"C\u00d3MO GATA BOCA ARRIBA\"}]},{\"@type\":\"WebSite\",\"@id\":\"https:\\\/\\\/lospoliticosveracruz.com\\\/#website\",\"url\":\"https:\\\/\\\/lospoliticosveracruz.com\\\/\",\"name\":\"Los pol\u00edticos Veracruz\",\"description\":\"\",\"publisher\":{\"@id\":\"https:\\\/\\\/lospoliticosveracruz.com\\\/#organization\"},\"potentialAction\":[{\"@type\":\"SearchAction\",\"target\":{\"@type\":\"EntryPoint\",\"urlTemplate\":\"https:\\\/\\\/lospoliticosveracruz.com\\\/?s={search_term_string}\"},\"query-input\":{\"@type\":\"PropertyValueSpecification\",\"valueRequired\":true,\"valueName\":\"search_term_string\"}}],\"inLanguage\":\"es\"},{\"@type\":\"Organization\",\"@id\":\"https:\\\/\\\/lospoliticosveracruz.com\\\/#organization\",\"name\":\"Los pol\u00edticos Veracruz\",\"url\":\"https:\\\/\\\/lospoliticosveracruz.com\\\/\",\"logo\":{\"@type\":\"ImageObject\",\"inLanguage\":\"es\",\"@id\":\"https:\\\/\\\/lospoliticosveracruz.com\\\/#\\\/schema\\\/logo\\\/image\\\/\",\"url\":\"https:\\\/\\\/lospoliticosveracruz.com\\\/wp-content\\\/uploads\\\/2025\\\/12\\\/Logo-Nuevo-LOS-POLITICOS-1.jpg\",\"contentUrl\":\"https:\\\/\\\/lospoliticosveracruz.com\\\/wp-content\\\/uploads\\\/2025\\\/12\\\/Logo-Nuevo-LOS-POLITICOS-1.jpg\",\"width\":260,\"height\":70,\"caption\":\"Los pol\u00edticos Veracruz\"},\"image\":{\"@id\":\"https:\\\/\\\/lospoliticosveracruz.com\\\/#\\\/schema\\\/logo\\\/image\\\/\"},\"sameAs\":[\"https:\\\/\\\/www.facebook.com\\\/people\\\/Notimemes-de-los-Polticos\\\/61565672886568\\\/\",\"https:\\\/\\\/x.com\\\/LosPoliticosVer\"]},{\"@type\":\"Person\",\"@id\":\"https:\\\/\\\/lospoliticosveracruz.com\\\/#\\\/schema\\\/person\\\/b8702bb0e538456e6efd07080bf2a4a2\",\"name\":\"Lo viste en Los Pol\u00edticos\",\"image\":{\"@type\":\"ImageObject\",\"inLanguage\":\"es\",\"@id\":\"https:\\\/\\\/secure.gravatar.com\\\/avatar\\\/3a8de04a2656d44082be478bd6c086daa447c4651605818287b9532d3d0bd435?s=96&d=mm&r=g\",\"url\":\"https:\\\/\\\/secure.gravatar.com\\\/avatar\\\/3a8de04a2656d44082be478bd6c086daa447c4651605818287b9532d3d0bd435?s=96&d=mm&r=g\",\"contentUrl\":\"https:\\\/\\\/secure.gravatar.com\\\/avatar\\\/3a8de04a2656d44082be478bd6c086daa447c4651605818287b9532d3d0bd435?s=96&d=mm&r=g\",\"caption\":\"Lo viste en Los Pol\u00edticos\"},\"url\":\"https:\\\/\\\/lospoliticosveracruz.com\\\/?author=2\"}]}<\/script>\n<!-- \/ Yoast SEO plugin. -->","yoast_head_json":{"title":"C\u00d3MO GATA BOCA ARRIBA - Los pol\u00edticos Veracruz","robots":{"index":"index","follow":"follow","max-snippet":"max-snippet:-1","max-image-preview":"max-image-preview:large","max-video-preview":"max-video-preview:-1"},"canonical":"https:\/\/lospoliticosveracruz.com\/?p=116605","og_locale":"es_ES","og_type":"article","og_title":"C\u00d3MO GATA BOCA ARRIBA - Los pol\u00edticos Veracruz","og_description":"Oved ContrerasSecas MecasAs\u00ed habr\u00e1 estado el berrinche por la rechifla que le pegaron delante del presidente Andr\u00e9s Manuel L\u00f3pez Obrador en R\u00edo Blanco, que hasta madrug\u00f3 Cuitl\u00e1huac Garc\u00eda, cit\u00f3 a las 7 de la ma\u00f1ana de ayer lunes a los medios para\u2026nada, s\u00f3lo para su perorata de siempre y para decir que la rechifla es [&hellip;]","og_url":"https:\/\/lospoliticosveracruz.com\/?p=116605","og_site_name":"Los pol\u00edticos Veracruz","article_publisher":"https:\/\/www.facebook.com\/people\/Notimemes-de-los-Polticos\/61565672886568\/","article_published_time":"2024-01-09T13:59:19+00:00","article_modified_time":"2024-01-09T13:59:32+00:00","og_image":[{"url":"https:\/\/lospoliticosveracruz.com.mx\/wp-content\/uploads\/2021\/10\/Zacauilt-150x300.jpg","type":"","width":"","height":""}],"author":"Lo viste en Los Pol\u00edticos","twitter_card":"summary_large_image","twitter_creator":"@LosPoliticosVer","twitter_site":"@LosPoliticosVer","twitter_misc":{"Escrito por":"Lo viste en Los Pol\u00edticos","Tiempo de lectura":"5 minutos"},"schema":{"@context":"https:\/\/schema.org","@graph":[{"@type":"Article","@id":"https:\/\/lospoliticosveracruz.com\/?p=116605#article","isPartOf":{"@id":"https:\/\/lospoliticosveracruz.com\/?p=116605"},"author":{"name":"Lo viste en Los Pol\u00edticos","@id":"https:\/\/lospoliticosveracruz.com\/#\/schema\/person\/b8702bb0e538456e6efd07080bf2a4a2"},"headline":"C\u00d3MO GATA BOCA ARRIBA","datePublished":"2024-01-09T13:59:19+00:00","dateModified":"2024-01-09T13:59:32+00:00","mainEntityOfPage":{"@id":"https:\/\/lospoliticosveracruz.com\/?p=116605"},"wordCount":933,"publisher":{"@id":"https:\/\/lospoliticosveracruz.com\/#organization"},"image":{"@id":"https:\/\/lospoliticosveracruz.com\/?p=116605#primaryimage"},"thumbnailUrl":"https:\/\/lospoliticosveracruz.com.mx\/wp-content\/uploads\/2021\/10\/Zacauilt-150x300.jpg","keywords":["Cuitl\u00e1huac Garc\u00eda Jim\u00e9nez","Morena","Veracruz"],"articleSection":["De Opini\u00f3n"],"inLanguage":"es"},{"@type":"WebPage","@id":"https:\/\/lospoliticosveracruz.com\/?p=116605","url":"https:\/\/lospoliticosveracruz.com\/?p=116605","name":"C\u00d3MO GATA BOCA ARRIBA - Los pol\u00edticos Veracruz","isPartOf":{"@id":"https:\/\/lospoliticosveracruz.com\/#website"},"primaryImageOfPage":{"@id":"https:\/\/lospoliticosveracruz.com\/?p=116605#primaryimage"},"image":{"@id":"https:\/\/lospoliticosveracruz.com\/?p=116605#primaryimage"},"thumbnailUrl":"https:\/\/lospoliticosveracruz.com.mx\/wp-content\/uploads\/2021\/10\/Zacauilt-150x300.jpg","datePublished":"2024-01-09T13:59:19+00:00","dateModified":"2024-01-09T13:59:32+00:00","breadcrumb":{"@id":"https:\/\/lospoliticosveracruz.com\/?p=116605#breadcrumb"},"inLanguage":"es","potentialAction":[{"@type":"ReadAction","target":["https:\/\/lospoliticosveracruz.com\/?p=116605"]}]},{"@type":"ImageObject","inLanguage":"es","@id":"https:\/\/lospoliticosveracruz.com\/?p=116605#primaryimage","url":"https:\/\/lospoliticosveracruz.com.mx\/wp-content\/uploads\/2021\/10\/Zacauilt-150x300.jpg","contentUrl":"https:\/\/lospoliticosveracruz.com.mx\/wp-content\/uploads\/2021\/10\/Zacauilt-150x300.jpg"},{"@type":"BreadcrumbList","@id":"https:\/\/lospoliticosveracruz.com\/?p=116605#breadcrumb","itemListElement":[{"@type":"ListItem","position":1,"name":"Portada","item":"https:\/\/lospoliticosveracruz.com\/"},{"@type":"ListItem","position":2,"name":"C\u00d3MO GATA BOCA ARRIBA"}]},{"@type":"WebSite","@id":"https:\/\/lospoliticosveracruz.com\/#website","url":"https:\/\/lospoliticosveracruz.com\/","name":"Los pol\u00edticos Veracruz","description":"","publisher":{"@id":"https:\/\/lospoliticosveracruz.com\/#organization"},"potentialAction":[{"@type":"SearchAction","target":{"@type":"EntryPoint","urlTemplate":"https:\/\/lospoliticosveracruz.com\/?s={search_term_string}"},"query-input":{"@type":"PropertyValueSpecification","valueRequired":true,"valueName":"search_term_string"}}],"inLanguage":"es"},{"@type":"Organization","@id":"https:\/\/lospoliticosveracruz.com\/#organization","name":"Los pol\u00edticos Veracruz","url":"https:\/\/lospoliticosveracruz.com\/","logo":{"@type":"ImageObject","inLanguage":"es","@id":"https:\/\/lospoliticosveracruz.com\/#\/schema\/logo\/image\/","url":"https:\/\/lospoliticosveracruz.com\/wp-content\/uploads\/2025\/12\/Logo-Nuevo-LOS-POLITICOS-1.jpg","contentUrl":"https:\/\/lospoliticosveracruz.com\/wp-content\/uploads\/2025\/12\/Logo-Nuevo-LOS-POLITICOS-1.jpg","width":260,"height":70,"caption":"Los pol\u00edticos Veracruz"},"image":{"@id":"https:\/\/lospoliticosveracruz.com\/#\/schema\/logo\/image\/"},"sameAs":["https:\/\/www.facebook.com\/people\/Notimemes-de-los-Polticos\/61565672886568\/","https:\/\/x.com\/LosPoliticosVer"]},{"@type":"Person","@id":"https:\/\/lospoliticosveracruz.com\/#\/schema\/person\/b8702bb0e538456e6efd07080bf2a4a2","name":"Lo viste en Los Pol\u00edticos","image":{"@type":"ImageObject","inLanguage":"es","@id":"https:\/\/secure.gravatar.com\/avatar\/3a8de04a2656d44082be478bd6c086daa447c4651605818287b9532d3d0bd435?s=96&d=mm&r=g","url":"https:\/\/secure.gravatar.com\/avatar\/3a8de04a2656d44082be478bd6c086daa447c4651605818287b9532d3d0bd435?s=96&d=mm&r=g","contentUrl":"https:\/\/secure.gravatar.com\/avatar\/3a8de04a2656d44082be478bd6c086daa447c4651605818287b9532d3d0bd435?s=96&d=mm&r=g","caption":"Lo viste en Los Pol\u00edticos"},"url":"https:\/\/lospoliticosveracruz.com\/?author=2"}]}},"_links":{"self":[{"href":"https:\/\/lospoliticosveracruz.com\/index.php?rest_route=\/wp\/v2\/posts\/116605","targetHints":{"allow":["GET"]}}],"collection":[{"href":"https:\/\/lospoliticosveracruz.com\/index.php?rest_route=\/wp\/v2\/posts"}],"about":[{"href":"https:\/\/lospoliticosveracruz.com\/index.php?rest_route=\/wp\/v2\/types\/post"}],"author":[{"embeddable":true,"href":"https:\/\/lospoliticosveracruz.com\/index.php?rest_route=\/wp\/v2\/users\/2"}],"replies":[{"embeddable":true,"href":"https:\/\/lospoliticosveracruz.com\/index.php?rest_route=%2Fwp%2Fv2%2Fcomments&post=116605"}],"version-history":[{"count":1,"href":"https:\/\/lospoliticosveracruz.com\/index.php?rest_route=\/wp\/v2\/posts\/116605\/revisions"}],"predecessor-version":[{"id":116606,"href":"https:\/\/lospoliticosveracruz.com\/index.php?rest_route=\/wp\/v2\/posts\/116605\/revisions\/116606"}],"wp:attachment":[{"href":"https:\/\/lospoliticosveracruz.com\/index.php?rest_route=%2Fwp%2Fv2%2Fmedia&parent=116605"}],"wp:term":[{"taxonomy":"category","embeddable":true,"href":"https:\/\/lospoliticosveracruz.com\/index.php?rest_route=%2Fwp%2Fv2%2Fcategories&post=116605"},{"taxonomy":"post_tag","embeddable":true,"href":"https:\/\/lospoliticosveracruz.com\/index.php?rest_route=%2Fwp%2Fv2%2Ftags&post=116605"}],"curies":[{"name":"wp","href":"https:\/\/api.w.org\/{rel}","templated":true}]}}