{"id":116642,"date":"2024-01-10T07:47:49","date_gmt":"2024-01-10T13:47:49","guid":{"rendered":"https:\/\/lospoliticosveracruz.com.mx\/?p=116642"},"modified":"2024-01-10T07:47:57","modified_gmt":"2024-01-10T13:47:57","slug":"el-desaire-zacatecano","status":"publish","type":"post","link":"https:\/\/lospoliticosveracruz.com\/?p=116642","title":{"rendered":"EL DESAIRE ZACATECANO"},"content":{"rendered":"\n<p><strong>Oved Contreras<\/strong><\/p>\n\n\n\n<p><em>Secas Mecas<\/em><\/p>\n\n\n\n<p>Ayer desayun\u00f3 gallo la zacatecana Roc\u00edo Nahle y poco le import\u00f3 que los reporteros la esperaron casi una hora en una reuni\u00f3n que tendr\u00eda con el consejo coordinador empresarial, para poder entrevistarla y no se quiso parar\u2026se excus\u00f3 que era una reuni\u00f3n privada y que ellos no hab\u00edan convocado prensa, o sea\u00a0\u00a0que la culpa fue de los reporteros por ir a un evento donde no fueron invitados.<\/p>\n\n\n<div class=\"wp-block-image\">\n<figure class=\"alignleft size-full is-resized\"><a href=\"https:\/\/lospoliticosveracruz.com.mx\/wp-content\/uploads\/2023\/02\/Vinissimo.jpg\"><img decoding=\"async\" src=\"https:\/\/lospoliticosveracruz.com.mx\/wp-content\/uploads\/2023\/02\/Vinissimo.jpg\" alt=\"\" class=\"wp-image-102752\" style=\"width:146px;height:auto\"\/><\/a><\/figure>\n<\/div>\n\n\n<p>\u00bfQu\u00e9 la puso de malas que por nada del mundo quiso pararse y qu\u00e9 le iban a preguntar los reporteros que pudiera evidenciarla? De manera prepotente evit\u00f3 a los medios siempre con el argumento de que era una reuni\u00f3n privada. El staff de la zacatecana encabezado por su jefa de prensa, se apoderaron del acceso al edificio sede donde se llev\u00f3 a cabo la reuni\u00f3n con los empresarios para impedir que los periodistas pudieran incomodar a la precandidata morenista al gobierno estatal.<\/p>\n\n\n\n<p>Y eso que dicen que lleva 25 puntos de ventaja en las preferencias para la elecci\u00f3n de gobernador\u2026andan soberbios desde ahora, no ocultan su desprecio por la prensa y andan en precampa\u00f1a\u2026los escribientes de la zacatecana dicen ahora que se trat\u00f3 de una \u201cemboscada\u201d para hacer quedar mal a la zacatecana pero que ella no se deja intimidar con la prensa que cuestiona\u2026pues ese periodismo necesitamos: el que pregunta, cuestiona, revisa y no el zalamero que est\u00e1 a las \u00f3rdenes del gobernante en turno, ese no le sirve a la sociedad y, con toda la pena, pero habr\u00e1 m\u00e1s d\u00edas de cuestionamientos a esta persona que no es veracruzana, que aspira ser gobernadora de Veracruz pero no se quiere detener para una entrevista\u2026ni que fueran a preguntarle del despilfarro de recursos en Dos Bocas.<\/p>\n\n\n\n<p>LE PARTEN ROSCA A DORHENY\u2026la Coparmex de Xalapa, presidida por Juan Carlos D\u00edaz Morante, convoc\u00f3 a diversas c\u00e1maras empresariales, asociaciones y autoridades del Gobierno Estatal y Municipal para compartir una Rosca de Reyes. Ah\u00ed, Enrique Nach\u00f3n Garc\u00eda, secretario de Desarrollo Econ\u00f3mico del Estado, expuso el gran inter\u00e9s y la encomienda que tiene para impulsar y desarrollar proyectos que beneficien a los diversos sectores, de la mano de las distintas dependencias gubernamentales.<\/p>\n\n\n\n<p>La convocatoria de D\u00edaz Morante sirvi\u00f3 para dejar en claro la importancia de fomentar y fortalecer el desarrollo econ\u00f3mico de Veracruz en un trabajo estrat\u00e9gico y coordinado entre iniciativa privada y gobiernos, resaltando que la diversidad de ideas y convicciones no debe de ser obst\u00e1culo para la generaci\u00f3n de proyectos en com\u00fan que fortalezcan el crecimiento de Veracruz, espec\u00edficamente de Xalapa y los municipios conurbados.<\/p>\n\n\n\n<p>No sabemos en calidad de qu\u00e9 pero se apareci\u00f3 Dorheny Garc\u00eda Cayetano quien aspira a ser candidata al Senado por Morena pero como ya lo public\u00f3 la licenciada Melchi, no ser\u00e1 ella sino Claudia Tello quien acompa\u00f1e a Manuel Huerta que va en la primera formula y que no ha parado en sus visitas por todo el estado para reunirse con militantes y simpatizantes.<\/p>\n\n\n\n<p>Por cierto, Manuel Huerta confirm\u00f3 que&nbsp;&nbsp;el pr\u00f3ximo 17 de enero acompa\u00f1ar\u00e1 en Poza Rica a la Coordinadora para la Defensa de la Transformaci\u00f3n Nacional, Claudia Sheinbaum, y que el pr\u00f3ximo 18 de enero cierra su precampa\u00f1a en Xalapa.<\/p>\n\n\n\n<p>EXIGE ACLARACI\u00d3N\u2026El gobernador Cuitl\u00e1huac Garc\u00eda Jim\u00e9nez descart\u00f3 foco rojo en Poza Rica tras el incidente en el que escoltas de un reportero dispararon contra una camioneta en el estacionamiento de conocida plaza comercial; sin embargo, manifest\u00f3 que deben aclarar por qu\u00e9 lo hicieron y despu\u00e9s agredieron a elementos de Seguridad P\u00fablica.<\/p>\n\n\n\n<p>El lunes pasado, los comunicadores&nbsp;Beatriz \u00abN\u00bb, Luis \u00abN\u00bb&nbsp;y miembros de la Secretar\u00eda de Seguridad P\u00fablica Federal, encargados de la seguridad de estos periodistas, fueron detenidos en el estacionamiento de una plaza comercial de dicha ciudad tras los disparos efectuados hacia una camioneta y la agresi\u00f3n a elementos de seguridad.<\/p>\n\n\n\n<p>El mandatario pide se aclare el actuar de estas personas que no quieren hacerse responsables de los da\u00f1os a dicho veh\u00edculo y otros por los que ya existen quejas de sus due\u00f1os; en este sentido, pidi\u00f3 que primero aclaren la posesi\u00f3n de las armas y el hecho de accionarlas de manera evidente.<\/p>\n\n\n\n<p>La CEAPP aclar\u00f3 que la intervenci\u00f3n de las fuerzas polic\u00edacas deriv\u00f3 de la detonaci\u00f3n involuntaria de un arma de fuego a cargo de elementos del Servicio de Protecci\u00f3n Federal, mismos que est\u00e1n asignados a los periodistas detenidos, pero que adem\u00e1s los efectivos de Seguridad P\u00fablica actuaron con abusos en la detenci\u00f3n de los periodistas.<\/p>\n\n\n\n<p>PIDEN TRANSPARENCIA\u2026tambi\u00e9n en C\u00f3rdoba existe inconformidad por la forma en que operan los parqu\u00edmetros\u2026m\u00e1s de un mill\u00f3n de pesos mensuales generan estos aparatos por el uso de la v\u00eda p\u00fablica en C\u00f3rdoba, pero el recurso est\u00e1 en manos de un Fideicomiso conformado por empresarios, y urge se transparente la operaci\u00f3n de este fideicomiso y que el recurso sea aplicado en obras en beneficio de la Ciudad, se\u00f1al\u00f3 la s\u00edndica Vania L\u00f3pez.<\/p>\n\n\n\n<p>El tema de parqu\u00edmetros sigue siendo para el municipio, uno de los principales problemas en cuanto al frenado de obra p\u00fablica y otros proyectos que se presentan, debido a que el fideicomiso de parqu\u00edmetros a\u00fan no ha declarado cu\u00e1nto tienen en sus arcas, adem\u00e1s de que no dejan que las autoridades competentes utilicen el recurso para emplearlo en C\u00f3rdoba.<\/p>\n\n\n\n<p>\u201cLos ediles tuvieron a bien esa voluntad de hacerlo de una manera m\u00e1s formal, nosotros vamos a tener una invitaci\u00f3n a esa sesi\u00f3n de Cabildo para que le demos certeza al ciudadano de que cada peso que se le invierte a parqu\u00edmetro debe ser aplicado\u201d, refiri\u00f3 Vania L\u00f3pez Gonz\u00e1lez, S\u00edndico \u00danico de C\u00f3rdoba.<\/p>\n","protected":false},"excerpt":{"rendered":"<p>Oved Contreras Secas Mecas Ayer desayun\u00f3 gallo la zacatecana Roc\u00edo Nahle y poco le import\u00f3 que los reporteros la esperaron casi una hora en una reuni\u00f3n que tendr\u00eda con el consejo coordinador empresarial, para poder entrevistarla y no se quiso parar\u2026se excus\u00f3 que era una reuni\u00f3n privada y que ellos no hab\u00edan convocado prensa, o [&hellip;]<\/p>\n","protected":false},"author":2,"featured_media":0,"comment_status":"closed","ping_status":"closed","sticky":false,"template":"","format":"standard","meta":{"tdm_status":"","tdm_grid_status":"","footnotes":""},"categories":[70],"tags":[1026,3578,195],"class_list":{"0":"post-116642","1":"post","2":"type-post","3":"status-publish","4":"format-standard","6":"category-de-opinion","7":"tag-morena","8":"tag-rocio-nahle","9":"tag-veracruz"},"yoast_head":"<!-- This site is optimized with the Yoast SEO plugin v27.4 - https:\/\/yoast.com\/product\/yoast-seo-wordpress\/ -->\n<title>EL DESAIRE ZACATECANO - Los pol\u00edticos Veracruz<\/title>\n<meta name=\"robots\" content=\"index, follow, max-snippet:-1, max-image-preview:large, max-video-preview:-1\" \/>\n<link rel=\"canonical\" href=\"https:\/\/lospoliticosveracruz.com\/?p=116642\" \/>\n<meta property=\"og:locale\" content=\"es_ES\" \/>\n<meta property=\"og:type\" content=\"article\" \/>\n<meta property=\"og:title\" content=\"EL DESAIRE ZACATECANO - Los pol\u00edticos Veracruz\" \/>\n<meta property=\"og:description\" content=\"Oved Contreras Secas Mecas Ayer desayun\u00f3 gallo la zacatecana Roc\u00edo Nahle y poco le import\u00f3 que los reporteros la esperaron casi una hora en una reuni\u00f3n que tendr\u00eda con el consejo coordinador empresarial, para poder entrevistarla y no se quiso parar\u2026se excus\u00f3 que era una reuni\u00f3n privada y que ellos no hab\u00edan convocado prensa, o [&hellip;]\" \/>\n<meta property=\"og:url\" content=\"https:\/\/lospoliticosveracruz.com\/?p=116642\" \/>\n<meta property=\"og:site_name\" content=\"Los pol\u00edticos Veracruz\" \/>\n<meta property=\"article:publisher\" content=\"https:\/\/www.facebook.com\/people\/Notimemes-de-los-Polticos\/61565672886568\/\" \/>\n<meta property=\"article:published_time\" content=\"2024-01-10T13:47:49+00:00\" \/>\n<meta property=\"article:modified_time\" content=\"2024-01-10T13:47:57+00:00\" \/>\n<meta property=\"og:image\" content=\"https:\/\/lospoliticosveracruz.com.mx\/wp-content\/uploads\/2023\/02\/Vinissimo.jpg\" \/>\n<meta name=\"author\" content=\"Lo viste en Los Pol\u00edticos\" \/>\n<meta name=\"twitter:card\" content=\"summary_large_image\" \/>\n<meta name=\"twitter:creator\" content=\"@LosPoliticosVer\" \/>\n<meta name=\"twitter:site\" content=\"@LosPoliticosVer\" \/>\n<meta name=\"twitter:label1\" content=\"Escrito por\" \/>\n\t<meta name=\"twitter:data1\" content=\"Lo viste en Los Pol\u00edticos\" \/>\n\t<meta name=\"twitter:label2\" content=\"Tiempo de lectura\" \/>\n\t<meta name=\"twitter:data2\" content=\"5 minutos\" \/>\n<script type=\"application\/ld+json\" class=\"yoast-schema-graph\">{\"@context\":\"https:\\\/\\\/schema.org\",\"@graph\":[{\"@type\":\"Article\",\"@id\":\"https:\\\/\\\/lospoliticosveracruz.com\\\/?p=116642#article\",\"isPartOf\":{\"@id\":\"https:\\\/\\\/lospoliticosveracruz.com\\\/?p=116642\"},\"author\":{\"name\":\"Lo viste en Los Pol\u00edticos\",\"@id\":\"https:\\\/\\\/lospoliticosveracruz.com\\\/#\\\/schema\\\/person\\\/b8702bb0e538456e6efd07080bf2a4a2\"},\"headline\":\"EL DESAIRE ZACATECANO\",\"datePublished\":\"2024-01-10T13:47:49+00:00\",\"dateModified\":\"2024-01-10T13:47:57+00:00\",\"mainEntityOfPage\":{\"@id\":\"https:\\\/\\\/lospoliticosveracruz.com\\\/?p=116642\"},\"wordCount\":1010,\"publisher\":{\"@id\":\"https:\\\/\\\/lospoliticosveracruz.com\\\/#organization\"},\"image\":{\"@id\":\"https:\\\/\\\/lospoliticosveracruz.com\\\/?p=116642#primaryimage\"},\"thumbnailUrl\":\"https:\\\/\\\/lospoliticosveracruz.com.mx\\\/wp-content\\\/uploads\\\/2023\\\/02\\\/Vinissimo.jpg\",\"keywords\":[\"Morena\",\"Roc\u00edo Nahle\",\"Veracruz\"],\"articleSection\":[\"De Opini\u00f3n\"],\"inLanguage\":\"es\"},{\"@type\":\"WebPage\",\"@id\":\"https:\\\/\\\/lospoliticosveracruz.com\\\/?p=116642\",\"url\":\"https:\\\/\\\/lospoliticosveracruz.com\\\/?p=116642\",\"name\":\"EL DESAIRE ZACATECANO - Los pol\u00edticos Veracruz\",\"isPartOf\":{\"@id\":\"https:\\\/\\\/lospoliticosveracruz.com\\\/#website\"},\"primaryImageOfPage\":{\"@id\":\"https:\\\/\\\/lospoliticosveracruz.com\\\/?p=116642#primaryimage\"},\"image\":{\"@id\":\"https:\\\/\\\/lospoliticosveracruz.com\\\/?p=116642#primaryimage\"},\"thumbnailUrl\":\"https:\\\/\\\/lospoliticosveracruz.com.mx\\\/wp-content\\\/uploads\\\/2023\\\/02\\\/Vinissimo.jpg\",\"datePublished\":\"2024-01-10T13:47:49+00:00\",\"dateModified\":\"2024-01-10T13:47:57+00:00\",\"breadcrumb\":{\"@id\":\"https:\\\/\\\/lospoliticosveracruz.com\\\/?p=116642#breadcrumb\"},\"inLanguage\":\"es\",\"potentialAction\":[{\"@type\":\"ReadAction\",\"target\":[\"https:\\\/\\\/lospoliticosveracruz.com\\\/?p=116642\"]}]},{\"@type\":\"ImageObject\",\"inLanguage\":\"es\",\"@id\":\"https:\\\/\\\/lospoliticosveracruz.com\\\/?p=116642#primaryimage\",\"url\":\"https:\\\/\\\/lospoliticosveracruz.com.mx\\\/wp-content\\\/uploads\\\/2023\\\/02\\\/Vinissimo.jpg\",\"contentUrl\":\"https:\\\/\\\/lospoliticosveracruz.com.mx\\\/wp-content\\\/uploads\\\/2023\\\/02\\\/Vinissimo.jpg\"},{\"@type\":\"BreadcrumbList\",\"@id\":\"https:\\\/\\\/lospoliticosveracruz.com\\\/?p=116642#breadcrumb\",\"itemListElement\":[{\"@type\":\"ListItem\",\"position\":1,\"name\":\"Portada\",\"item\":\"https:\\\/\\\/lospoliticosveracruz.com\\\/\"},{\"@type\":\"ListItem\",\"position\":2,\"name\":\"EL DESAIRE ZACATECANO\"}]},{\"@type\":\"WebSite\",\"@id\":\"https:\\\/\\\/lospoliticosveracruz.com\\\/#website\",\"url\":\"https:\\\/\\\/lospoliticosveracruz.com\\\/\",\"name\":\"Los pol\u00edticos Veracruz\",\"description\":\"\",\"publisher\":{\"@id\":\"https:\\\/\\\/lospoliticosveracruz.com\\\/#organization\"},\"potentialAction\":[{\"@type\":\"SearchAction\",\"target\":{\"@type\":\"EntryPoint\",\"urlTemplate\":\"https:\\\/\\\/lospoliticosveracruz.com\\\/?s={search_term_string}\"},\"query-input\":{\"@type\":\"PropertyValueSpecification\",\"valueRequired\":true,\"valueName\":\"search_term_string\"}}],\"inLanguage\":\"es\"},{\"@type\":\"Organization\",\"@id\":\"https:\\\/\\\/lospoliticosveracruz.com\\\/#organization\",\"name\":\"Los pol\u00edticos Veracruz\",\"url\":\"https:\\\/\\\/lospoliticosveracruz.com\\\/\",\"logo\":{\"@type\":\"ImageObject\",\"inLanguage\":\"es\",\"@id\":\"https:\\\/\\\/lospoliticosveracruz.com\\\/#\\\/schema\\\/logo\\\/image\\\/\",\"url\":\"https:\\\/\\\/lospoliticosveracruz.com\\\/wp-content\\\/uploads\\\/2025\\\/12\\\/Logo-Nuevo-LOS-POLITICOS-1.jpg\",\"contentUrl\":\"https:\\\/\\\/lospoliticosveracruz.com\\\/wp-content\\\/uploads\\\/2025\\\/12\\\/Logo-Nuevo-LOS-POLITICOS-1.jpg\",\"width\":260,\"height\":70,\"caption\":\"Los pol\u00edticos Veracruz\"},\"image\":{\"@id\":\"https:\\\/\\\/lospoliticosveracruz.com\\\/#\\\/schema\\\/logo\\\/image\\\/\"},\"sameAs\":[\"https:\\\/\\\/www.facebook.com\\\/people\\\/Notimemes-de-los-Polticos\\\/61565672886568\\\/\",\"https:\\\/\\\/x.com\\\/LosPoliticosVer\"]},{\"@type\":\"Person\",\"@id\":\"https:\\\/\\\/lospoliticosveracruz.com\\\/#\\\/schema\\\/person\\\/b8702bb0e538456e6efd07080bf2a4a2\",\"name\":\"Lo viste en Los Pol\u00edticos\",\"image\":{\"@type\":\"ImageObject\",\"inLanguage\":\"es\",\"@id\":\"https:\\\/\\\/secure.gravatar.com\\\/avatar\\\/3a8de04a2656d44082be478bd6c086daa447c4651605818287b9532d3d0bd435?s=96&d=mm&r=g\",\"url\":\"https:\\\/\\\/secure.gravatar.com\\\/avatar\\\/3a8de04a2656d44082be478bd6c086daa447c4651605818287b9532d3d0bd435?s=96&d=mm&r=g\",\"contentUrl\":\"https:\\\/\\\/secure.gravatar.com\\\/avatar\\\/3a8de04a2656d44082be478bd6c086daa447c4651605818287b9532d3d0bd435?s=96&d=mm&r=g\",\"caption\":\"Lo viste en Los Pol\u00edticos\"},\"url\":\"https:\\\/\\\/lospoliticosveracruz.com\\\/?author=2\"}]}<\/script>\n<!-- \/ Yoast SEO plugin. -->","yoast_head_json":{"title":"EL DESAIRE ZACATECANO - Los pol\u00edticos Veracruz","robots":{"index":"index","follow":"follow","max-snippet":"max-snippet:-1","max-image-preview":"max-image-preview:large","max-video-preview":"max-video-preview:-1"},"canonical":"https:\/\/lospoliticosveracruz.com\/?p=116642","og_locale":"es_ES","og_type":"article","og_title":"EL DESAIRE ZACATECANO - Los pol\u00edticos Veracruz","og_description":"Oved Contreras Secas Mecas Ayer desayun\u00f3 gallo la zacatecana Roc\u00edo Nahle y poco le import\u00f3 que los reporteros la esperaron casi una hora en una reuni\u00f3n que tendr\u00eda con el consejo coordinador empresarial, para poder entrevistarla y no se quiso parar\u2026se excus\u00f3 que era una reuni\u00f3n privada y que ellos no hab\u00edan convocado prensa, o [&hellip;]","og_url":"https:\/\/lospoliticosveracruz.com\/?p=116642","og_site_name":"Los pol\u00edticos Veracruz","article_publisher":"https:\/\/www.facebook.com\/people\/Notimemes-de-los-Polticos\/61565672886568\/","article_published_time":"2024-01-10T13:47:49+00:00","article_modified_time":"2024-01-10T13:47:57+00:00","og_image":[{"url":"https:\/\/lospoliticosveracruz.com.mx\/wp-content\/uploads\/2023\/02\/Vinissimo.jpg","type":"","width":"","height":""}],"author":"Lo viste en Los Pol\u00edticos","twitter_card":"summary_large_image","twitter_creator":"@LosPoliticosVer","twitter_site":"@LosPoliticosVer","twitter_misc":{"Escrito por":"Lo viste en Los Pol\u00edticos","Tiempo de lectura":"5 minutos"},"schema":{"@context":"https:\/\/schema.org","@graph":[{"@type":"Article","@id":"https:\/\/lospoliticosveracruz.com\/?p=116642#article","isPartOf":{"@id":"https:\/\/lospoliticosveracruz.com\/?p=116642"},"author":{"name":"Lo viste en Los Pol\u00edticos","@id":"https:\/\/lospoliticosveracruz.com\/#\/schema\/person\/b8702bb0e538456e6efd07080bf2a4a2"},"headline":"EL DESAIRE ZACATECANO","datePublished":"2024-01-10T13:47:49+00:00","dateModified":"2024-01-10T13:47:57+00:00","mainEntityOfPage":{"@id":"https:\/\/lospoliticosveracruz.com\/?p=116642"},"wordCount":1010,"publisher":{"@id":"https:\/\/lospoliticosveracruz.com\/#organization"},"image":{"@id":"https:\/\/lospoliticosveracruz.com\/?p=116642#primaryimage"},"thumbnailUrl":"https:\/\/lospoliticosveracruz.com.mx\/wp-content\/uploads\/2023\/02\/Vinissimo.jpg","keywords":["Morena","Roc\u00edo Nahle","Veracruz"],"articleSection":["De Opini\u00f3n"],"inLanguage":"es"},{"@type":"WebPage","@id":"https:\/\/lospoliticosveracruz.com\/?p=116642","url":"https:\/\/lospoliticosveracruz.com\/?p=116642","name":"EL DESAIRE ZACATECANO - Los pol\u00edticos Veracruz","isPartOf":{"@id":"https:\/\/lospoliticosveracruz.com\/#website"},"primaryImageOfPage":{"@id":"https:\/\/lospoliticosveracruz.com\/?p=116642#primaryimage"},"image":{"@id":"https:\/\/lospoliticosveracruz.com\/?p=116642#primaryimage"},"thumbnailUrl":"https:\/\/lospoliticosveracruz.com.mx\/wp-content\/uploads\/2023\/02\/Vinissimo.jpg","datePublished":"2024-01-10T13:47:49+00:00","dateModified":"2024-01-10T13:47:57+00:00","breadcrumb":{"@id":"https:\/\/lospoliticosveracruz.com\/?p=116642#breadcrumb"},"inLanguage":"es","potentialAction":[{"@type":"ReadAction","target":["https:\/\/lospoliticosveracruz.com\/?p=116642"]}]},{"@type":"ImageObject","inLanguage":"es","@id":"https:\/\/lospoliticosveracruz.com\/?p=116642#primaryimage","url":"https:\/\/lospoliticosveracruz.com.mx\/wp-content\/uploads\/2023\/02\/Vinissimo.jpg","contentUrl":"https:\/\/lospoliticosveracruz.com.mx\/wp-content\/uploads\/2023\/02\/Vinissimo.jpg"},{"@type":"BreadcrumbList","@id":"https:\/\/lospoliticosveracruz.com\/?p=116642#breadcrumb","itemListElement":[{"@type":"ListItem","position":1,"name":"Portada","item":"https:\/\/lospoliticosveracruz.com\/"},{"@type":"ListItem","position":2,"name":"EL DESAIRE ZACATECANO"}]},{"@type":"WebSite","@id":"https:\/\/lospoliticosveracruz.com\/#website","url":"https:\/\/lospoliticosveracruz.com\/","name":"Los pol\u00edticos Veracruz","description":"","publisher":{"@id":"https:\/\/lospoliticosveracruz.com\/#organization"},"potentialAction":[{"@type":"SearchAction","target":{"@type":"EntryPoint","urlTemplate":"https:\/\/lospoliticosveracruz.com\/?s={search_term_string}"},"query-input":{"@type":"PropertyValueSpecification","valueRequired":true,"valueName":"search_term_string"}}],"inLanguage":"es"},{"@type":"Organization","@id":"https:\/\/lospoliticosveracruz.com\/#organization","name":"Los pol\u00edticos Veracruz","url":"https:\/\/lospoliticosveracruz.com\/","logo":{"@type":"ImageObject","inLanguage":"es","@id":"https:\/\/lospoliticosveracruz.com\/#\/schema\/logo\/image\/","url":"https:\/\/lospoliticosveracruz.com\/wp-content\/uploads\/2025\/12\/Logo-Nuevo-LOS-POLITICOS-1.jpg","contentUrl":"https:\/\/lospoliticosveracruz.com\/wp-content\/uploads\/2025\/12\/Logo-Nuevo-LOS-POLITICOS-1.jpg","width":260,"height":70,"caption":"Los pol\u00edticos Veracruz"},"image":{"@id":"https:\/\/lospoliticosveracruz.com\/#\/schema\/logo\/image\/"},"sameAs":["https:\/\/www.facebook.com\/people\/Notimemes-de-los-Polticos\/61565672886568\/","https:\/\/x.com\/LosPoliticosVer"]},{"@type":"Person","@id":"https:\/\/lospoliticosveracruz.com\/#\/schema\/person\/b8702bb0e538456e6efd07080bf2a4a2","name":"Lo viste en Los Pol\u00edticos","image":{"@type":"ImageObject","inLanguage":"es","@id":"https:\/\/secure.gravatar.com\/avatar\/3a8de04a2656d44082be478bd6c086daa447c4651605818287b9532d3d0bd435?s=96&d=mm&r=g","url":"https:\/\/secure.gravatar.com\/avatar\/3a8de04a2656d44082be478bd6c086daa447c4651605818287b9532d3d0bd435?s=96&d=mm&r=g","contentUrl":"https:\/\/secure.gravatar.com\/avatar\/3a8de04a2656d44082be478bd6c086daa447c4651605818287b9532d3d0bd435?s=96&d=mm&r=g","caption":"Lo viste en Los Pol\u00edticos"},"url":"https:\/\/lospoliticosveracruz.com\/?author=2"}]}},"_links":{"self":[{"href":"https:\/\/lospoliticosveracruz.com\/index.php?rest_route=\/wp\/v2\/posts\/116642","targetHints":{"allow":["GET"]}}],"collection":[{"href":"https:\/\/lospoliticosveracruz.com\/index.php?rest_route=\/wp\/v2\/posts"}],"about":[{"href":"https:\/\/lospoliticosveracruz.com\/index.php?rest_route=\/wp\/v2\/types\/post"}],"author":[{"embeddable":true,"href":"https:\/\/lospoliticosveracruz.com\/index.php?rest_route=\/wp\/v2\/users\/2"}],"replies":[{"embeddable":true,"href":"https:\/\/lospoliticosveracruz.com\/index.php?rest_route=%2Fwp%2Fv2%2Fcomments&post=116642"}],"version-history":[{"count":1,"href":"https:\/\/lospoliticosveracruz.com\/index.php?rest_route=\/wp\/v2\/posts\/116642\/revisions"}],"predecessor-version":[{"id":116643,"href":"https:\/\/lospoliticosveracruz.com\/index.php?rest_route=\/wp\/v2\/posts\/116642\/revisions\/116643"}],"wp:attachment":[{"href":"https:\/\/lospoliticosveracruz.com\/index.php?rest_route=%2Fwp%2Fv2%2Fmedia&parent=116642"}],"wp:term":[{"taxonomy":"category","embeddable":true,"href":"https:\/\/lospoliticosveracruz.com\/index.php?rest_route=%2Fwp%2Fv2%2Fcategories&post=116642"},{"taxonomy":"post_tag","embeddable":true,"href":"https:\/\/lospoliticosveracruz.com\/index.php?rest_route=%2Fwp%2Fv2%2Ftags&post=116642"}],"curies":[{"name":"wp","href":"https:\/\/api.w.org\/{rel}","templated":true}]}}