{"id":116718,"date":"2024-01-11T14:11:15","date_gmt":"2024-01-11T20:11:15","guid":{"rendered":"https:\/\/lospoliticosveracruz.com.mx\/?p=116718"},"modified":"2024-01-11T14:11:23","modified_gmt":"2024-01-11T20:11:23","slug":"mi-equipo-veracruz","status":"publish","type":"post","link":"https:\/\/lospoliticosveracruz.com\/?p=116718","title":{"rendered":"MI EQUIPO, VERACRUZ!"},"content":{"rendered":"\n<p><\/p>\n\n\n\n<p><strong>Fort\u00edn de las Flores<\/strong><br>A cinco a\u00f1os de la 4T, nuestro r\u00e9gimen ha multiplicado la inversi\u00f3n p\u00fablica, nacional y extranjera y hoy podemos decir que esto se ha reflejado en mayor generaci\u00f3n de empleos, seguridad y bienestar familiar, afirm\u00f3 Roc\u00edo Nahle Garc\u00eda, precandidata \u00fanica a la gubernatura de Morena, PT, Partido Verde y Fuerza por M\u00e9xico en Veracruz.<\/p>\n\n\n<div class=\"wp-block-image\">\n<figure class=\"alignleft size-large is-resized\"><a href=\"https:\/\/lospoliticosveracruz.com.mx\/wp-content\/uploads\/2023\/08\/Alex.jpg\"><img decoding=\"async\" src=\"https:\/\/lospoliticosveracruz.com.mx\/wp-content\/uploads\/2023\/08\/Alex-1024x791.jpg\" alt=\"\" class=\"wp-image-110522\" style=\"width:166px;height:auto\"\/><\/a><\/figure>\n<\/div>\n\n\n<p>En esta plaza p\u00fablica, el parque L\u00e1zaro C\u00e1rdenas, donde se congregaron simpatizantes y militantes de distintos municipios de las Altas Monta\u00f1as, Roc\u00edo Nahle destac\u00f3 que M\u00e9xico requiere la continuidad de un r\u00e9gimen preocupado y ocupado en la base social como es la Cuarta Transformaci\u00f3n.<\/p>\n\n\n\n<p>Roc\u00edo Nahle agreg\u00f3 que en el caso de Veracruz,<br>hoy la transformaci\u00f3n est\u00e1 jugando el mejor partido y su equipo se llama Veracruz, lo que provoc\u00f3 que una vez m\u00e1s, los presentes se volcaran en v\u00edtores para la abanderada morenista.<\/p>\n\n\n\n<p>El trabajo y los resultados est\u00e1n a la vista y a la orden del d\u00eda, con la 4T, los proyectos y sue\u00f1os no se quedan en el tintero, se trabajan y se cumplen.<\/p>\n\n\n\n<p>\u201cLos anhelos cuando se trabajan se cumplen y yo soy una mujer de trabajo y una mujer de resultados y siempre, siempre he trabajado en equipo y hoy el equipo que estoy formando se llama Veracruz\u201d, afirm\u00f3.<\/p>\n\n\n\n<p>Fort\u00edn de las Flores representa, indic\u00f3, el bot\u00f3n emblem\u00e1tico de Veracruz, porque as\u00ed como se llev\u00f3 a cabo esta asamblea en un espacio abierto y p\u00fablico, de la misma forma se construy\u00f3 la Cuarta Transformaci\u00f3n, en la calle y con la gente.<\/p>\n\n\n\n<p>\u201cEn Fortin de las flores y tambi\u00e9n me encanta que sea aqu\u00ed, que sea en los parques p\u00fablicos, en la calle, nosotros, nuestro movimiento se hizo aqu\u00ed, se hizo en la calle, se hizo puerta por puerta, se hizo casa por casa, se hizo a ras de suelo, y nosotros como representantes estamos obligados a esto pero adem\u00e1s lo hacemos con mucho gusto, en mi caso lo hago con mucho gusto porque vengo de aqu\u00ed, vengo del movimiento, vengo de trabajar con ustedes\u201d, explic\u00f3.<\/p>\n\n\n\n<p>La pol\u00edtica de la 4T la arranc\u00f3 Andr\u00e9s Manuel L\u00f3pez Obrador, el compa\u00f1ero y actual presidente quien desde que asumi\u00f3 el cargo instruy\u00f3 trabajar en territorio y abandonar el escritorio, hacer una transformaci\u00f3n de fondo.<\/p>\n\n\n\n<p>\u201c\u00bfY qu\u00e9 hizo en Palacio Nacional?, el primer d\u00eda dijo cambio de r\u00e9gimen, pero no nada m\u00e1s lo dijo, dijo vamos a hacer una transformaci\u00f3n de fondo, nuestros impuestos hoy deben ser respetados para disminuir la pobreza\u201d, a\u00f1adi\u00f3.<\/p>\n","protected":false},"excerpt":{"rendered":"<p>Fort\u00edn de las FloresA cinco a\u00f1os de la 4T, nuestro r\u00e9gimen ha multiplicado la inversi\u00f3n p\u00fablica, nacional y extranjera y hoy podemos decir que esto se ha reflejado en mayor generaci\u00f3n de empleos, seguridad y bienestar familiar, afirm\u00f3 Roc\u00edo Nahle Garc\u00eda, precandidata \u00fanica a la gubernatura de Morena, PT, Partido Verde y Fuerza por M\u00e9xico [&hellip;]<\/p>\n","protected":false},"author":2,"featured_media":0,"comment_status":"closed","ping_status":"closed","sticky":false,"template":"","format":"standard","meta":{"tdm_status":"","tdm_grid_status":"","footnotes":""},"categories":[73],"tags":[1026,965,2289,4386,195],"class_list":{"0":"post-116718","1":"post","2":"type-post","3":"status-publish","4":"format-standard","6":"category-de-boleto","7":"tag-morena","8":"tag-partido-verde","9":"tag-pt","10":"tag-rocio-nahle-garcia","11":"tag-veracruz"},"yoast_head":"<!-- This site is optimized with the Yoast SEO plugin v27.4 - https:\/\/yoast.com\/product\/yoast-seo-wordpress\/ -->\n<title>MI EQUIPO, VERACRUZ! - Los pol\u00edticos Veracruz<\/title>\n<meta name=\"robots\" content=\"index, follow, max-snippet:-1, max-image-preview:large, max-video-preview:-1\" \/>\n<link rel=\"canonical\" href=\"https:\/\/lospoliticosveracruz.com\/?p=116718\" \/>\n<meta property=\"og:locale\" content=\"es_ES\" \/>\n<meta property=\"og:type\" content=\"article\" \/>\n<meta property=\"og:title\" content=\"MI EQUIPO, VERACRUZ! - Los pol\u00edticos Veracruz\" \/>\n<meta property=\"og:description\" content=\"Fort\u00edn de las FloresA cinco a\u00f1os de la 4T, nuestro r\u00e9gimen ha multiplicado la inversi\u00f3n p\u00fablica, nacional y extranjera y hoy podemos decir que esto se ha reflejado en mayor generaci\u00f3n de empleos, seguridad y bienestar familiar, afirm\u00f3 Roc\u00edo Nahle Garc\u00eda, precandidata \u00fanica a la gubernatura de Morena, PT, Partido Verde y Fuerza por M\u00e9xico [&hellip;]\" \/>\n<meta property=\"og:url\" content=\"https:\/\/lospoliticosveracruz.com\/?p=116718\" \/>\n<meta property=\"og:site_name\" content=\"Los pol\u00edticos Veracruz\" \/>\n<meta property=\"article:publisher\" content=\"https:\/\/www.facebook.com\/people\/Notimemes-de-los-Polticos\/61565672886568\/\" \/>\n<meta property=\"article:published_time\" content=\"2024-01-11T20:11:15+00:00\" \/>\n<meta property=\"article:modified_time\" content=\"2024-01-11T20:11:23+00:00\" \/>\n<meta property=\"og:image\" content=\"https:\/\/lospoliticosveracruz.com.mx\/wp-content\/uploads\/2023\/08\/Alex-1024x791.jpg\" \/>\n<meta name=\"author\" content=\"Lo viste en Los Pol\u00edticos\" \/>\n<meta name=\"twitter:card\" content=\"summary_large_image\" \/>\n<meta name=\"twitter:creator\" content=\"@LosPoliticosVer\" \/>\n<meta name=\"twitter:site\" content=\"@LosPoliticosVer\" \/>\n<meta name=\"twitter:label1\" content=\"Escrito por\" \/>\n\t<meta name=\"twitter:data1\" content=\"Lo viste en Los Pol\u00edticos\" \/>\n\t<meta name=\"twitter:label2\" content=\"Tiempo de lectura\" \/>\n\t<meta name=\"twitter:data2\" content=\"2 minutos\" \/>\n<script type=\"application\/ld+json\" class=\"yoast-schema-graph\">{\"@context\":\"https:\\\/\\\/schema.org\",\"@graph\":[{\"@type\":\"Article\",\"@id\":\"https:\\\/\\\/lospoliticosveracruz.com\\\/?p=116718#article\",\"isPartOf\":{\"@id\":\"https:\\\/\\\/lospoliticosveracruz.com\\\/?p=116718\"},\"author\":{\"name\":\"Lo viste en Los Pol\u00edticos\",\"@id\":\"https:\\\/\\\/lospoliticosveracruz.com\\\/#\\\/schema\\\/person\\\/b8702bb0e538456e6efd07080bf2a4a2\"},\"headline\":\"MI EQUIPO, VERACRUZ!\",\"datePublished\":\"2024-01-11T20:11:15+00:00\",\"dateModified\":\"2024-01-11T20:11:23+00:00\",\"mainEntityOfPage\":{\"@id\":\"https:\\\/\\\/lospoliticosveracruz.com\\\/?p=116718\"},\"wordCount\":456,\"publisher\":{\"@id\":\"https:\\\/\\\/lospoliticosveracruz.com\\\/#organization\"},\"image\":{\"@id\":\"https:\\\/\\\/lospoliticosveracruz.com\\\/?p=116718#primaryimage\"},\"thumbnailUrl\":\"https:\\\/\\\/lospoliticosveracruz.com.mx\\\/wp-content\\\/uploads\\\/2023\\\/08\\\/Alex-1024x791.jpg\",\"keywords\":[\"Morena\",\"Partido Verde\",\"PT\",\"Roc\u00edo Nahle Garc\u00eda\",\"Veracruz\"],\"articleSection\":[\"De Boleto\"],\"inLanguage\":\"es\"},{\"@type\":\"WebPage\",\"@id\":\"https:\\\/\\\/lospoliticosveracruz.com\\\/?p=116718\",\"url\":\"https:\\\/\\\/lospoliticosveracruz.com\\\/?p=116718\",\"name\":\"MI EQUIPO, VERACRUZ! - Los pol\u00edticos Veracruz\",\"isPartOf\":{\"@id\":\"https:\\\/\\\/lospoliticosveracruz.com\\\/#website\"},\"primaryImageOfPage\":{\"@id\":\"https:\\\/\\\/lospoliticosveracruz.com\\\/?p=116718#primaryimage\"},\"image\":{\"@id\":\"https:\\\/\\\/lospoliticosveracruz.com\\\/?p=116718#primaryimage\"},\"thumbnailUrl\":\"https:\\\/\\\/lospoliticosveracruz.com.mx\\\/wp-content\\\/uploads\\\/2023\\\/08\\\/Alex-1024x791.jpg\",\"datePublished\":\"2024-01-11T20:11:15+00:00\",\"dateModified\":\"2024-01-11T20:11:23+00:00\",\"breadcrumb\":{\"@id\":\"https:\\\/\\\/lospoliticosveracruz.com\\\/?p=116718#breadcrumb\"},\"inLanguage\":\"es\",\"potentialAction\":[{\"@type\":\"ReadAction\",\"target\":[\"https:\\\/\\\/lospoliticosveracruz.com\\\/?p=116718\"]}]},{\"@type\":\"ImageObject\",\"inLanguage\":\"es\",\"@id\":\"https:\\\/\\\/lospoliticosveracruz.com\\\/?p=116718#primaryimage\",\"url\":\"https:\\\/\\\/lospoliticosveracruz.com.mx\\\/wp-content\\\/uploads\\\/2023\\\/08\\\/Alex-1024x791.jpg\",\"contentUrl\":\"https:\\\/\\\/lospoliticosveracruz.com.mx\\\/wp-content\\\/uploads\\\/2023\\\/08\\\/Alex-1024x791.jpg\"},{\"@type\":\"BreadcrumbList\",\"@id\":\"https:\\\/\\\/lospoliticosveracruz.com\\\/?p=116718#breadcrumb\",\"itemListElement\":[{\"@type\":\"ListItem\",\"position\":1,\"name\":\"Portada\",\"item\":\"https:\\\/\\\/lospoliticosveracruz.com\\\/\"},{\"@type\":\"ListItem\",\"position\":2,\"name\":\"MI EQUIPO, VERACRUZ!\"}]},{\"@type\":\"WebSite\",\"@id\":\"https:\\\/\\\/lospoliticosveracruz.com\\\/#website\",\"url\":\"https:\\\/\\\/lospoliticosveracruz.com\\\/\",\"name\":\"Los pol\u00edticos Veracruz\",\"description\":\"\",\"publisher\":{\"@id\":\"https:\\\/\\\/lospoliticosveracruz.com\\\/#organization\"},\"potentialAction\":[{\"@type\":\"SearchAction\",\"target\":{\"@type\":\"EntryPoint\",\"urlTemplate\":\"https:\\\/\\\/lospoliticosveracruz.com\\\/?s={search_term_string}\"},\"query-input\":{\"@type\":\"PropertyValueSpecification\",\"valueRequired\":true,\"valueName\":\"search_term_string\"}}],\"inLanguage\":\"es\"},{\"@type\":\"Organization\",\"@id\":\"https:\\\/\\\/lospoliticosveracruz.com\\\/#organization\",\"name\":\"Los pol\u00edticos Veracruz\",\"url\":\"https:\\\/\\\/lospoliticosveracruz.com\\\/\",\"logo\":{\"@type\":\"ImageObject\",\"inLanguage\":\"es\",\"@id\":\"https:\\\/\\\/lospoliticosveracruz.com\\\/#\\\/schema\\\/logo\\\/image\\\/\",\"url\":\"https:\\\/\\\/lospoliticosveracruz.com\\\/wp-content\\\/uploads\\\/2025\\\/12\\\/Logo-Nuevo-LOS-POLITICOS-1.jpg\",\"contentUrl\":\"https:\\\/\\\/lospoliticosveracruz.com\\\/wp-content\\\/uploads\\\/2025\\\/12\\\/Logo-Nuevo-LOS-POLITICOS-1.jpg\",\"width\":260,\"height\":70,\"caption\":\"Los pol\u00edticos Veracruz\"},\"image\":{\"@id\":\"https:\\\/\\\/lospoliticosveracruz.com\\\/#\\\/schema\\\/logo\\\/image\\\/\"},\"sameAs\":[\"https:\\\/\\\/www.facebook.com\\\/people\\\/Notimemes-de-los-Polticos\\\/61565672886568\\\/\",\"https:\\\/\\\/x.com\\\/LosPoliticosVer\"]},{\"@type\":\"Person\",\"@id\":\"https:\\\/\\\/lospoliticosveracruz.com\\\/#\\\/schema\\\/person\\\/b8702bb0e538456e6efd07080bf2a4a2\",\"name\":\"Lo viste en Los Pol\u00edticos\",\"image\":{\"@type\":\"ImageObject\",\"inLanguage\":\"es\",\"@id\":\"https:\\\/\\\/secure.gravatar.com\\\/avatar\\\/3a8de04a2656d44082be478bd6c086daa447c4651605818287b9532d3d0bd435?s=96&d=mm&r=g\",\"url\":\"https:\\\/\\\/secure.gravatar.com\\\/avatar\\\/3a8de04a2656d44082be478bd6c086daa447c4651605818287b9532d3d0bd435?s=96&d=mm&r=g\",\"contentUrl\":\"https:\\\/\\\/secure.gravatar.com\\\/avatar\\\/3a8de04a2656d44082be478bd6c086daa447c4651605818287b9532d3d0bd435?s=96&d=mm&r=g\",\"caption\":\"Lo viste en Los Pol\u00edticos\"},\"url\":\"https:\\\/\\\/lospoliticosveracruz.com\\\/?author=2\"}]}<\/script>\n<!-- \/ Yoast SEO plugin. -->","yoast_head_json":{"title":"MI EQUIPO, VERACRUZ! - Los pol\u00edticos Veracruz","robots":{"index":"index","follow":"follow","max-snippet":"max-snippet:-1","max-image-preview":"max-image-preview:large","max-video-preview":"max-video-preview:-1"},"canonical":"https:\/\/lospoliticosveracruz.com\/?p=116718","og_locale":"es_ES","og_type":"article","og_title":"MI EQUIPO, VERACRUZ! - Los pol\u00edticos Veracruz","og_description":"Fort\u00edn de las FloresA cinco a\u00f1os de la 4T, nuestro r\u00e9gimen ha multiplicado la inversi\u00f3n p\u00fablica, nacional y extranjera y hoy podemos decir que esto se ha reflejado en mayor generaci\u00f3n de empleos, seguridad y bienestar familiar, afirm\u00f3 Roc\u00edo Nahle Garc\u00eda, precandidata \u00fanica a la gubernatura de Morena, PT, Partido Verde y Fuerza por M\u00e9xico [&hellip;]","og_url":"https:\/\/lospoliticosveracruz.com\/?p=116718","og_site_name":"Los pol\u00edticos Veracruz","article_publisher":"https:\/\/www.facebook.com\/people\/Notimemes-de-los-Polticos\/61565672886568\/","article_published_time":"2024-01-11T20:11:15+00:00","article_modified_time":"2024-01-11T20:11:23+00:00","og_image":[{"url":"https:\/\/lospoliticosveracruz.com.mx\/wp-content\/uploads\/2023\/08\/Alex-1024x791.jpg","type":"","width":"","height":""}],"author":"Lo viste en Los Pol\u00edticos","twitter_card":"summary_large_image","twitter_creator":"@LosPoliticosVer","twitter_site":"@LosPoliticosVer","twitter_misc":{"Escrito por":"Lo viste en Los Pol\u00edticos","Tiempo de lectura":"2 minutos"},"schema":{"@context":"https:\/\/schema.org","@graph":[{"@type":"Article","@id":"https:\/\/lospoliticosveracruz.com\/?p=116718#article","isPartOf":{"@id":"https:\/\/lospoliticosveracruz.com\/?p=116718"},"author":{"name":"Lo viste en Los Pol\u00edticos","@id":"https:\/\/lospoliticosveracruz.com\/#\/schema\/person\/b8702bb0e538456e6efd07080bf2a4a2"},"headline":"MI EQUIPO, VERACRUZ!","datePublished":"2024-01-11T20:11:15+00:00","dateModified":"2024-01-11T20:11:23+00:00","mainEntityOfPage":{"@id":"https:\/\/lospoliticosveracruz.com\/?p=116718"},"wordCount":456,"publisher":{"@id":"https:\/\/lospoliticosveracruz.com\/#organization"},"image":{"@id":"https:\/\/lospoliticosveracruz.com\/?p=116718#primaryimage"},"thumbnailUrl":"https:\/\/lospoliticosveracruz.com.mx\/wp-content\/uploads\/2023\/08\/Alex-1024x791.jpg","keywords":["Morena","Partido Verde","PT","Roc\u00edo Nahle Garc\u00eda","Veracruz"],"articleSection":["De Boleto"],"inLanguage":"es"},{"@type":"WebPage","@id":"https:\/\/lospoliticosveracruz.com\/?p=116718","url":"https:\/\/lospoliticosveracruz.com\/?p=116718","name":"MI EQUIPO, VERACRUZ! - Los pol\u00edticos Veracruz","isPartOf":{"@id":"https:\/\/lospoliticosveracruz.com\/#website"},"primaryImageOfPage":{"@id":"https:\/\/lospoliticosveracruz.com\/?p=116718#primaryimage"},"image":{"@id":"https:\/\/lospoliticosveracruz.com\/?p=116718#primaryimage"},"thumbnailUrl":"https:\/\/lospoliticosveracruz.com.mx\/wp-content\/uploads\/2023\/08\/Alex-1024x791.jpg","datePublished":"2024-01-11T20:11:15+00:00","dateModified":"2024-01-11T20:11:23+00:00","breadcrumb":{"@id":"https:\/\/lospoliticosveracruz.com\/?p=116718#breadcrumb"},"inLanguage":"es","potentialAction":[{"@type":"ReadAction","target":["https:\/\/lospoliticosveracruz.com\/?p=116718"]}]},{"@type":"ImageObject","inLanguage":"es","@id":"https:\/\/lospoliticosveracruz.com\/?p=116718#primaryimage","url":"https:\/\/lospoliticosveracruz.com.mx\/wp-content\/uploads\/2023\/08\/Alex-1024x791.jpg","contentUrl":"https:\/\/lospoliticosveracruz.com.mx\/wp-content\/uploads\/2023\/08\/Alex-1024x791.jpg"},{"@type":"BreadcrumbList","@id":"https:\/\/lospoliticosveracruz.com\/?p=116718#breadcrumb","itemListElement":[{"@type":"ListItem","position":1,"name":"Portada","item":"https:\/\/lospoliticosveracruz.com\/"},{"@type":"ListItem","position":2,"name":"MI EQUIPO, VERACRUZ!"}]},{"@type":"WebSite","@id":"https:\/\/lospoliticosveracruz.com\/#website","url":"https:\/\/lospoliticosveracruz.com\/","name":"Los pol\u00edticos Veracruz","description":"","publisher":{"@id":"https:\/\/lospoliticosveracruz.com\/#organization"},"potentialAction":[{"@type":"SearchAction","target":{"@type":"EntryPoint","urlTemplate":"https:\/\/lospoliticosveracruz.com\/?s={search_term_string}"},"query-input":{"@type":"PropertyValueSpecification","valueRequired":true,"valueName":"search_term_string"}}],"inLanguage":"es"},{"@type":"Organization","@id":"https:\/\/lospoliticosveracruz.com\/#organization","name":"Los pol\u00edticos Veracruz","url":"https:\/\/lospoliticosveracruz.com\/","logo":{"@type":"ImageObject","inLanguage":"es","@id":"https:\/\/lospoliticosveracruz.com\/#\/schema\/logo\/image\/","url":"https:\/\/lospoliticosveracruz.com\/wp-content\/uploads\/2025\/12\/Logo-Nuevo-LOS-POLITICOS-1.jpg","contentUrl":"https:\/\/lospoliticosveracruz.com\/wp-content\/uploads\/2025\/12\/Logo-Nuevo-LOS-POLITICOS-1.jpg","width":260,"height":70,"caption":"Los pol\u00edticos Veracruz"},"image":{"@id":"https:\/\/lospoliticosveracruz.com\/#\/schema\/logo\/image\/"},"sameAs":["https:\/\/www.facebook.com\/people\/Notimemes-de-los-Polticos\/61565672886568\/","https:\/\/x.com\/LosPoliticosVer"]},{"@type":"Person","@id":"https:\/\/lospoliticosveracruz.com\/#\/schema\/person\/b8702bb0e538456e6efd07080bf2a4a2","name":"Lo viste en Los Pol\u00edticos","image":{"@type":"ImageObject","inLanguage":"es","@id":"https:\/\/secure.gravatar.com\/avatar\/3a8de04a2656d44082be478bd6c086daa447c4651605818287b9532d3d0bd435?s=96&d=mm&r=g","url":"https:\/\/secure.gravatar.com\/avatar\/3a8de04a2656d44082be478bd6c086daa447c4651605818287b9532d3d0bd435?s=96&d=mm&r=g","contentUrl":"https:\/\/secure.gravatar.com\/avatar\/3a8de04a2656d44082be478bd6c086daa447c4651605818287b9532d3d0bd435?s=96&d=mm&r=g","caption":"Lo viste en Los Pol\u00edticos"},"url":"https:\/\/lospoliticosveracruz.com\/?author=2"}]}},"_links":{"self":[{"href":"https:\/\/lospoliticosveracruz.com\/index.php?rest_route=\/wp\/v2\/posts\/116718","targetHints":{"allow":["GET"]}}],"collection":[{"href":"https:\/\/lospoliticosveracruz.com\/index.php?rest_route=\/wp\/v2\/posts"}],"about":[{"href":"https:\/\/lospoliticosveracruz.com\/index.php?rest_route=\/wp\/v2\/types\/post"}],"author":[{"embeddable":true,"href":"https:\/\/lospoliticosveracruz.com\/index.php?rest_route=\/wp\/v2\/users\/2"}],"replies":[{"embeddable":true,"href":"https:\/\/lospoliticosveracruz.com\/index.php?rest_route=%2Fwp%2Fv2%2Fcomments&post=116718"}],"version-history":[{"count":1,"href":"https:\/\/lospoliticosveracruz.com\/index.php?rest_route=\/wp\/v2\/posts\/116718\/revisions"}],"predecessor-version":[{"id":116720,"href":"https:\/\/lospoliticosveracruz.com\/index.php?rest_route=\/wp\/v2\/posts\/116718\/revisions\/116720"}],"wp:attachment":[{"href":"https:\/\/lospoliticosveracruz.com\/index.php?rest_route=%2Fwp%2Fv2%2Fmedia&parent=116718"}],"wp:term":[{"taxonomy":"category","embeddable":true,"href":"https:\/\/lospoliticosveracruz.com\/index.php?rest_route=%2Fwp%2Fv2%2Fcategories&post=116718"},{"taxonomy":"post_tag","embeddable":true,"href":"https:\/\/lospoliticosveracruz.com\/index.php?rest_route=%2Fwp%2Fv2%2Ftags&post=116718"}],"curies":[{"name":"wp","href":"https:\/\/api.w.org\/{rel}","templated":true}]}}