{"id":116721,"date":"2024-01-11T14:53:28","date_gmt":"2024-01-11T20:53:28","guid":{"rendered":"https:\/\/lospoliticosveracruz.com.mx\/?p=116721"},"modified":"2024-01-11T14:53:40","modified_gmt":"2024-01-11T20:53:40","slug":"2010-2016","status":"publish","type":"post","link":"https:\/\/lospoliticosveracruz.com\/?p=116721","title":{"rendered":"2010-2016"},"content":{"rendered":"\n<p>Guadalupe H. Mar<\/p>\n\n\n\n<p>Mira Pol\u00edtica&nbsp;<\/p>\n\n\n\n<p><strong>VERACRUZ FUNESTO<\/strong>\u00a0\u2026 \u201cVolvemos al pasado. Miramos el ayer con ojos de hoy\u201d, es la frase que sintetiza el porqu\u00e9, el objetivo de la investigaci\u00f3n \u201cVeracruz de los silencios\u201d, una radiograf\u00eda de la violencia contra periodistas en el estado de Veracruz en el periodo 2010 \u2013 2016, \u201cel peor tiempo espacio, el m\u00e1s oscuro y que permanece impune en la actualidad\u00bb, trabajo realizado por la periodista Paula M\u00f3naco Felipe @monacofelipe<\/p>\n\n\n<div class=\"wp-block-image\">\n<figure class=\"alignleft size-medium\"><a href=\"https:\/\/lospoliticosveracruz.com.mx\/wp-content\/uploads\/2021\/10\/Zacauilt.jpg\"><img decoding=\"async\" src=\"https:\/\/lospoliticosveracruz.com.mx\/wp-content\/uploads\/2021\/10\/Zacauilt-150x300.jpg\" alt=\"\" class=\"wp-image-80558\"\/><\/a><\/figure>\n<\/div>\n\n\n<p>Desde el pasado mi\u00e9rcoles 10 de enero, con la presentaci\u00f3n de este reportaje se inaugur\u00f3 el espacio virtual <em><a href=\"https:\/\/www.veracruzdelossilencios.org\/\">https:\/\/www.veracruzdelossilencios.org\/<\/a><\/em> donde en principio aparece este trabajo de investigaci\u00f3n period\u00edstica, sitio de la red de redes en el que seguramente seguir\u00e1n apareciendo publicaciones relacionadas con los ataques a periodistas de la entidad veracruzana.<\/p>\n\n\n\n<p>De entrada, el trabajo de investigaci\u00f3n ya publicado llama la atenci\u00f3n por la pregunta: \u00bfPor qu\u00e9 matan a periodistas en M\u00e9xico? a la cual la periodista Paula M\u00f3naco Felipe responde: \u201cSe ha dicho que les atacan narcos y tambi\u00e9n gobernantes, que as\u00ed lo permite la impunidad, pero nada termina de explicar m\u00e1s de 20 a\u00f1os de violencia. Por eso estudiamos el peor tiempo-espacio: Veracruz 2010-2016. Cuando al menos 17 periodistas fueron asesinados y otros 3 desaparecidos en un solo estado. Encontramos que el miedo persiste, que la informaci\u00f3n desaparece, que las investigaciones no avanzan, los asesinos est\u00e1n libres y muchos tienen m\u00e1s poder ahora.&nbsp;&nbsp;Encontramos un tercer actor decisivo, las empresas de medios. El sector privado como nocivo ecosistema de concentraci\u00f3n, conflicto de inter\u00e9s, desigualdad. Aparecen varias pistas nuevas para responder qui\u00e9nes, c\u00f3mo y por qu\u00e9 matan a periodistas\u201d.<\/p>\n\n\n\n<p>Por todo ello, este trabajo period\u00edstico es de lectura obligada.<\/p>\n\n\n\n<p><strong>VISIBILIZAR LA IMPUNIDAD<\/strong>&nbsp;\u2026 Por cierto, en la presentaci\u00f3n de este trabajo de investigaci\u00f3n all\u00e1 en la Ciudad de M\u00e9xico, estuvo presente la se\u00f1ora Mercedes Varela, madre de Guillermo Luna y t\u00eda de Gabriel Huge, periodistas asesinados en Veracruz, en el a\u00f1o 2012.<\/p>\n\n\n\n<p>Ella mencion\u00f3 algo muy importante que reproducimos textualmente: \u00abTodo este tiempo el caso ha estado ah\u00ed y nadie nos ayudaba. Fue hasta que se arm\u00f3 la Red en memoria y lucha de periodistas asesinados y desaparecidos que sent\u00ed un apoyo. Agradezco esta investigaci\u00f3n, para no dejar en el olvido, para limpiar sus nombres. Mi hijo simplemente trabajaba\u00bb.<\/p>\n\n\n\n<p>As\u00ed mismo Jorge S\u00e1nchez, hijo del periodista Mois\u00e9s S\u00e1nchez, asesinado tambi\u00e9n en Veracruz, expuso en la presentaci\u00f3n de este trabajo de investigaci\u00f3n que: \u00abEl dos de enero de 2015 inici\u00f3 la lucha para que apareciera mi padre con vida, pero no sucedi\u00f3\u201d.<\/p>\n\n\n\n<p>Agreg\u00f3 \u201cnueve a\u00f1os despu\u00e9s el crimen sigue impune. Hemos llevado el caso de mi padre ante muchas instancias internacionales, lo cual ha derivado en m\u00faltiples llamados por la situaci\u00f3n de la libertad de expresi\u00f3n en M\u00e9xico\u201d.<\/p>\n\n\n\n<p>Jorge S\u00e1nchez dijo \u201cen este tiempo hemos visto en todos los casos que el gobierno trata de desvirtuar la verdad. Filtran informaci\u00f3n a medios afines para criminalizar a las v\u00edctimas y nadie se preocup\u00f3 por los familiares de estos\u00bb.<\/p>\n\n\n\n<p>En la medida en que estos cr\u00edmenes contra periodistas se sigan mencionando, mantendremos viva la memoria de los compa\u00f1eros, pero, sobre todo, la exigencia de ya no m\u00e1s impunidad.<\/p>\n\n\n\n<p>D\u00cdGALO SIN MIEDO \u2026 Lectores de la zona conurbada Veracruz \u2013 Boca del R\u00edo, nos preguntan reiteradamente a qu\u00e9 autoridad o dependencia gubernamental le corresponde verificar los cobros que discrecionalmente y a sus preferencias realizan las empresas operadoras de los servicios de agua potable y alcantarillado, particularmente la que opera en el municipio porte\u00f1o.<\/p>\n\n\n\n<p>Por ejemplo, nos comentan las lectoras y lectores que, en el municipio de Veracruz, donde opera el Grupo MAS, es enga\u00f1osa la promoci\u00f3n que hacen por pago anual anticipado ya que solo se aplica a la tarifa del agua potable, m\u00e1s no as\u00ed a la de alcantarillado y otra m\u00e1s de drenaje, que extra\u00f1amente cobran por separado.<\/p>\n\n\n\n<p>Se supone que los servicios de agua potable y alcantarillado van juntos en los que se ofrecen a los usuarios. Se supone.<\/p>\n\n\n\n<p>A ello se suma el que esa empresa concesionaria del abasto de agua potable en el municipio porte\u00f1o, sigue cobrando por \u201cServicios Ambientales\u201d, cargo que se supone ya se hab\u00eda derogado por la simple y sencilla raz\u00f3n de que el Grupo Mas no ha informado sobre el uso y destino de esos recursos, que se supone tambi\u00e9n, se destinar\u00edan a la conservaci\u00f3n de bosques en el Pico de Orizaba, donde nacen los afluentes que abastecen del vital l\u00edquido a la zona metropolitana Veracruz \u2013 Boca del R\u00edo- Medell\u00edn.<\/p>\n\n\n\n<p>En lo personal hemos preguntado qu\u00e9 autoridad o dependencia gubernamental ser\u00eda la encargada de verificar los cobros que hace esta empresa operadora, sin embargo, nadie ha dado una respuesta jur\u00eddicamente certera al respecto, solo el comentario de que le corresponder\u00eda a la Legislatura estatal por haber sido la que autoriz\u00f3 la concesi\u00f3n al Grupo Mas, as\u00ed como tambi\u00e9n al Ayuntamiento de Veracruz por ser la autoridad local.<\/p>\n\n\n\n<p>D\u00cdGALO SIN MIEDO \u2026 Al correo electr\u00f3nico guadalupehmar@gmail.com<\/p>\n","protected":false},"excerpt":{"rendered":"<p>Guadalupe H. Mar Mira Pol\u00edtica&nbsp; VERACRUZ FUNESTO\u00a0\u2026 \u201cVolvemos al pasado. Miramos el ayer con ojos de hoy\u201d, es la frase que sintetiza el porqu\u00e9, el objetivo de la investigaci\u00f3n \u201cVeracruz de los silencios\u201d, una radiograf\u00eda de la violencia contra periodistas en el estado de Veracruz en el periodo 2010 \u2013 2016, \u201cel peor tiempo espacio, [&hellip;]<\/p>\n","protected":false},"author":2,"featured_media":0,"comment_status":"closed","ping_status":"closed","sticky":false,"template":"","format":"standard","meta":{"tdm_status":"","tdm_grid_status":"","footnotes":""},"categories":[70],"tags":[40022],"class_list":{"0":"post-116721","1":"post","2":"type-post","3":"status-publish","4":"format-standard","6":"category-de-opinion","7":"tag-periodista-paula-monaco-felipe"},"yoast_head":"<!-- This site is optimized with the Yoast SEO plugin v27.4 - https:\/\/yoast.com\/product\/yoast-seo-wordpress\/ -->\n<title>2010-2016 - Los pol\u00edticos Veracruz<\/title>\n<meta name=\"robots\" content=\"index, follow, max-snippet:-1, max-image-preview:large, max-video-preview:-1\" \/>\n<link rel=\"canonical\" href=\"https:\/\/lospoliticosveracruz.com\/?p=116721\" \/>\n<meta property=\"og:locale\" content=\"es_ES\" \/>\n<meta property=\"og:type\" content=\"article\" \/>\n<meta property=\"og:title\" content=\"2010-2016 - Los pol\u00edticos Veracruz\" \/>\n<meta property=\"og:description\" content=\"Guadalupe H. Mar Mira Pol\u00edtica&nbsp; VERACRUZ FUNESTO\u00a0\u2026 \u201cVolvemos al pasado. Miramos el ayer con ojos de hoy\u201d, es la frase que sintetiza el porqu\u00e9, el objetivo de la investigaci\u00f3n \u201cVeracruz de los silencios\u201d, una radiograf\u00eda de la violencia contra periodistas en el estado de Veracruz en el periodo 2010 \u2013 2016, \u201cel peor tiempo espacio, [&hellip;]\" \/>\n<meta property=\"og:url\" content=\"https:\/\/lospoliticosveracruz.com\/?p=116721\" \/>\n<meta property=\"og:site_name\" content=\"Los pol\u00edticos Veracruz\" \/>\n<meta property=\"article:publisher\" content=\"https:\/\/www.facebook.com\/people\/Notimemes-de-los-Polticos\/61565672886568\/\" \/>\n<meta property=\"article:published_time\" content=\"2024-01-11T20:53:28+00:00\" \/>\n<meta property=\"article:modified_time\" content=\"2024-01-11T20:53:40+00:00\" \/>\n<meta property=\"og:image\" content=\"https:\/\/lospoliticosveracruz.com.mx\/wp-content\/uploads\/2021\/10\/Zacauilt-150x300.jpg\" \/>\n<meta name=\"author\" content=\"Lo viste en Los Pol\u00edticos\" \/>\n<meta name=\"twitter:card\" content=\"summary_large_image\" \/>\n<meta name=\"twitter:creator\" content=\"@LosPoliticosVer\" \/>\n<meta name=\"twitter:site\" content=\"@LosPoliticosVer\" \/>\n<meta name=\"twitter:label1\" content=\"Escrito por\" \/>\n\t<meta name=\"twitter:data1\" content=\"Lo viste en Los Pol\u00edticos\" \/>\n\t<meta name=\"twitter:label2\" content=\"Tiempo de lectura\" \/>\n\t<meta name=\"twitter:data2\" content=\"4 minutos\" \/>\n<script type=\"application\/ld+json\" class=\"yoast-schema-graph\">{\"@context\":\"https:\\\/\\\/schema.org\",\"@graph\":[{\"@type\":\"Article\",\"@id\":\"https:\\\/\\\/lospoliticosveracruz.com\\\/?p=116721#article\",\"isPartOf\":{\"@id\":\"https:\\\/\\\/lospoliticosveracruz.com\\\/?p=116721\"},\"author\":{\"name\":\"Lo viste en Los Pol\u00edticos\",\"@id\":\"https:\\\/\\\/lospoliticosveracruz.com\\\/#\\\/schema\\\/person\\\/b8702bb0e538456e6efd07080bf2a4a2\"},\"headline\":\"2010-2016\",\"datePublished\":\"2024-01-11T20:53:28+00:00\",\"dateModified\":\"2024-01-11T20:53:40+00:00\",\"mainEntityOfPage\":{\"@id\":\"https:\\\/\\\/lospoliticosveracruz.com\\\/?p=116721\"},\"wordCount\":886,\"publisher\":{\"@id\":\"https:\\\/\\\/lospoliticosveracruz.com\\\/#organization\"},\"image\":{\"@id\":\"https:\\\/\\\/lospoliticosveracruz.com\\\/?p=116721#primaryimage\"},\"thumbnailUrl\":\"https:\\\/\\\/lospoliticosveracruz.com.mx\\\/wp-content\\\/uploads\\\/2021\\\/10\\\/Zacauilt-150x300.jpg\",\"keywords\":[\"periodista Paula M\u00f3naco Felipe\"],\"articleSection\":[\"De Opini\u00f3n\"],\"inLanguage\":\"es\"},{\"@type\":\"WebPage\",\"@id\":\"https:\\\/\\\/lospoliticosveracruz.com\\\/?p=116721\",\"url\":\"https:\\\/\\\/lospoliticosveracruz.com\\\/?p=116721\",\"name\":\"2010-2016 - Los pol\u00edticos Veracruz\",\"isPartOf\":{\"@id\":\"https:\\\/\\\/lospoliticosveracruz.com\\\/#website\"},\"primaryImageOfPage\":{\"@id\":\"https:\\\/\\\/lospoliticosveracruz.com\\\/?p=116721#primaryimage\"},\"image\":{\"@id\":\"https:\\\/\\\/lospoliticosveracruz.com\\\/?p=116721#primaryimage\"},\"thumbnailUrl\":\"https:\\\/\\\/lospoliticosveracruz.com.mx\\\/wp-content\\\/uploads\\\/2021\\\/10\\\/Zacauilt-150x300.jpg\",\"datePublished\":\"2024-01-11T20:53:28+00:00\",\"dateModified\":\"2024-01-11T20:53:40+00:00\",\"breadcrumb\":{\"@id\":\"https:\\\/\\\/lospoliticosveracruz.com\\\/?p=116721#breadcrumb\"},\"inLanguage\":\"es\",\"potentialAction\":[{\"@type\":\"ReadAction\",\"target\":[\"https:\\\/\\\/lospoliticosveracruz.com\\\/?p=116721\"]}]},{\"@type\":\"ImageObject\",\"inLanguage\":\"es\",\"@id\":\"https:\\\/\\\/lospoliticosveracruz.com\\\/?p=116721#primaryimage\",\"url\":\"https:\\\/\\\/lospoliticosveracruz.com.mx\\\/wp-content\\\/uploads\\\/2021\\\/10\\\/Zacauilt-150x300.jpg\",\"contentUrl\":\"https:\\\/\\\/lospoliticosveracruz.com.mx\\\/wp-content\\\/uploads\\\/2021\\\/10\\\/Zacauilt-150x300.jpg\"},{\"@type\":\"BreadcrumbList\",\"@id\":\"https:\\\/\\\/lospoliticosveracruz.com\\\/?p=116721#breadcrumb\",\"itemListElement\":[{\"@type\":\"ListItem\",\"position\":1,\"name\":\"Portada\",\"item\":\"https:\\\/\\\/lospoliticosveracruz.com\\\/\"},{\"@type\":\"ListItem\",\"position\":2,\"name\":\"2010-2016\"}]},{\"@type\":\"WebSite\",\"@id\":\"https:\\\/\\\/lospoliticosveracruz.com\\\/#website\",\"url\":\"https:\\\/\\\/lospoliticosveracruz.com\\\/\",\"name\":\"Los pol\u00edticos Veracruz\",\"description\":\"\",\"publisher\":{\"@id\":\"https:\\\/\\\/lospoliticosveracruz.com\\\/#organization\"},\"potentialAction\":[{\"@type\":\"SearchAction\",\"target\":{\"@type\":\"EntryPoint\",\"urlTemplate\":\"https:\\\/\\\/lospoliticosveracruz.com\\\/?s={search_term_string}\"},\"query-input\":{\"@type\":\"PropertyValueSpecification\",\"valueRequired\":true,\"valueName\":\"search_term_string\"}}],\"inLanguage\":\"es\"},{\"@type\":\"Organization\",\"@id\":\"https:\\\/\\\/lospoliticosveracruz.com\\\/#organization\",\"name\":\"Los pol\u00edticos Veracruz\",\"url\":\"https:\\\/\\\/lospoliticosveracruz.com\\\/\",\"logo\":{\"@type\":\"ImageObject\",\"inLanguage\":\"es\",\"@id\":\"https:\\\/\\\/lospoliticosveracruz.com\\\/#\\\/schema\\\/logo\\\/image\\\/\",\"url\":\"https:\\\/\\\/lospoliticosveracruz.com\\\/wp-content\\\/uploads\\\/2025\\\/12\\\/Logo-Nuevo-LOS-POLITICOS-1.jpg\",\"contentUrl\":\"https:\\\/\\\/lospoliticosveracruz.com\\\/wp-content\\\/uploads\\\/2025\\\/12\\\/Logo-Nuevo-LOS-POLITICOS-1.jpg\",\"width\":260,\"height\":70,\"caption\":\"Los pol\u00edticos Veracruz\"},\"image\":{\"@id\":\"https:\\\/\\\/lospoliticosveracruz.com\\\/#\\\/schema\\\/logo\\\/image\\\/\"},\"sameAs\":[\"https:\\\/\\\/www.facebook.com\\\/people\\\/Notimemes-de-los-Polticos\\\/61565672886568\\\/\",\"https:\\\/\\\/x.com\\\/LosPoliticosVer\"]},{\"@type\":\"Person\",\"@id\":\"https:\\\/\\\/lospoliticosveracruz.com\\\/#\\\/schema\\\/person\\\/b8702bb0e538456e6efd07080bf2a4a2\",\"name\":\"Lo viste en Los Pol\u00edticos\",\"image\":{\"@type\":\"ImageObject\",\"inLanguage\":\"es\",\"@id\":\"https:\\\/\\\/secure.gravatar.com\\\/avatar\\\/3a8de04a2656d44082be478bd6c086daa447c4651605818287b9532d3d0bd435?s=96&d=mm&r=g\",\"url\":\"https:\\\/\\\/secure.gravatar.com\\\/avatar\\\/3a8de04a2656d44082be478bd6c086daa447c4651605818287b9532d3d0bd435?s=96&d=mm&r=g\",\"contentUrl\":\"https:\\\/\\\/secure.gravatar.com\\\/avatar\\\/3a8de04a2656d44082be478bd6c086daa447c4651605818287b9532d3d0bd435?s=96&d=mm&r=g\",\"caption\":\"Lo viste en Los Pol\u00edticos\"},\"url\":\"https:\\\/\\\/lospoliticosveracruz.com\\\/?author=2\"}]}<\/script>\n<!-- \/ Yoast SEO plugin. -->","yoast_head_json":{"title":"2010-2016 - Los pol\u00edticos Veracruz","robots":{"index":"index","follow":"follow","max-snippet":"max-snippet:-1","max-image-preview":"max-image-preview:large","max-video-preview":"max-video-preview:-1"},"canonical":"https:\/\/lospoliticosveracruz.com\/?p=116721","og_locale":"es_ES","og_type":"article","og_title":"2010-2016 - Los pol\u00edticos Veracruz","og_description":"Guadalupe H. Mar Mira Pol\u00edtica&nbsp; VERACRUZ FUNESTO\u00a0\u2026 \u201cVolvemos al pasado. Miramos el ayer con ojos de hoy\u201d, es la frase que sintetiza el porqu\u00e9, el objetivo de la investigaci\u00f3n \u201cVeracruz de los silencios\u201d, una radiograf\u00eda de la violencia contra periodistas en el estado de Veracruz en el periodo 2010 \u2013 2016, \u201cel peor tiempo espacio, [&hellip;]","og_url":"https:\/\/lospoliticosveracruz.com\/?p=116721","og_site_name":"Los pol\u00edticos Veracruz","article_publisher":"https:\/\/www.facebook.com\/people\/Notimemes-de-los-Polticos\/61565672886568\/","article_published_time":"2024-01-11T20:53:28+00:00","article_modified_time":"2024-01-11T20:53:40+00:00","og_image":[{"url":"https:\/\/lospoliticosveracruz.com.mx\/wp-content\/uploads\/2021\/10\/Zacauilt-150x300.jpg","type":"","width":"","height":""}],"author":"Lo viste en Los Pol\u00edticos","twitter_card":"summary_large_image","twitter_creator":"@LosPoliticosVer","twitter_site":"@LosPoliticosVer","twitter_misc":{"Escrito por":"Lo viste en Los Pol\u00edticos","Tiempo de lectura":"4 minutos"},"schema":{"@context":"https:\/\/schema.org","@graph":[{"@type":"Article","@id":"https:\/\/lospoliticosveracruz.com\/?p=116721#article","isPartOf":{"@id":"https:\/\/lospoliticosveracruz.com\/?p=116721"},"author":{"name":"Lo viste en Los Pol\u00edticos","@id":"https:\/\/lospoliticosveracruz.com\/#\/schema\/person\/b8702bb0e538456e6efd07080bf2a4a2"},"headline":"2010-2016","datePublished":"2024-01-11T20:53:28+00:00","dateModified":"2024-01-11T20:53:40+00:00","mainEntityOfPage":{"@id":"https:\/\/lospoliticosveracruz.com\/?p=116721"},"wordCount":886,"publisher":{"@id":"https:\/\/lospoliticosveracruz.com\/#organization"},"image":{"@id":"https:\/\/lospoliticosveracruz.com\/?p=116721#primaryimage"},"thumbnailUrl":"https:\/\/lospoliticosveracruz.com.mx\/wp-content\/uploads\/2021\/10\/Zacauilt-150x300.jpg","keywords":["periodista Paula M\u00f3naco Felipe"],"articleSection":["De Opini\u00f3n"],"inLanguage":"es"},{"@type":"WebPage","@id":"https:\/\/lospoliticosveracruz.com\/?p=116721","url":"https:\/\/lospoliticosveracruz.com\/?p=116721","name":"2010-2016 - Los pol\u00edticos Veracruz","isPartOf":{"@id":"https:\/\/lospoliticosveracruz.com\/#website"},"primaryImageOfPage":{"@id":"https:\/\/lospoliticosveracruz.com\/?p=116721#primaryimage"},"image":{"@id":"https:\/\/lospoliticosveracruz.com\/?p=116721#primaryimage"},"thumbnailUrl":"https:\/\/lospoliticosveracruz.com.mx\/wp-content\/uploads\/2021\/10\/Zacauilt-150x300.jpg","datePublished":"2024-01-11T20:53:28+00:00","dateModified":"2024-01-11T20:53:40+00:00","breadcrumb":{"@id":"https:\/\/lospoliticosveracruz.com\/?p=116721#breadcrumb"},"inLanguage":"es","potentialAction":[{"@type":"ReadAction","target":["https:\/\/lospoliticosveracruz.com\/?p=116721"]}]},{"@type":"ImageObject","inLanguage":"es","@id":"https:\/\/lospoliticosveracruz.com\/?p=116721#primaryimage","url":"https:\/\/lospoliticosveracruz.com.mx\/wp-content\/uploads\/2021\/10\/Zacauilt-150x300.jpg","contentUrl":"https:\/\/lospoliticosveracruz.com.mx\/wp-content\/uploads\/2021\/10\/Zacauilt-150x300.jpg"},{"@type":"BreadcrumbList","@id":"https:\/\/lospoliticosveracruz.com\/?p=116721#breadcrumb","itemListElement":[{"@type":"ListItem","position":1,"name":"Portada","item":"https:\/\/lospoliticosveracruz.com\/"},{"@type":"ListItem","position":2,"name":"2010-2016"}]},{"@type":"WebSite","@id":"https:\/\/lospoliticosveracruz.com\/#website","url":"https:\/\/lospoliticosveracruz.com\/","name":"Los pol\u00edticos Veracruz","description":"","publisher":{"@id":"https:\/\/lospoliticosveracruz.com\/#organization"},"potentialAction":[{"@type":"SearchAction","target":{"@type":"EntryPoint","urlTemplate":"https:\/\/lospoliticosveracruz.com\/?s={search_term_string}"},"query-input":{"@type":"PropertyValueSpecification","valueRequired":true,"valueName":"search_term_string"}}],"inLanguage":"es"},{"@type":"Organization","@id":"https:\/\/lospoliticosveracruz.com\/#organization","name":"Los pol\u00edticos Veracruz","url":"https:\/\/lospoliticosveracruz.com\/","logo":{"@type":"ImageObject","inLanguage":"es","@id":"https:\/\/lospoliticosveracruz.com\/#\/schema\/logo\/image\/","url":"https:\/\/lospoliticosveracruz.com\/wp-content\/uploads\/2025\/12\/Logo-Nuevo-LOS-POLITICOS-1.jpg","contentUrl":"https:\/\/lospoliticosveracruz.com\/wp-content\/uploads\/2025\/12\/Logo-Nuevo-LOS-POLITICOS-1.jpg","width":260,"height":70,"caption":"Los pol\u00edticos Veracruz"},"image":{"@id":"https:\/\/lospoliticosveracruz.com\/#\/schema\/logo\/image\/"},"sameAs":["https:\/\/www.facebook.com\/people\/Notimemes-de-los-Polticos\/61565672886568\/","https:\/\/x.com\/LosPoliticosVer"]},{"@type":"Person","@id":"https:\/\/lospoliticosveracruz.com\/#\/schema\/person\/b8702bb0e538456e6efd07080bf2a4a2","name":"Lo viste en Los Pol\u00edticos","image":{"@type":"ImageObject","inLanguage":"es","@id":"https:\/\/secure.gravatar.com\/avatar\/3a8de04a2656d44082be478bd6c086daa447c4651605818287b9532d3d0bd435?s=96&d=mm&r=g","url":"https:\/\/secure.gravatar.com\/avatar\/3a8de04a2656d44082be478bd6c086daa447c4651605818287b9532d3d0bd435?s=96&d=mm&r=g","contentUrl":"https:\/\/secure.gravatar.com\/avatar\/3a8de04a2656d44082be478bd6c086daa447c4651605818287b9532d3d0bd435?s=96&d=mm&r=g","caption":"Lo viste en Los Pol\u00edticos"},"url":"https:\/\/lospoliticosveracruz.com\/?author=2"}]}},"_links":{"self":[{"href":"https:\/\/lospoliticosveracruz.com\/index.php?rest_route=\/wp\/v2\/posts\/116721","targetHints":{"allow":["GET"]}}],"collection":[{"href":"https:\/\/lospoliticosveracruz.com\/index.php?rest_route=\/wp\/v2\/posts"}],"about":[{"href":"https:\/\/lospoliticosveracruz.com\/index.php?rest_route=\/wp\/v2\/types\/post"}],"author":[{"embeddable":true,"href":"https:\/\/lospoliticosveracruz.com\/index.php?rest_route=\/wp\/v2\/users\/2"}],"replies":[{"embeddable":true,"href":"https:\/\/lospoliticosveracruz.com\/index.php?rest_route=%2Fwp%2Fv2%2Fcomments&post=116721"}],"version-history":[{"count":1,"href":"https:\/\/lospoliticosveracruz.com\/index.php?rest_route=\/wp\/v2\/posts\/116721\/revisions"}],"predecessor-version":[{"id":116723,"href":"https:\/\/lospoliticosveracruz.com\/index.php?rest_route=\/wp\/v2\/posts\/116721\/revisions\/116723"}],"wp:attachment":[{"href":"https:\/\/lospoliticosveracruz.com\/index.php?rest_route=%2Fwp%2Fv2%2Fmedia&parent=116721"}],"wp:term":[{"taxonomy":"category","embeddable":true,"href":"https:\/\/lospoliticosveracruz.com\/index.php?rest_route=%2Fwp%2Fv2%2Fcategories&post=116721"},{"taxonomy":"post_tag","embeddable":true,"href":"https:\/\/lospoliticosveracruz.com\/index.php?rest_route=%2Fwp%2Fv2%2Ftags&post=116721"}],"curies":[{"name":"wp","href":"https:\/\/api.w.org\/{rel}","templated":true}]}}