{"id":116941,"date":"2024-01-16T17:41:19","date_gmt":"2024-01-16T23:41:19","guid":{"rendered":"https:\/\/lospoliticosveracruz.com.mx\/?p=116941"},"modified":"2024-01-16T17:41:25","modified_gmt":"2024-01-16T23:41:25","slug":"ariscos","status":"publish","type":"post","link":"https:\/\/lospoliticosveracruz.com\/?p=116941","title":{"rendered":"ARISCOS"},"content":{"rendered":"\n<p><strong>Guadalupe H. Mar<\/strong><\/p>\n\n\n\n<p><em>Mira Pol\u00edtica&nbsp;<\/em><\/p>\n\n\n\n<p>DE TANTOS GARROTAZOS \u2026 No hace ni tres meses integrantes del Movimiento Ind\u00edgena Liberal, Plural y Aut\u00f3nomo de Zongolica (Milpaz), realizaron algunas manifestaciones para exigirle al alcalde de ese municipio, Benito Aguas Atlahua, la salida de los elementos de la Secretar\u00eda de Seguridad P\u00fablica del estado de Veracruz (SSP), as\u00ed como de los uniformados municipales por el desmedido incremento en casos de extorsi\u00f3n y abusos por parte de quienes se supone deben resguardar y proteger a la ciudadan\u00eda.<\/p>\n\n\n<div class=\"wp-block-image\">\n<figure class=\"alignleft size-medium\"><a href=\"https:\/\/lospoliticosveracruz.com.mx\/wp-content\/uploads\/2021\/10\/WhatsApp-Image-2021-10-02-at-15.20.25.jpeg\"><img loading=\"lazy\" decoding=\"async\" width=\"212\" height=\"300\" src=\"https:\/\/lospoliticosveracruz.com.mx\/wp-content\/uploads\/2021\/10\/WhatsApp-Image-2021-10-02-at-15.20.25-212x300.jpeg\" alt=\"\" class=\"wp-image-80177\" srcset=\"https:\/\/lospoliticosveracruz.com\/wp-content\/uploads\/2021\/10\/WhatsApp-Image-2021-10-02-at-15.20.25-212x300.jpeg 212w, https:\/\/lospoliticosveracruz.com\/wp-content\/uploads\/2021\/10\/WhatsApp-Image-2021-10-02-at-15.20.25-724x1024.jpeg 724w, https:\/\/lospoliticosveracruz.com\/wp-content\/uploads\/2021\/10\/WhatsApp-Image-2021-10-02-at-15.20.25-768x1086.jpeg 768w, https:\/\/lospoliticosveracruz.com\/wp-content\/uploads\/2021\/10\/WhatsApp-Image-2021-10-02-at-15.20.25.jpeg 905w\" sizes=\"auto, (max-width: 212px) 100vw, 212px\" \/><\/a><\/figure>\n<\/div>\n\n\n<p>\u201cManda a elementos de la Guardia Nacional o vamos a detenerlos y ponerlos a disposici\u00f3n de las autoridades\u201d, fue la advertencia que le hicieron al presidente municipal de Zongolica los integrantes de Milpaz, en una reuni\u00f3n que sostuvieron los transportistas con el alcalde de ese municipio de las Altas Monta\u00f1as de Veracruz, as\u00ed como con representantes de la Secretar\u00eda de Seguridad P\u00fablica.<\/p>\n\n\n\n<p>Concretamente los transportistas denunciaron que los elementos de ambas corporaciones policiacas montan retenes \u201csolo para atracar, pues presentan hasta tres casos por semana y la gente ya est\u00e1 cansada\u201d.<\/p>\n\n\n\n<p>Pues bien, ayer martes, taxistas de la regi\u00f3n de C\u00f3rdoba, Veracruz, realizaron varios bloqueos con sus unidades \u00bfpara qu\u00e9 creen amables lectoras y lectores?, pues para exigir de esa manera que cese el hostigamiento que ejercen en contra de ellos elementos de la Direcci\u00f3n General de Transporte del estado de Veracruz.<\/p>\n\n\n\n<p>Pero d\u00e9jennos decirles que a esta manifestaci\u00f3n se sumaron taxistas de Fort\u00edn de las Flores, Amatl\u00e1n de los Reyes, Cuichapa e incluso de Yanga, quienes ya est\u00e1n cansados de la presi\u00f3n que ejercen en contra de ellos los elementos de Tr\u00e1nsito estatal.<\/p>\n\n\n\n<p>Denunciaron los taxistas que los elementos de la Direcci\u00f3n General de Transporte del estado de Veracruz, cometen diversos abusos de autoridad al amparo de la revista vehicular, que por cierto se reactiv\u00f3 en los tiempos del ex gobernador del estado panperredista Miguel \u00c1ngel Yunes Linares.<\/p>\n\n\n\n<p>Eso de la revista vehicular es tema que abordaremos posteriormente amables lectores, pues como dijera la Nana Goya, esa es otra historia, con mucha, mucha cola que pisar.<\/p>\n\n\n\n<p>PREGUNTA OBLIGADA \u2026 Ante estas situaciones que se est\u00e1n dando en la zona centro de la entidad veracruzana por la ausencia de Estado, surge nuevamente la pregunta \u00bfD\u00f3nde est\u00e1 el piloto?<\/p>\n\n\n\n<p>AYUDANDO Y DANDO \u2026 Altruistas de la ciudad de Xalapa pusieron a disposici\u00f3n de familiares de pacientes internados en el que fuera el Centro de Especialidades M\u00e9dicas (CEM), ahora Centro de Alta Especialidad \u00abDr. Rafael Lucio\u00bb, un autob\u00fas de pasajeros para que puedan descansar en \u00e9l, estos d\u00edas en que est\u00e1 haciendo mucho fr\u00edo.<\/p>\n\n\n\n<p>La unidad es del Grupo AMOTAC (Alianza Mexicana de Organizaci\u00f3n de Transportistas), que de esta manera colabora con la ciudadan\u00eda. Bien.<\/p>\n\n\n\n<p>REQUETEBIEN \u2026 Bien, muy bien por la designaci\u00f3n de la arquitecta Silvia Alejandre Prado como la primera secretaria de Cultura del gobierno del estado de Veracruz, dependencia que surge tras la transformaci\u00f3n de la Secretar\u00eda de Turismo, Cultura y Cinematograf\u00eda donde despachaba Iv\u00e1n Mart\u00ednez Olvera.<\/p>\n\n\n\n<p>Alejandre Prado, con maestr\u00eda en Gesti\u00f3n del Patrimonio Cultural en la Universidad Complutense de Madrid, ha trabajado la \u00faltima d\u00e9cada en diversas \u00e1reas culturales, tanto en la ciudad de Xalapa como en el puerto de Veracruz, donde estuvo al frente del Instituto Veracruzano de Cultura (IVEC).<\/p>\n\n\n\n<p>\u00bfCOMO EN DINAMARCA? \u2026 A trav\u00e9s de mensajes de WhatsApp, un par de farmacias de la zona conurbada Veracruz \u2013 Boca del R\u00edo est\u00e1n ofertando la vacuna Pfizer contra el Coronavirus, cuyo costo va de los 855 a los 999 pesos.<\/p>\n\n\n\n<p>Los primeros d\u00edas que las ofertaron, las vacunas se acabaron r\u00e1pidamente y en este mes de enero la oferta es limitada.<\/p>\n\n\n\n<p>Por cierto, tambi\u00e9n est\u00e1n ofertando la vacuna \u201cComirnaty\u201d, que fue recientemente aprobada por la Comisi\u00f3n Federal para la Protecci\u00f3n contra Riesgos Sanitarios (Cofepris) para su venta al p\u00fablico en M\u00e9xico.<\/p>\n\n\n\n<p>Para que no se queden con la duda, esta vacuna \u201cComirnaty\u201d tambi\u00e9n de Pfizer, est\u00e1 adicionada con la actualizaci\u00f3n espec\u00edfica para la variante estacional Omicron XBB.1.5 del virus SARS-CoV-2.<\/p>\n\n\n\n<p>Una familia peque\u00f1a, de tres integrantes, tendr\u00e1 que pagar tres mil pesos por esta vacuna.<\/p>\n\n\n\n<p>La opci\u00f3n que ofrece el gobierno federal es aplicarse gratuitamente las vacunas Abdal\u00e1 de Cuba y la rusa Sputnik, de las que se ha dicho mucho.<\/p>\n\n\n\n<p>D\u00cdGALO SIN MIEDO \u2026 Al correo electr\u00f3nico guadalupehmar@gmail.com<\/p>\n","protected":false},"excerpt":{"rendered":"<p>Guadalupe H. Mar Mira Pol\u00edtica&nbsp; DE TANTOS GARROTAZOS \u2026 No hace ni tres meses integrantes del Movimiento Ind\u00edgena Liberal, Plural y Aut\u00f3nomo de Zongolica (Milpaz), realizaron algunas manifestaciones para exigirle al alcalde de ese municipio, Benito Aguas Atlahua, la salida de los elementos de la Secretar\u00eda de Seguridad P\u00fablica del estado de Veracruz (SSP), as\u00ed [&hellip;]<\/p>\n","protected":false},"author":2,"featured_media":0,"comment_status":"closed","ping_status":"closed","sticky":false,"template":"","format":"standard","meta":{"tdm_status":"","tdm_grid_status":"","footnotes":""},"categories":[70],"tags":[],"class_list":{"0":"post-116941","1":"post","2":"type-post","3":"status-publish","4":"format-standard","6":"category-de-opinion"},"yoast_head":"<!-- This site is optimized with the Yoast SEO plugin v27.4 - https:\/\/yoast.com\/product\/yoast-seo-wordpress\/ -->\n<title>ARISCOS - Los pol\u00edticos Veracruz<\/title>\n<meta name=\"robots\" content=\"index, follow, max-snippet:-1, max-image-preview:large, max-video-preview:-1\" \/>\n<link rel=\"canonical\" href=\"https:\/\/lospoliticosveracruz.com\/?p=116941\" \/>\n<meta property=\"og:locale\" content=\"es_ES\" \/>\n<meta property=\"og:type\" content=\"article\" \/>\n<meta property=\"og:title\" content=\"ARISCOS - Los pol\u00edticos Veracruz\" \/>\n<meta property=\"og:description\" content=\"Guadalupe H. Mar Mira Pol\u00edtica&nbsp; DE TANTOS GARROTAZOS \u2026 No hace ni tres meses integrantes del Movimiento Ind\u00edgena Liberal, Plural y Aut\u00f3nomo de Zongolica (Milpaz), realizaron algunas manifestaciones para exigirle al alcalde de ese municipio, Benito Aguas Atlahua, la salida de los elementos de la Secretar\u00eda de Seguridad P\u00fablica del estado de Veracruz (SSP), as\u00ed [&hellip;]\" \/>\n<meta property=\"og:url\" content=\"https:\/\/lospoliticosveracruz.com\/?p=116941\" \/>\n<meta property=\"og:site_name\" content=\"Los pol\u00edticos Veracruz\" \/>\n<meta property=\"article:publisher\" content=\"https:\/\/www.facebook.com\/people\/Notimemes-de-los-Polticos\/61565672886568\/\" \/>\n<meta property=\"article:published_time\" content=\"2024-01-16T23:41:19+00:00\" \/>\n<meta property=\"article:modified_time\" content=\"2024-01-16T23:41:25+00:00\" \/>\n<meta property=\"og:image\" content=\"https:\/\/lospoliticosveracruz.com.mx\/wp-content\/uploads\/2021\/10\/WhatsApp-Image-2021-10-02-at-15.20.25-212x300.jpeg\" \/>\n<meta name=\"author\" content=\"Lo viste en Los Pol\u00edticos\" \/>\n<meta name=\"twitter:card\" content=\"summary_large_image\" \/>\n<meta name=\"twitter:creator\" content=\"@LosPoliticosVer\" \/>\n<meta name=\"twitter:site\" content=\"@LosPoliticosVer\" \/>\n<meta name=\"twitter:label1\" content=\"Escrito por\" \/>\n\t<meta name=\"twitter:data1\" content=\"Lo viste en Los Pol\u00edticos\" \/>\n\t<meta name=\"twitter:label2\" content=\"Tiempo de lectura\" \/>\n\t<meta name=\"twitter:data2\" content=\"4 minutos\" \/>\n<script type=\"application\/ld+json\" class=\"yoast-schema-graph\">{\"@context\":\"https:\\\/\\\/schema.org\",\"@graph\":[{\"@type\":\"Article\",\"@id\":\"https:\\\/\\\/lospoliticosveracruz.com\\\/?p=116941#article\",\"isPartOf\":{\"@id\":\"https:\\\/\\\/lospoliticosveracruz.com\\\/?p=116941\"},\"author\":{\"name\":\"Lo viste en Los Pol\u00edticos\",\"@id\":\"https:\\\/\\\/lospoliticosveracruz.com\\\/#\\\/schema\\\/person\\\/b8702bb0e538456e6efd07080bf2a4a2\"},\"headline\":\"ARISCOS\",\"datePublished\":\"2024-01-16T23:41:19+00:00\",\"dateModified\":\"2024-01-16T23:41:25+00:00\",\"mainEntityOfPage\":{\"@id\":\"https:\\\/\\\/lospoliticosveracruz.com\\\/?p=116941\"},\"wordCount\":761,\"publisher\":{\"@id\":\"https:\\\/\\\/lospoliticosveracruz.com\\\/#organization\"},\"image\":{\"@id\":\"https:\\\/\\\/lospoliticosveracruz.com\\\/?p=116941#primaryimage\"},\"thumbnailUrl\":\"https:\\\/\\\/lospoliticosveracruz.com.mx\\\/wp-content\\\/uploads\\\/2021\\\/10\\\/WhatsApp-Image-2021-10-02-at-15.20.25-212x300.jpeg\",\"articleSection\":[\"De Opini\u00f3n\"],\"inLanguage\":\"es\"},{\"@type\":\"WebPage\",\"@id\":\"https:\\\/\\\/lospoliticosveracruz.com\\\/?p=116941\",\"url\":\"https:\\\/\\\/lospoliticosveracruz.com\\\/?p=116941\",\"name\":\"ARISCOS - Los pol\u00edticos Veracruz\",\"isPartOf\":{\"@id\":\"https:\\\/\\\/lospoliticosveracruz.com\\\/#website\"},\"primaryImageOfPage\":{\"@id\":\"https:\\\/\\\/lospoliticosveracruz.com\\\/?p=116941#primaryimage\"},\"image\":{\"@id\":\"https:\\\/\\\/lospoliticosveracruz.com\\\/?p=116941#primaryimage\"},\"thumbnailUrl\":\"https:\\\/\\\/lospoliticosveracruz.com.mx\\\/wp-content\\\/uploads\\\/2021\\\/10\\\/WhatsApp-Image-2021-10-02-at-15.20.25-212x300.jpeg\",\"datePublished\":\"2024-01-16T23:41:19+00:00\",\"dateModified\":\"2024-01-16T23:41:25+00:00\",\"breadcrumb\":{\"@id\":\"https:\\\/\\\/lospoliticosveracruz.com\\\/?p=116941#breadcrumb\"},\"inLanguage\":\"es\",\"potentialAction\":[{\"@type\":\"ReadAction\",\"target\":[\"https:\\\/\\\/lospoliticosveracruz.com\\\/?p=116941\"]}]},{\"@type\":\"ImageObject\",\"inLanguage\":\"es\",\"@id\":\"https:\\\/\\\/lospoliticosveracruz.com\\\/?p=116941#primaryimage\",\"url\":\"https:\\\/\\\/lospoliticosveracruz.com.mx\\\/wp-content\\\/uploads\\\/2021\\\/10\\\/WhatsApp-Image-2021-10-02-at-15.20.25-212x300.jpeg\",\"contentUrl\":\"https:\\\/\\\/lospoliticosveracruz.com.mx\\\/wp-content\\\/uploads\\\/2021\\\/10\\\/WhatsApp-Image-2021-10-02-at-15.20.25-212x300.jpeg\"},{\"@type\":\"BreadcrumbList\",\"@id\":\"https:\\\/\\\/lospoliticosveracruz.com\\\/?p=116941#breadcrumb\",\"itemListElement\":[{\"@type\":\"ListItem\",\"position\":1,\"name\":\"Portada\",\"item\":\"https:\\\/\\\/lospoliticosveracruz.com\\\/\"},{\"@type\":\"ListItem\",\"position\":2,\"name\":\"ARISCOS\"}]},{\"@type\":\"WebSite\",\"@id\":\"https:\\\/\\\/lospoliticosveracruz.com\\\/#website\",\"url\":\"https:\\\/\\\/lospoliticosveracruz.com\\\/\",\"name\":\"Los pol\u00edticos Veracruz\",\"description\":\"\",\"publisher\":{\"@id\":\"https:\\\/\\\/lospoliticosveracruz.com\\\/#organization\"},\"potentialAction\":[{\"@type\":\"SearchAction\",\"target\":{\"@type\":\"EntryPoint\",\"urlTemplate\":\"https:\\\/\\\/lospoliticosveracruz.com\\\/?s={search_term_string}\"},\"query-input\":{\"@type\":\"PropertyValueSpecification\",\"valueRequired\":true,\"valueName\":\"search_term_string\"}}],\"inLanguage\":\"es\"},{\"@type\":\"Organization\",\"@id\":\"https:\\\/\\\/lospoliticosveracruz.com\\\/#organization\",\"name\":\"Los pol\u00edticos Veracruz\",\"url\":\"https:\\\/\\\/lospoliticosveracruz.com\\\/\",\"logo\":{\"@type\":\"ImageObject\",\"inLanguage\":\"es\",\"@id\":\"https:\\\/\\\/lospoliticosveracruz.com\\\/#\\\/schema\\\/logo\\\/image\\\/\",\"url\":\"https:\\\/\\\/lospoliticosveracruz.com\\\/wp-content\\\/uploads\\\/2025\\\/12\\\/Logo-Nuevo-LOS-POLITICOS-1.jpg\",\"contentUrl\":\"https:\\\/\\\/lospoliticosveracruz.com\\\/wp-content\\\/uploads\\\/2025\\\/12\\\/Logo-Nuevo-LOS-POLITICOS-1.jpg\",\"width\":260,\"height\":70,\"caption\":\"Los pol\u00edticos Veracruz\"},\"image\":{\"@id\":\"https:\\\/\\\/lospoliticosveracruz.com\\\/#\\\/schema\\\/logo\\\/image\\\/\"},\"sameAs\":[\"https:\\\/\\\/www.facebook.com\\\/people\\\/Notimemes-de-los-Polticos\\\/61565672886568\\\/\",\"https:\\\/\\\/x.com\\\/LosPoliticosVer\"]},{\"@type\":\"Person\",\"@id\":\"https:\\\/\\\/lospoliticosveracruz.com\\\/#\\\/schema\\\/person\\\/b8702bb0e538456e6efd07080bf2a4a2\",\"name\":\"Lo viste en Los Pol\u00edticos\",\"image\":{\"@type\":\"ImageObject\",\"inLanguage\":\"es\",\"@id\":\"https:\\\/\\\/secure.gravatar.com\\\/avatar\\\/3a8de04a2656d44082be478bd6c086daa447c4651605818287b9532d3d0bd435?s=96&d=mm&r=g\",\"url\":\"https:\\\/\\\/secure.gravatar.com\\\/avatar\\\/3a8de04a2656d44082be478bd6c086daa447c4651605818287b9532d3d0bd435?s=96&d=mm&r=g\",\"contentUrl\":\"https:\\\/\\\/secure.gravatar.com\\\/avatar\\\/3a8de04a2656d44082be478bd6c086daa447c4651605818287b9532d3d0bd435?s=96&d=mm&r=g\",\"caption\":\"Lo viste en Los Pol\u00edticos\"},\"url\":\"https:\\\/\\\/lospoliticosveracruz.com\\\/?author=2\"}]}<\/script>\n<!-- \/ Yoast SEO plugin. -->","yoast_head_json":{"title":"ARISCOS - Los pol\u00edticos Veracruz","robots":{"index":"index","follow":"follow","max-snippet":"max-snippet:-1","max-image-preview":"max-image-preview:large","max-video-preview":"max-video-preview:-1"},"canonical":"https:\/\/lospoliticosveracruz.com\/?p=116941","og_locale":"es_ES","og_type":"article","og_title":"ARISCOS - Los pol\u00edticos Veracruz","og_description":"Guadalupe H. Mar Mira Pol\u00edtica&nbsp; DE TANTOS GARROTAZOS \u2026 No hace ni tres meses integrantes del Movimiento Ind\u00edgena Liberal, Plural y Aut\u00f3nomo de Zongolica (Milpaz), realizaron algunas manifestaciones para exigirle al alcalde de ese municipio, Benito Aguas Atlahua, la salida de los elementos de la Secretar\u00eda de Seguridad P\u00fablica del estado de Veracruz (SSP), as\u00ed [&hellip;]","og_url":"https:\/\/lospoliticosveracruz.com\/?p=116941","og_site_name":"Los pol\u00edticos Veracruz","article_publisher":"https:\/\/www.facebook.com\/people\/Notimemes-de-los-Polticos\/61565672886568\/","article_published_time":"2024-01-16T23:41:19+00:00","article_modified_time":"2024-01-16T23:41:25+00:00","og_image":[{"url":"https:\/\/lospoliticosveracruz.com.mx\/wp-content\/uploads\/2021\/10\/WhatsApp-Image-2021-10-02-at-15.20.25-212x300.jpeg","type":"","width":"","height":""}],"author":"Lo viste en Los Pol\u00edticos","twitter_card":"summary_large_image","twitter_creator":"@LosPoliticosVer","twitter_site":"@LosPoliticosVer","twitter_misc":{"Escrito por":"Lo viste en Los Pol\u00edticos","Tiempo de lectura":"4 minutos"},"schema":{"@context":"https:\/\/schema.org","@graph":[{"@type":"Article","@id":"https:\/\/lospoliticosveracruz.com\/?p=116941#article","isPartOf":{"@id":"https:\/\/lospoliticosveracruz.com\/?p=116941"},"author":{"name":"Lo viste en Los Pol\u00edticos","@id":"https:\/\/lospoliticosveracruz.com\/#\/schema\/person\/b8702bb0e538456e6efd07080bf2a4a2"},"headline":"ARISCOS","datePublished":"2024-01-16T23:41:19+00:00","dateModified":"2024-01-16T23:41:25+00:00","mainEntityOfPage":{"@id":"https:\/\/lospoliticosveracruz.com\/?p=116941"},"wordCount":761,"publisher":{"@id":"https:\/\/lospoliticosveracruz.com\/#organization"},"image":{"@id":"https:\/\/lospoliticosveracruz.com\/?p=116941#primaryimage"},"thumbnailUrl":"https:\/\/lospoliticosveracruz.com.mx\/wp-content\/uploads\/2021\/10\/WhatsApp-Image-2021-10-02-at-15.20.25-212x300.jpeg","articleSection":["De Opini\u00f3n"],"inLanguage":"es"},{"@type":"WebPage","@id":"https:\/\/lospoliticosveracruz.com\/?p=116941","url":"https:\/\/lospoliticosveracruz.com\/?p=116941","name":"ARISCOS - Los pol\u00edticos Veracruz","isPartOf":{"@id":"https:\/\/lospoliticosveracruz.com\/#website"},"primaryImageOfPage":{"@id":"https:\/\/lospoliticosveracruz.com\/?p=116941#primaryimage"},"image":{"@id":"https:\/\/lospoliticosveracruz.com\/?p=116941#primaryimage"},"thumbnailUrl":"https:\/\/lospoliticosveracruz.com.mx\/wp-content\/uploads\/2021\/10\/WhatsApp-Image-2021-10-02-at-15.20.25-212x300.jpeg","datePublished":"2024-01-16T23:41:19+00:00","dateModified":"2024-01-16T23:41:25+00:00","breadcrumb":{"@id":"https:\/\/lospoliticosveracruz.com\/?p=116941#breadcrumb"},"inLanguage":"es","potentialAction":[{"@type":"ReadAction","target":["https:\/\/lospoliticosveracruz.com\/?p=116941"]}]},{"@type":"ImageObject","inLanguage":"es","@id":"https:\/\/lospoliticosveracruz.com\/?p=116941#primaryimage","url":"https:\/\/lospoliticosveracruz.com.mx\/wp-content\/uploads\/2021\/10\/WhatsApp-Image-2021-10-02-at-15.20.25-212x300.jpeg","contentUrl":"https:\/\/lospoliticosveracruz.com.mx\/wp-content\/uploads\/2021\/10\/WhatsApp-Image-2021-10-02-at-15.20.25-212x300.jpeg"},{"@type":"BreadcrumbList","@id":"https:\/\/lospoliticosveracruz.com\/?p=116941#breadcrumb","itemListElement":[{"@type":"ListItem","position":1,"name":"Portada","item":"https:\/\/lospoliticosveracruz.com\/"},{"@type":"ListItem","position":2,"name":"ARISCOS"}]},{"@type":"WebSite","@id":"https:\/\/lospoliticosveracruz.com\/#website","url":"https:\/\/lospoliticosveracruz.com\/","name":"Los pol\u00edticos Veracruz","description":"","publisher":{"@id":"https:\/\/lospoliticosveracruz.com\/#organization"},"potentialAction":[{"@type":"SearchAction","target":{"@type":"EntryPoint","urlTemplate":"https:\/\/lospoliticosveracruz.com\/?s={search_term_string}"},"query-input":{"@type":"PropertyValueSpecification","valueRequired":true,"valueName":"search_term_string"}}],"inLanguage":"es"},{"@type":"Organization","@id":"https:\/\/lospoliticosveracruz.com\/#organization","name":"Los pol\u00edticos Veracruz","url":"https:\/\/lospoliticosveracruz.com\/","logo":{"@type":"ImageObject","inLanguage":"es","@id":"https:\/\/lospoliticosveracruz.com\/#\/schema\/logo\/image\/","url":"https:\/\/lospoliticosveracruz.com\/wp-content\/uploads\/2025\/12\/Logo-Nuevo-LOS-POLITICOS-1.jpg","contentUrl":"https:\/\/lospoliticosveracruz.com\/wp-content\/uploads\/2025\/12\/Logo-Nuevo-LOS-POLITICOS-1.jpg","width":260,"height":70,"caption":"Los pol\u00edticos Veracruz"},"image":{"@id":"https:\/\/lospoliticosveracruz.com\/#\/schema\/logo\/image\/"},"sameAs":["https:\/\/www.facebook.com\/people\/Notimemes-de-los-Polticos\/61565672886568\/","https:\/\/x.com\/LosPoliticosVer"]},{"@type":"Person","@id":"https:\/\/lospoliticosveracruz.com\/#\/schema\/person\/b8702bb0e538456e6efd07080bf2a4a2","name":"Lo viste en Los Pol\u00edticos","image":{"@type":"ImageObject","inLanguage":"es","@id":"https:\/\/secure.gravatar.com\/avatar\/3a8de04a2656d44082be478bd6c086daa447c4651605818287b9532d3d0bd435?s=96&d=mm&r=g","url":"https:\/\/secure.gravatar.com\/avatar\/3a8de04a2656d44082be478bd6c086daa447c4651605818287b9532d3d0bd435?s=96&d=mm&r=g","contentUrl":"https:\/\/secure.gravatar.com\/avatar\/3a8de04a2656d44082be478bd6c086daa447c4651605818287b9532d3d0bd435?s=96&d=mm&r=g","caption":"Lo viste en Los Pol\u00edticos"},"url":"https:\/\/lospoliticosveracruz.com\/?author=2"}]}},"_links":{"self":[{"href":"https:\/\/lospoliticosveracruz.com\/index.php?rest_route=\/wp\/v2\/posts\/116941","targetHints":{"allow":["GET"]}}],"collection":[{"href":"https:\/\/lospoliticosveracruz.com\/index.php?rest_route=\/wp\/v2\/posts"}],"about":[{"href":"https:\/\/lospoliticosveracruz.com\/index.php?rest_route=\/wp\/v2\/types\/post"}],"author":[{"embeddable":true,"href":"https:\/\/lospoliticosveracruz.com\/index.php?rest_route=\/wp\/v2\/users\/2"}],"replies":[{"embeddable":true,"href":"https:\/\/lospoliticosveracruz.com\/index.php?rest_route=%2Fwp%2Fv2%2Fcomments&post=116941"}],"version-history":[{"count":1,"href":"https:\/\/lospoliticosveracruz.com\/index.php?rest_route=\/wp\/v2\/posts\/116941\/revisions"}],"predecessor-version":[{"id":116943,"href":"https:\/\/lospoliticosveracruz.com\/index.php?rest_route=\/wp\/v2\/posts\/116941\/revisions\/116943"}],"wp:attachment":[{"href":"https:\/\/lospoliticosveracruz.com\/index.php?rest_route=%2Fwp%2Fv2%2Fmedia&parent=116941"}],"wp:term":[{"taxonomy":"category","embeddable":true,"href":"https:\/\/lospoliticosveracruz.com\/index.php?rest_route=%2Fwp%2Fv2%2Fcategories&post=116941"},{"taxonomy":"post_tag","embeddable":true,"href":"https:\/\/lospoliticosveracruz.com\/index.php?rest_route=%2Fwp%2Fv2%2Ftags&post=116941"}],"curies":[{"name":"wp","href":"https:\/\/api.w.org\/{rel}","templated":true}]}}