{"id":117051,"date":"2024-01-18T18:38:29","date_gmt":"2024-01-19T00:38:29","guid":{"rendered":"https:\/\/lospoliticosveracruz.com.mx\/?p=117051"},"modified":"2024-01-18T18:38:35","modified_gmt":"2024-01-19T00:38:35","slug":"buzos-boquenos","status":"publish","type":"post","link":"https:\/\/lospoliticosveracruz.com\/?p=117051","title":{"rendered":"BUZOS BOQUE\u00d1OS!"},"content":{"rendered":"\n<p><\/p>\n\n\n\n<p>El Ayuntamiento de Boca del R\u00edo est\u00e1 preparado para atender el llamado ciudadano ante posibles afectaciones que pudiera provocar el Frente Fr\u00edo 28 en las pr\u00f3ximas horas, inform\u00f3 el Alcalde Juan Manuel Un\u00e1nue Abascal.<\/p>\n\n\n\n<p>\u201cTodos los elementos que comprenden las \u00e1reas operativas ya se encuentran atentas por el pr\u00f3ximo evento de norte que se registrar\u00e1 en las pr\u00f3ximas horas, as\u00ed que exhortamos a la ciudadan\u00eda a tomar sus debidas precauciones\u201d, enfatiz\u00f3 el edil boque\u00f1o.<\/p>\n\n\n\n<p>De acuerdo a la Secretar\u00eda de Protecci\u00f3n Civil del Estado de Veracruz, dicho pron\u00f3stico indica la presencia de norte para este viernes 19 de enero con rachas de 60 a 75 km\/h y para el s\u00e1bado 20 con rachas de 65 a 80 km\/h decreciendo por la noche.<\/p>\n\n\n\n<p>En tanto, la Direcci\u00f3n de Protecci\u00f3n Civil de Boca del R\u00edo, exhorta a la poblaci\u00f3n a seguir monitoreando el pron\u00f3stico del tiempo en los pr\u00f3ximos d\u00edas y atender las recomendaciones emitidas por las autoridades.<\/p>\n\n\n\n<p>Finalmente, el Presidente Municipal, Juan Manuel Un\u00e1nue Abascal, record\u00f3 a los ciudadanos los n\u00fameros de emergencia para cualquier eventualidad: el 911 o los tel\u00e9fonos de Protecci\u00f3n Civil de Boca del R\u00edo 9 86 23 23 o al 2 02 22 22 extensi\u00f3n 3000.<\/p>\n\n\n\n<p><em>RECOMENDACIONES<\/em><\/p>\n\n\n\n<p>-Se recomienda la suspensi\u00f3n de trabajos al aire libre en alturas, sobre escaleras, andamios u otros.<br>-Previo al evento de norte limpia y desrama \u00e1rboles pr\u00f3ximos a las casas, utilizando equipo de protecci\u00f3n personal adecuado.<br>-Tapa y asegura materiales como arena, grava, escombros acumulados, madera, etc, pues con la fuerza del viento pueden convertirse en proyectiles.<br>-Al\u00e9jate de espectaculares, letreros y \u00e1rboles que pueden caerse con el viento.<br>-Se recomienda recoger la basura que sea generada en la obra para evitar que sea esparcida por el aire y ocasione da\u00f1os.<br>-Asegura puertas, toldos, ventanas, paneles solares, decoraciones, botes de basura, ventanales, tinacos vac\u00edos y otros recipientes vac\u00edos que no est\u00e9n sujetos.<br>-No enciendas fogatas, el viento puede iniciar o extender incendios.<br>-Evita salir de casa y si es necesario o urgente salir de ella, pon atenci\u00f3n alrededor para evitar posibles riesgos.<br>-Recuerda resguardar a tus mascotas en un lugar seguro.<\/p>\n","protected":false},"excerpt":{"rendered":"<p>El Ayuntamiento de Boca del R\u00edo est\u00e1 preparado para atender el llamado ciudadano ante posibles afectaciones que pudiera provocar el Frente Fr\u00edo 28 en las pr\u00f3ximas horas, inform\u00f3 el Alcalde Juan Manuel Un\u00e1nue Abascal. \u201cTodos los elementos que comprenden las \u00e1reas operativas ya se encuentran atentas por el pr\u00f3ximo evento de norte que se registrar\u00e1 [&hellip;]<\/p>\n","protected":false},"author":2,"featured_media":0,"comment_status":"closed","ping_status":"closed","sticky":false,"template":"","format":"standard","meta":{"tdm_status":"","tdm_grid_status":"","footnotes":""},"categories":[73],"tags":[],"class_list":{"0":"post-117051","1":"post","2":"type-post","3":"status-publish","4":"format-standard","6":"category-de-boleto"},"yoast_head":"<!-- This site is optimized with the Yoast SEO plugin v27.4 - https:\/\/yoast.com\/product\/yoast-seo-wordpress\/ -->\n<title>BUZOS BOQUE\u00d1OS! - Los pol\u00edticos Veracruz<\/title>\n<meta name=\"robots\" content=\"index, follow, max-snippet:-1, max-image-preview:large, max-video-preview:-1\" \/>\n<link rel=\"canonical\" href=\"https:\/\/lospoliticosveracruz.com\/?p=117051\" \/>\n<meta property=\"og:locale\" content=\"es_ES\" \/>\n<meta property=\"og:type\" content=\"article\" \/>\n<meta property=\"og:title\" content=\"BUZOS BOQUE\u00d1OS! - Los pol\u00edticos Veracruz\" \/>\n<meta property=\"og:description\" content=\"El Ayuntamiento de Boca del R\u00edo est\u00e1 preparado para atender el llamado ciudadano ante posibles afectaciones que pudiera provocar el Frente Fr\u00edo 28 en las pr\u00f3ximas horas, inform\u00f3 el Alcalde Juan Manuel Un\u00e1nue Abascal. \u201cTodos los elementos que comprenden las \u00e1reas operativas ya se encuentran atentas por el pr\u00f3ximo evento de norte que se registrar\u00e1 [&hellip;]\" \/>\n<meta property=\"og:url\" content=\"https:\/\/lospoliticosveracruz.com\/?p=117051\" \/>\n<meta property=\"og:site_name\" content=\"Los pol\u00edticos Veracruz\" \/>\n<meta property=\"article:publisher\" content=\"https:\/\/www.facebook.com\/people\/Notimemes-de-los-Polticos\/61565672886568\/\" \/>\n<meta property=\"article:published_time\" content=\"2024-01-19T00:38:29+00:00\" \/>\n<meta property=\"article:modified_time\" content=\"2024-01-19T00:38:35+00:00\" \/>\n<meta property=\"og:image\" content=\"https:\/\/lospoliticosveracruz.com\/wp-content\/uploads\/2016\/07\/Logo-Dor.jpg\" \/>\n\t<meta property=\"og:image:width\" content=\"200\" \/>\n\t<meta property=\"og:image:height\" content=\"200\" \/>\n\t<meta property=\"og:image:type\" content=\"image\/jpeg\" \/>\n<meta name=\"author\" content=\"Lo viste en Los Pol\u00edticos\" \/>\n<meta name=\"twitter:card\" content=\"summary_large_image\" \/>\n<meta name=\"twitter:creator\" content=\"@LosPoliticosVer\" \/>\n<meta name=\"twitter:site\" content=\"@LosPoliticosVer\" \/>\n<meta name=\"twitter:label1\" content=\"Escrito por\" \/>\n\t<meta name=\"twitter:data1\" content=\"Lo viste en Los Pol\u00edticos\" \/>\n\t<meta name=\"twitter:label2\" content=\"Tiempo de lectura\" \/>\n\t<meta name=\"twitter:data2\" content=\"2 minutos\" \/>\n<script type=\"application\/ld+json\" class=\"yoast-schema-graph\">{\"@context\":\"https:\\\/\\\/schema.org\",\"@graph\":[{\"@type\":\"Article\",\"@id\":\"https:\\\/\\\/lospoliticosveracruz.com\\\/?p=117051#article\",\"isPartOf\":{\"@id\":\"https:\\\/\\\/lospoliticosveracruz.com\\\/?p=117051\"},\"author\":{\"name\":\"Lo viste en Los Pol\u00edticos\",\"@id\":\"https:\\\/\\\/lospoliticosveracruz.com\\\/#\\\/schema\\\/person\\\/b8702bb0e538456e6efd07080bf2a4a2\"},\"headline\":\"BUZOS BOQUE\u00d1OS!\",\"datePublished\":\"2024-01-19T00:38:29+00:00\",\"dateModified\":\"2024-01-19T00:38:35+00:00\",\"mainEntityOfPage\":{\"@id\":\"https:\\\/\\\/lospoliticosveracruz.com\\\/?p=117051\"},\"wordCount\":372,\"publisher\":{\"@id\":\"https:\\\/\\\/lospoliticosveracruz.com\\\/#organization\"},\"articleSection\":[\"De Boleto\"],\"inLanguage\":\"es\"},{\"@type\":\"WebPage\",\"@id\":\"https:\\\/\\\/lospoliticosveracruz.com\\\/?p=117051\",\"url\":\"https:\\\/\\\/lospoliticosveracruz.com\\\/?p=117051\",\"name\":\"BUZOS BOQUE\u00d1OS! - Los pol\u00edticos Veracruz\",\"isPartOf\":{\"@id\":\"https:\\\/\\\/lospoliticosveracruz.com\\\/#website\"},\"datePublished\":\"2024-01-19T00:38:29+00:00\",\"dateModified\":\"2024-01-19T00:38:35+00:00\",\"breadcrumb\":{\"@id\":\"https:\\\/\\\/lospoliticosveracruz.com\\\/?p=117051#breadcrumb\"},\"inLanguage\":\"es\",\"potentialAction\":[{\"@type\":\"ReadAction\",\"target\":[\"https:\\\/\\\/lospoliticosveracruz.com\\\/?p=117051\"]}]},{\"@type\":\"BreadcrumbList\",\"@id\":\"https:\\\/\\\/lospoliticosveracruz.com\\\/?p=117051#breadcrumb\",\"itemListElement\":[{\"@type\":\"ListItem\",\"position\":1,\"name\":\"Portada\",\"item\":\"https:\\\/\\\/lospoliticosveracruz.com\\\/\"},{\"@type\":\"ListItem\",\"position\":2,\"name\":\"BUZOS BOQUE\u00d1OS!\"}]},{\"@type\":\"WebSite\",\"@id\":\"https:\\\/\\\/lospoliticosveracruz.com\\\/#website\",\"url\":\"https:\\\/\\\/lospoliticosveracruz.com\\\/\",\"name\":\"Los pol\u00edticos Veracruz\",\"description\":\"\",\"publisher\":{\"@id\":\"https:\\\/\\\/lospoliticosveracruz.com\\\/#organization\"},\"potentialAction\":[{\"@type\":\"SearchAction\",\"target\":{\"@type\":\"EntryPoint\",\"urlTemplate\":\"https:\\\/\\\/lospoliticosveracruz.com\\\/?s={search_term_string}\"},\"query-input\":{\"@type\":\"PropertyValueSpecification\",\"valueRequired\":true,\"valueName\":\"search_term_string\"}}],\"inLanguage\":\"es\"},{\"@type\":\"Organization\",\"@id\":\"https:\\\/\\\/lospoliticosveracruz.com\\\/#organization\",\"name\":\"Los pol\u00edticos Veracruz\",\"url\":\"https:\\\/\\\/lospoliticosveracruz.com\\\/\",\"logo\":{\"@type\":\"ImageObject\",\"inLanguage\":\"es\",\"@id\":\"https:\\\/\\\/lospoliticosveracruz.com\\\/#\\\/schema\\\/logo\\\/image\\\/\",\"url\":\"https:\\\/\\\/lospoliticosveracruz.com\\\/wp-content\\\/uploads\\\/2025\\\/12\\\/Logo-Nuevo-LOS-POLITICOS-1.jpg\",\"contentUrl\":\"https:\\\/\\\/lospoliticosveracruz.com\\\/wp-content\\\/uploads\\\/2025\\\/12\\\/Logo-Nuevo-LOS-POLITICOS-1.jpg\",\"width\":260,\"height\":70,\"caption\":\"Los pol\u00edticos Veracruz\"},\"image\":{\"@id\":\"https:\\\/\\\/lospoliticosveracruz.com\\\/#\\\/schema\\\/logo\\\/image\\\/\"},\"sameAs\":[\"https:\\\/\\\/www.facebook.com\\\/people\\\/Notimemes-de-los-Polticos\\\/61565672886568\\\/\",\"https:\\\/\\\/x.com\\\/LosPoliticosVer\"]},{\"@type\":\"Person\",\"@id\":\"https:\\\/\\\/lospoliticosveracruz.com\\\/#\\\/schema\\\/person\\\/b8702bb0e538456e6efd07080bf2a4a2\",\"name\":\"Lo viste en Los Pol\u00edticos\",\"image\":{\"@type\":\"ImageObject\",\"inLanguage\":\"es\",\"@id\":\"https:\\\/\\\/secure.gravatar.com\\\/avatar\\\/3a8de04a2656d44082be478bd6c086daa447c4651605818287b9532d3d0bd435?s=96&d=mm&r=g\",\"url\":\"https:\\\/\\\/secure.gravatar.com\\\/avatar\\\/3a8de04a2656d44082be478bd6c086daa447c4651605818287b9532d3d0bd435?s=96&d=mm&r=g\",\"contentUrl\":\"https:\\\/\\\/secure.gravatar.com\\\/avatar\\\/3a8de04a2656d44082be478bd6c086daa447c4651605818287b9532d3d0bd435?s=96&d=mm&r=g\",\"caption\":\"Lo viste en Los Pol\u00edticos\"},\"url\":\"https:\\\/\\\/lospoliticosveracruz.com\\\/?author=2\"}]}<\/script>\n<!-- \/ Yoast SEO plugin. -->","yoast_head_json":{"title":"BUZOS BOQUE\u00d1OS! - Los pol\u00edticos Veracruz","robots":{"index":"index","follow":"follow","max-snippet":"max-snippet:-1","max-image-preview":"max-image-preview:large","max-video-preview":"max-video-preview:-1"},"canonical":"https:\/\/lospoliticosveracruz.com\/?p=117051","og_locale":"es_ES","og_type":"article","og_title":"BUZOS BOQUE\u00d1OS! - Los pol\u00edticos Veracruz","og_description":"El Ayuntamiento de Boca del R\u00edo est\u00e1 preparado para atender el llamado ciudadano ante posibles afectaciones que pudiera provocar el Frente Fr\u00edo 28 en las pr\u00f3ximas horas, inform\u00f3 el Alcalde Juan Manuel Un\u00e1nue Abascal. \u201cTodos los elementos que comprenden las \u00e1reas operativas ya se encuentran atentas por el pr\u00f3ximo evento de norte que se registrar\u00e1 [&hellip;]","og_url":"https:\/\/lospoliticosveracruz.com\/?p=117051","og_site_name":"Los pol\u00edticos Veracruz","article_publisher":"https:\/\/www.facebook.com\/people\/Notimemes-de-los-Polticos\/61565672886568\/","article_published_time":"2024-01-19T00:38:29+00:00","article_modified_time":"2024-01-19T00:38:35+00:00","og_image":[{"width":200,"height":200,"url":"https:\/\/lospoliticosveracruz.com\/wp-content\/uploads\/2016\/07\/Logo-Dor.jpg","type":"image\/jpeg"}],"author":"Lo viste en Los Pol\u00edticos","twitter_card":"summary_large_image","twitter_creator":"@LosPoliticosVer","twitter_site":"@LosPoliticosVer","twitter_misc":{"Escrito por":"Lo viste en Los Pol\u00edticos","Tiempo de lectura":"2 minutos"},"schema":{"@context":"https:\/\/schema.org","@graph":[{"@type":"Article","@id":"https:\/\/lospoliticosveracruz.com\/?p=117051#article","isPartOf":{"@id":"https:\/\/lospoliticosveracruz.com\/?p=117051"},"author":{"name":"Lo viste en Los Pol\u00edticos","@id":"https:\/\/lospoliticosveracruz.com\/#\/schema\/person\/b8702bb0e538456e6efd07080bf2a4a2"},"headline":"BUZOS BOQUE\u00d1OS!","datePublished":"2024-01-19T00:38:29+00:00","dateModified":"2024-01-19T00:38:35+00:00","mainEntityOfPage":{"@id":"https:\/\/lospoliticosveracruz.com\/?p=117051"},"wordCount":372,"publisher":{"@id":"https:\/\/lospoliticosveracruz.com\/#organization"},"articleSection":["De Boleto"],"inLanguage":"es"},{"@type":"WebPage","@id":"https:\/\/lospoliticosveracruz.com\/?p=117051","url":"https:\/\/lospoliticosveracruz.com\/?p=117051","name":"BUZOS BOQUE\u00d1OS! - Los pol\u00edticos Veracruz","isPartOf":{"@id":"https:\/\/lospoliticosveracruz.com\/#website"},"datePublished":"2024-01-19T00:38:29+00:00","dateModified":"2024-01-19T00:38:35+00:00","breadcrumb":{"@id":"https:\/\/lospoliticosveracruz.com\/?p=117051#breadcrumb"},"inLanguage":"es","potentialAction":[{"@type":"ReadAction","target":["https:\/\/lospoliticosveracruz.com\/?p=117051"]}]},{"@type":"BreadcrumbList","@id":"https:\/\/lospoliticosveracruz.com\/?p=117051#breadcrumb","itemListElement":[{"@type":"ListItem","position":1,"name":"Portada","item":"https:\/\/lospoliticosveracruz.com\/"},{"@type":"ListItem","position":2,"name":"BUZOS BOQUE\u00d1OS!"}]},{"@type":"WebSite","@id":"https:\/\/lospoliticosveracruz.com\/#website","url":"https:\/\/lospoliticosveracruz.com\/","name":"Los pol\u00edticos Veracruz","description":"","publisher":{"@id":"https:\/\/lospoliticosveracruz.com\/#organization"},"potentialAction":[{"@type":"SearchAction","target":{"@type":"EntryPoint","urlTemplate":"https:\/\/lospoliticosveracruz.com\/?s={search_term_string}"},"query-input":{"@type":"PropertyValueSpecification","valueRequired":true,"valueName":"search_term_string"}}],"inLanguage":"es"},{"@type":"Organization","@id":"https:\/\/lospoliticosveracruz.com\/#organization","name":"Los pol\u00edticos Veracruz","url":"https:\/\/lospoliticosveracruz.com\/","logo":{"@type":"ImageObject","inLanguage":"es","@id":"https:\/\/lospoliticosveracruz.com\/#\/schema\/logo\/image\/","url":"https:\/\/lospoliticosveracruz.com\/wp-content\/uploads\/2025\/12\/Logo-Nuevo-LOS-POLITICOS-1.jpg","contentUrl":"https:\/\/lospoliticosveracruz.com\/wp-content\/uploads\/2025\/12\/Logo-Nuevo-LOS-POLITICOS-1.jpg","width":260,"height":70,"caption":"Los pol\u00edticos Veracruz"},"image":{"@id":"https:\/\/lospoliticosveracruz.com\/#\/schema\/logo\/image\/"},"sameAs":["https:\/\/www.facebook.com\/people\/Notimemes-de-los-Polticos\/61565672886568\/","https:\/\/x.com\/LosPoliticosVer"]},{"@type":"Person","@id":"https:\/\/lospoliticosveracruz.com\/#\/schema\/person\/b8702bb0e538456e6efd07080bf2a4a2","name":"Lo viste en Los Pol\u00edticos","image":{"@type":"ImageObject","inLanguage":"es","@id":"https:\/\/secure.gravatar.com\/avatar\/3a8de04a2656d44082be478bd6c086daa447c4651605818287b9532d3d0bd435?s=96&d=mm&r=g","url":"https:\/\/secure.gravatar.com\/avatar\/3a8de04a2656d44082be478bd6c086daa447c4651605818287b9532d3d0bd435?s=96&d=mm&r=g","contentUrl":"https:\/\/secure.gravatar.com\/avatar\/3a8de04a2656d44082be478bd6c086daa447c4651605818287b9532d3d0bd435?s=96&d=mm&r=g","caption":"Lo viste en Los Pol\u00edticos"},"url":"https:\/\/lospoliticosveracruz.com\/?author=2"}]}},"_links":{"self":[{"href":"https:\/\/lospoliticosveracruz.com\/index.php?rest_route=\/wp\/v2\/posts\/117051","targetHints":{"allow":["GET"]}}],"collection":[{"href":"https:\/\/lospoliticosveracruz.com\/index.php?rest_route=\/wp\/v2\/posts"}],"about":[{"href":"https:\/\/lospoliticosveracruz.com\/index.php?rest_route=\/wp\/v2\/types\/post"}],"author":[{"embeddable":true,"href":"https:\/\/lospoliticosveracruz.com\/index.php?rest_route=\/wp\/v2\/users\/2"}],"replies":[{"embeddable":true,"href":"https:\/\/lospoliticosveracruz.com\/index.php?rest_route=%2Fwp%2Fv2%2Fcomments&post=117051"}],"version-history":[{"count":1,"href":"https:\/\/lospoliticosveracruz.com\/index.php?rest_route=\/wp\/v2\/posts\/117051\/revisions"}],"predecessor-version":[{"id":117053,"href":"https:\/\/lospoliticosveracruz.com\/index.php?rest_route=\/wp\/v2\/posts\/117051\/revisions\/117053"}],"wp:attachment":[{"href":"https:\/\/lospoliticosveracruz.com\/index.php?rest_route=%2Fwp%2Fv2%2Fmedia&parent=117051"}],"wp:term":[{"taxonomy":"category","embeddable":true,"href":"https:\/\/lospoliticosveracruz.com\/index.php?rest_route=%2Fwp%2Fv2%2Fcategories&post=117051"},{"taxonomy":"post_tag","embeddable":true,"href":"https:\/\/lospoliticosveracruz.com\/index.php?rest_route=%2Fwp%2Fv2%2Ftags&post=117051"}],"curies":[{"name":"wp","href":"https:\/\/api.w.org\/{rel}","templated":true}]}}