{"id":117054,"date":"2024-01-18T18:59:39","date_gmt":"2024-01-19T00:59:39","guid":{"rendered":"https:\/\/lospoliticosveracruz.com.mx\/?p=117054"},"modified":"2024-01-18T18:59:55","modified_gmt":"2024-01-19T00:59:55","slug":"la-marca-morena-3","status":"publish","type":"post","link":"https:\/\/lospoliticosveracruz.com\/?p=117054","title":{"rendered":"LA MARCA MORENA"},"content":{"rendered":"\n<p><strong>Miguel \u00c1ngel G\u00f3mez Ruiz<\/strong><\/p>\n\n\n\n<p><em>Contrapunto<\/em><\/p>\n\n\n\n<p>En un pa\u00eds como M\u00e9xico, en el que la inseguridad ha reinado, los servicios m\u00e9dicos y la falta de medicamentos han sido un desastre, sin crecimiento econ\u00f3mico, con un supuesto \u00e9xito basado en las remesas recibidas desde Estados Unidos por connacionales que no encontraron un buen trabajo aqu\u00ed, con carreteras en mal estado y con obras de relumbr\u00f3n que no han tra\u00eddo beneficios, es il\u00f3gico pensar que a\u00fan hay mexicanos que simpatizan con este gobierno.<\/p>\n\n\n\n<figure class=\"wp-block-image size-large\"><a href=\"https:\/\/lospoliticosveracruz.com.mx\/wp-content\/uploads\/2016\/07\/Seguro-Julio-Cerecedo-2.jpg\"><img decoding=\"async\" src=\"https:\/\/lospoliticosveracruz.com.mx\/wp-content\/uploads\/2016\/07\/Seguro-Julio-Cerecedo-2-1024x381.jpg\" alt=\"\" class=\"wp-image-105879\"\/><\/a><\/figure>\n\n\n\n<p>En sencillo, en redes sociales hay p\u00e1ginas sobre el aeropuerto \u201cFelipe \u00c1ngeles\u201d del que se puede destacar que pasan d\u00edas sin que le visite nadie y que en los comentarios se puede palpar una gran cantidad de perfiles falsos, muchos de los cuales en su vida han utilizado un avi\u00f3n y del que destacan la funcionalidad de un aeropuerto que s\u00f3lo genera gastos de operaci\u00f3n pero cuya funci\u00f3n pr\u00e1cticamente es nula.<\/p>\n\n\n\n<p>Se puede ver una que otra p\u00e1gina sobre el Tren Maya del que muchos opinan pero que ignoran todo el da\u00f1o que se ha causado con su construcci\u00f3n y peor a\u00fan, cuyos costos son elevados para el escaso nivel de vida que tienen muchos habitantes que perder\u00e1n el tiempo viajando por horas de un lugar a otro en lugar de tomar un autob\u00fas o cami\u00f3n que har\u00e1 el viaje m\u00e1s r\u00e1pido y c\u00f3modo. All\u00ed tambi\u00e9n se pueden apreciar las opiniones de muchas personas que ni siquiera existen, pero cuyos perfiles fueron creados por personas virulentas que ni idea tienen de lo que pasa en el pa\u00eds.<\/p>\n\n\n\n<p>Y as\u00ed, una refiner\u00eda que no refina y muchos mexicanos que al d\u00eda de hoy dejaron de producir por el hecho de que reciben seis mil pesos cada dos meses y a los que ya se les fueron las ganas de trabajar y ser productivos.<\/p>\n\n\n\n<p>Tambi\u00e9n, vemos en redes sociales p\u00e1ginas en las que se brindan apoyos a madres solteras con uno, dos o tres hijos y quiz\u00e1 m\u00e1s y s\u00f3lo basta imaginar a un buen n\u00famero de mujeres \u00e1vidas por ser madres para gozar de estos m\u00edseros recursos, en un pa\u00eds en el que la canasta b\u00e1sica cuesta m\u00e1s que el dinero que reciben cada dos o tres meses.<\/p>\n\n\n\n<p>Si alguien realmente cree que las cosas cambiaron en este pa\u00eds bastar\u00eda decirle que s\u00ed, pero todo fue para mal, pues no hubo ning\u00fan beneficio y por el contrario, otros poderes fueron invadidos por el partido en el gobierno y los organismos aut\u00f3nomos podr\u00edan desaparecer si el gobierno sigue pretendiendo imponer su autoritarismo, encabezado por el presidente L\u00f3pez.<\/p>\n\n\n\n<p>Campa\u00f1a fallida<\/p>\n\n\n\n<p>La candidata de Morena a gobernar el pa\u00eds, Claudia Sheinbaum tuvo una gira por Veracruz y visit\u00f3 Poza Rica, antigua zona petrolera y convertida por Morena en \u2013quiz\u00e1- la ciudad m\u00e1s insegura del estado. All\u00ed, estuvo acompa\u00f1ada por singulares personajes de su partido y uno que otro fantoche.<\/p>\n\n\n\n<p>Ella misma pudo palpar que el acarreo no fue suficiente y para colmo, en sus sopor\u00edferos discursos, insisti\u00f3 en lo mismo y eso no est\u00e1 siendo bueno para su campa\u00f1a. Insiste en que har\u00e1 lo mismo que el presidente L\u00f3pez. Por supuesto que no es bueno porque nadie como \u00e9l para mentir y manipular, mucho menos es buena para lloriquear como lo hace \u00e9l y ella insiste en echarle la culpa a sus adversarios con todo y que cuando estuvo casada con Carlos Imaz se vali\u00f3 de actos corruptos y siendo jefa de gobierno en la Ciudad de M\u00e9xico benefici\u00f3 a sus hijos y al resto de su familia.<\/p>\n\n\n\n<p>Peor a\u00fan, la tragedia del Metro de la ciudad y el aumento en la inseguridad tampoco le ayudan mucho y quiz\u00e1 lo \u00fanico que la mantiene es que se gasta mucho dinero en cada uno de sus muy cansados eventos en los que hasta sus acarreados se aburren y se van.<\/p>\n\n\n\n<p>El duelo Nahle vs Yunes<\/p>\n\n\n\n<p>En una contienda que hasta ahora va perdiendo, Roc\u00edo Nahle, zacatecana que por obra y gracia del presidente L\u00f3pez es candidata a gobernar Veracruz, sigue de capa ca\u00edda. La refiner\u00eda que tanto cacaraque\u00f3 sigue sin funcionar y no, no es verdad que ella la construy\u00f3 porque no puso ni un ladrillo y mucho menos un tubo. Ella estuvo a cargo de todo el proyecto pero tarde se dio cuenta, tras la inauguraci\u00f3n, que no se hab\u00eda instalado el equipo de refinaci\u00f3n y por ello, no se ha logrado refinar ni el agua que ha ca\u00eddo desde hace casi dos a\u00f1os. No imagino qu\u00e9 ocurrir\u00e1 si llega a gobernar Veracruz.<\/p>\n\n\n\n<p>En cambio, el veracruzano Jos\u00e9 Yunes Zorrilla sigue reuni\u00e9ndose con amigos y simpatizantes de los tres partidos que cobijan su nominaci\u00f3n. Tiene talento y conoce los problemas de Veracruz y ser\u00e1 un contendiente fuerte pese a que se prev\u00e9 una elecci\u00f3n de estado. Eso s\u00ed, porque vemos que hasta la televisora estatal que por cierto, casi nadie ve, est\u00e1 al servicio de su adversaria. El proyecto de Jos\u00e9 Yunes va muy bien y ya lo veremos en su campa\u00f1a.<\/p>\n\n\n\n<p>PD El gobierno federal no s\u00f3lo est\u00e1 desesperado porque el endeudamiento del pa\u00eds es grave, sino que est\u00e1 tratando de lograr recursos para todo lo que viene y es cierto, todo cuesta m\u00e1s, por eso va por la desaparici\u00f3n de los organismos aut\u00f3nomos y sus recursos y podr\u00eda ir hasta por las Afores y atacar el sistema de pensiones. Cuidado.<\/p>\n","protected":false},"excerpt":{"rendered":"<p>Miguel \u00c1ngel G\u00f3mez Ruiz Contrapunto En un pa\u00eds como M\u00e9xico, en el que la inseguridad ha reinado, los servicios m\u00e9dicos y la falta de medicamentos han sido un desastre, sin crecimiento econ\u00f3mico, con un supuesto \u00e9xito basado en las remesas recibidas desde Estados Unidos por connacionales que no encontraron un buen trabajo aqu\u00ed, con carreteras [&hellip;]<\/p>\n","protected":false},"author":2,"featured_media":0,"comment_status":"closed","ping_status":"closed","sticky":false,"template":"","format":"standard","meta":{"tdm_status":"","tdm_grid_status":"","footnotes":""},"categories":[70],"tags":[618,1026],"class_list":{"0":"post-117054","1":"post","2":"type-post","3":"status-publish","4":"format-standard","6":"category-de-opinion","7":"tag-andres-manuel-lopez-obrador","8":"tag-morena"},"yoast_head":"<!-- This site is optimized with the Yoast SEO plugin v27.4 - https:\/\/yoast.com\/product\/yoast-seo-wordpress\/ -->\n<title>LA MARCA MORENA - Los pol\u00edticos Veracruz<\/title>\n<meta name=\"robots\" content=\"index, follow, max-snippet:-1, max-image-preview:large, max-video-preview:-1\" \/>\n<link rel=\"canonical\" href=\"https:\/\/lospoliticosveracruz.com\/?p=117054\" \/>\n<meta property=\"og:locale\" content=\"es_ES\" \/>\n<meta property=\"og:type\" content=\"article\" \/>\n<meta property=\"og:title\" content=\"LA MARCA MORENA - Los pol\u00edticos Veracruz\" \/>\n<meta property=\"og:description\" content=\"Miguel \u00c1ngel G\u00f3mez Ruiz Contrapunto En un pa\u00eds como M\u00e9xico, en el que la inseguridad ha reinado, los servicios m\u00e9dicos y la falta de medicamentos han sido un desastre, sin crecimiento econ\u00f3mico, con un supuesto \u00e9xito basado en las remesas recibidas desde Estados Unidos por connacionales que no encontraron un buen trabajo aqu\u00ed, con carreteras [&hellip;]\" \/>\n<meta property=\"og:url\" content=\"https:\/\/lospoliticosveracruz.com\/?p=117054\" \/>\n<meta property=\"og:site_name\" content=\"Los pol\u00edticos Veracruz\" \/>\n<meta property=\"article:publisher\" content=\"https:\/\/www.facebook.com\/people\/Notimemes-de-los-Polticos\/61565672886568\/\" \/>\n<meta property=\"article:published_time\" content=\"2024-01-19T00:59:39+00:00\" \/>\n<meta property=\"article:modified_time\" content=\"2024-01-19T00:59:55+00:00\" \/>\n<meta property=\"og:image\" content=\"https:\/\/lospoliticosveracruz.com.mx\/wp-content\/uploads\/2016\/07\/Seguro-Julio-Cerecedo-2-1024x381.jpg\" \/>\n<meta name=\"author\" content=\"Lo viste en Los Pol\u00edticos\" \/>\n<meta name=\"twitter:card\" content=\"summary_large_image\" \/>\n<meta name=\"twitter:creator\" content=\"@LosPoliticosVer\" \/>\n<meta name=\"twitter:site\" content=\"@LosPoliticosVer\" \/>\n<meta name=\"twitter:label1\" content=\"Escrito por\" \/>\n\t<meta name=\"twitter:data1\" content=\"Lo viste en Los Pol\u00edticos\" \/>\n\t<meta name=\"twitter:label2\" content=\"Tiempo de lectura\" \/>\n\t<meta name=\"twitter:data2\" content=\"5 minutos\" \/>\n<script type=\"application\/ld+json\" class=\"yoast-schema-graph\">{\"@context\":\"https:\\\/\\\/schema.org\",\"@graph\":[{\"@type\":\"Article\",\"@id\":\"https:\\\/\\\/lospoliticosveracruz.com\\\/?p=117054#article\",\"isPartOf\":{\"@id\":\"https:\\\/\\\/lospoliticosveracruz.com\\\/?p=117054\"},\"author\":{\"name\":\"Lo viste en Los Pol\u00edticos\",\"@id\":\"https:\\\/\\\/lospoliticosveracruz.com\\\/#\\\/schema\\\/person\\\/b8702bb0e538456e6efd07080bf2a4a2\"},\"headline\":\"LA MARCA MORENA\",\"datePublished\":\"2024-01-19T00:59:39+00:00\",\"dateModified\":\"2024-01-19T00:59:55+00:00\",\"mainEntityOfPage\":{\"@id\":\"https:\\\/\\\/lospoliticosveracruz.com\\\/?p=117054\"},\"wordCount\":965,\"publisher\":{\"@id\":\"https:\\\/\\\/lospoliticosveracruz.com\\\/#organization\"},\"image\":{\"@id\":\"https:\\\/\\\/lospoliticosveracruz.com\\\/?p=117054#primaryimage\"},\"thumbnailUrl\":\"https:\\\/\\\/lospoliticosveracruz.com.mx\\\/wp-content\\\/uploads\\\/2016\\\/07\\\/Seguro-Julio-Cerecedo-2-1024x381.jpg\",\"keywords\":[\"Andr\u00e9s Manuel L\u00f3pez Obrador\",\"Morena\"],\"articleSection\":[\"De Opini\u00f3n\"],\"inLanguage\":\"es\"},{\"@type\":\"WebPage\",\"@id\":\"https:\\\/\\\/lospoliticosveracruz.com\\\/?p=117054\",\"url\":\"https:\\\/\\\/lospoliticosveracruz.com\\\/?p=117054\",\"name\":\"LA MARCA MORENA - Los pol\u00edticos Veracruz\",\"isPartOf\":{\"@id\":\"https:\\\/\\\/lospoliticosveracruz.com\\\/#website\"},\"primaryImageOfPage\":{\"@id\":\"https:\\\/\\\/lospoliticosveracruz.com\\\/?p=117054#primaryimage\"},\"image\":{\"@id\":\"https:\\\/\\\/lospoliticosveracruz.com\\\/?p=117054#primaryimage\"},\"thumbnailUrl\":\"https:\\\/\\\/lospoliticosveracruz.com.mx\\\/wp-content\\\/uploads\\\/2016\\\/07\\\/Seguro-Julio-Cerecedo-2-1024x381.jpg\",\"datePublished\":\"2024-01-19T00:59:39+00:00\",\"dateModified\":\"2024-01-19T00:59:55+00:00\",\"breadcrumb\":{\"@id\":\"https:\\\/\\\/lospoliticosveracruz.com\\\/?p=117054#breadcrumb\"},\"inLanguage\":\"es\",\"potentialAction\":[{\"@type\":\"ReadAction\",\"target\":[\"https:\\\/\\\/lospoliticosveracruz.com\\\/?p=117054\"]}]},{\"@type\":\"ImageObject\",\"inLanguage\":\"es\",\"@id\":\"https:\\\/\\\/lospoliticosveracruz.com\\\/?p=117054#primaryimage\",\"url\":\"https:\\\/\\\/lospoliticosveracruz.com.mx\\\/wp-content\\\/uploads\\\/2016\\\/07\\\/Seguro-Julio-Cerecedo-2-1024x381.jpg\",\"contentUrl\":\"https:\\\/\\\/lospoliticosveracruz.com.mx\\\/wp-content\\\/uploads\\\/2016\\\/07\\\/Seguro-Julio-Cerecedo-2-1024x381.jpg\"},{\"@type\":\"BreadcrumbList\",\"@id\":\"https:\\\/\\\/lospoliticosveracruz.com\\\/?p=117054#breadcrumb\",\"itemListElement\":[{\"@type\":\"ListItem\",\"position\":1,\"name\":\"Portada\",\"item\":\"https:\\\/\\\/lospoliticosveracruz.com\\\/\"},{\"@type\":\"ListItem\",\"position\":2,\"name\":\"LA MARCA MORENA\"}]},{\"@type\":\"WebSite\",\"@id\":\"https:\\\/\\\/lospoliticosveracruz.com\\\/#website\",\"url\":\"https:\\\/\\\/lospoliticosveracruz.com\\\/\",\"name\":\"Los pol\u00edticos Veracruz\",\"description\":\"\",\"publisher\":{\"@id\":\"https:\\\/\\\/lospoliticosveracruz.com\\\/#organization\"},\"potentialAction\":[{\"@type\":\"SearchAction\",\"target\":{\"@type\":\"EntryPoint\",\"urlTemplate\":\"https:\\\/\\\/lospoliticosveracruz.com\\\/?s={search_term_string}\"},\"query-input\":{\"@type\":\"PropertyValueSpecification\",\"valueRequired\":true,\"valueName\":\"search_term_string\"}}],\"inLanguage\":\"es\"},{\"@type\":\"Organization\",\"@id\":\"https:\\\/\\\/lospoliticosveracruz.com\\\/#organization\",\"name\":\"Los pol\u00edticos Veracruz\",\"url\":\"https:\\\/\\\/lospoliticosveracruz.com\\\/\",\"logo\":{\"@type\":\"ImageObject\",\"inLanguage\":\"es\",\"@id\":\"https:\\\/\\\/lospoliticosveracruz.com\\\/#\\\/schema\\\/logo\\\/image\\\/\",\"url\":\"https:\\\/\\\/lospoliticosveracruz.com\\\/wp-content\\\/uploads\\\/2025\\\/12\\\/Logo-Nuevo-LOS-POLITICOS-1.jpg\",\"contentUrl\":\"https:\\\/\\\/lospoliticosveracruz.com\\\/wp-content\\\/uploads\\\/2025\\\/12\\\/Logo-Nuevo-LOS-POLITICOS-1.jpg\",\"width\":260,\"height\":70,\"caption\":\"Los pol\u00edticos Veracruz\"},\"image\":{\"@id\":\"https:\\\/\\\/lospoliticosveracruz.com\\\/#\\\/schema\\\/logo\\\/image\\\/\"},\"sameAs\":[\"https:\\\/\\\/www.facebook.com\\\/people\\\/Notimemes-de-los-Polticos\\\/61565672886568\\\/\",\"https:\\\/\\\/x.com\\\/LosPoliticosVer\"]},{\"@type\":\"Person\",\"@id\":\"https:\\\/\\\/lospoliticosveracruz.com\\\/#\\\/schema\\\/person\\\/b8702bb0e538456e6efd07080bf2a4a2\",\"name\":\"Lo viste en Los Pol\u00edticos\",\"image\":{\"@type\":\"ImageObject\",\"inLanguage\":\"es\",\"@id\":\"https:\\\/\\\/secure.gravatar.com\\\/avatar\\\/3a8de04a2656d44082be478bd6c086daa447c4651605818287b9532d3d0bd435?s=96&d=mm&r=g\",\"url\":\"https:\\\/\\\/secure.gravatar.com\\\/avatar\\\/3a8de04a2656d44082be478bd6c086daa447c4651605818287b9532d3d0bd435?s=96&d=mm&r=g\",\"contentUrl\":\"https:\\\/\\\/secure.gravatar.com\\\/avatar\\\/3a8de04a2656d44082be478bd6c086daa447c4651605818287b9532d3d0bd435?s=96&d=mm&r=g\",\"caption\":\"Lo viste en Los Pol\u00edticos\"},\"url\":\"https:\\\/\\\/lospoliticosveracruz.com\\\/?author=2\"}]}<\/script>\n<!-- \/ Yoast SEO plugin. -->","yoast_head_json":{"title":"LA MARCA MORENA - Los pol\u00edticos Veracruz","robots":{"index":"index","follow":"follow","max-snippet":"max-snippet:-1","max-image-preview":"max-image-preview:large","max-video-preview":"max-video-preview:-1"},"canonical":"https:\/\/lospoliticosveracruz.com\/?p=117054","og_locale":"es_ES","og_type":"article","og_title":"LA MARCA MORENA - Los pol\u00edticos Veracruz","og_description":"Miguel \u00c1ngel G\u00f3mez Ruiz Contrapunto En un pa\u00eds como M\u00e9xico, en el que la inseguridad ha reinado, los servicios m\u00e9dicos y la falta de medicamentos han sido un desastre, sin crecimiento econ\u00f3mico, con un supuesto \u00e9xito basado en las remesas recibidas desde Estados Unidos por connacionales que no encontraron un buen trabajo aqu\u00ed, con carreteras [&hellip;]","og_url":"https:\/\/lospoliticosveracruz.com\/?p=117054","og_site_name":"Los pol\u00edticos Veracruz","article_publisher":"https:\/\/www.facebook.com\/people\/Notimemes-de-los-Polticos\/61565672886568\/","article_published_time":"2024-01-19T00:59:39+00:00","article_modified_time":"2024-01-19T00:59:55+00:00","og_image":[{"url":"https:\/\/lospoliticosveracruz.com.mx\/wp-content\/uploads\/2016\/07\/Seguro-Julio-Cerecedo-2-1024x381.jpg","type":"","width":"","height":""}],"author":"Lo viste en Los Pol\u00edticos","twitter_card":"summary_large_image","twitter_creator":"@LosPoliticosVer","twitter_site":"@LosPoliticosVer","twitter_misc":{"Escrito por":"Lo viste en Los Pol\u00edticos","Tiempo de lectura":"5 minutos"},"schema":{"@context":"https:\/\/schema.org","@graph":[{"@type":"Article","@id":"https:\/\/lospoliticosveracruz.com\/?p=117054#article","isPartOf":{"@id":"https:\/\/lospoliticosveracruz.com\/?p=117054"},"author":{"name":"Lo viste en Los Pol\u00edticos","@id":"https:\/\/lospoliticosveracruz.com\/#\/schema\/person\/b8702bb0e538456e6efd07080bf2a4a2"},"headline":"LA MARCA MORENA","datePublished":"2024-01-19T00:59:39+00:00","dateModified":"2024-01-19T00:59:55+00:00","mainEntityOfPage":{"@id":"https:\/\/lospoliticosveracruz.com\/?p=117054"},"wordCount":965,"publisher":{"@id":"https:\/\/lospoliticosveracruz.com\/#organization"},"image":{"@id":"https:\/\/lospoliticosveracruz.com\/?p=117054#primaryimage"},"thumbnailUrl":"https:\/\/lospoliticosveracruz.com.mx\/wp-content\/uploads\/2016\/07\/Seguro-Julio-Cerecedo-2-1024x381.jpg","keywords":["Andr\u00e9s Manuel L\u00f3pez Obrador","Morena"],"articleSection":["De Opini\u00f3n"],"inLanguage":"es"},{"@type":"WebPage","@id":"https:\/\/lospoliticosveracruz.com\/?p=117054","url":"https:\/\/lospoliticosveracruz.com\/?p=117054","name":"LA MARCA MORENA - Los pol\u00edticos Veracruz","isPartOf":{"@id":"https:\/\/lospoliticosveracruz.com\/#website"},"primaryImageOfPage":{"@id":"https:\/\/lospoliticosveracruz.com\/?p=117054#primaryimage"},"image":{"@id":"https:\/\/lospoliticosveracruz.com\/?p=117054#primaryimage"},"thumbnailUrl":"https:\/\/lospoliticosveracruz.com.mx\/wp-content\/uploads\/2016\/07\/Seguro-Julio-Cerecedo-2-1024x381.jpg","datePublished":"2024-01-19T00:59:39+00:00","dateModified":"2024-01-19T00:59:55+00:00","breadcrumb":{"@id":"https:\/\/lospoliticosveracruz.com\/?p=117054#breadcrumb"},"inLanguage":"es","potentialAction":[{"@type":"ReadAction","target":["https:\/\/lospoliticosveracruz.com\/?p=117054"]}]},{"@type":"ImageObject","inLanguage":"es","@id":"https:\/\/lospoliticosveracruz.com\/?p=117054#primaryimage","url":"https:\/\/lospoliticosveracruz.com.mx\/wp-content\/uploads\/2016\/07\/Seguro-Julio-Cerecedo-2-1024x381.jpg","contentUrl":"https:\/\/lospoliticosveracruz.com.mx\/wp-content\/uploads\/2016\/07\/Seguro-Julio-Cerecedo-2-1024x381.jpg"},{"@type":"BreadcrumbList","@id":"https:\/\/lospoliticosveracruz.com\/?p=117054#breadcrumb","itemListElement":[{"@type":"ListItem","position":1,"name":"Portada","item":"https:\/\/lospoliticosveracruz.com\/"},{"@type":"ListItem","position":2,"name":"LA MARCA MORENA"}]},{"@type":"WebSite","@id":"https:\/\/lospoliticosveracruz.com\/#website","url":"https:\/\/lospoliticosveracruz.com\/","name":"Los pol\u00edticos Veracruz","description":"","publisher":{"@id":"https:\/\/lospoliticosveracruz.com\/#organization"},"potentialAction":[{"@type":"SearchAction","target":{"@type":"EntryPoint","urlTemplate":"https:\/\/lospoliticosveracruz.com\/?s={search_term_string}"},"query-input":{"@type":"PropertyValueSpecification","valueRequired":true,"valueName":"search_term_string"}}],"inLanguage":"es"},{"@type":"Organization","@id":"https:\/\/lospoliticosveracruz.com\/#organization","name":"Los pol\u00edticos Veracruz","url":"https:\/\/lospoliticosveracruz.com\/","logo":{"@type":"ImageObject","inLanguage":"es","@id":"https:\/\/lospoliticosveracruz.com\/#\/schema\/logo\/image\/","url":"https:\/\/lospoliticosveracruz.com\/wp-content\/uploads\/2025\/12\/Logo-Nuevo-LOS-POLITICOS-1.jpg","contentUrl":"https:\/\/lospoliticosveracruz.com\/wp-content\/uploads\/2025\/12\/Logo-Nuevo-LOS-POLITICOS-1.jpg","width":260,"height":70,"caption":"Los pol\u00edticos Veracruz"},"image":{"@id":"https:\/\/lospoliticosveracruz.com\/#\/schema\/logo\/image\/"},"sameAs":["https:\/\/www.facebook.com\/people\/Notimemes-de-los-Polticos\/61565672886568\/","https:\/\/x.com\/LosPoliticosVer"]},{"@type":"Person","@id":"https:\/\/lospoliticosveracruz.com\/#\/schema\/person\/b8702bb0e538456e6efd07080bf2a4a2","name":"Lo viste en Los Pol\u00edticos","image":{"@type":"ImageObject","inLanguage":"es","@id":"https:\/\/secure.gravatar.com\/avatar\/3a8de04a2656d44082be478bd6c086daa447c4651605818287b9532d3d0bd435?s=96&d=mm&r=g","url":"https:\/\/secure.gravatar.com\/avatar\/3a8de04a2656d44082be478bd6c086daa447c4651605818287b9532d3d0bd435?s=96&d=mm&r=g","contentUrl":"https:\/\/secure.gravatar.com\/avatar\/3a8de04a2656d44082be478bd6c086daa447c4651605818287b9532d3d0bd435?s=96&d=mm&r=g","caption":"Lo viste en Los Pol\u00edticos"},"url":"https:\/\/lospoliticosveracruz.com\/?author=2"}]}},"_links":{"self":[{"href":"https:\/\/lospoliticosveracruz.com\/index.php?rest_route=\/wp\/v2\/posts\/117054","targetHints":{"allow":["GET"]}}],"collection":[{"href":"https:\/\/lospoliticosveracruz.com\/index.php?rest_route=\/wp\/v2\/posts"}],"about":[{"href":"https:\/\/lospoliticosveracruz.com\/index.php?rest_route=\/wp\/v2\/types\/post"}],"author":[{"embeddable":true,"href":"https:\/\/lospoliticosveracruz.com\/index.php?rest_route=\/wp\/v2\/users\/2"}],"replies":[{"embeddable":true,"href":"https:\/\/lospoliticosveracruz.com\/index.php?rest_route=%2Fwp%2Fv2%2Fcomments&post=117054"}],"version-history":[{"count":1,"href":"https:\/\/lospoliticosveracruz.com\/index.php?rest_route=\/wp\/v2\/posts\/117054\/revisions"}],"predecessor-version":[{"id":117055,"href":"https:\/\/lospoliticosveracruz.com\/index.php?rest_route=\/wp\/v2\/posts\/117054\/revisions\/117055"}],"wp:attachment":[{"href":"https:\/\/lospoliticosveracruz.com\/index.php?rest_route=%2Fwp%2Fv2%2Fmedia&parent=117054"}],"wp:term":[{"taxonomy":"category","embeddable":true,"href":"https:\/\/lospoliticosveracruz.com\/index.php?rest_route=%2Fwp%2Fv2%2Fcategories&post=117054"},{"taxonomy":"post_tag","embeddable":true,"href":"https:\/\/lospoliticosveracruz.com\/index.php?rest_route=%2Fwp%2Fv2%2Ftags&post=117054"}],"curies":[{"name":"wp","href":"https:\/\/api.w.org\/{rel}","templated":true}]}}