{"id":117071,"date":"2024-01-19T04:58:22","date_gmt":"2024-01-19T10:58:22","guid":{"rendered":"https:\/\/lospoliticosveracruz.com.mx\/?p=117071"},"modified":"2024-01-19T07:46:29","modified_gmt":"2024-01-19T13:46:29","slug":"el-regreso-de-ricardo-exsome","status":"publish","type":"post","link":"https:\/\/lospoliticosveracruz.com\/?p=117071","title":{"rendered":"EL REGRESO DE RICARDO EXSOME"},"content":{"rendered":"\n<p><strong>Ricardo Chua<\/strong><\/p>\n\n\n\n<p><em>Sale y Vale<\/em><\/p>\n\n\n\n<p>EXCLUSIVA&#8230; \u00abGarganta Profunda\u00bb confi\u00f3 que de nuevo para dejar claro que Roc\u00edo Nahle est\u00e1 \u00abpintando su raya\u00bb con el actual gobierno de Cuitl\u00e1huac Garc\u00eda Jim\u00e9nez.. Dio a conocer que de ganar la elecci\u00f3n del pr\u00f3ximo 2 de junio.. Nahle nombrar\u00eda como su secretario de Desarrollo Econ\u00f3mico (SEDECOP) al empresario porte\u00f1o y ex diputado federal, Ricardo Exsome Zapata.. Este personaje que fue defenestrado por los hombres de poder del gobierno estatal de Veracruz.. VUELVE CON ROC\u00cdO..<\/p>\n\n\n<div class=\"wp-block-image\">\n<figure class=\"alignleft size-medium\"><a href=\"https:\/\/lospoliticosveracruz.com.mx\/wp-content\/uploads\/2021\/10\/Zacauilt.jpg\"><img decoding=\"async\" src=\"https:\/\/lospoliticosveracruz.com.mx\/wp-content\/uploads\/2021\/10\/Zacauilt-150x300.jpg\" alt=\"\" class=\"wp-image-80558\"\/><\/a><\/figure>\n<\/div>\n\n\n<p>Hay que recordar que Exsome Zapata fue uno de los pocos empresarios veracruzanos que confi\u00f3 en el proyecto MORENA en 2018.. Era cercano a Roc\u00edo Nahle.. Logr\u00f3 ser diputado federal, pero algo pas\u00f3 que funcionarios del gabinete de Cuitl\u00e1huac.. Lo empezaron rechazar y lo ve\u00edan como un \u00abintruso\u00bb.. Lo abandonaron en su contienda a la alcald\u00eda de Veracruz en 2021.. Hasta se alegraron cuando supieron que Nahle se hab\u00eda distanciado de \u00e9l.. Pero en esta vida nadie es \u00abt\u00f3xico\u00bb para siempre, menos en pol\u00edtica.. Y a Ricardo Exsome lo necesita Nahle..<\/p>\n\n\n\n<p>El empresario har\u00e1 la misma labor que hizo con ella en 2017 y 2018.. Ser\u00e1 una especie de \u00abPepe Grillo\u00bb con el sector empresarial.. Al cual, Roc\u00edo tiene la intenci\u00f3n de que la escuchen.. Pero ahora Ricardo Exsome es del equipo de Manuel Huerta.. Y con la idea de que no le hagan otra \u00abchicanada\u00bb como le hizo Cuitl\u00e1huac al empresario.. Huerta \u00abcondicion\u00f3\u00bb su ayuda a cambio de un puesto en el gabinete.. La SEDECOP fue la opci\u00f3n.. Finalmente Roc\u00edo conoce y ya trabaj\u00f3 con Exsome.. As\u00ed que incluirlo no es problema para ella.. Siempre y cuando gane..<\/p>\n\n\n\n<p>OJO.. La inclusi\u00f3n de Ricardo Exsome al equipo y posible futuro gabinete de Roc\u00edo Nahle.. Es una \u00abcarambola de Tres Bandas\u00bb como el billar.. Ya que ella est\u00e1 dejando claro que su gobierno la conformar\u00e1 con gente de su confianza y aliados.. Personajes que no est\u00e1n ligados, que no son del grupo y fueron vistos como \u00abapestados\u00bb por los funcionarios de Cuitl\u00e1huac Garc\u00eda.. As\u00ed que el mensaje es claro: Dif\u00edcilmente alguien de los actuales va a repetir con ella en su gabinete.. Ya van dos: Rodrigo Calder\u00f3n y Ricardo Exsome..CONSUMATUM EST.. QUI\u00c9N SIGUE..<\/p>\n\n\n\n<p>JAVIER HERRERA, EL GRAN AUSENTE EN VERACRUZ.. A muchos les pareci\u00f3 muy extra\u00f1o que Javier Herrera Borunda, el principal referente del PVEM en Veracruz, NO ASISTIERA a Poza Rica, el pasado mi\u00e9rcoles, al precierre de la campa\u00f1a de Claudia Sheinbaum y de Roc\u00edo Nahle.. Cuando se supone que ellas son sus candidatas a la Presidencia de M\u00e9xico y a la gubernatura de Veracruz.. Vino Adriana Castrej\u00f3n, la l\u00edder nacional del \u00abVerde\u00bb.. Pero lleg\u00f3 sola, sin Javier.. Y as\u00ed, no cuenta.. Esto en pol\u00edtica es: MUY MALA SE\u00d1AL..<\/p>\n\n\n\n<p>Cuenta \u00abGarganta Profunda\u00bb que es muy mala se\u00f1al dar ese mensaje con su AUSENCIA.. Pareciera que el \u00abCachorro Fiel\u00bb se resigna a que no tiene ninguna posibilidad de aparecer en nada o que est\u00e1 \u00abrota\u00bb la comunicaci\u00f3n en Veracruz.. Cuando pesa sobre sus hombros el apellido de uno de los mejores pol\u00edticos de la historia de Veracruz: Fidel Herrera Beltr\u00e1n.. Presumi\u00f3 en redes sociales de que se traj\u00f3 al PVEM a los que se fueron del PRI y eso se hubiera visto sellada con su presencia en Poza Rica.. Pero no fue as\u00ed.. NO VINO..<\/p>\n\n\n\n<p>Por eso, la percepci\u00f3n es que fue un mal mensaje el no haber asistido y que act\u00fao como pol\u00edtico inexperto.. Y se\u00f1alan que se la pasa m\u00e1s en redes sociales que en el quehacer pol\u00edtico.. Ya que el hecho de mandar a Marcelo Ruiz, en su representaci\u00f3n, es como si no hubiera mandado a nadie.. Por eso en el PVEM, le apodan \u00abEl Rey de la Mentira\u00bb.. Ya nadie le cree porque est\u00e1 muy \u00abdesgastado\u00bb.. Ahora dicen que de ser un operador pol\u00edtico de Eric Cisneros, pas\u00f3 a ser un \u00abRockStar\u00bb.. As\u00ed el \u00abVerde\u00bb no va a caminar.. Y a Roc\u00edo Nahle eso le conviene..<\/p>\n\n\n\n<p>Para los que saben de pol\u00edtica, dice \u00abGarganta Profunda\u00bb que la \u00abnota\u00bb del cierre de Sheinbaum y Nahle en Poza Rica, fue la ausencia de Javier Herrera.. No las acompa\u00f1\u00f3.. As\u00ed no habr\u00e1 Proyecto Javier para el 2030 en Veracruz.. Su pap\u00e1 le debi\u00f3 haber dicho que as\u00ed no se hace pol\u00edtica y menos ocupando para cubrirte con actores que no son de primera l\u00ednea.. El PVEM cada vez tiene menos.. S\u00f3lo tiene 16 alcaldes con 103 mil votos nada m\u00e1s.. El AVE en 2010 tuvo m\u00e1s que ellos con igual n\u00famero de alcaldes..<\/p>\n\n\n\n<p>Tan mal est\u00e1n las cosas en el \u00abVerde\u00bb, dice \u00abGarganta Profunda\u00bb, que de los 30 distritos locales, al menos, 10 de estas demarcaciones, van a jugar solos a diputados locales.. En estos tiempos de coaliciones.. Eso es un \u00absuicidio\u00bb pol\u00edtico para el PVEM en Veracruz, puede perder el registro.. Ni al \u00abTato\u00bb Vega y su Fuerza Por M\u00e9xico le pasar\u00eda esto.. Los m\u00e1s perversos del \u00abc\u00edrculo rojo\u00bb en Veracruz, piensan que esto, hasta pareciera un mensaje que le manda Javier Herrera a Roc\u00edo Nahle.. Como dici\u00e9ndole: \u00abTe puedes quedar sola\u00bb..<\/p>\n\n\n\n<p>Sin embargo, hay qui\u00e9n dice que esta \u00abausencia\u00bb de Javier.. La disfrut\u00f3 fue Roc\u00edo y su equipo junto con aquellos que no quieren ceder nada al PVEM en espacios pol\u00edticos y p\u00fablicos locales.. No habr\u00e1 compromisos que cumplir, si no hay presencia.. Tambi\u00e9n parece que Nahle le manda SU RESPUESTA al \u00abCachorro Fiel\u00bb, tal como dice la canci\u00f3n de Celio Gonz\u00e1lez, llamada \u00abTotal\u00bb.. \u00abSi viv\u00ed sin conocerte.. Puedo vivir sin t\u00ed\u00bb.. EL QUE ENTENDI\u00d3, ENTENDI\u00d3.. AMEN<\/p>\n","protected":false},"excerpt":{"rendered":"<p>Ricardo Chua Sale y Vale EXCLUSIVA&#8230; \u00abGarganta Profunda\u00bb confi\u00f3 que de nuevo para dejar claro que Roc\u00edo Nahle est\u00e1 \u00abpintando su raya\u00bb con el actual gobierno de Cuitl\u00e1huac Garc\u00eda Jim\u00e9nez.. Dio a conocer que de ganar la elecci\u00f3n del pr\u00f3ximo 2 de junio.. Nahle nombrar\u00eda como su secretario de Desarrollo Econ\u00f3mico (SEDECOP) al empresario porte\u00f1o [&hellip;]<\/p>\n","protected":false},"author":2,"featured_media":0,"comment_status":"closed","ping_status":"closed","sticky":false,"template":"","format":"standard","meta":{"tdm_status":"","tdm_grid_status":"","footnotes":""},"categories":[70],"tags":[1563,1124,1026,264,14721,3578,195],"class_list":{"0":"post-117071","1":"post","2":"type-post","3":"status-publish","4":"format-standard","6":"category-de-opinion","7":"tag-cuitlahuac-garcia-jimenez","8":"tag-javier-herrera-borunda","9":"tag-morena","10":"tag-pvem","11":"tag-ricardo-exsome","12":"tag-rocio-nahle","13":"tag-veracruz"},"yoast_head":"<!-- This site is optimized with the Yoast SEO plugin v27.4 - https:\/\/yoast.com\/product\/yoast-seo-wordpress\/ -->\n<title>EL REGRESO DE RICARDO EXSOME - Los pol\u00edticos Veracruz<\/title>\n<meta name=\"robots\" content=\"index, follow, max-snippet:-1, max-image-preview:large, max-video-preview:-1\" \/>\n<link rel=\"canonical\" href=\"https:\/\/lospoliticosveracruz.com\/?p=117071\" \/>\n<meta property=\"og:locale\" content=\"es_ES\" \/>\n<meta property=\"og:type\" content=\"article\" \/>\n<meta property=\"og:title\" content=\"EL REGRESO DE RICARDO EXSOME - Los pol\u00edticos Veracruz\" \/>\n<meta property=\"og:description\" content=\"Ricardo Chua Sale y Vale EXCLUSIVA&#8230; \u00abGarganta Profunda\u00bb confi\u00f3 que de nuevo para dejar claro que Roc\u00edo Nahle est\u00e1 \u00abpintando su raya\u00bb con el actual gobierno de Cuitl\u00e1huac Garc\u00eda Jim\u00e9nez.. Dio a conocer que de ganar la elecci\u00f3n del pr\u00f3ximo 2 de junio.. Nahle nombrar\u00eda como su secretario de Desarrollo Econ\u00f3mico (SEDECOP) al empresario porte\u00f1o [&hellip;]\" \/>\n<meta property=\"og:url\" content=\"https:\/\/lospoliticosveracruz.com\/?p=117071\" \/>\n<meta property=\"og:site_name\" content=\"Los pol\u00edticos Veracruz\" \/>\n<meta property=\"article:publisher\" content=\"https:\/\/www.facebook.com\/people\/Notimemes-de-los-Polticos\/61565672886568\/\" \/>\n<meta property=\"article:published_time\" content=\"2024-01-19T10:58:22+00:00\" \/>\n<meta property=\"article:modified_time\" content=\"2024-01-19T13:46:29+00:00\" \/>\n<meta property=\"og:image\" content=\"https:\/\/lospoliticosveracruz.com.mx\/wp-content\/uploads\/2021\/10\/Zacauilt-150x300.jpg\" \/>\n<meta name=\"author\" content=\"Lo viste en Los Pol\u00edticos\" \/>\n<meta name=\"twitter:card\" content=\"summary_large_image\" \/>\n<meta name=\"twitter:creator\" content=\"@LosPoliticosVer\" \/>\n<meta name=\"twitter:site\" content=\"@LosPoliticosVer\" \/>\n<meta name=\"twitter:label1\" content=\"Escrito por\" \/>\n\t<meta name=\"twitter:data1\" content=\"Lo viste en Los Pol\u00edticos\" \/>\n\t<meta name=\"twitter:label2\" content=\"Tiempo de lectura\" \/>\n\t<meta name=\"twitter:data2\" content=\"5 minutos\" \/>\n<script type=\"application\/ld+json\" class=\"yoast-schema-graph\">{\"@context\":\"https:\\\/\\\/schema.org\",\"@graph\":[{\"@type\":\"Article\",\"@id\":\"https:\\\/\\\/lospoliticosveracruz.com\\\/?p=117071#article\",\"isPartOf\":{\"@id\":\"https:\\\/\\\/lospoliticosveracruz.com\\\/?p=117071\"},\"author\":{\"name\":\"Lo viste en Los Pol\u00edticos\",\"@id\":\"https:\\\/\\\/lospoliticosveracruz.com\\\/#\\\/schema\\\/person\\\/b8702bb0e538456e6efd07080bf2a4a2\"},\"headline\":\"EL REGRESO DE RICARDO EXSOME\",\"datePublished\":\"2024-01-19T10:58:22+00:00\",\"dateModified\":\"2024-01-19T13:46:29+00:00\",\"mainEntityOfPage\":{\"@id\":\"https:\\\/\\\/lospoliticosveracruz.com\\\/?p=117071\"},\"wordCount\":978,\"publisher\":{\"@id\":\"https:\\\/\\\/lospoliticosveracruz.com\\\/#organization\"},\"image\":{\"@id\":\"https:\\\/\\\/lospoliticosveracruz.com\\\/?p=117071#primaryimage\"},\"thumbnailUrl\":\"https:\\\/\\\/lospoliticosveracruz.com.mx\\\/wp-content\\\/uploads\\\/2021\\\/10\\\/Zacauilt-150x300.jpg\",\"keywords\":[\"Cuitl\u00e1huac Garc\u00eda Jim\u00e9nez\",\"Javier Herrera Borunda\",\"Morena\",\"PVEM\",\"Ricardo Exsome\",\"Roc\u00edo Nahle\",\"Veracruz\"],\"articleSection\":[\"De Opini\u00f3n\"],\"inLanguage\":\"es\"},{\"@type\":\"WebPage\",\"@id\":\"https:\\\/\\\/lospoliticosveracruz.com\\\/?p=117071\",\"url\":\"https:\\\/\\\/lospoliticosveracruz.com\\\/?p=117071\",\"name\":\"EL REGRESO DE RICARDO EXSOME - Los pol\u00edticos Veracruz\",\"isPartOf\":{\"@id\":\"https:\\\/\\\/lospoliticosveracruz.com\\\/#website\"},\"primaryImageOfPage\":{\"@id\":\"https:\\\/\\\/lospoliticosveracruz.com\\\/?p=117071#primaryimage\"},\"image\":{\"@id\":\"https:\\\/\\\/lospoliticosveracruz.com\\\/?p=117071#primaryimage\"},\"thumbnailUrl\":\"https:\\\/\\\/lospoliticosveracruz.com.mx\\\/wp-content\\\/uploads\\\/2021\\\/10\\\/Zacauilt-150x300.jpg\",\"datePublished\":\"2024-01-19T10:58:22+00:00\",\"dateModified\":\"2024-01-19T13:46:29+00:00\",\"breadcrumb\":{\"@id\":\"https:\\\/\\\/lospoliticosveracruz.com\\\/?p=117071#breadcrumb\"},\"inLanguage\":\"es\",\"potentialAction\":[{\"@type\":\"ReadAction\",\"target\":[\"https:\\\/\\\/lospoliticosveracruz.com\\\/?p=117071\"]}]},{\"@type\":\"ImageObject\",\"inLanguage\":\"es\",\"@id\":\"https:\\\/\\\/lospoliticosveracruz.com\\\/?p=117071#primaryimage\",\"url\":\"https:\\\/\\\/lospoliticosveracruz.com.mx\\\/wp-content\\\/uploads\\\/2021\\\/10\\\/Zacauilt-150x300.jpg\",\"contentUrl\":\"https:\\\/\\\/lospoliticosveracruz.com.mx\\\/wp-content\\\/uploads\\\/2021\\\/10\\\/Zacauilt-150x300.jpg\"},{\"@type\":\"BreadcrumbList\",\"@id\":\"https:\\\/\\\/lospoliticosveracruz.com\\\/?p=117071#breadcrumb\",\"itemListElement\":[{\"@type\":\"ListItem\",\"position\":1,\"name\":\"Portada\",\"item\":\"https:\\\/\\\/lospoliticosveracruz.com\\\/\"},{\"@type\":\"ListItem\",\"position\":2,\"name\":\"EL REGRESO DE RICARDO EXSOME\"}]},{\"@type\":\"WebSite\",\"@id\":\"https:\\\/\\\/lospoliticosveracruz.com\\\/#website\",\"url\":\"https:\\\/\\\/lospoliticosveracruz.com\\\/\",\"name\":\"Los pol\u00edticos Veracruz\",\"description\":\"\",\"publisher\":{\"@id\":\"https:\\\/\\\/lospoliticosveracruz.com\\\/#organization\"},\"potentialAction\":[{\"@type\":\"SearchAction\",\"target\":{\"@type\":\"EntryPoint\",\"urlTemplate\":\"https:\\\/\\\/lospoliticosveracruz.com\\\/?s={search_term_string}\"},\"query-input\":{\"@type\":\"PropertyValueSpecification\",\"valueRequired\":true,\"valueName\":\"search_term_string\"}}],\"inLanguage\":\"es\"},{\"@type\":\"Organization\",\"@id\":\"https:\\\/\\\/lospoliticosveracruz.com\\\/#organization\",\"name\":\"Los pol\u00edticos Veracruz\",\"url\":\"https:\\\/\\\/lospoliticosveracruz.com\\\/\",\"logo\":{\"@type\":\"ImageObject\",\"inLanguage\":\"es\",\"@id\":\"https:\\\/\\\/lospoliticosveracruz.com\\\/#\\\/schema\\\/logo\\\/image\\\/\",\"url\":\"https:\\\/\\\/lospoliticosveracruz.com\\\/wp-content\\\/uploads\\\/2025\\\/12\\\/Logo-Nuevo-LOS-POLITICOS-1.jpg\",\"contentUrl\":\"https:\\\/\\\/lospoliticosveracruz.com\\\/wp-content\\\/uploads\\\/2025\\\/12\\\/Logo-Nuevo-LOS-POLITICOS-1.jpg\",\"width\":260,\"height\":70,\"caption\":\"Los pol\u00edticos Veracruz\"},\"image\":{\"@id\":\"https:\\\/\\\/lospoliticosveracruz.com\\\/#\\\/schema\\\/logo\\\/image\\\/\"},\"sameAs\":[\"https:\\\/\\\/www.facebook.com\\\/people\\\/Notimemes-de-los-Polticos\\\/61565672886568\\\/\",\"https:\\\/\\\/x.com\\\/LosPoliticosVer\"]},{\"@type\":\"Person\",\"@id\":\"https:\\\/\\\/lospoliticosveracruz.com\\\/#\\\/schema\\\/person\\\/b8702bb0e538456e6efd07080bf2a4a2\",\"name\":\"Lo viste en Los Pol\u00edticos\",\"image\":{\"@type\":\"ImageObject\",\"inLanguage\":\"es\",\"@id\":\"https:\\\/\\\/secure.gravatar.com\\\/avatar\\\/3a8de04a2656d44082be478bd6c086daa447c4651605818287b9532d3d0bd435?s=96&d=mm&r=g\",\"url\":\"https:\\\/\\\/secure.gravatar.com\\\/avatar\\\/3a8de04a2656d44082be478bd6c086daa447c4651605818287b9532d3d0bd435?s=96&d=mm&r=g\",\"contentUrl\":\"https:\\\/\\\/secure.gravatar.com\\\/avatar\\\/3a8de04a2656d44082be478bd6c086daa447c4651605818287b9532d3d0bd435?s=96&d=mm&r=g\",\"caption\":\"Lo viste en Los Pol\u00edticos\"},\"url\":\"https:\\\/\\\/lospoliticosveracruz.com\\\/?author=2\"}]}<\/script>\n<!-- \/ Yoast SEO plugin. -->","yoast_head_json":{"title":"EL REGRESO DE RICARDO EXSOME - Los pol\u00edticos Veracruz","robots":{"index":"index","follow":"follow","max-snippet":"max-snippet:-1","max-image-preview":"max-image-preview:large","max-video-preview":"max-video-preview:-1"},"canonical":"https:\/\/lospoliticosveracruz.com\/?p=117071","og_locale":"es_ES","og_type":"article","og_title":"EL REGRESO DE RICARDO EXSOME - Los pol\u00edticos Veracruz","og_description":"Ricardo Chua Sale y Vale EXCLUSIVA&#8230; \u00abGarganta Profunda\u00bb confi\u00f3 que de nuevo para dejar claro que Roc\u00edo Nahle est\u00e1 \u00abpintando su raya\u00bb con el actual gobierno de Cuitl\u00e1huac Garc\u00eda Jim\u00e9nez.. Dio a conocer que de ganar la elecci\u00f3n del pr\u00f3ximo 2 de junio.. Nahle nombrar\u00eda como su secretario de Desarrollo Econ\u00f3mico (SEDECOP) al empresario porte\u00f1o [&hellip;]","og_url":"https:\/\/lospoliticosveracruz.com\/?p=117071","og_site_name":"Los pol\u00edticos Veracruz","article_publisher":"https:\/\/www.facebook.com\/people\/Notimemes-de-los-Polticos\/61565672886568\/","article_published_time":"2024-01-19T10:58:22+00:00","article_modified_time":"2024-01-19T13:46:29+00:00","og_image":[{"url":"https:\/\/lospoliticosveracruz.com.mx\/wp-content\/uploads\/2021\/10\/Zacauilt-150x300.jpg","type":"","width":"","height":""}],"author":"Lo viste en Los Pol\u00edticos","twitter_card":"summary_large_image","twitter_creator":"@LosPoliticosVer","twitter_site":"@LosPoliticosVer","twitter_misc":{"Escrito por":"Lo viste en Los Pol\u00edticos","Tiempo de lectura":"5 minutos"},"schema":{"@context":"https:\/\/schema.org","@graph":[{"@type":"Article","@id":"https:\/\/lospoliticosveracruz.com\/?p=117071#article","isPartOf":{"@id":"https:\/\/lospoliticosveracruz.com\/?p=117071"},"author":{"name":"Lo viste en Los Pol\u00edticos","@id":"https:\/\/lospoliticosveracruz.com\/#\/schema\/person\/b8702bb0e538456e6efd07080bf2a4a2"},"headline":"EL REGRESO DE RICARDO EXSOME","datePublished":"2024-01-19T10:58:22+00:00","dateModified":"2024-01-19T13:46:29+00:00","mainEntityOfPage":{"@id":"https:\/\/lospoliticosveracruz.com\/?p=117071"},"wordCount":978,"publisher":{"@id":"https:\/\/lospoliticosveracruz.com\/#organization"},"image":{"@id":"https:\/\/lospoliticosveracruz.com\/?p=117071#primaryimage"},"thumbnailUrl":"https:\/\/lospoliticosveracruz.com.mx\/wp-content\/uploads\/2021\/10\/Zacauilt-150x300.jpg","keywords":["Cuitl\u00e1huac Garc\u00eda Jim\u00e9nez","Javier Herrera Borunda","Morena","PVEM","Ricardo Exsome","Roc\u00edo Nahle","Veracruz"],"articleSection":["De Opini\u00f3n"],"inLanguage":"es"},{"@type":"WebPage","@id":"https:\/\/lospoliticosveracruz.com\/?p=117071","url":"https:\/\/lospoliticosveracruz.com\/?p=117071","name":"EL REGRESO DE RICARDO EXSOME - Los pol\u00edticos Veracruz","isPartOf":{"@id":"https:\/\/lospoliticosveracruz.com\/#website"},"primaryImageOfPage":{"@id":"https:\/\/lospoliticosveracruz.com\/?p=117071#primaryimage"},"image":{"@id":"https:\/\/lospoliticosveracruz.com\/?p=117071#primaryimage"},"thumbnailUrl":"https:\/\/lospoliticosveracruz.com.mx\/wp-content\/uploads\/2021\/10\/Zacauilt-150x300.jpg","datePublished":"2024-01-19T10:58:22+00:00","dateModified":"2024-01-19T13:46:29+00:00","breadcrumb":{"@id":"https:\/\/lospoliticosveracruz.com\/?p=117071#breadcrumb"},"inLanguage":"es","potentialAction":[{"@type":"ReadAction","target":["https:\/\/lospoliticosveracruz.com\/?p=117071"]}]},{"@type":"ImageObject","inLanguage":"es","@id":"https:\/\/lospoliticosveracruz.com\/?p=117071#primaryimage","url":"https:\/\/lospoliticosveracruz.com.mx\/wp-content\/uploads\/2021\/10\/Zacauilt-150x300.jpg","contentUrl":"https:\/\/lospoliticosveracruz.com.mx\/wp-content\/uploads\/2021\/10\/Zacauilt-150x300.jpg"},{"@type":"BreadcrumbList","@id":"https:\/\/lospoliticosveracruz.com\/?p=117071#breadcrumb","itemListElement":[{"@type":"ListItem","position":1,"name":"Portada","item":"https:\/\/lospoliticosveracruz.com\/"},{"@type":"ListItem","position":2,"name":"EL REGRESO DE RICARDO EXSOME"}]},{"@type":"WebSite","@id":"https:\/\/lospoliticosveracruz.com\/#website","url":"https:\/\/lospoliticosveracruz.com\/","name":"Los pol\u00edticos Veracruz","description":"","publisher":{"@id":"https:\/\/lospoliticosveracruz.com\/#organization"},"potentialAction":[{"@type":"SearchAction","target":{"@type":"EntryPoint","urlTemplate":"https:\/\/lospoliticosveracruz.com\/?s={search_term_string}"},"query-input":{"@type":"PropertyValueSpecification","valueRequired":true,"valueName":"search_term_string"}}],"inLanguage":"es"},{"@type":"Organization","@id":"https:\/\/lospoliticosveracruz.com\/#organization","name":"Los pol\u00edticos Veracruz","url":"https:\/\/lospoliticosveracruz.com\/","logo":{"@type":"ImageObject","inLanguage":"es","@id":"https:\/\/lospoliticosveracruz.com\/#\/schema\/logo\/image\/","url":"https:\/\/lospoliticosveracruz.com\/wp-content\/uploads\/2025\/12\/Logo-Nuevo-LOS-POLITICOS-1.jpg","contentUrl":"https:\/\/lospoliticosveracruz.com\/wp-content\/uploads\/2025\/12\/Logo-Nuevo-LOS-POLITICOS-1.jpg","width":260,"height":70,"caption":"Los pol\u00edticos Veracruz"},"image":{"@id":"https:\/\/lospoliticosveracruz.com\/#\/schema\/logo\/image\/"},"sameAs":["https:\/\/www.facebook.com\/people\/Notimemes-de-los-Polticos\/61565672886568\/","https:\/\/x.com\/LosPoliticosVer"]},{"@type":"Person","@id":"https:\/\/lospoliticosveracruz.com\/#\/schema\/person\/b8702bb0e538456e6efd07080bf2a4a2","name":"Lo viste en Los Pol\u00edticos","image":{"@type":"ImageObject","inLanguage":"es","@id":"https:\/\/secure.gravatar.com\/avatar\/3a8de04a2656d44082be478bd6c086daa447c4651605818287b9532d3d0bd435?s=96&d=mm&r=g","url":"https:\/\/secure.gravatar.com\/avatar\/3a8de04a2656d44082be478bd6c086daa447c4651605818287b9532d3d0bd435?s=96&d=mm&r=g","contentUrl":"https:\/\/secure.gravatar.com\/avatar\/3a8de04a2656d44082be478bd6c086daa447c4651605818287b9532d3d0bd435?s=96&d=mm&r=g","caption":"Lo viste en Los Pol\u00edticos"},"url":"https:\/\/lospoliticosveracruz.com\/?author=2"}]}},"_links":{"self":[{"href":"https:\/\/lospoliticosveracruz.com\/index.php?rest_route=\/wp\/v2\/posts\/117071","targetHints":{"allow":["GET"]}}],"collection":[{"href":"https:\/\/lospoliticosveracruz.com\/index.php?rest_route=\/wp\/v2\/posts"}],"about":[{"href":"https:\/\/lospoliticosveracruz.com\/index.php?rest_route=\/wp\/v2\/types\/post"}],"author":[{"embeddable":true,"href":"https:\/\/lospoliticosveracruz.com\/index.php?rest_route=\/wp\/v2\/users\/2"}],"replies":[{"embeddable":true,"href":"https:\/\/lospoliticosveracruz.com\/index.php?rest_route=%2Fwp%2Fv2%2Fcomments&post=117071"}],"version-history":[{"count":2,"href":"https:\/\/lospoliticosveracruz.com\/index.php?rest_route=\/wp\/v2\/posts\/117071\/revisions"}],"predecessor-version":[{"id":117080,"href":"https:\/\/lospoliticosveracruz.com\/index.php?rest_route=\/wp\/v2\/posts\/117071\/revisions\/117080"}],"wp:attachment":[{"href":"https:\/\/lospoliticosveracruz.com\/index.php?rest_route=%2Fwp%2Fv2%2Fmedia&parent=117071"}],"wp:term":[{"taxonomy":"category","embeddable":true,"href":"https:\/\/lospoliticosveracruz.com\/index.php?rest_route=%2Fwp%2Fv2%2Fcategories&post=117071"},{"taxonomy":"post_tag","embeddable":true,"href":"https:\/\/lospoliticosveracruz.com\/index.php?rest_route=%2Fwp%2Fv2%2Ftags&post=117071"}],"curies":[{"name":"wp","href":"https:\/\/api.w.org\/{rel}","templated":true}]}}