{"id":11727,"date":"2014-10-08T15:16:00","date_gmt":"2014-10-08T15:16:00","guid":{"rendered":"http:\/\/www.lospoliticosveracruz.com.mx\/aeropuerto-de-xalapa-promesa-no-cumplida\/"},"modified":"2014-10-10T02:59:44","modified_gmt":"2014-10-10T02:59:44","slug":"aeropuerto-de-xalapa-promesa-no-cumplida","status":"publish","type":"post","link":"https:\/\/lospoliticosveracruz.com\/?p=11727","title":{"rendered":"Aeropuerto de Xalapa, promesa no cumplida"},"content":{"rendered":"<p><a href=\"http:\/\/www.lospoliticosveracruz.com.mx\/wp-content\/uploads\/2014\/10\/aeropuerto_Xalapa1.jpg\"><img loading=\"lazy\" decoding=\"async\" border=\"0\" height=\"241\" src=\"http:\/\/www.lospoliticosveracruz.com.mx\/wp-content\/uploads\/2014\/10\/aeropuerto_Xalapa1-300x180.jpg\" width=\"400\" \/><\/a><\/p>\n<p><b>Miguel Angel Cristiani Gonz\u00e1lez<\/b><br \/><i>Bit\u00e1cora Veracruz<\/i><\/p>\n<p>Aunque fue uno de sus \u201ccompromisos de campa\u00f1a\u201d del presidente Enrique Pe\u00f1a Nieto que este a\u00f1o ratific\u00f3 como parte de las obras de infraestructura que la Secretar\u00eda de Comunicaciones y Transportes llevar\u00eda a cabo en el estado de Veracruz, hasta el momento no se tiene ninguna informaci\u00f3n de para cu\u00e1ndo se vayan a iniciar las obras de remodelaci\u00f3n y ampliaci\u00f3n del aeropuerto de Xalapa, Veracruz.<br \/><a name='more'><\/a>La ampliaci\u00f3n del aeropuerto en la capital del estado de Veracruz, fue uno de los compromisos firmados en campa\u00f1a ante notario p\u00fablico, de las obras que se compromet\u00eda a llevar a cabo en la entidad.<br \/>Todav\u00eda a inicios del a\u00f1o, cuando se dio a conocer el programa de inversiones y de obras a ejejcutar por la  SCT se dijo que la obra se empezar\u00eda en este a\u00f1o, pero ya casi van diez meses y el a\u00f1o se va a terminar y las dichosas obras no comienzan.<br \/>Hace unos d\u00edas, el presidente municipal de Emiliano Zapata, Daniel Olmos Garc\u00eda en donde se localiza el aeropuerto, confirm\u00f3 que hasta la fecha no hay ning\u00fan inicio y mucho menos un avance en los trabajos.<br \/>La ampliaci\u00f3n del aeropuerto de El Lencero en la capital veracruzana, permitir\u00e1 incrementar el movimiento de empresarios y turismo hacia la entidad.<br \/>Para dar una idea de lo que representa el movimiento de pasajeros, hace unos d\u00edas, el Grupo Aeroportuario del Sureste, S.A.B. de C.V.  (ASUR), el primer Grupo Aeroportuario privatizado en M\u00e9xico, operador del Aeropuerto de Canc\u00fan y ocho aeropuertos en el sureste mexicano,dio a conocer que durante el pasado mes de septiembre de este a\u00f1o, se increment\u00f3 el tr\u00e1fico aeroportuario en un 10.5% comparado con el a\u00f1o pasado.<br \/>Grupo Aeroportuario del Sureste, S.A.B. de C.V. (ASUR) es el, operador del aeropuerto de Canc\u00fan con 1,060,816 pasajero en el mes de septiembre, M\u00e9rida 112,260, Cozumel 17,936, Villahermosa 91,195,Oaxaca 39,691, el aeropuerto de Veracruz pas\u00f3 de 76,412 el a\u00f1o pasado a 89,080 lo que representa un 16.6 por ciento, Huatulco 27,718, Tapachula 13,091 y Minatitl\u00e1n 19,363 en el sureste de M\u00e9xico.<br \/>Aunque si tomamos en cuenta que el mes de septiembre se movieron  1,471,150 pasajeros en los ocho aeropuertos, las c\u00edfras correspondientes a Veracruz con 89,080 y Minatitl\u00e1n con 19,363 son relativamente bajas comparadas con M\u00e9rida que tuvo 112,260 pasajeros.<br \/>De todas formas, la ampliaci\u00f3n del aeropuerto El Lencero, prometida por el presidente de la rep\u00fablica Enrique Pe\u00f1a Nieto, deber\u00e1 de venir a contribuir a mejorar la infraestructura de comunicaciones a\u00e9reas en la entidad y la atracci\u00f3n de capitales y turistas, que buena falta est\u00e1n haciendo.<\/p>\n","protected":false},"excerpt":{"rendered":"<p>Miguel Angel Cristiani Gonz\u00e1lezBit\u00e1cora Veracruz Aunque fue uno de sus \u201ccompromisos de campa\u00f1a\u201d del presidente Enrique Pe\u00f1a Nieto que este a\u00f1o ratific\u00f3 como parte de las obras de infraestructura que la Secretar\u00eda de Comunicaciones y Transportes llevar\u00eda a cabo en el estado de Veracruz, hasta el momento no se tiene ninguna informaci\u00f3n de para cu\u00e1ndo [&hellip;]<\/p>\n","protected":false},"author":2,"featured_media":0,"comment_status":"open","ping_status":"open","sticky":false,"template":"","format":"standard","meta":{"tdm_status":"","tdm_grid_status":"","footnotes":""},"categories":[70],"tags":[94,96],"class_list":{"0":"post-11727","1":"post","2":"type-post","3":"status-publish","4":"format-standard","6":"category-de-opinion","7":"tag-pena-nieto","8":"tag-xalapa"},"yoast_head":"<!-- This site is optimized with the Yoast SEO plugin v27.4 - https:\/\/yoast.com\/product\/yoast-seo-wordpress\/ -->\n<title>Aeropuerto de Xalapa, promesa no cumplida - Los pol\u00edticos Veracruz<\/title>\n<meta name=\"robots\" content=\"index, follow, max-snippet:-1, max-image-preview:large, max-video-preview:-1\" \/>\n<link rel=\"canonical\" href=\"https:\/\/lospoliticosveracruz.com\/?p=11727\" \/>\n<meta property=\"og:locale\" content=\"es_ES\" \/>\n<meta property=\"og:type\" content=\"article\" \/>\n<meta property=\"og:title\" content=\"Aeropuerto de Xalapa, promesa no cumplida - Los pol\u00edticos Veracruz\" \/>\n<meta property=\"og:description\" content=\"Miguel Angel Cristiani Gonz\u00e1lezBit\u00e1cora Veracruz Aunque fue uno de sus \u201ccompromisos de campa\u00f1a\u201d del presidente Enrique Pe\u00f1a Nieto que este a\u00f1o ratific\u00f3 como parte de las obras de infraestructura que la Secretar\u00eda de Comunicaciones y Transportes llevar\u00eda a cabo en el estado de Veracruz, hasta el momento no se tiene ninguna informaci\u00f3n de para cu\u00e1ndo [&hellip;]\" \/>\n<meta property=\"og:url\" content=\"https:\/\/lospoliticosveracruz.com\/?p=11727\" \/>\n<meta property=\"og:site_name\" content=\"Los pol\u00edticos Veracruz\" \/>\n<meta property=\"article:publisher\" content=\"https:\/\/www.facebook.com\/people\/Notimemes-de-los-Polticos\/61565672886568\/\" \/>\n<meta property=\"article:published_time\" content=\"2014-10-08T15:16:00+00:00\" \/>\n<meta property=\"article:modified_time\" content=\"2014-10-10T02:59:44+00:00\" \/>\n<meta property=\"og:image\" content=\"http:\/\/www.lospoliticosveracruz.com.mx\/wp-content\/uploads\/2014\/10\/aeropuerto_Xalapa1-300x180.jpg\" \/>\n<meta name=\"author\" content=\"Lo viste en Los Pol\u00edticos\" \/>\n<meta name=\"twitter:card\" content=\"summary_large_image\" \/>\n<meta name=\"twitter:creator\" content=\"@LosPoliticosVer\" \/>\n<meta name=\"twitter:site\" content=\"@LosPoliticosVer\" \/>\n<meta name=\"twitter:label1\" content=\"Escrito por\" \/>\n\t<meta name=\"twitter:data1\" content=\"Lo viste en Los Pol\u00edticos\" \/>\n\t<meta name=\"twitter:label2\" content=\"Tiempo de lectura\" \/>\n\t<meta name=\"twitter:data2\" content=\"2 minutos\" \/>\n<script type=\"application\/ld+json\" class=\"yoast-schema-graph\">{\"@context\":\"https:\\\/\\\/schema.org\",\"@graph\":[{\"@type\":\"Article\",\"@id\":\"https:\\\/\\\/lospoliticosveracruz.com\\\/?p=11727#article\",\"isPartOf\":{\"@id\":\"https:\\\/\\\/lospoliticosveracruz.com\\\/?p=11727\"},\"author\":{\"name\":\"Lo viste en Los Pol\u00edticos\",\"@id\":\"https:\\\/\\\/lospoliticosveracruz.com\\\/#\\\/schema\\\/person\\\/b8702bb0e538456e6efd07080bf2a4a2\"},\"headline\":\"Aeropuerto de Xalapa, promesa no cumplida\",\"datePublished\":\"2014-10-08T15:16:00+00:00\",\"dateModified\":\"2014-10-10T02:59:44+00:00\",\"mainEntityOfPage\":{\"@id\":\"https:\\\/\\\/lospoliticosveracruz.com\\\/?p=11727\"},\"wordCount\":470,\"commentCount\":0,\"publisher\":{\"@id\":\"https:\\\/\\\/lospoliticosveracruz.com\\\/#organization\"},\"image\":{\"@id\":\"https:\\\/\\\/lospoliticosveracruz.com\\\/?p=11727#primaryimage\"},\"thumbnailUrl\":\"http:\\\/\\\/www.lospoliticosveracruz.com.mx\\\/wp-content\\\/uploads\\\/2014\\\/10\\\/aeropuerto_Xalapa1-300x180.jpg\",\"keywords\":[\"Pe\u00f1a Nieto\",\"Xalapa\"],\"articleSection\":[\"De Opini\u00f3n\"],\"inLanguage\":\"es\",\"potentialAction\":[{\"@type\":\"CommentAction\",\"name\":\"Comment\",\"target\":[\"https:\\\/\\\/lospoliticosveracruz.com\\\/?p=11727#respond\"]}]},{\"@type\":\"WebPage\",\"@id\":\"https:\\\/\\\/lospoliticosveracruz.com\\\/?p=11727\",\"url\":\"https:\\\/\\\/lospoliticosveracruz.com\\\/?p=11727\",\"name\":\"Aeropuerto de Xalapa, promesa no cumplida - Los pol\u00edticos Veracruz\",\"isPartOf\":{\"@id\":\"https:\\\/\\\/lospoliticosveracruz.com\\\/#website\"},\"primaryImageOfPage\":{\"@id\":\"https:\\\/\\\/lospoliticosveracruz.com\\\/?p=11727#primaryimage\"},\"image\":{\"@id\":\"https:\\\/\\\/lospoliticosveracruz.com\\\/?p=11727#primaryimage\"},\"thumbnailUrl\":\"http:\\\/\\\/www.lospoliticosveracruz.com.mx\\\/wp-content\\\/uploads\\\/2014\\\/10\\\/aeropuerto_Xalapa1-300x180.jpg\",\"datePublished\":\"2014-10-08T15:16:00+00:00\",\"dateModified\":\"2014-10-10T02:59:44+00:00\",\"breadcrumb\":{\"@id\":\"https:\\\/\\\/lospoliticosveracruz.com\\\/?p=11727#breadcrumb\"},\"inLanguage\":\"es\",\"potentialAction\":[{\"@type\":\"ReadAction\",\"target\":[\"https:\\\/\\\/lospoliticosveracruz.com\\\/?p=11727\"]}]},{\"@type\":\"ImageObject\",\"inLanguage\":\"es\",\"@id\":\"https:\\\/\\\/lospoliticosveracruz.com\\\/?p=11727#primaryimage\",\"url\":\"http:\\\/\\\/www.lospoliticosveracruz.com.mx\\\/wp-content\\\/uploads\\\/2014\\\/10\\\/aeropuerto_Xalapa1-300x180.jpg\",\"contentUrl\":\"http:\\\/\\\/www.lospoliticosveracruz.com.mx\\\/wp-content\\\/uploads\\\/2014\\\/10\\\/aeropuerto_Xalapa1-300x180.jpg\"},{\"@type\":\"BreadcrumbList\",\"@id\":\"https:\\\/\\\/lospoliticosveracruz.com\\\/?p=11727#breadcrumb\",\"itemListElement\":[{\"@type\":\"ListItem\",\"position\":1,\"name\":\"Portada\",\"item\":\"https:\\\/\\\/lospoliticosveracruz.com\\\/\"},{\"@type\":\"ListItem\",\"position\":2,\"name\":\"Aeropuerto de Xalapa, promesa no cumplida\"}]},{\"@type\":\"WebSite\",\"@id\":\"https:\\\/\\\/lospoliticosveracruz.com\\\/#website\",\"url\":\"https:\\\/\\\/lospoliticosveracruz.com\\\/\",\"name\":\"Los pol\u00edticos Veracruz\",\"description\":\"\",\"publisher\":{\"@id\":\"https:\\\/\\\/lospoliticosveracruz.com\\\/#organization\"},\"potentialAction\":[{\"@type\":\"SearchAction\",\"target\":{\"@type\":\"EntryPoint\",\"urlTemplate\":\"https:\\\/\\\/lospoliticosveracruz.com\\\/?s={search_term_string}\"},\"query-input\":{\"@type\":\"PropertyValueSpecification\",\"valueRequired\":true,\"valueName\":\"search_term_string\"}}],\"inLanguage\":\"es\"},{\"@type\":\"Organization\",\"@id\":\"https:\\\/\\\/lospoliticosveracruz.com\\\/#organization\",\"name\":\"Los pol\u00edticos Veracruz\",\"url\":\"https:\\\/\\\/lospoliticosveracruz.com\\\/\",\"logo\":{\"@type\":\"ImageObject\",\"inLanguage\":\"es\",\"@id\":\"https:\\\/\\\/lospoliticosveracruz.com\\\/#\\\/schema\\\/logo\\\/image\\\/\",\"url\":\"https:\\\/\\\/lospoliticosveracruz.com\\\/wp-content\\\/uploads\\\/2025\\\/12\\\/Logo-Nuevo-LOS-POLITICOS-1.jpg\",\"contentUrl\":\"https:\\\/\\\/lospoliticosveracruz.com\\\/wp-content\\\/uploads\\\/2025\\\/12\\\/Logo-Nuevo-LOS-POLITICOS-1.jpg\",\"width\":260,\"height\":70,\"caption\":\"Los pol\u00edticos Veracruz\"},\"image\":{\"@id\":\"https:\\\/\\\/lospoliticosveracruz.com\\\/#\\\/schema\\\/logo\\\/image\\\/\"},\"sameAs\":[\"https:\\\/\\\/www.facebook.com\\\/people\\\/Notimemes-de-los-Polticos\\\/61565672886568\\\/\",\"https:\\\/\\\/x.com\\\/LosPoliticosVer\"]},{\"@type\":\"Person\",\"@id\":\"https:\\\/\\\/lospoliticosveracruz.com\\\/#\\\/schema\\\/person\\\/b8702bb0e538456e6efd07080bf2a4a2\",\"name\":\"Lo viste en Los Pol\u00edticos\",\"image\":{\"@type\":\"ImageObject\",\"inLanguage\":\"es\",\"@id\":\"https:\\\/\\\/secure.gravatar.com\\\/avatar\\\/3a8de04a2656d44082be478bd6c086daa447c4651605818287b9532d3d0bd435?s=96&d=mm&r=g\",\"url\":\"https:\\\/\\\/secure.gravatar.com\\\/avatar\\\/3a8de04a2656d44082be478bd6c086daa447c4651605818287b9532d3d0bd435?s=96&d=mm&r=g\",\"contentUrl\":\"https:\\\/\\\/secure.gravatar.com\\\/avatar\\\/3a8de04a2656d44082be478bd6c086daa447c4651605818287b9532d3d0bd435?s=96&d=mm&r=g\",\"caption\":\"Lo viste en Los Pol\u00edticos\"},\"url\":\"https:\\\/\\\/lospoliticosveracruz.com\\\/?author=2\"}]}<\/script>\n<!-- \/ Yoast SEO plugin. -->","yoast_head_json":{"title":"Aeropuerto de Xalapa, promesa no cumplida - Los pol\u00edticos Veracruz","robots":{"index":"index","follow":"follow","max-snippet":"max-snippet:-1","max-image-preview":"max-image-preview:large","max-video-preview":"max-video-preview:-1"},"canonical":"https:\/\/lospoliticosveracruz.com\/?p=11727","og_locale":"es_ES","og_type":"article","og_title":"Aeropuerto de Xalapa, promesa no cumplida - Los pol\u00edticos Veracruz","og_description":"Miguel Angel Cristiani Gonz\u00e1lezBit\u00e1cora Veracruz Aunque fue uno de sus \u201ccompromisos de campa\u00f1a\u201d del presidente Enrique Pe\u00f1a Nieto que este a\u00f1o ratific\u00f3 como parte de las obras de infraestructura que la Secretar\u00eda de Comunicaciones y Transportes llevar\u00eda a cabo en el estado de Veracruz, hasta el momento no se tiene ninguna informaci\u00f3n de para cu\u00e1ndo [&hellip;]","og_url":"https:\/\/lospoliticosveracruz.com\/?p=11727","og_site_name":"Los pol\u00edticos Veracruz","article_publisher":"https:\/\/www.facebook.com\/people\/Notimemes-de-los-Polticos\/61565672886568\/","article_published_time":"2014-10-08T15:16:00+00:00","article_modified_time":"2014-10-10T02:59:44+00:00","og_image":[{"url":"http:\/\/www.lospoliticosveracruz.com.mx\/wp-content\/uploads\/2014\/10\/aeropuerto_Xalapa1-300x180.jpg","type":"","width":"","height":""}],"author":"Lo viste en Los Pol\u00edticos","twitter_card":"summary_large_image","twitter_creator":"@LosPoliticosVer","twitter_site":"@LosPoliticosVer","twitter_misc":{"Escrito por":"Lo viste en Los Pol\u00edticos","Tiempo de lectura":"2 minutos"},"schema":{"@context":"https:\/\/schema.org","@graph":[{"@type":"Article","@id":"https:\/\/lospoliticosveracruz.com\/?p=11727#article","isPartOf":{"@id":"https:\/\/lospoliticosveracruz.com\/?p=11727"},"author":{"name":"Lo viste en Los Pol\u00edticos","@id":"https:\/\/lospoliticosveracruz.com\/#\/schema\/person\/b8702bb0e538456e6efd07080bf2a4a2"},"headline":"Aeropuerto de Xalapa, promesa no cumplida","datePublished":"2014-10-08T15:16:00+00:00","dateModified":"2014-10-10T02:59:44+00:00","mainEntityOfPage":{"@id":"https:\/\/lospoliticosveracruz.com\/?p=11727"},"wordCount":470,"commentCount":0,"publisher":{"@id":"https:\/\/lospoliticosveracruz.com\/#organization"},"image":{"@id":"https:\/\/lospoliticosveracruz.com\/?p=11727#primaryimage"},"thumbnailUrl":"http:\/\/www.lospoliticosveracruz.com.mx\/wp-content\/uploads\/2014\/10\/aeropuerto_Xalapa1-300x180.jpg","keywords":["Pe\u00f1a Nieto","Xalapa"],"articleSection":["De Opini\u00f3n"],"inLanguage":"es","potentialAction":[{"@type":"CommentAction","name":"Comment","target":["https:\/\/lospoliticosveracruz.com\/?p=11727#respond"]}]},{"@type":"WebPage","@id":"https:\/\/lospoliticosveracruz.com\/?p=11727","url":"https:\/\/lospoliticosveracruz.com\/?p=11727","name":"Aeropuerto de Xalapa, promesa no cumplida - Los pol\u00edticos Veracruz","isPartOf":{"@id":"https:\/\/lospoliticosveracruz.com\/#website"},"primaryImageOfPage":{"@id":"https:\/\/lospoliticosveracruz.com\/?p=11727#primaryimage"},"image":{"@id":"https:\/\/lospoliticosveracruz.com\/?p=11727#primaryimage"},"thumbnailUrl":"http:\/\/www.lospoliticosveracruz.com.mx\/wp-content\/uploads\/2014\/10\/aeropuerto_Xalapa1-300x180.jpg","datePublished":"2014-10-08T15:16:00+00:00","dateModified":"2014-10-10T02:59:44+00:00","breadcrumb":{"@id":"https:\/\/lospoliticosveracruz.com\/?p=11727#breadcrumb"},"inLanguage":"es","potentialAction":[{"@type":"ReadAction","target":["https:\/\/lospoliticosveracruz.com\/?p=11727"]}]},{"@type":"ImageObject","inLanguage":"es","@id":"https:\/\/lospoliticosveracruz.com\/?p=11727#primaryimage","url":"http:\/\/www.lospoliticosveracruz.com.mx\/wp-content\/uploads\/2014\/10\/aeropuerto_Xalapa1-300x180.jpg","contentUrl":"http:\/\/www.lospoliticosveracruz.com.mx\/wp-content\/uploads\/2014\/10\/aeropuerto_Xalapa1-300x180.jpg"},{"@type":"BreadcrumbList","@id":"https:\/\/lospoliticosveracruz.com\/?p=11727#breadcrumb","itemListElement":[{"@type":"ListItem","position":1,"name":"Portada","item":"https:\/\/lospoliticosveracruz.com\/"},{"@type":"ListItem","position":2,"name":"Aeropuerto de Xalapa, promesa no cumplida"}]},{"@type":"WebSite","@id":"https:\/\/lospoliticosveracruz.com\/#website","url":"https:\/\/lospoliticosveracruz.com\/","name":"Los pol\u00edticos Veracruz","description":"","publisher":{"@id":"https:\/\/lospoliticosveracruz.com\/#organization"},"potentialAction":[{"@type":"SearchAction","target":{"@type":"EntryPoint","urlTemplate":"https:\/\/lospoliticosveracruz.com\/?s={search_term_string}"},"query-input":{"@type":"PropertyValueSpecification","valueRequired":true,"valueName":"search_term_string"}}],"inLanguage":"es"},{"@type":"Organization","@id":"https:\/\/lospoliticosveracruz.com\/#organization","name":"Los pol\u00edticos Veracruz","url":"https:\/\/lospoliticosveracruz.com\/","logo":{"@type":"ImageObject","inLanguage":"es","@id":"https:\/\/lospoliticosveracruz.com\/#\/schema\/logo\/image\/","url":"https:\/\/lospoliticosveracruz.com\/wp-content\/uploads\/2025\/12\/Logo-Nuevo-LOS-POLITICOS-1.jpg","contentUrl":"https:\/\/lospoliticosveracruz.com\/wp-content\/uploads\/2025\/12\/Logo-Nuevo-LOS-POLITICOS-1.jpg","width":260,"height":70,"caption":"Los pol\u00edticos Veracruz"},"image":{"@id":"https:\/\/lospoliticosveracruz.com\/#\/schema\/logo\/image\/"},"sameAs":["https:\/\/www.facebook.com\/people\/Notimemes-de-los-Polticos\/61565672886568\/","https:\/\/x.com\/LosPoliticosVer"]},{"@type":"Person","@id":"https:\/\/lospoliticosveracruz.com\/#\/schema\/person\/b8702bb0e538456e6efd07080bf2a4a2","name":"Lo viste en Los Pol\u00edticos","image":{"@type":"ImageObject","inLanguage":"es","@id":"https:\/\/secure.gravatar.com\/avatar\/3a8de04a2656d44082be478bd6c086daa447c4651605818287b9532d3d0bd435?s=96&d=mm&r=g","url":"https:\/\/secure.gravatar.com\/avatar\/3a8de04a2656d44082be478bd6c086daa447c4651605818287b9532d3d0bd435?s=96&d=mm&r=g","contentUrl":"https:\/\/secure.gravatar.com\/avatar\/3a8de04a2656d44082be478bd6c086daa447c4651605818287b9532d3d0bd435?s=96&d=mm&r=g","caption":"Lo viste en Los Pol\u00edticos"},"url":"https:\/\/lospoliticosveracruz.com\/?author=2"}]}},"_links":{"self":[{"href":"https:\/\/lospoliticosveracruz.com\/index.php?rest_route=\/wp\/v2\/posts\/11727","targetHints":{"allow":["GET"]}}],"collection":[{"href":"https:\/\/lospoliticosveracruz.com\/index.php?rest_route=\/wp\/v2\/posts"}],"about":[{"href":"https:\/\/lospoliticosveracruz.com\/index.php?rest_route=\/wp\/v2\/types\/post"}],"author":[{"embeddable":true,"href":"https:\/\/lospoliticosveracruz.com\/index.php?rest_route=\/wp\/v2\/users\/2"}],"replies":[{"embeddable":true,"href":"https:\/\/lospoliticosveracruz.com\/index.php?rest_route=%2Fwp%2Fv2%2Fcomments&post=11727"}],"version-history":[{"count":2,"href":"https:\/\/lospoliticosveracruz.com\/index.php?rest_route=\/wp\/v2\/posts\/11727\/revisions"}],"predecessor-version":[{"id":12411,"href":"https:\/\/lospoliticosveracruz.com\/index.php?rest_route=\/wp\/v2\/posts\/11727\/revisions\/12411"}],"wp:attachment":[{"href":"https:\/\/lospoliticosveracruz.com\/index.php?rest_route=%2Fwp%2Fv2%2Fmedia&parent=11727"}],"wp:term":[{"taxonomy":"category","embeddable":true,"href":"https:\/\/lospoliticosveracruz.com\/index.php?rest_route=%2Fwp%2Fv2%2Fcategories&post=11727"},{"taxonomy":"post_tag","embeddable":true,"href":"https:\/\/lospoliticosveracruz.com\/index.php?rest_route=%2Fwp%2Fv2%2Ftags&post=11727"}],"curies":[{"name":"wp","href":"https:\/\/api.w.org\/{rel}","templated":true}]}}