{"id":117299,"date":"2024-01-24T07:12:49","date_gmt":"2024-01-24T13:12:49","guid":{"rendered":"https:\/\/lospoliticosveracruz.com.mx\/?p=117299"},"modified":"2024-01-24T07:12:58","modified_gmt":"2024-01-24T13:12:58","slug":"echan-a-ninos-de-la-usbi","status":"publish","type":"post","link":"https:\/\/lospoliticosveracruz.com\/?p=117299","title":{"rendered":"ECHAN A NI\u00d1OS DE LA USBI"},"content":{"rendered":"\n<p><strong>Omar Z\u00fa\u00f1iga<\/strong><\/p>\n\n\n\n<p><em>De Primera Mano<\/em><\/p>\n\n\n\n<p>Pues siguen mal y de malas en la grandiosa M\u00e1xima Casa de estudios jarocha (la Universidad Veracruzana, para do\u00f1a Roc\u00edo&nbsp;Nahle, -que seg\u00fan ella, reci\u00e9n platic\u00f3 con el teniente Jos\u00e9 Azueta, muerto en la defensa del puerto de&nbsp;Veracruz en 1914-, de nada) pues&nbsp;el rector&nbsp;<strong>Gerardo Aguilar&nbsp;<\/strong>no renunci\u00f3 para irse a una diputaci\u00f3n y sigue despachando en Lomas del Estadio.<\/p>\n\n\n\n<p>Como breve antecedente, la escuela de futbol Delfines de Xalapa existe desde 1990 y le ha dado innumerables satisfacciones a nuestra ciudad capital, semillero de&nbsp;profesionales&nbsp;del balompi\u00e9, como&nbsp;<strong>Edgar Andrade<\/strong>, campe\u00f3n Mundial Sub17.<\/p>\n\n\n\n<p>Esto viene a cuento porque los Delfines fueron literalmente echados de donde entrenaban, que son los campos de la USBI, actualmente denominado CAD, es decir, terrenos de la Universidad Veracruzana.<\/p>\n\n\n\n<p>Usted que nos lee puede pensar \u2013bueno, si es su casa, tienen&nbsp;el derecho de negarles la entrada cuando ellos quieran, los campos eran prestados- y la respuesta es s\u00ed\u2026 a medias o no a medias, como usted prefiera.&nbsp;<\/p>\n\n\n\n<p>Los porqu\u00e9s de esta respuesta se basan en que los aproximadamente 200 ni\u00f1os que entrenaban en los campos de la USBI, deb\u00edan pagar por el uso y disfrute de los mismos&nbsp;a trav\u00e9s de&nbsp;sus escuelas, adem\u00e1s de los 10&nbsp;pesos diarios por cada padre de familia, por cada d\u00eda que entraran a sentarse en las gradas y ver entrenar a sus cr\u00edos, recursos que iban a parar a la Fundaci\u00f3n UV, a cargo de&nbsp;<strong>Facundo Pacheco<\/strong>, a quien por cierto le mandamos un afectuoso saludo.<\/p>\n\n\n\n<p>Aqu\u00ed entrenaban adem\u00e1s de&nbsp;<strong>Delfines<\/strong>,&nbsp;<strong>Boca&nbsp;<\/strong><strong>Juniors<\/strong><strong>&nbsp;<\/strong>filial Xalapa,&nbsp;<strong>Rayados&nbsp;<\/strong><strong>de&nbsp;<\/strong><strong>Monterrey&nbsp;<\/strong>filial Xalapa y&nbsp;<strong>Sporting<\/strong><strong>&nbsp;Xalapa<\/strong>;&nbsp;entre&nbsp;todos&nbsp;pagaban 10 mil pesos semanales, s\u00famele lo de las entradas de los pap\u00e1s, unos 60 mil pesos mensuales&nbsp;que han dejado de ingresar a las arcas de la Fundaci\u00f3n, s\u00f3lo los de futbol, m\u00e1s las escuelas de basquetbol, que tambi\u00e9n corrieron la misma suerte.<\/p>\n\n\n\n<p>\u00bfQu\u00e9 dir\u00e1 Facundo?<\/p>\n\n\n\n<p>El pretexto, querer impulsar el deporte UV, a trav\u00e9s de las escuelas de Halcones, que&nbsp;por cierto&nbsp;no han tenido \u00e9xito.<\/p>\n\n\n\n<p><strong>Maribel Barradas<\/strong><strong>&nbsp;Landa<\/strong>, directora de Actividades Deportivas&nbsp;de la Universidad&nbsp;(DADUV), maestra con una larga trayectoria, que adem\u00e1s no es nueva en lides administrativas, pues repite en el cargo desde&nbsp;<strong>Sara Ladr\u00f3n de Guevara<\/strong>,&nbsp;dio la orden, de ella depende&nbsp;no hay m\u00e1s, sin embargo suena il\u00f3gico que lo haya hecho de motu proprio.&nbsp;<\/p>\n\n\n\n<p>\u00bfSer\u00e1 que alguien le endulce el o\u00eddo?, nunca tuvo problemas de esta naturaleza.<\/p>\n\n\n\n<p>En cualquier caso, el rectorcito&nbsp;<strong>Gerardo Mart\u00edn Aguilar<\/strong>, tiene su parte de responsabilidad, si aval\u00f3 la decisi\u00f3n, muy mal y si no estaba enterado, \u00a1peor!<\/p>\n\n\n\n<p>Esta situaci\u00f3n la conocemos porque los padres de familia de Delfines se acercaron para pedir la difusi\u00f3n y pedirle el apoyo al rector.<\/p>\n\n\n\n<p>Esperemos que no tengan que ir a plant\u00e1rsele afuera de la Rector\u00eda para que sus voces sean escuchadas.<\/p>\n\n\n\n<p>Lo que es cierto es no es la primera bronca que tiene en su breve rectorado, &nbsp;hay que recordar lo que pasa en la Facultad de Derecho, la protesta de los m\u00fasicos de la Orquesta Sinf\u00f3nica de Xalapa y ahora esto\u2026,&nbsp;uuffff.<\/p>\n\n\n\n<p>*****<\/p>\n\n\n\n<p>Para documentar el optimismo el Instituto Veracruzano del Deporte, no canta mal las rancheras, pues una entrevista del periodista deportivo&nbsp;<strong>Fernando Hern\u00e1ndez<\/strong>, a la boxeadora cordobesa&nbsp;<strong>Gricelda<\/strong><strong>&nbsp;Dur\u00e1n<\/strong>, revela las porquer\u00edas del titular del IVD&nbsp;<strong>Jos\u00e9 Alberto Nava Lozano<\/strong>.<\/p>\n\n\n\n<p>La campeona nacional, de tan s\u00f3lo 20 a\u00f1os, asegura que&nbsp;\u201caunque seamos seleccionados y representemos a M\u00e9xico nosotros pagamos todo; de vez en cuando nos llegan a aportar alguna parte y s\u00ed est\u00e1n caros (los vi\u00e1ticos) la verdad, lo bueno que&nbsp;tengo de aqu\u00ed a mayo para juntar el dinero\u201d.<\/p>\n\n\n\n<p>Explica Hern\u00e1ndez Fern\u00e1ndez que de hecho,&nbsp;la cordobesa qued\u00f3 fuera de San Salvador y Santiago de Chile&nbsp;porque no pudo asistir al \u00faltimo torneo eliminatorio en Puerto Rico, ya que le avisaron, con&nbsp;apenas&nbsp;una semana de&nbsp;anticipaci\u00f3n, que deb\u00eda reunir 30 mil pesos&nbsp;para poder viajar.<\/p>\n\n\n\n<p>Y aqu\u00ed es donde viene lo bueno, pues la joven&nbsp;tuvo una&nbsp;pl\u00e1tica con el director del Instituto Veracruzano del Deporte,&nbsp;el gran&nbsp;<strong>Jos\u00e9 Alberto Nava Lozano<\/strong>, que&nbsp;adem\u00e1s de negarle&nbsp;el respaldo&nbsp;oficial,&nbsp;el mentecato&nbsp;aprovech\u00f3&nbsp;la ocasi\u00f3n&nbsp;para&nbsp;pedirle una foto&nbsp;a&nbsp;quien entonces era&nbsp;subcampeona nacional.<\/p>\n\n\n\n<p>Con todo y eso,&nbsp;Gricelda&nbsp;no baja las manos y se queda en C\u00f3rdoba a seguir entrenando, con la esperanza y el sue\u00f1o de poder representar a M\u00e9xico en las pr\u00f3ximas Olimpiadas de Par\u00eds.<\/p>\n\n\n\n<p>Ese es la situaci\u00f3n que sufre el deporte nuestro estado con autoridades incompetentes, que no solo no ayudan, sino que hacen todo lo posible para seguir jodiendo.<\/p>\n\n\n\n<p>Ojal\u00e1 las cosas se compongan para los ni\u00f1os futbolistas y les permitan segur entrenando en la USBI y a&nbsp;Gricelda&nbsp;Dur\u00e1n le den los apoyos necesarios.<\/p>\n\n\n\n<p>\u00a1Qu\u00e9 barbaridad!<\/p>\n\n\n\n<p>deprimera.mano2020@gmail.com<\/p>\n","protected":false},"excerpt":{"rendered":"<p>Omar Z\u00fa\u00f1iga De Primera Mano Pues siguen mal y de malas en la grandiosa M\u00e1xima Casa de estudios jarocha (la Universidad Veracruzana, para do\u00f1a Roc\u00edo&nbsp;Nahle, -que seg\u00fan ella, reci\u00e9n platic\u00f3 con el teniente Jos\u00e9 Azueta, muerto en la defensa del puerto de&nbsp;Veracruz en 1914-, de nada) pues&nbsp;el rector&nbsp;Gerardo Aguilar&nbsp;no renunci\u00f3 para irse a una diputaci\u00f3n [&hellip;]<\/p>\n","protected":false},"author":2,"featured_media":0,"comment_status":"closed","ping_status":"closed","sticky":false,"template":"","format":"standard","meta":{"tdm_status":"","tdm_grid_status":"","footnotes":""},"categories":[70],"tags":[2135,4578,768],"class_list":{"0":"post-117299","1":"post","2":"type-post","3":"status-publish","4":"format-standard","6":"category-de-opinion","7":"tag-futbol","8":"tag-ninos","9":"tag-usbi"},"yoast_head":"<!-- This site is optimized with the Yoast SEO plugin v27.4 - https:\/\/yoast.com\/product\/yoast-seo-wordpress\/ -->\n<title>ECHAN A NI\u00d1OS DE LA USBI - Los pol\u00edticos Veracruz<\/title>\n<meta name=\"robots\" content=\"index, follow, max-snippet:-1, max-image-preview:large, max-video-preview:-1\" \/>\n<link rel=\"canonical\" href=\"https:\/\/lospoliticosveracruz.com\/?p=117299\" \/>\n<meta property=\"og:locale\" content=\"es_ES\" \/>\n<meta property=\"og:type\" content=\"article\" \/>\n<meta property=\"og:title\" content=\"ECHAN A NI\u00d1OS DE LA USBI - Los pol\u00edticos Veracruz\" \/>\n<meta property=\"og:description\" content=\"Omar Z\u00fa\u00f1iga De Primera Mano Pues siguen mal y de malas en la grandiosa M\u00e1xima Casa de estudios jarocha (la Universidad Veracruzana, para do\u00f1a Roc\u00edo&nbsp;Nahle, -que seg\u00fan ella, reci\u00e9n platic\u00f3 con el teniente Jos\u00e9 Azueta, muerto en la defensa del puerto de&nbsp;Veracruz en 1914-, de nada) pues&nbsp;el rector&nbsp;Gerardo Aguilar&nbsp;no renunci\u00f3 para irse a una diputaci\u00f3n [&hellip;]\" \/>\n<meta property=\"og:url\" content=\"https:\/\/lospoliticosveracruz.com\/?p=117299\" \/>\n<meta property=\"og:site_name\" content=\"Los pol\u00edticos Veracruz\" \/>\n<meta property=\"article:publisher\" content=\"https:\/\/www.facebook.com\/people\/Notimemes-de-los-Polticos\/61565672886568\/\" \/>\n<meta property=\"article:published_time\" content=\"2024-01-24T13:12:49+00:00\" \/>\n<meta property=\"article:modified_time\" content=\"2024-01-24T13:12:58+00:00\" \/>\n<meta property=\"og:image\" content=\"https:\/\/lospoliticosveracruz.com\/wp-content\/uploads\/2016\/07\/Logo-Dor.jpg\" \/>\n\t<meta property=\"og:image:width\" content=\"200\" \/>\n\t<meta property=\"og:image:height\" content=\"200\" \/>\n\t<meta property=\"og:image:type\" content=\"image\/jpeg\" \/>\n<meta name=\"author\" content=\"Lo viste en Los Pol\u00edticos\" \/>\n<meta name=\"twitter:card\" content=\"summary_large_image\" \/>\n<meta name=\"twitter:creator\" content=\"@LosPoliticosVer\" \/>\n<meta name=\"twitter:site\" content=\"@LosPoliticosVer\" \/>\n<meta name=\"twitter:label1\" content=\"Escrito por\" \/>\n\t<meta name=\"twitter:data1\" content=\"Lo viste en Los Pol\u00edticos\" \/>\n\t<meta name=\"twitter:label2\" content=\"Tiempo de lectura\" \/>\n\t<meta name=\"twitter:data2\" content=\"5 minutos\" \/>\n<script type=\"application\/ld+json\" class=\"yoast-schema-graph\">{\"@context\":\"https:\\\/\\\/schema.org\",\"@graph\":[{\"@type\":\"Article\",\"@id\":\"https:\\\/\\\/lospoliticosveracruz.com\\\/?p=117299#article\",\"isPartOf\":{\"@id\":\"https:\\\/\\\/lospoliticosveracruz.com\\\/?p=117299\"},\"author\":{\"name\":\"Lo viste en Los Pol\u00edticos\",\"@id\":\"https:\\\/\\\/lospoliticosveracruz.com\\\/#\\\/schema\\\/person\\\/b8702bb0e538456e6efd07080bf2a4a2\"},\"headline\":\"ECHAN A NI\u00d1OS DE LA USBI\",\"datePublished\":\"2024-01-24T13:12:49+00:00\",\"dateModified\":\"2024-01-24T13:12:58+00:00\",\"mainEntityOfPage\":{\"@id\":\"https:\\\/\\\/lospoliticosveracruz.com\\\/?p=117299\"},\"wordCount\":927,\"publisher\":{\"@id\":\"https:\\\/\\\/lospoliticosveracruz.com\\\/#organization\"},\"keywords\":[\"Futbol\",\"ni\u00f1os\",\"USBI\"],\"articleSection\":[\"De Opini\u00f3n\"],\"inLanguage\":\"es\"},{\"@type\":\"WebPage\",\"@id\":\"https:\\\/\\\/lospoliticosveracruz.com\\\/?p=117299\",\"url\":\"https:\\\/\\\/lospoliticosveracruz.com\\\/?p=117299\",\"name\":\"ECHAN A NI\u00d1OS DE LA USBI - Los pol\u00edticos Veracruz\",\"isPartOf\":{\"@id\":\"https:\\\/\\\/lospoliticosveracruz.com\\\/#website\"},\"datePublished\":\"2024-01-24T13:12:49+00:00\",\"dateModified\":\"2024-01-24T13:12:58+00:00\",\"breadcrumb\":{\"@id\":\"https:\\\/\\\/lospoliticosveracruz.com\\\/?p=117299#breadcrumb\"},\"inLanguage\":\"es\",\"potentialAction\":[{\"@type\":\"ReadAction\",\"target\":[\"https:\\\/\\\/lospoliticosveracruz.com\\\/?p=117299\"]}]},{\"@type\":\"BreadcrumbList\",\"@id\":\"https:\\\/\\\/lospoliticosveracruz.com\\\/?p=117299#breadcrumb\",\"itemListElement\":[{\"@type\":\"ListItem\",\"position\":1,\"name\":\"Portada\",\"item\":\"https:\\\/\\\/lospoliticosveracruz.com\\\/\"},{\"@type\":\"ListItem\",\"position\":2,\"name\":\"ECHAN A NI\u00d1OS DE LA USBI\"}]},{\"@type\":\"WebSite\",\"@id\":\"https:\\\/\\\/lospoliticosveracruz.com\\\/#website\",\"url\":\"https:\\\/\\\/lospoliticosveracruz.com\\\/\",\"name\":\"Los pol\u00edticos Veracruz\",\"description\":\"\",\"publisher\":{\"@id\":\"https:\\\/\\\/lospoliticosveracruz.com\\\/#organization\"},\"potentialAction\":[{\"@type\":\"SearchAction\",\"target\":{\"@type\":\"EntryPoint\",\"urlTemplate\":\"https:\\\/\\\/lospoliticosveracruz.com\\\/?s={search_term_string}\"},\"query-input\":{\"@type\":\"PropertyValueSpecification\",\"valueRequired\":true,\"valueName\":\"search_term_string\"}}],\"inLanguage\":\"es\"},{\"@type\":\"Organization\",\"@id\":\"https:\\\/\\\/lospoliticosveracruz.com\\\/#organization\",\"name\":\"Los pol\u00edticos Veracruz\",\"url\":\"https:\\\/\\\/lospoliticosveracruz.com\\\/\",\"logo\":{\"@type\":\"ImageObject\",\"inLanguage\":\"es\",\"@id\":\"https:\\\/\\\/lospoliticosveracruz.com\\\/#\\\/schema\\\/logo\\\/image\\\/\",\"url\":\"https:\\\/\\\/lospoliticosveracruz.com\\\/wp-content\\\/uploads\\\/2025\\\/12\\\/Logo-Nuevo-LOS-POLITICOS-1.jpg\",\"contentUrl\":\"https:\\\/\\\/lospoliticosveracruz.com\\\/wp-content\\\/uploads\\\/2025\\\/12\\\/Logo-Nuevo-LOS-POLITICOS-1.jpg\",\"width\":260,\"height\":70,\"caption\":\"Los pol\u00edticos Veracruz\"},\"image\":{\"@id\":\"https:\\\/\\\/lospoliticosveracruz.com\\\/#\\\/schema\\\/logo\\\/image\\\/\"},\"sameAs\":[\"https:\\\/\\\/www.facebook.com\\\/people\\\/Notimemes-de-los-Polticos\\\/61565672886568\\\/\",\"https:\\\/\\\/x.com\\\/LosPoliticosVer\"]},{\"@type\":\"Person\",\"@id\":\"https:\\\/\\\/lospoliticosveracruz.com\\\/#\\\/schema\\\/person\\\/b8702bb0e538456e6efd07080bf2a4a2\",\"name\":\"Lo viste en Los Pol\u00edticos\",\"image\":{\"@type\":\"ImageObject\",\"inLanguage\":\"es\",\"@id\":\"https:\\\/\\\/secure.gravatar.com\\\/avatar\\\/3a8de04a2656d44082be478bd6c086daa447c4651605818287b9532d3d0bd435?s=96&d=mm&r=g\",\"url\":\"https:\\\/\\\/secure.gravatar.com\\\/avatar\\\/3a8de04a2656d44082be478bd6c086daa447c4651605818287b9532d3d0bd435?s=96&d=mm&r=g\",\"contentUrl\":\"https:\\\/\\\/secure.gravatar.com\\\/avatar\\\/3a8de04a2656d44082be478bd6c086daa447c4651605818287b9532d3d0bd435?s=96&d=mm&r=g\",\"caption\":\"Lo viste en Los Pol\u00edticos\"},\"url\":\"https:\\\/\\\/lospoliticosveracruz.com\\\/?author=2\"}]}<\/script>\n<!-- \/ Yoast SEO plugin. -->","yoast_head_json":{"title":"ECHAN A NI\u00d1OS DE LA USBI - Los pol\u00edticos Veracruz","robots":{"index":"index","follow":"follow","max-snippet":"max-snippet:-1","max-image-preview":"max-image-preview:large","max-video-preview":"max-video-preview:-1"},"canonical":"https:\/\/lospoliticosveracruz.com\/?p=117299","og_locale":"es_ES","og_type":"article","og_title":"ECHAN A NI\u00d1OS DE LA USBI - Los pol\u00edticos Veracruz","og_description":"Omar Z\u00fa\u00f1iga De Primera Mano Pues siguen mal y de malas en la grandiosa M\u00e1xima Casa de estudios jarocha (la Universidad Veracruzana, para do\u00f1a Roc\u00edo&nbsp;Nahle, -que seg\u00fan ella, reci\u00e9n platic\u00f3 con el teniente Jos\u00e9 Azueta, muerto en la defensa del puerto de&nbsp;Veracruz en 1914-, de nada) pues&nbsp;el rector&nbsp;Gerardo Aguilar&nbsp;no renunci\u00f3 para irse a una diputaci\u00f3n [&hellip;]","og_url":"https:\/\/lospoliticosveracruz.com\/?p=117299","og_site_name":"Los pol\u00edticos Veracruz","article_publisher":"https:\/\/www.facebook.com\/people\/Notimemes-de-los-Polticos\/61565672886568\/","article_published_time":"2024-01-24T13:12:49+00:00","article_modified_time":"2024-01-24T13:12:58+00:00","og_image":[{"width":200,"height":200,"url":"https:\/\/lospoliticosveracruz.com\/wp-content\/uploads\/2016\/07\/Logo-Dor.jpg","type":"image\/jpeg"}],"author":"Lo viste en Los Pol\u00edticos","twitter_card":"summary_large_image","twitter_creator":"@LosPoliticosVer","twitter_site":"@LosPoliticosVer","twitter_misc":{"Escrito por":"Lo viste en Los Pol\u00edticos","Tiempo de lectura":"5 minutos"},"schema":{"@context":"https:\/\/schema.org","@graph":[{"@type":"Article","@id":"https:\/\/lospoliticosveracruz.com\/?p=117299#article","isPartOf":{"@id":"https:\/\/lospoliticosveracruz.com\/?p=117299"},"author":{"name":"Lo viste en Los Pol\u00edticos","@id":"https:\/\/lospoliticosveracruz.com\/#\/schema\/person\/b8702bb0e538456e6efd07080bf2a4a2"},"headline":"ECHAN A NI\u00d1OS DE LA USBI","datePublished":"2024-01-24T13:12:49+00:00","dateModified":"2024-01-24T13:12:58+00:00","mainEntityOfPage":{"@id":"https:\/\/lospoliticosveracruz.com\/?p=117299"},"wordCount":927,"publisher":{"@id":"https:\/\/lospoliticosveracruz.com\/#organization"},"keywords":["Futbol","ni\u00f1os","USBI"],"articleSection":["De Opini\u00f3n"],"inLanguage":"es"},{"@type":"WebPage","@id":"https:\/\/lospoliticosveracruz.com\/?p=117299","url":"https:\/\/lospoliticosveracruz.com\/?p=117299","name":"ECHAN A NI\u00d1OS DE LA USBI - Los pol\u00edticos Veracruz","isPartOf":{"@id":"https:\/\/lospoliticosveracruz.com\/#website"},"datePublished":"2024-01-24T13:12:49+00:00","dateModified":"2024-01-24T13:12:58+00:00","breadcrumb":{"@id":"https:\/\/lospoliticosveracruz.com\/?p=117299#breadcrumb"},"inLanguage":"es","potentialAction":[{"@type":"ReadAction","target":["https:\/\/lospoliticosveracruz.com\/?p=117299"]}]},{"@type":"BreadcrumbList","@id":"https:\/\/lospoliticosveracruz.com\/?p=117299#breadcrumb","itemListElement":[{"@type":"ListItem","position":1,"name":"Portada","item":"https:\/\/lospoliticosveracruz.com\/"},{"@type":"ListItem","position":2,"name":"ECHAN A NI\u00d1OS DE LA USBI"}]},{"@type":"WebSite","@id":"https:\/\/lospoliticosveracruz.com\/#website","url":"https:\/\/lospoliticosveracruz.com\/","name":"Los pol\u00edticos Veracruz","description":"","publisher":{"@id":"https:\/\/lospoliticosveracruz.com\/#organization"},"potentialAction":[{"@type":"SearchAction","target":{"@type":"EntryPoint","urlTemplate":"https:\/\/lospoliticosveracruz.com\/?s={search_term_string}"},"query-input":{"@type":"PropertyValueSpecification","valueRequired":true,"valueName":"search_term_string"}}],"inLanguage":"es"},{"@type":"Organization","@id":"https:\/\/lospoliticosveracruz.com\/#organization","name":"Los pol\u00edticos Veracruz","url":"https:\/\/lospoliticosveracruz.com\/","logo":{"@type":"ImageObject","inLanguage":"es","@id":"https:\/\/lospoliticosveracruz.com\/#\/schema\/logo\/image\/","url":"https:\/\/lospoliticosveracruz.com\/wp-content\/uploads\/2025\/12\/Logo-Nuevo-LOS-POLITICOS-1.jpg","contentUrl":"https:\/\/lospoliticosveracruz.com\/wp-content\/uploads\/2025\/12\/Logo-Nuevo-LOS-POLITICOS-1.jpg","width":260,"height":70,"caption":"Los pol\u00edticos Veracruz"},"image":{"@id":"https:\/\/lospoliticosveracruz.com\/#\/schema\/logo\/image\/"},"sameAs":["https:\/\/www.facebook.com\/people\/Notimemes-de-los-Polticos\/61565672886568\/","https:\/\/x.com\/LosPoliticosVer"]},{"@type":"Person","@id":"https:\/\/lospoliticosveracruz.com\/#\/schema\/person\/b8702bb0e538456e6efd07080bf2a4a2","name":"Lo viste en Los Pol\u00edticos","image":{"@type":"ImageObject","inLanguage":"es","@id":"https:\/\/secure.gravatar.com\/avatar\/3a8de04a2656d44082be478bd6c086daa447c4651605818287b9532d3d0bd435?s=96&d=mm&r=g","url":"https:\/\/secure.gravatar.com\/avatar\/3a8de04a2656d44082be478bd6c086daa447c4651605818287b9532d3d0bd435?s=96&d=mm&r=g","contentUrl":"https:\/\/secure.gravatar.com\/avatar\/3a8de04a2656d44082be478bd6c086daa447c4651605818287b9532d3d0bd435?s=96&d=mm&r=g","caption":"Lo viste en Los Pol\u00edticos"},"url":"https:\/\/lospoliticosveracruz.com\/?author=2"}]}},"_links":{"self":[{"href":"https:\/\/lospoliticosveracruz.com\/index.php?rest_route=\/wp\/v2\/posts\/117299","targetHints":{"allow":["GET"]}}],"collection":[{"href":"https:\/\/lospoliticosveracruz.com\/index.php?rest_route=\/wp\/v2\/posts"}],"about":[{"href":"https:\/\/lospoliticosveracruz.com\/index.php?rest_route=\/wp\/v2\/types\/post"}],"author":[{"embeddable":true,"href":"https:\/\/lospoliticosveracruz.com\/index.php?rest_route=\/wp\/v2\/users\/2"}],"replies":[{"embeddable":true,"href":"https:\/\/lospoliticosveracruz.com\/index.php?rest_route=%2Fwp%2Fv2%2Fcomments&post=117299"}],"version-history":[{"count":1,"href":"https:\/\/lospoliticosveracruz.com\/index.php?rest_route=\/wp\/v2\/posts\/117299\/revisions"}],"predecessor-version":[{"id":117300,"href":"https:\/\/lospoliticosveracruz.com\/index.php?rest_route=\/wp\/v2\/posts\/117299\/revisions\/117300"}],"wp:attachment":[{"href":"https:\/\/lospoliticosveracruz.com\/index.php?rest_route=%2Fwp%2Fv2%2Fmedia&parent=117299"}],"wp:term":[{"taxonomy":"category","embeddable":true,"href":"https:\/\/lospoliticosveracruz.com\/index.php?rest_route=%2Fwp%2Fv2%2Fcategories&post=117299"},{"taxonomy":"post_tag","embeddable":true,"href":"https:\/\/lospoliticosveracruz.com\/index.php?rest_route=%2Fwp%2Fv2%2Ftags&post=117299"}],"curies":[{"name":"wp","href":"https:\/\/api.w.org\/{rel}","templated":true}]}}